{"id":170,"date":"2014-07-01T00:00:00","date_gmt":"2014-07-01T04:00:00","guid":{"rendered":"https:\/\/dev.explora.cl\/araucania\/blog\/2014\/07\/01\/jovenes-de-pueblo-nuevo-conocen-como-avanzar-hacia-una-vida-sustentable-en-charla-cientifica\/"},"modified":"2019-05-20T19:11:35","modified_gmt":"2019-05-20T19:11:35","slug":"jovenes-de-pueblo-nuevo-conocen-como-avanzar-hacia-una-vida-sustentable-en-charla-cientifica","status":"publish","type":"post","link":"https:\/\/dev.explora.cl\/araucania\/jovenes-de-pueblo-nuevo-conocen-como-avanzar-hacia-una-vida-sustentable-en-charla-cientifica\/","title":{"rendered":"J\u00f3venes de Pueblo Nuevo conocen c\u00f3mo avanzar hacia una vida sustentable en charla cient\u00edfica"},"content":{"rendered":"<p><img loading=\"lazy\" decoding=\"async\" class=\" size-full wp-image-3615\" src=\"http:\/\/ec2-34-218-253-251.us-west-2.compute.amazonaws.com\/wp-content\/uploads\/2014\/07\/774bb955a81e24ffe3f4f5e23f5de178.jpg\" alt=\"\" width=\"1024\" height=\"768\" \/><\/p>\n<p style=\"text-align: center\"><em><strong>Estudiantes de segundo medio del Liceo Polit\u00e9cnico Pueblo Nuevo participaron en esta actividad organizada por el Proyecto EXPLORA CONICYT Regi\u00f3n de La Araucan\u00eda, ocasi\u00f3n en la que conocieron la importancia de generar un crecimiento que vaya de la mano con el cuidado del medioambiente.<\/strong><\/em><\/p>\n<p>En las \u00faltimas d\u00e9cadas, se ha generado un crecimiento y progreso tecnol\u00f3gico como nunca antes en la historia de la humanidad. Esto, a pesar de significar ciertas mejoras en la calidad de vida de las personas, no ha ido de la mano con una toma de conciencia medioambiental y, por consiguiente, las medidas para evitar el da\u00f1o al ecosistema han estado pr\u00e1cticamente ausentes.<\/p>\n<p>Esta fue, precisamente, una de las reflexiones que comparti\u00f3 el Dr. Juan Carlos Ram\u00edrez, acad\u00e9mico del Departamento de Ciencias Qu\u00edmicas y Recursos Naturales de la Universidad de La Frontera (UFRO), con m\u00e1s 30 estudiantes de segundo medio del Liceo Polit\u00e9cnico de Pueblo Nuevo, en el marco del Ciclo de Charlas del Proyecto EXPLORA CONICYT Regi\u00f3n de La Araucan\u00eda, ejecutado por la UFRO.<\/p>\n<p>En este contexto, el Dr. Ram\u00edrez tambi\u00e9n se refiri\u00f3 al fuerte impacto que ha ocasionado esta noci\u00f3n de crecimiento ilimitado en el mundo y a las consecuencias que podr\u00eda haber en la preservaci\u00f3n de la vida futura si como sociedad no somos capaces de cambiar de paradigma.<\/p>\n<p>Para concluir, el acad\u00e9mico invit\u00f3 a los j\u00f3venes a ser activos frente a este tema y a contribuir a un crecimiento y desarrollo que vaya unido al respeto y responsabilidad medioambiental, a trav\u00e9s de acciones como: el reciclaje, preferir la bicicleta como medio de transporte, no desperdiciar el agua, ser parte de instituciones que trabajen por el cuidado ecol\u00f3gico, entre otras.<\/p>\n<p><strong>Estudiantes se refieren a la charla<\/strong><\/p>\n<p><img loading=\"lazy\" decoding=\"async\" class=\" alignleft size-full wp-image-3616\" src=\"http:\/\/ec2-34-218-253-251.us-west-2.compute.amazonaws.com\/wp-content\/uploads\/2014\/07\/JC-Liceo-Politcnico-Pueblo-Nuevo-2014-2.jpg\" border=\"0\" alt=\"\" align=\"left\" width=\"90\" height=\"90\" \/>\u201cLa charla me pareci\u00f3 s\u00faper entretenida y nos mostr\u00f3 el tema muy a fondo. Lo que m\u00e1s me impact\u00f3 fue el da\u00f1o que hemos hecho y hacemos a diario con los desechos t\u00f3xicos, porque no sab\u00eda que fuera tanta la basura que botamos. Adem\u00e1s, me parece s\u00faper bueno que vengan personas de fuera del liceo a compartir sus conocimientos con nosotros\u201d.<\/p>\n<p>Danitza Ar\u00e9valo<\/p>\n<p>\u00a0<\/p>\n<p><img loading=\"lazy\" decoding=\"async\" class=\" alignleft size-full wp-image-3617\" src=\"http:\/\/ec2-34-218-253-251.us-west-2.compute.amazonaws.com\/wp-content\/uploads\/2014\/07\/JC-Liceo-Politcnico-Pueblo-Nuevo-2014-1.jpg\" border=\"0\" alt=\"\" align=\"left\" width=\"90\" height=\"90\" \/>\u201cEsta charla nos mostr\u00f3 que hay que tomar conciencia y seguir el ejemplo de pa\u00edses que cuidan su medioambiente. Creo que es necesario que hagamos cosas para avanzar y as\u00ed tener un entorno m\u00e1s limpio. Es genial que cient\u00edficos puedan mostrarnos esto, porque as\u00ed podemos empezar a hacer cambios desde j\u00f3venes\u201d.<\/p>\n<p>Fernando Cerda<\/p>\n<p style=\"text-align: center\">\u00a0<\/p>\n<p style=\"text-align: center\"><a href=\"https:\/\/www.facebook.com\/media\/set\/?set=a.1491820891035958.1073741957.1388936647991050&amp;type=1\" target=\"_blank\" rel=\"noopener noreferrer\">Haz click aqu\u00ed para ver la galer\u00eda de im\u00e1genes<\/a><\/p>\n<p>Periodista: Carolina Nahuelpi \u00c1lvarez.<\/p>\n","protected":false},"excerpt":{"rendered":"<p>Estudiantes de segundo medio del Liceo Polit\u00e9cnico Pueblo Nuevo participaron en esta actividad organizada por el Proyecto EXPLORA CONICYT Regi\u00f3n de La Araucan\u00eda, ocasi\u00f3n en la que conocieron la importancia de generar un crecimiento que vaya de la mano con el cuidado del medioambiente. En las \u00faltimas d\u00e9cadas, se ha generado un crecimiento y progreso [&hellip;]<\/p>\n","protected":false},"author":2,"featured_media":171,"comment_status":"open","ping_status":"open","sticky":false,"template":"","format":"standard","meta":{"_acf_changed":false,"_exactmetrics_skip_tracking":false,"_exactmetrics_sitenote_active":false,"_exactmetrics_sitenote_note":"","_exactmetrics_sitenote_category":0,"footnotes":"","_links_to":"","_links_to_target":""},"categories":[4],"tags":[],"class_list":["post-170","post","type-post","status-publish","format-standard","has-post-thumbnail","hentry","category-noticias"],"acf":[],"yoast_head":"<!-- This site is optimized with the Yoast SEO plugin v26.7 - https:\/\/yoast.com\/wordpress\/plugins\/seo\/ -->\n<title>J\u00f3venes de Pueblo Nuevo conocen c\u00f3mo avanzar hacia una vida sustentable en charla cient\u00edfica - Araucan\u00eda<\/title>\n<meta name=\"robots\" content=\"index, follow, max-snippet:-1, max-image-preview:large, max-video-preview:-1\" \/>\n<link rel=\"canonical\" href=\"https:\/\/dev.explora.cl\/araucania\/jovenes-de-pueblo-nuevo-conocen-como-avanzar-hacia-una-vida-sustentable-en-charla-cientifica\/\" class=\"yoast-seo-meta-tag\" \/>\n<meta property=\"og:locale\" content=\"es_ES\" class=\"yoast-seo-meta-tag\" \/>\n<meta property=\"og:type\" content=\"article\" class=\"yoast-seo-meta-tag\" \/>\n<meta property=\"og:title\" content=\"J\u00f3venes de Pueblo Nuevo conocen c\u00f3mo avanzar hacia una vida sustentable en charla cient\u00edfica - Araucan\u00eda\" class=\"yoast-seo-meta-tag\" \/>\n<meta property=\"og:description\" content=\"Estudiantes de segundo medio del Liceo Polit\u00e9cnico Pueblo Nuevo participaron en esta actividad organizada por el Proyecto EXPLORA CONICYT Regi\u00f3n de La Araucan\u00eda, ocasi\u00f3n en la que conocieron la importancia de generar un crecimiento que vaya de la mano con el cuidado del medioambiente. En las \u00faltimas d\u00e9cadas, se ha generado un crecimiento y progreso [&hellip;]\" class=\"yoast-seo-meta-tag\" \/>\n<meta property=\"og:url\" content=\"https:\/\/dev.explora.cl\/araucania\/jovenes-de-pueblo-nuevo-conocen-como-avanzar-hacia-una-vida-sustentable-en-charla-cientifica\/\" class=\"yoast-seo-meta-tag\" \/>\n<meta property=\"og:site_name\" content=\"Araucan\u00eda\" class=\"yoast-seo-meta-tag\" \/>\n<meta property=\"article:published_time\" content=\"2014-07-01T04:00:00+00:00\" class=\"yoast-seo-meta-tag\" \/>\n<meta property=\"article:modified_time\" content=\"2019-05-20T19:11:35+00:00\" class=\"yoast-seo-meta-tag\" \/>\n<meta property=\"og:image\" content=\"https:\/\/dev.explora.cl\/araucania\/wp-content\/uploads\/sites\/15\/2018\/06\/774bb955a81e24ffe3f4f5e23f5de178.jpg\" class=\"yoast-seo-meta-tag\" \/>\n\t<meta property=\"og:image:width\" content=\"1024\" class=\"yoast-seo-meta-tag\" \/>\n\t<meta property=\"og:image:height\" content=\"768\" class=\"yoast-seo-meta-tag\" \/>\n\t<meta property=\"og:image:type\" content=\"image\/jpeg\" class=\"yoast-seo-meta-tag\" \/>\n<meta name=\"author\" content=\"webman\" class=\"yoast-seo-meta-tag\" \/>\n<meta name=\"twitter:card\" content=\"summary_large_image\" class=\"yoast-seo-meta-tag\" \/>\n<meta name=\"twitter:label1\" content=\"Escrito por\" class=\"yoast-seo-meta-tag\" \/>\n\t<meta name=\"twitter:data1\" content=\"webman\" class=\"yoast-seo-meta-tag\" \/>\n\t<meta name=\"twitter:label2\" content=\"Tiempo estimado de lectura\" class=\"yoast-seo-meta-tag\" \/>\n\t<meta name=\"twitter:data2\" content=\"2 minutos\" class=\"yoast-seo-meta-tag\" \/>\n<script type=\"application\/ld+json\" class=\"yoast-schema-graph\">{\"@context\":\"https:\/\/schema.org\",\"@graph\":[{\"@type\":\"Article\",\"@id\":\"https:\/\/dev.explora.cl\/araucania\/jovenes-de-pueblo-nuevo-conocen-como-avanzar-hacia-una-vida-sustentable-en-charla-cientifica\/#article\",\"isPartOf\":{\"@id\":\"https:\/\/dev.explora.cl\/araucania\/jovenes-de-pueblo-nuevo-conocen-como-avanzar-hacia-una-vida-sustentable-en-charla-cientifica\/\"},\"author\":{\"name\":\"webman\",\"@id\":\"https:\/\/dev.explora.cl\/araucania\/#\/schema\/person\/cb8349c13ea2d324080adf8480d7ba5d\"},\"headline\":\"J\u00f3venes de Pueblo Nuevo conocen c\u00f3mo avanzar hacia una vida sustentable en charla cient\u00edfica\",\"datePublished\":\"2014-07-01T04:00:00+00:00\",\"dateModified\":\"2019-05-20T19:11:35+00:00\",\"mainEntityOfPage\":{\"@id\":\"https:\/\/dev.explora.cl\/araucania\/jovenes-de-pueblo-nuevo-conocen-como-avanzar-hacia-una-vida-sustentable-en-charla-cientifica\/\"},\"wordCount\":466,\"commentCount\":0,\"image\":{\"@id\":\"https:\/\/dev.explora.cl\/araucania\/jovenes-de-pueblo-nuevo-conocen-como-avanzar-hacia-una-vida-sustentable-en-charla-cientifica\/#primaryimage\"},\"thumbnailUrl\":\"https:\/\/dev.explora.cl\/araucania\/wp-content\/uploads\/sites\/15\/2018\/06\/774bb955a81e24ffe3f4f5e23f5de178.jpg\",\"articleSection\":[\"Noticias\"],\"inLanguage\":\"es-CL\",\"potentialAction\":[{\"@type\":\"CommentAction\",\"name\":\"Comment\",\"target\":[\"https:\/\/dev.explora.cl\/araucania\/jovenes-de-pueblo-nuevo-conocen-como-avanzar-hacia-una-vida-sustentable-en-charla-cientifica\/#respond\"]}]},{\"@type\":\"WebPage\",\"@id\":\"https:\/\/dev.explora.cl\/araucania\/jovenes-de-pueblo-nuevo-conocen-como-avanzar-hacia-una-vida-sustentable-en-charla-cientifica\/\",\"url\":\"https:\/\/dev.explora.cl\/araucania\/jovenes-de-pueblo-nuevo-conocen-como-avanzar-hacia-una-vida-sustentable-en-charla-cientifica\/\",\"name\":\"J\u00f3venes de Pueblo Nuevo conocen c\u00f3mo avanzar hacia una vida sustentable en charla cient\u00edfica - Araucan\u00eda\",\"isPartOf\":{\"@id\":\"https:\/\/dev.explora.cl\/araucania\/#website\"},\"primaryImageOfPage\":{\"@id\":\"https:\/\/dev.explora.cl\/araucania\/jovenes-de-pueblo-nuevo-conocen-como-avanzar-hacia-una-vida-sustentable-en-charla-cientifica\/#primaryimage\"},\"image\":{\"@id\":\"https:\/\/dev.explora.cl\/araucania\/jovenes-de-pueblo-nuevo-conocen-como-avanzar-hacia-una-vida-sustentable-en-charla-cientifica\/#primaryimage\"},\"thumbnailUrl\":\"https:\/\/dev.explora.cl\/araucania\/wp-content\/uploads\/sites\/15\/2018\/06\/774bb955a81e24ffe3f4f5e23f5de178.jpg\",\"datePublished\":\"2014-07-01T04:00:00+00:00\",\"dateModified\":\"2019-05-20T19:11:35+00:00\",\"author\":{\"@id\":\"https:\/\/dev.explora.cl\/araucania\/#\/schema\/person\/cb8349c13ea2d324080adf8480d7ba5d\"},\"breadcrumb\":{\"@id\":\"https:\/\/dev.explora.cl\/araucania\/jovenes-de-pueblo-nuevo-conocen-como-avanzar-hacia-una-vida-sustentable-en-charla-cientifica\/#breadcrumb\"},\"inLanguage\":\"es-CL\",\"potentialAction\":[{\"@type\":\"ReadAction\",\"target\":[\"https:\/\/dev.explora.cl\/araucania\/jovenes-de-pueblo-nuevo-conocen-como-avanzar-hacia-una-vida-sustentable-en-charla-cientifica\/\"]}]},{\"@type\":\"ImageObject\",\"inLanguage\":\"es-CL\",\"@id\":\"https:\/\/dev.explora.cl\/araucania\/jovenes-de-pueblo-nuevo-conocen-como-avanzar-hacia-una-vida-sustentable-en-charla-cientifica\/#primaryimage\",\"url\":\"https:\/\/dev.explora.cl\/araucania\/wp-content\/uploads\/sites\/15\/2018\/06\/774bb955a81e24ffe3f4f5e23f5de178.jpg\",\"contentUrl\":\"https:\/\/dev.explora.cl\/araucania\/wp-content\/uploads\/sites\/15\/2018\/06\/774bb955a81e24ffe3f4f5e23f5de178.jpg\",\"width\":1024,\"height\":768},{\"@type\":\"BreadcrumbList\",\"@id\":\"https:\/\/dev.explora.cl\/araucania\/jovenes-de-pueblo-nuevo-conocen-como-avanzar-hacia-una-vida-sustentable-en-charla-cientifica\/#breadcrumb\",\"itemListElement\":[{\"@type\":\"ListItem\",\"position\":1,\"name\":\"Portada\",\"item\":\"https:\/\/dev.explora.cl\/araucania\/\"},{\"@type\":\"ListItem\",\"position\":2,\"name\":\"J\u00f3venes de Pueblo Nuevo conocen c\u00f3mo avanzar hacia una vida sustentable en charla cient\u00edfica\"}]},{\"@type\":\"WebSite\",\"@id\":\"https:\/\/dev.explora.cl\/araucania\/#website\",\"url\":\"https:\/\/dev.explora.cl\/araucania\/\",\"name\":\"Araucan\u00eda\",\"description\":\"Otro sitio m\u00e1s de dev.explora.cl\",\"potentialAction\":[{\"@type\":\"SearchAction\",\"target\":{\"@type\":\"EntryPoint\",\"urlTemplate\":\"https:\/\/dev.explora.cl\/araucania\/?s={search_term_string}\"},\"query-input\":{\"@type\":\"PropertyValueSpecification\",\"valueRequired\":true,\"valueName\":\"search_term_string\"}}],\"inLanguage\":\"es-CL\"},{\"@type\":\"Person\",\"@id\":\"https:\/\/dev.explora.cl\/araucania\/#\/schema\/person\/cb8349c13ea2d324080adf8480d7ba5d\",\"name\":\"webman\",\"image\":{\"@type\":\"ImageObject\",\"inLanguage\":\"es-CL\",\"@id\":\"https:\/\/dev.explora.cl\/araucania\/#\/schema\/person\/image\/\",\"url\":\"https:\/\/secure.gravatar.com\/avatar\/eeff3c82f2c02f7177d13663b7e6f890e9a6a0647ce9bb29cae02dcb094c7312?s=96&d=mm&r=g\",\"contentUrl\":\"https:\/\/secure.gravatar.com\/avatar\/eeff3c82f2c02f7177d13663b7e6f890e9a6a0647ce9bb29cae02dcb094c7312?s=96&d=mm&r=g\",\"caption\":\"webman\"},\"url\":\"https:\/\/dev.explora.cl\/araucania\/author\/webman\/\"}]}<\/script>\n<!-- \/ Yoast SEO plugin. -->","yoast_head_json":{"title":"J\u00f3venes de Pueblo Nuevo conocen c\u00f3mo avanzar hacia una vida sustentable en charla cient\u00edfica - Araucan\u00eda","robots":{"index":"index","follow":"follow","max-snippet":"max-snippet:-1","max-image-preview":"max-image-preview:large","max-video-preview":"max-video-preview:-1"},"canonical":"https:\/\/dev.explora.cl\/araucania\/jovenes-de-pueblo-nuevo-conocen-como-avanzar-hacia-una-vida-sustentable-en-charla-cientifica\/","og_locale":"es_ES","og_type":"article","og_title":"J\u00f3venes de Pueblo Nuevo conocen c\u00f3mo avanzar hacia una vida sustentable en charla cient\u00edfica - Araucan\u00eda","og_description":"Estudiantes de segundo medio del Liceo Polit\u00e9cnico Pueblo Nuevo participaron en esta actividad organizada por el Proyecto EXPLORA CONICYT Regi\u00f3n de La Araucan\u00eda, ocasi\u00f3n en la que conocieron la importancia de generar un crecimiento que vaya de la mano con el cuidado del medioambiente. En las \u00faltimas d\u00e9cadas, se ha generado un crecimiento y progreso [&hellip;]","og_url":"https:\/\/dev.explora.cl\/araucania\/jovenes-de-pueblo-nuevo-conocen-como-avanzar-hacia-una-vida-sustentable-en-charla-cientifica\/","og_site_name":"Araucan\u00eda","article_published_time":"2014-07-01T04:00:00+00:00","article_modified_time":"2019-05-20T19:11:35+00:00","og_image":[{"width":1024,"height":768,"url":"https:\/\/dev.explora.cl\/araucania\/wp-content\/uploads\/sites\/15\/2018\/06\/774bb955a81e24ffe3f4f5e23f5de178.jpg","type":"image\/jpeg"}],"author":"webman","twitter_card":"summary_large_image","twitter_misc":{"Escrito por":"webman","Tiempo estimado de lectura":"2 minutos"},"schema":{"@context":"https:\/\/schema.org","@graph":[{"@type":"Article","@id":"https:\/\/dev.explora.cl\/araucania\/jovenes-de-pueblo-nuevo-conocen-como-avanzar-hacia-una-vida-sustentable-en-charla-cientifica\/#article","isPartOf":{"@id":"https:\/\/dev.explora.cl\/araucania\/jovenes-de-pueblo-nuevo-conocen-como-avanzar-hacia-una-vida-sustentable-en-charla-cientifica\/"},"author":{"name":"webman","@id":"https:\/\/dev.explora.cl\/araucania\/#\/schema\/person\/cb8349c13ea2d324080adf8480d7ba5d"},"headline":"J\u00f3venes de Pueblo Nuevo conocen c\u00f3mo avanzar hacia una vida sustentable en charla cient\u00edfica","datePublished":"2014-07-01T04:00:00+00:00","dateModified":"2019-05-20T19:11:35+00:00","mainEntityOfPage":{"@id":"https:\/\/dev.explora.cl\/araucania\/jovenes-de-pueblo-nuevo-conocen-como-avanzar-hacia-una-vida-sustentable-en-charla-cientifica\/"},"wordCount":466,"commentCount":0,"image":{"@id":"https:\/\/dev.explora.cl\/araucania\/jovenes-de-pueblo-nuevo-conocen-como-avanzar-hacia-una-vida-sustentable-en-charla-cientifica\/#primaryimage"},"thumbnailUrl":"https:\/\/dev.explora.cl\/araucania\/wp-content\/uploads\/sites\/15\/2018\/06\/774bb955a81e24ffe3f4f5e23f5de178.jpg","articleSection":["Noticias"],"inLanguage":"es-CL","potentialAction":[{"@type":"CommentAction","name":"Comment","target":["https:\/\/dev.explora.cl\/araucania\/jovenes-de-pueblo-nuevo-conocen-como-avanzar-hacia-una-vida-sustentable-en-charla-cientifica\/#respond"]}]},{"@type":"WebPage","@id":"https:\/\/dev.explora.cl\/araucania\/jovenes-de-pueblo-nuevo-conocen-como-avanzar-hacia-una-vida-sustentable-en-charla-cientifica\/","url":"https:\/\/dev.explora.cl\/araucania\/jovenes-de-pueblo-nuevo-conocen-como-avanzar-hacia-una-vida-sustentable-en-charla-cientifica\/","name":"J\u00f3venes de Pueblo Nuevo conocen c\u00f3mo avanzar hacia una vida sustentable en charla cient\u00edfica - Araucan\u00eda","isPartOf":{"@id":"https:\/\/dev.explora.cl\/araucania\/#website"},"primaryImageOfPage":{"@id":"https:\/\/dev.explora.cl\/araucania\/jovenes-de-pueblo-nuevo-conocen-como-avanzar-hacia-una-vida-sustentable-en-charla-cientifica\/#primaryimage"},"image":{"@id":"https:\/\/dev.explora.cl\/araucania\/jovenes-de-pueblo-nuevo-conocen-como-avanzar-hacia-una-vida-sustentable-en-charla-cientifica\/#primaryimage"},"thumbnailUrl":"https:\/\/dev.explora.cl\/araucania\/wp-content\/uploads\/sites\/15\/2018\/06\/774bb955a81e24ffe3f4f5e23f5de178.jpg","datePublished":"2014-07-01T04:00:00+00:00","dateModified":"2019-05-20T19:11:35+00:00","author":{"@id":"https:\/\/dev.explora.cl\/araucania\/#\/schema\/person\/cb8349c13ea2d324080adf8480d7ba5d"},"breadcrumb":{"@id":"https:\/\/dev.explora.cl\/araucania\/jovenes-de-pueblo-nuevo-conocen-como-avanzar-hacia-una-vida-sustentable-en-charla-cientifica\/#breadcrumb"},"inLanguage":"es-CL","potentialAction":[{"@type":"ReadAction","target":["https:\/\/dev.explora.cl\/araucania\/jovenes-de-pueblo-nuevo-conocen-como-avanzar-hacia-una-vida-sustentable-en-charla-cientifica\/"]}]},{"@type":"ImageObject","inLanguage":"es-CL","@id":"https:\/\/dev.explora.cl\/araucania\/jovenes-de-pueblo-nuevo-conocen-como-avanzar-hacia-una-vida-sustentable-en-charla-cientifica\/#primaryimage","url":"https:\/\/dev.explora.cl\/araucania\/wp-content\/uploads\/sites\/15\/2018\/06\/774bb955a81e24ffe3f4f5e23f5de178.jpg","contentUrl":"https:\/\/dev.explora.cl\/araucania\/wp-content\/uploads\/sites\/15\/2018\/06\/774bb955a81e24ffe3f4f5e23f5de178.jpg","width":1024,"height":768},{"@type":"BreadcrumbList","@id":"https:\/\/dev.explora.cl\/araucania\/jovenes-de-pueblo-nuevo-conocen-como-avanzar-hacia-una-vida-sustentable-en-charla-cientifica\/#breadcrumb","itemListElement":[{"@type":"ListItem","position":1,"name":"Portada","item":"https:\/\/dev.explora.cl\/araucania\/"},{"@type":"ListItem","position":2,"name":"J\u00f3venes de Pueblo Nuevo conocen c\u00f3mo avanzar hacia una vida sustentable en charla cient\u00edfica"}]},{"@type":"WebSite","@id":"https:\/\/dev.explora.cl\/araucania\/#website","url":"https:\/\/dev.explora.cl\/araucania\/","name":"Araucan\u00eda","description":"Otro sitio m\u00e1s de dev.explora.cl","potentialAction":[{"@type":"SearchAction","target":{"@type":"EntryPoint","urlTemplate":"https:\/\/dev.explora.cl\/araucania\/?s={search_term_string}"},"query-input":{"@type":"PropertyValueSpecification","valueRequired":true,"valueName":"search_term_string"}}],"inLanguage":"es-CL"},{"@type":"Person","@id":"https:\/\/dev.explora.cl\/araucania\/#\/schema\/person\/cb8349c13ea2d324080adf8480d7ba5d","name":"webman","image":{"@type":"ImageObject","inLanguage":"es-CL","@id":"https:\/\/dev.explora.cl\/araucania\/#\/schema\/person\/image\/","url":"https:\/\/secure.gravatar.com\/avatar\/eeff3c82f2c02f7177d13663b7e6f890e9a6a0647ce9bb29cae02dcb094c7312?s=96&d=mm&r=g","contentUrl":"https:\/\/secure.gravatar.com\/avatar\/eeff3c82f2c02f7177d13663b7e6f890e9a6a0647ce9bb29cae02dcb094c7312?s=96&d=mm&r=g","caption":"webman"},"url":"https:\/\/dev.explora.cl\/araucania\/author\/webman\/"}]}},"_links":{"self":[{"href":"https:\/\/dev.explora.cl\/araucania\/wp-json\/wp\/v2\/posts\/170","targetHints":{"allow":["GET"]}}],"collection":[{"href":"https:\/\/dev.explora.cl\/araucania\/wp-json\/wp\/v2\/posts"}],"about":[{"href":"https:\/\/dev.explora.cl\/araucania\/wp-json\/wp\/v2\/types\/post"}],"author":[{"embeddable":true,"href":"https:\/\/dev.explora.cl\/araucania\/wp-json\/wp\/v2\/users\/2"}],"replies":[{"embeddable":true,"href":"https:\/\/dev.explora.cl\/araucania\/wp-json\/wp\/v2\/comments?post=170"}],"version-history":[{"count":1,"href":"https:\/\/dev.explora.cl\/araucania\/wp-json\/wp\/v2\/posts\/170\/revisions"}],"predecessor-version":[{"id":38525,"href":"https:\/\/dev.explora.cl\/araucania\/wp-json\/wp\/v2\/posts\/170\/revisions\/38525"}],"wp:featuredmedia":[{"embeddable":true,"href":"https:\/\/dev.explora.cl\/araucania\/wp-json\/wp\/v2\/media\/171"}],"wp:attachment":[{"href":"https:\/\/dev.explora.cl\/araucania\/wp-json\/wp\/v2\/media?parent=170"}],"wp:term":[{"taxonomy":"category","embeddable":true,"href":"https:\/\/dev.explora.cl\/araucania\/wp-json\/wp\/v2\/categories?post=170"},{"taxonomy":"post_tag","embeddable":true,"href":"https:\/\/dev.explora.cl\/araucania\/wp-json\/wp\/v2\/tags?post=170"}],"curies":[{"name":"wp","href":"https:\/\/api.w.org\/{rel}","templated":true}]}}