{"id":163,"date":"2014-07-01T00:00:00","date_gmt":"2014-07-01T04:00:00","guid":{"rendered":"https:\/\/dev.explora.cl\/araucania\/blog\/2014\/07\/01\/academico-de-la-u-mayor-dicto-motivadoras-charlas-en-varias-escuelas-de-la-region\/"},"modified":"2019-05-20T19:11:34","modified_gmt":"2019-05-20T19:11:34","slug":"academico-de-la-u-mayor-dicto-motivadoras-charlas-en-varias-escuelas-de-la-region","status":"publish","type":"post","link":"https:\/\/dev.explora.cl\/araucania\/academico-de-la-u-mayor-dicto-motivadoras-charlas-en-varias-escuelas-de-la-region\/","title":{"rendered":"Acad\u00e9mico de la U. Mayor dict\u00f3 motivadoras charlas en varias escuelas de la regi\u00f3n"},"content":{"rendered":"<p><img loading=\"lazy\" decoding=\"async\" class=\" size-full wp-image-3594\" src=\"http:\/\/ec2-34-218-253-251.us-west-2.compute.amazonaws.com\/wp-content\/uploads\/2014\/07\/6ce40ca473ef510f24fbc7453f694e63.jpg\" alt=\"\" width=\"1024\" height=\"768\" \/><\/p>\n<p>\u201cC\u00f3mo enfrentar los obst\u00e1culos de la vida\u201d fue el t\u00edtulo de la charla que relat\u00f3 el profesor de matem\u00e1ticas y acad\u00e9mico de la Universidad Mayor, Iv\u00e1n Collins, ante alrededor de 200 estudiantes del Colegio Los Robles de Labranza, la Escuela Los Trigales de Temuco y el Colegio Las Am\u00e9ricas de Chivilc\u00e1n.<\/p>\n<p>Ideales, intereses creados y motivaci\u00f3n fueron los principales aspectos a los cuales se refiri\u00f3 el acad\u00e9mico durante la exposici\u00f3n, mediante la cual comparti\u00f3 sus experiencias buenas y malas con los alumnos y alumnas, enfatizando que con confianza y perseverancia se pueden sortear todos los obst\u00e1culos de la vida.<\/p>\n<p>En la ocasi\u00f3n, adem\u00e1s, el profesor Collins tom\u00f3 como ejemplo el experimento del cient\u00edfico japon\u00e9s Masaru Emoto, quien ha llevado a todo el mundo su brillante trabajo sobre el efecto de las ideas, las palabras y la m\u00fasica sobre las mol\u00e9culas de agua. El conocer sobre nuestro setenta por ciento de agua en el cuerpo despert\u00f3 la curiosidad en varios de los j\u00f3venes.<\/p>\n<p>Esta actividad se enmarca dentro del convenio de colaboraci\u00f3n que existe entre el Proyecto EXPLORA CONICYT Regi\u00f3n de La Araucan\u00eda y la Universidad Mayor sede Temuco desde el a\u00f1o pasado, el cual tiene como prop\u00f3sito promover la cultura cient\u00edfica y tecnol\u00f3gica en estudiantes de la regi\u00f3n, a trav\u00e9s de charlas, talleres cient\u00edficos y pasant\u00edas de investigaci\u00f3n.<\/p>\n<p><img loading=\"lazy\" decoding=\"async\" class=\" alignleft size-full wp-image-3595\" src=\"http:\/\/ec2-34-218-253-251.us-west-2.compute.amazonaws.com\/wp-content\/uploads\/2014\/07\/Collins-2014-2.jpg\" border=\"0\" alt=\"\" align=\"left\" width=\"90\" height=\"90\" \/>&#8220;Me pareci\u00f3 muy divertida; tuvo una gran ense\u00f1anza y estuvo muy buena. Yo aprend\u00ed que a pesar de que tu vida pueda comenzar bien y despu\u00e9s mal siempre tienes que seguir adelante y cumplir tus sue\u00f1os. Mi sue\u00f1o en el futuro es ayudar a mi familia con un poco de dinero para que ellos puedan ser felices&#8221;.<\/p>\n<p>Crist\u00f3bal L\u00f3pez, alumno de quinto a\u00f1o. Escuela Los Trigales.<\/p>\n<p>\u00a0<\/p>\n<p><img loading=\"lazy\" decoding=\"async\" class=\" alignleft size-full wp-image-3596\" src=\"http:\/\/ec2-34-218-253-251.us-west-2.compute.amazonaws.com\/wp-content\/uploads\/2014\/07\/Collins-2014-1.jpg\" border=\"0\" alt=\"\" align=\"left\" width=\"90\" height=\"90\" \/>&#8220;La charla me pareci\u00f3 s\u00faper buena y divertida. Aprend\u00ed varias cosas, como que uno ya es alguien en la vida y que no importa lo que pase, siempre se puede seguir adelante. Siempre he querido ser astr\u00f3noma, pero si no resulta me gustar\u00eda ser periodista&#8221;.<\/p>\n<p>Lilith Gonz\u00e1lez, estudiante de octavo b\u00e1sico. Colegio las Am\u00e9ricas.<\/p>\n<p>\u00a0<\/p>\n<p><img loading=\"lazy\" decoding=\"async\" class=\" alignleft size-full wp-image-3597\" src=\"http:\/\/ec2-34-218-253-251.us-west-2.compute.amazonaws.com\/wp-content\/uploads\/2014\/07\/Collins-2014-5.jpg\" border=\"0\" alt=\"\" align=\"left\" width=\"90\" height=\"90\" \/>&#8220;Me gust\u00f3 harto la charla porque habl\u00f3 de cosas interesantes. Nosotros no tenemos que rendirnos por ninguna circunstancia y tenemos que tratar de estar bien como somos. Mi sue\u00f1o es ser feliz en lo que haga cuando grande&#8221;.<\/p>\n<p>Constanza Ancam\u00e1n, estudiante de sexto b\u00e1sico. Escuela Los Robles de Labranza.<\/p>\n<p style=\"text-align: center\">\u00a0<\/p>\n<p style=\"text-align: center\"><a href=\"https:\/\/www.facebook.com\/media\/set\/?set=a.1491820891035958.1073741957.1388936647991050&amp;type=1\" target=\"_blank\" rel=\"noopener noreferrer\">Haz click aqu\u00ed para ver la galer\u00eda de fotograf\u00edas<\/a><\/p>\n<p style=\"text-align: justify\">Periodistas: Javier Gajardo y Catalina Hern\u00e1ndez.<\/p>\n","protected":false},"excerpt":{"rendered":"<p>\u201cC\u00f3mo enfrentar los obst\u00e1culos de la vida\u201d fue el t\u00edtulo de la charla que relat\u00f3 el profesor de matem\u00e1ticas y acad\u00e9mico de la Universidad Mayor, Iv\u00e1n Collins, ante alrededor de 200 estudiantes del Colegio Los Robles de Labranza, la Escuela Los Trigales de Temuco y el Colegio Las Am\u00e9ricas de Chivilc\u00e1n. Ideales, intereses creados y [&hellip;]<\/p>\n","protected":false},"author":2,"featured_media":164,"comment_status":"open","ping_status":"open","sticky":false,"template":"","format":"standard","meta":{"_acf_changed":false,"_exactmetrics_skip_tracking":false,"_exactmetrics_sitenote_active":false,"_exactmetrics_sitenote_note":"","_exactmetrics_sitenote_category":0,"footnotes":"","_links_to":"","_links_to_target":""},"categories":[4],"tags":[],"class_list":["post-163","post","type-post","status-publish","format-standard","has-post-thumbnail","hentry","category-noticias"],"acf":[],"yoast_head":"<!-- This site is optimized with the Yoast SEO plugin v26.7 - https:\/\/yoast.com\/wordpress\/plugins\/seo\/ -->\n<title>Acad\u00e9mico de la U. Mayor dict\u00f3 motivadoras charlas en varias escuelas de la regi\u00f3n - Araucan\u00eda<\/title>\n<meta name=\"robots\" content=\"index, follow, max-snippet:-1, max-image-preview:large, max-video-preview:-1\" \/>\n<link rel=\"canonical\" href=\"https:\/\/dev.explora.cl\/araucania\/academico-de-la-u-mayor-dicto-motivadoras-charlas-en-varias-escuelas-de-la-region\/\" class=\"yoast-seo-meta-tag\" \/>\n<meta property=\"og:locale\" content=\"es_ES\" class=\"yoast-seo-meta-tag\" \/>\n<meta property=\"og:type\" content=\"article\" class=\"yoast-seo-meta-tag\" \/>\n<meta property=\"og:title\" content=\"Acad\u00e9mico de la U. Mayor dict\u00f3 motivadoras charlas en varias escuelas de la regi\u00f3n - Araucan\u00eda\" class=\"yoast-seo-meta-tag\" \/>\n<meta property=\"og:description\" content=\"\u201cC\u00f3mo enfrentar los obst\u00e1culos de la vida\u201d fue el t\u00edtulo de la charla que relat\u00f3 el profesor de matem\u00e1ticas y acad\u00e9mico de la Universidad Mayor, Iv\u00e1n Collins, ante alrededor de 200 estudiantes del Colegio Los Robles de Labranza, la Escuela Los Trigales de Temuco y el Colegio Las Am\u00e9ricas de Chivilc\u00e1n. Ideales, intereses creados y [&hellip;]\" class=\"yoast-seo-meta-tag\" \/>\n<meta property=\"og:url\" content=\"https:\/\/dev.explora.cl\/araucania\/academico-de-la-u-mayor-dicto-motivadoras-charlas-en-varias-escuelas-de-la-region\/\" class=\"yoast-seo-meta-tag\" \/>\n<meta property=\"og:site_name\" content=\"Araucan\u00eda\" class=\"yoast-seo-meta-tag\" \/>\n<meta property=\"article:published_time\" content=\"2014-07-01T04:00:00+00:00\" class=\"yoast-seo-meta-tag\" \/>\n<meta property=\"article:modified_time\" content=\"2019-05-20T19:11:34+00:00\" class=\"yoast-seo-meta-tag\" \/>\n<meta property=\"og:image\" content=\"https:\/\/dev.explora.cl\/araucania\/wp-content\/uploads\/sites\/15\/2018\/06\/6ce40ca473ef510f24fbc7453f694e63.jpg\" class=\"yoast-seo-meta-tag\" \/>\n\t<meta property=\"og:image:width\" content=\"1024\" class=\"yoast-seo-meta-tag\" \/>\n\t<meta property=\"og:image:height\" content=\"768\" class=\"yoast-seo-meta-tag\" \/>\n\t<meta property=\"og:image:type\" content=\"image\/jpeg\" class=\"yoast-seo-meta-tag\" \/>\n<meta name=\"author\" content=\"webman\" class=\"yoast-seo-meta-tag\" \/>\n<meta name=\"twitter:card\" content=\"summary_large_image\" class=\"yoast-seo-meta-tag\" \/>\n<meta name=\"twitter:label1\" content=\"Escrito por\" class=\"yoast-seo-meta-tag\" \/>\n\t<meta name=\"twitter:data1\" content=\"webman\" class=\"yoast-seo-meta-tag\" \/>\n\t<meta name=\"twitter:label2\" content=\"Tiempo estimado de lectura\" class=\"yoast-seo-meta-tag\" \/>\n\t<meta name=\"twitter:data2\" content=\"2 minutos\" class=\"yoast-seo-meta-tag\" \/>\n<script type=\"application\/ld+json\" class=\"yoast-schema-graph\">{\"@context\":\"https:\/\/schema.org\",\"@graph\":[{\"@type\":\"Article\",\"@id\":\"https:\/\/dev.explora.cl\/araucania\/academico-de-la-u-mayor-dicto-motivadoras-charlas-en-varias-escuelas-de-la-region\/#article\",\"isPartOf\":{\"@id\":\"https:\/\/dev.explora.cl\/araucania\/academico-de-la-u-mayor-dicto-motivadoras-charlas-en-varias-escuelas-de-la-region\/\"},\"author\":{\"name\":\"webman\",\"@id\":\"https:\/\/dev.explora.cl\/araucania\/#\/schema\/person\/cb8349c13ea2d324080adf8480d7ba5d\"},\"headline\":\"Acad\u00e9mico de la U. Mayor dict\u00f3 motivadoras charlas en varias escuelas de la regi\u00f3n\",\"datePublished\":\"2014-07-01T04:00:00+00:00\",\"dateModified\":\"2019-05-20T19:11:34+00:00\",\"mainEntityOfPage\":{\"@id\":\"https:\/\/dev.explora.cl\/araucania\/academico-de-la-u-mayor-dicto-motivadoras-charlas-en-varias-escuelas-de-la-region\/\"},\"wordCount\":467,\"commentCount\":0,\"image\":{\"@id\":\"https:\/\/dev.explora.cl\/araucania\/academico-de-la-u-mayor-dicto-motivadoras-charlas-en-varias-escuelas-de-la-region\/#primaryimage\"},\"thumbnailUrl\":\"https:\/\/dev.explora.cl\/araucania\/wp-content\/uploads\/sites\/15\/2018\/06\/6ce40ca473ef510f24fbc7453f694e63.jpg\",\"articleSection\":[\"Noticias\"],\"inLanguage\":\"es-CL\",\"potentialAction\":[{\"@type\":\"CommentAction\",\"name\":\"Comment\",\"target\":[\"https:\/\/dev.explora.cl\/araucania\/academico-de-la-u-mayor-dicto-motivadoras-charlas-en-varias-escuelas-de-la-region\/#respond\"]}]},{\"@type\":\"WebPage\",\"@id\":\"https:\/\/dev.explora.cl\/araucania\/academico-de-la-u-mayor-dicto-motivadoras-charlas-en-varias-escuelas-de-la-region\/\",\"url\":\"https:\/\/dev.explora.cl\/araucania\/academico-de-la-u-mayor-dicto-motivadoras-charlas-en-varias-escuelas-de-la-region\/\",\"name\":\"Acad\u00e9mico de la U. Mayor dict\u00f3 motivadoras charlas en varias escuelas de la regi\u00f3n - Araucan\u00eda\",\"isPartOf\":{\"@id\":\"https:\/\/dev.explora.cl\/araucania\/#website\"},\"primaryImageOfPage\":{\"@id\":\"https:\/\/dev.explora.cl\/araucania\/academico-de-la-u-mayor-dicto-motivadoras-charlas-en-varias-escuelas-de-la-region\/#primaryimage\"},\"image\":{\"@id\":\"https:\/\/dev.explora.cl\/araucania\/academico-de-la-u-mayor-dicto-motivadoras-charlas-en-varias-escuelas-de-la-region\/#primaryimage\"},\"thumbnailUrl\":\"https:\/\/dev.explora.cl\/araucania\/wp-content\/uploads\/sites\/15\/2018\/06\/6ce40ca473ef510f24fbc7453f694e63.jpg\",\"datePublished\":\"2014-07-01T04:00:00+00:00\",\"dateModified\":\"2019-05-20T19:11:34+00:00\",\"author\":{\"@id\":\"https:\/\/dev.explora.cl\/araucania\/#\/schema\/person\/cb8349c13ea2d324080adf8480d7ba5d\"},\"breadcrumb\":{\"@id\":\"https:\/\/dev.explora.cl\/araucania\/academico-de-la-u-mayor-dicto-motivadoras-charlas-en-varias-escuelas-de-la-region\/#breadcrumb\"},\"inLanguage\":\"es-CL\",\"potentialAction\":[{\"@type\":\"ReadAction\",\"target\":[\"https:\/\/dev.explora.cl\/araucania\/academico-de-la-u-mayor-dicto-motivadoras-charlas-en-varias-escuelas-de-la-region\/\"]}]},{\"@type\":\"ImageObject\",\"inLanguage\":\"es-CL\",\"@id\":\"https:\/\/dev.explora.cl\/araucania\/academico-de-la-u-mayor-dicto-motivadoras-charlas-en-varias-escuelas-de-la-region\/#primaryimage\",\"url\":\"https:\/\/dev.explora.cl\/araucania\/wp-content\/uploads\/sites\/15\/2018\/06\/6ce40ca473ef510f24fbc7453f694e63.jpg\",\"contentUrl\":\"https:\/\/dev.explora.cl\/araucania\/wp-content\/uploads\/sites\/15\/2018\/06\/6ce40ca473ef510f24fbc7453f694e63.jpg\",\"width\":1024,\"height\":768},{\"@type\":\"BreadcrumbList\",\"@id\":\"https:\/\/dev.explora.cl\/araucania\/academico-de-la-u-mayor-dicto-motivadoras-charlas-en-varias-escuelas-de-la-region\/#breadcrumb\",\"itemListElement\":[{\"@type\":\"ListItem\",\"position\":1,\"name\":\"Portada\",\"item\":\"https:\/\/dev.explora.cl\/araucania\/\"},{\"@type\":\"ListItem\",\"position\":2,\"name\":\"Acad\u00e9mico de la U. Mayor dict\u00f3 motivadoras charlas en varias escuelas de la regi\u00f3n\"}]},{\"@type\":\"WebSite\",\"@id\":\"https:\/\/dev.explora.cl\/araucania\/#website\",\"url\":\"https:\/\/dev.explora.cl\/araucania\/\",\"name\":\"Araucan\u00eda\",\"description\":\"Otro sitio m\u00e1s de dev.explora.cl\",\"potentialAction\":[{\"@type\":\"SearchAction\",\"target\":{\"@type\":\"EntryPoint\",\"urlTemplate\":\"https:\/\/dev.explora.cl\/araucania\/?s={search_term_string}\"},\"query-input\":{\"@type\":\"PropertyValueSpecification\",\"valueRequired\":true,\"valueName\":\"search_term_string\"}}],\"inLanguage\":\"es-CL\"},{\"@type\":\"Person\",\"@id\":\"https:\/\/dev.explora.cl\/araucania\/#\/schema\/person\/cb8349c13ea2d324080adf8480d7ba5d\",\"name\":\"webman\",\"image\":{\"@type\":\"ImageObject\",\"inLanguage\":\"es-CL\",\"@id\":\"https:\/\/dev.explora.cl\/araucania\/#\/schema\/person\/image\/\",\"url\":\"https:\/\/secure.gravatar.com\/avatar\/eeff3c82f2c02f7177d13663b7e6f890e9a6a0647ce9bb29cae02dcb094c7312?s=96&d=mm&r=g\",\"contentUrl\":\"https:\/\/secure.gravatar.com\/avatar\/eeff3c82f2c02f7177d13663b7e6f890e9a6a0647ce9bb29cae02dcb094c7312?s=96&d=mm&r=g\",\"caption\":\"webman\"},\"url\":\"https:\/\/dev.explora.cl\/araucania\/author\/webman\/\"}]}<\/script>\n<!-- \/ Yoast SEO plugin. -->","yoast_head_json":{"title":"Acad\u00e9mico de la U. Mayor dict\u00f3 motivadoras charlas en varias escuelas de la regi\u00f3n - Araucan\u00eda","robots":{"index":"index","follow":"follow","max-snippet":"max-snippet:-1","max-image-preview":"max-image-preview:large","max-video-preview":"max-video-preview:-1"},"canonical":"https:\/\/dev.explora.cl\/araucania\/academico-de-la-u-mayor-dicto-motivadoras-charlas-en-varias-escuelas-de-la-region\/","og_locale":"es_ES","og_type":"article","og_title":"Acad\u00e9mico de la U. Mayor dict\u00f3 motivadoras charlas en varias escuelas de la regi\u00f3n - Araucan\u00eda","og_description":"\u201cC\u00f3mo enfrentar los obst\u00e1culos de la vida\u201d fue el t\u00edtulo de la charla que relat\u00f3 el profesor de matem\u00e1ticas y acad\u00e9mico de la Universidad Mayor, Iv\u00e1n Collins, ante alrededor de 200 estudiantes del Colegio Los Robles de Labranza, la Escuela Los Trigales de Temuco y el Colegio Las Am\u00e9ricas de Chivilc\u00e1n. Ideales, intereses creados y [&hellip;]","og_url":"https:\/\/dev.explora.cl\/araucania\/academico-de-la-u-mayor-dicto-motivadoras-charlas-en-varias-escuelas-de-la-region\/","og_site_name":"Araucan\u00eda","article_published_time":"2014-07-01T04:00:00+00:00","article_modified_time":"2019-05-20T19:11:34+00:00","og_image":[{"width":1024,"height":768,"url":"https:\/\/dev.explora.cl\/araucania\/wp-content\/uploads\/sites\/15\/2018\/06\/6ce40ca473ef510f24fbc7453f694e63.jpg","type":"image\/jpeg"}],"author":"webman","twitter_card":"summary_large_image","twitter_misc":{"Escrito por":"webman","Tiempo estimado de lectura":"2 minutos"},"schema":{"@context":"https:\/\/schema.org","@graph":[{"@type":"Article","@id":"https:\/\/dev.explora.cl\/araucania\/academico-de-la-u-mayor-dicto-motivadoras-charlas-en-varias-escuelas-de-la-region\/#article","isPartOf":{"@id":"https:\/\/dev.explora.cl\/araucania\/academico-de-la-u-mayor-dicto-motivadoras-charlas-en-varias-escuelas-de-la-region\/"},"author":{"name":"webman","@id":"https:\/\/dev.explora.cl\/araucania\/#\/schema\/person\/cb8349c13ea2d324080adf8480d7ba5d"},"headline":"Acad\u00e9mico de la U. Mayor dict\u00f3 motivadoras charlas en varias escuelas de la regi\u00f3n","datePublished":"2014-07-01T04:00:00+00:00","dateModified":"2019-05-20T19:11:34+00:00","mainEntityOfPage":{"@id":"https:\/\/dev.explora.cl\/araucania\/academico-de-la-u-mayor-dicto-motivadoras-charlas-en-varias-escuelas-de-la-region\/"},"wordCount":467,"commentCount":0,"image":{"@id":"https:\/\/dev.explora.cl\/araucania\/academico-de-la-u-mayor-dicto-motivadoras-charlas-en-varias-escuelas-de-la-region\/#primaryimage"},"thumbnailUrl":"https:\/\/dev.explora.cl\/araucania\/wp-content\/uploads\/sites\/15\/2018\/06\/6ce40ca473ef510f24fbc7453f694e63.jpg","articleSection":["Noticias"],"inLanguage":"es-CL","potentialAction":[{"@type":"CommentAction","name":"Comment","target":["https:\/\/dev.explora.cl\/araucania\/academico-de-la-u-mayor-dicto-motivadoras-charlas-en-varias-escuelas-de-la-region\/#respond"]}]},{"@type":"WebPage","@id":"https:\/\/dev.explora.cl\/araucania\/academico-de-la-u-mayor-dicto-motivadoras-charlas-en-varias-escuelas-de-la-region\/","url":"https:\/\/dev.explora.cl\/araucania\/academico-de-la-u-mayor-dicto-motivadoras-charlas-en-varias-escuelas-de-la-region\/","name":"Acad\u00e9mico de la U. Mayor dict\u00f3 motivadoras charlas en varias escuelas de la regi\u00f3n - Araucan\u00eda","isPartOf":{"@id":"https:\/\/dev.explora.cl\/araucania\/#website"},"primaryImageOfPage":{"@id":"https:\/\/dev.explora.cl\/araucania\/academico-de-la-u-mayor-dicto-motivadoras-charlas-en-varias-escuelas-de-la-region\/#primaryimage"},"image":{"@id":"https:\/\/dev.explora.cl\/araucania\/academico-de-la-u-mayor-dicto-motivadoras-charlas-en-varias-escuelas-de-la-region\/#primaryimage"},"thumbnailUrl":"https:\/\/dev.explora.cl\/araucania\/wp-content\/uploads\/sites\/15\/2018\/06\/6ce40ca473ef510f24fbc7453f694e63.jpg","datePublished":"2014-07-01T04:00:00+00:00","dateModified":"2019-05-20T19:11:34+00:00","author":{"@id":"https:\/\/dev.explora.cl\/araucania\/#\/schema\/person\/cb8349c13ea2d324080adf8480d7ba5d"},"breadcrumb":{"@id":"https:\/\/dev.explora.cl\/araucania\/academico-de-la-u-mayor-dicto-motivadoras-charlas-en-varias-escuelas-de-la-region\/#breadcrumb"},"inLanguage":"es-CL","potentialAction":[{"@type":"ReadAction","target":["https:\/\/dev.explora.cl\/araucania\/academico-de-la-u-mayor-dicto-motivadoras-charlas-en-varias-escuelas-de-la-region\/"]}]},{"@type":"ImageObject","inLanguage":"es-CL","@id":"https:\/\/dev.explora.cl\/araucania\/academico-de-la-u-mayor-dicto-motivadoras-charlas-en-varias-escuelas-de-la-region\/#primaryimage","url":"https:\/\/dev.explora.cl\/araucania\/wp-content\/uploads\/sites\/15\/2018\/06\/6ce40ca473ef510f24fbc7453f694e63.jpg","contentUrl":"https:\/\/dev.explora.cl\/araucania\/wp-content\/uploads\/sites\/15\/2018\/06\/6ce40ca473ef510f24fbc7453f694e63.jpg","width":1024,"height":768},{"@type":"BreadcrumbList","@id":"https:\/\/dev.explora.cl\/araucania\/academico-de-la-u-mayor-dicto-motivadoras-charlas-en-varias-escuelas-de-la-region\/#breadcrumb","itemListElement":[{"@type":"ListItem","position":1,"name":"Portada","item":"https:\/\/dev.explora.cl\/araucania\/"},{"@type":"ListItem","position":2,"name":"Acad\u00e9mico de la U. Mayor dict\u00f3 motivadoras charlas en varias escuelas de la regi\u00f3n"}]},{"@type":"WebSite","@id":"https:\/\/dev.explora.cl\/araucania\/#website","url":"https:\/\/dev.explora.cl\/araucania\/","name":"Araucan\u00eda","description":"Otro sitio m\u00e1s de dev.explora.cl","potentialAction":[{"@type":"SearchAction","target":{"@type":"EntryPoint","urlTemplate":"https:\/\/dev.explora.cl\/araucania\/?s={search_term_string}"},"query-input":{"@type":"PropertyValueSpecification","valueRequired":true,"valueName":"search_term_string"}}],"inLanguage":"es-CL"},{"@type":"Person","@id":"https:\/\/dev.explora.cl\/araucania\/#\/schema\/person\/cb8349c13ea2d324080adf8480d7ba5d","name":"webman","image":{"@type":"ImageObject","inLanguage":"es-CL","@id":"https:\/\/dev.explora.cl\/araucania\/#\/schema\/person\/image\/","url":"https:\/\/secure.gravatar.com\/avatar\/eeff3c82f2c02f7177d13663b7e6f890e9a6a0647ce9bb29cae02dcb094c7312?s=96&d=mm&r=g","contentUrl":"https:\/\/secure.gravatar.com\/avatar\/eeff3c82f2c02f7177d13663b7e6f890e9a6a0647ce9bb29cae02dcb094c7312?s=96&d=mm&r=g","caption":"webman"},"url":"https:\/\/dev.explora.cl\/araucania\/author\/webman\/"}]}},"_links":{"self":[{"href":"https:\/\/dev.explora.cl\/araucania\/wp-json\/wp\/v2\/posts\/163","targetHints":{"allow":["GET"]}}],"collection":[{"href":"https:\/\/dev.explora.cl\/araucania\/wp-json\/wp\/v2\/posts"}],"about":[{"href":"https:\/\/dev.explora.cl\/araucania\/wp-json\/wp\/v2\/types\/post"}],"author":[{"embeddable":true,"href":"https:\/\/dev.explora.cl\/araucania\/wp-json\/wp\/v2\/users\/2"}],"replies":[{"embeddable":true,"href":"https:\/\/dev.explora.cl\/araucania\/wp-json\/wp\/v2\/comments?post=163"}],"version-history":[{"count":1,"href":"https:\/\/dev.explora.cl\/araucania\/wp-json\/wp\/v2\/posts\/163\/revisions"}],"predecessor-version":[{"id":38528,"href":"https:\/\/dev.explora.cl\/araucania\/wp-json\/wp\/v2\/posts\/163\/revisions\/38528"}],"wp:featuredmedia":[{"embeddable":true,"href":"https:\/\/dev.explora.cl\/araucania\/wp-json\/wp\/v2\/media\/164"}],"wp:attachment":[{"href":"https:\/\/dev.explora.cl\/araucania\/wp-json\/wp\/v2\/media?parent=163"}],"wp:term":[{"taxonomy":"category","embeddable":true,"href":"https:\/\/dev.explora.cl\/araucania\/wp-json\/wp\/v2\/categories?post=163"},{"taxonomy":"post_tag","embeddable":true,"href":"https:\/\/dev.explora.cl\/araucania\/wp-json\/wp\/v2\/tags?post=163"}],"curies":[{"name":"wp","href":"https:\/\/api.w.org\/{rel}","templated":true}]}}