{"id":156,"date":"2014-06-27T00:00:00","date_gmt":"2014-06-27T04:00:00","guid":{"rendered":"https:\/\/dev.explora.cl\/araucania\/blog\/2014\/06\/27\/ya-esta-abierta-la-convocatoria-para-participar-en-el-xii-congreso-regional-escolar-1\/"},"modified":"2019-05-20T19:11:40","modified_gmt":"2019-05-20T19:11:40","slug":"ya-esta-abierta-la-convocatoria-para-participar-en-el-xii-congreso-regional-escolar-1","status":"publish","type":"post","link":"https:\/\/dev.explora.cl\/araucania\/ya-esta-abierta-la-convocatoria-para-participar-en-el-xii-congreso-regional-escolar-1\/","title":{"rendered":"\u00a1Ya est\u00e1 abierta la convocatoria para participar en el XII Congreso Regional Escolar!"},"content":{"rendered":"<p><img loading=\"lazy\" decoding=\"async\" class=\" size-full wp-image-3506\" src=\"http:\/\/ec2-34-218-253-251.us-west-2.compute.amazonaws.com\/wp-content\/uploads\/2014\/06\/ee2132b436fdf2551d3c9c5c8fd68b73.jpg\" alt=\"\" width=\"301\" height=\"220\" \/><\/p>\n<p style=\"text-align: center\"><em><strong>Este evento regional est\u00e1 dirigido a estudiantes de quinto a\u00f1o b\u00e1sico a tercer a\u00f1o medio que sean curiosos, les guste experimentar para conocer distintos fen\u00f3menos y, sobre todo, quieran vivir una experiencia cient\u00edfica y tecnol\u00f3gica inolvidable.<\/strong><\/em><\/p>\n<p>Con el objetivo de incentivar el desarrollo de investigaciones cient\u00edficas por parte de estudiantes de distintas comunas de la regi\u00f3n, el Proyecto EXPLORA CONICYT Araucan\u00eda abri\u00f3 la convocatoria para el XII Congreso Regional Escolar de Ciencia y Tecnolog\u00eda, que estar\u00e1 abierta hasta el 12 de septiembre.<\/p>\n<p>Este evento, uno de los m\u00e1s emblem\u00e1ticos de EXPLORA Araucan\u00eda, est\u00e1 dirigido a estudiantes de quinto a\u00f1o b\u00e1sico a tercer a\u00f1o medio que sean curiosos y curiosas, les guste experimentar para conocer distintos fen\u00f3menos y, sobre todo, quieran vivir una experiencia cient\u00edfica y tecnol\u00f3gica inolvidable.<\/p>\n<p>Para participar, alumnos y alumnas de la regi\u00f3n, dirigidos por un profesor o profesora, deben elaborar investigaciones cient\u00edficas y\/o tecnol\u00f3gicas, las que, tras una selecci\u00f3n, se presentar\u00e1n en el Congreso Regional que se desarrollar\u00e1 los d\u00edas 23 y 24 de octubre en el Gimnasio Ol\u00edmpico.<\/p>\n<p>De este modo, durante dos d\u00edas los estudiantes exhibir\u00e1n sus trabajos a la comunidad regional y a un jurado compuesto por destacados cient\u00edficos y cient\u00edficas, quienes evaluar\u00e1n los proyectos escritos, los stands y las presentaciones orales de cada una de las propuestas.<\/p>\n<p>Los trabajos ganadores en sus respectivas categor\u00edas ser\u00e1n premiados y, adem\u00e1s, representar\u00e1n a la regi\u00f3n de La Araucan\u00eda en el XV Congreso Nacional Escolar de Ciencia y Tecnolog\u00eda, que se celebrar\u00e1 en Santiago, los d\u00edas 25, 26 y 27 de noviembre.<\/p>\n<p>Cabe destacar que este es un recorrido mediante el cual alumnos y alumnas comienzan a observar el mundo que los rodea con otros ojos, desarrollan la curiosidad frente a distintos fen\u00f3menos que antes aparec\u00edan inadvertidos y aprenden que la investigaci\u00f3n cient\u00edfica es la senda para dar respuesta a sus inquietudes, generar nuevos conocimientos y aportar al desarrollo de nuestra sociedad.<\/p>\n<p>Descarga las bases, anexos y el formulario de postulaci\u00f3n en los link que aparecen al final. Consultas al tel\u00e9fono 2325428 o al correo electr\u00f3nico exploraaraucania@gmail.com.<\/p>\n<p>\u00a0<\/p>\n<p>\u00a0<\/p>\n","protected":false},"excerpt":{"rendered":"<p>Este evento regional est\u00e1 dirigido a estudiantes de quinto a\u00f1o b\u00e1sico a tercer a\u00f1o medio que sean curiosos, les guste experimentar para conocer distintos fen\u00f3menos y, sobre todo, quieran vivir una experiencia cient\u00edfica y tecnol\u00f3gica inolvidable. Con el objetivo de incentivar el desarrollo de investigaciones cient\u00edficas por parte de estudiantes de distintas comunas de la [&hellip;]<\/p>\n","protected":false},"author":2,"featured_media":157,"comment_status":"open","ping_status":"open","sticky":false,"template":"","format":"standard","meta":{"_acf_changed":false,"_exactmetrics_skip_tracking":false,"_exactmetrics_sitenote_active":false,"_exactmetrics_sitenote_note":"","_exactmetrics_sitenote_category":0,"footnotes":"","_links_to":"","_links_to_target":""},"categories":[4],"tags":[],"class_list":["post-156","post","type-post","status-publish","format-standard","has-post-thumbnail","hentry","category-noticias"],"acf":[],"yoast_head":"<!-- This site is optimized with the Yoast SEO plugin v26.7 - https:\/\/yoast.com\/wordpress\/plugins\/seo\/ -->\n<title>\u00a1Ya est\u00e1 abierta la convocatoria para participar en el XII Congreso Regional Escolar! - Araucan\u00eda<\/title>\n<meta name=\"robots\" content=\"index, follow, max-snippet:-1, max-image-preview:large, max-video-preview:-1\" \/>\n<link rel=\"canonical\" href=\"https:\/\/dev.explora.cl\/araucania\/ya-esta-abierta-la-convocatoria-para-participar-en-el-xii-congreso-regional-escolar-1\/\" class=\"yoast-seo-meta-tag\" \/>\n<meta property=\"og:locale\" content=\"es_ES\" class=\"yoast-seo-meta-tag\" \/>\n<meta property=\"og:type\" content=\"article\" class=\"yoast-seo-meta-tag\" \/>\n<meta property=\"og:title\" content=\"\u00a1Ya est\u00e1 abierta la convocatoria para participar en el XII Congreso Regional Escolar! - Araucan\u00eda\" class=\"yoast-seo-meta-tag\" \/>\n<meta property=\"og:description\" content=\"Este evento regional est\u00e1 dirigido a estudiantes de quinto a\u00f1o b\u00e1sico a tercer a\u00f1o medio que sean curiosos, les guste experimentar para conocer distintos fen\u00f3menos y, sobre todo, quieran vivir una experiencia cient\u00edfica y tecnol\u00f3gica inolvidable. Con el objetivo de incentivar el desarrollo de investigaciones cient\u00edficas por parte de estudiantes de distintas comunas de la [&hellip;]\" class=\"yoast-seo-meta-tag\" \/>\n<meta property=\"og:url\" content=\"https:\/\/dev.explora.cl\/araucania\/ya-esta-abierta-la-convocatoria-para-participar-en-el-xii-congreso-regional-escolar-1\/\" class=\"yoast-seo-meta-tag\" \/>\n<meta property=\"og:site_name\" content=\"Araucan\u00eda\" class=\"yoast-seo-meta-tag\" \/>\n<meta property=\"article:published_time\" content=\"2014-06-27T04:00:00+00:00\" class=\"yoast-seo-meta-tag\" \/>\n<meta property=\"article:modified_time\" content=\"2019-05-20T19:11:40+00:00\" class=\"yoast-seo-meta-tag\" \/>\n<meta property=\"og:image\" content=\"https:\/\/dev.explora.cl\/araucania\/wp-content\/uploads\/sites\/15\/2018\/06\/ee2132b436fdf2551d3c9c5c8fd68b73.jpg\" class=\"yoast-seo-meta-tag\" \/>\n\t<meta property=\"og:image:width\" content=\"301\" class=\"yoast-seo-meta-tag\" \/>\n\t<meta property=\"og:image:height\" content=\"220\" class=\"yoast-seo-meta-tag\" \/>\n\t<meta property=\"og:image:type\" content=\"image\/jpeg\" class=\"yoast-seo-meta-tag\" \/>\n<meta name=\"author\" content=\"webman\" class=\"yoast-seo-meta-tag\" \/>\n<meta name=\"twitter:card\" content=\"summary_large_image\" class=\"yoast-seo-meta-tag\" \/>\n<meta name=\"twitter:label1\" content=\"Escrito por\" class=\"yoast-seo-meta-tag\" \/>\n\t<meta name=\"twitter:data1\" content=\"webman\" class=\"yoast-seo-meta-tag\" \/>\n\t<meta name=\"twitter:label2\" content=\"Tiempo estimado de lectura\" class=\"yoast-seo-meta-tag\" \/>\n\t<meta name=\"twitter:data2\" content=\"2 minutos\" class=\"yoast-seo-meta-tag\" \/>\n<script type=\"application\/ld+json\" class=\"yoast-schema-graph\">{\"@context\":\"https:\/\/schema.org\",\"@graph\":[{\"@type\":\"Article\",\"@id\":\"https:\/\/dev.explora.cl\/araucania\/ya-esta-abierta-la-convocatoria-para-participar-en-el-xii-congreso-regional-escolar-1\/#article\",\"isPartOf\":{\"@id\":\"https:\/\/dev.explora.cl\/araucania\/ya-esta-abierta-la-convocatoria-para-participar-en-el-xii-congreso-regional-escolar-1\/\"},\"author\":{\"name\":\"webman\",\"@id\":\"https:\/\/dev.explora.cl\/araucania\/#\/schema\/person\/cb8349c13ea2d324080adf8480d7ba5d\"},\"headline\":\"\u00a1Ya est\u00e1 abierta la convocatoria para participar en el XII Congreso Regional Escolar!\",\"datePublished\":\"2014-06-27T04:00:00+00:00\",\"dateModified\":\"2019-05-20T19:11:40+00:00\",\"mainEntityOfPage\":{\"@id\":\"https:\/\/dev.explora.cl\/araucania\/ya-esta-abierta-la-convocatoria-para-participar-en-el-xii-congreso-regional-escolar-1\/\"},\"wordCount\":395,\"commentCount\":0,\"image\":{\"@id\":\"https:\/\/dev.explora.cl\/araucania\/ya-esta-abierta-la-convocatoria-para-participar-en-el-xii-congreso-regional-escolar-1\/#primaryimage\"},\"thumbnailUrl\":\"https:\/\/dev.explora.cl\/araucania\/wp-content\/uploads\/sites\/15\/2018\/06\/ee2132b436fdf2551d3c9c5c8fd68b73.jpg\",\"articleSection\":[\"Noticias\"],\"inLanguage\":\"es-CL\",\"potentialAction\":[{\"@type\":\"CommentAction\",\"name\":\"Comment\",\"target\":[\"https:\/\/dev.explora.cl\/araucania\/ya-esta-abierta-la-convocatoria-para-participar-en-el-xii-congreso-regional-escolar-1\/#respond\"]}]},{\"@type\":\"WebPage\",\"@id\":\"https:\/\/dev.explora.cl\/araucania\/ya-esta-abierta-la-convocatoria-para-participar-en-el-xii-congreso-regional-escolar-1\/\",\"url\":\"https:\/\/dev.explora.cl\/araucania\/ya-esta-abierta-la-convocatoria-para-participar-en-el-xii-congreso-regional-escolar-1\/\",\"name\":\"\u00a1Ya est\u00e1 abierta la convocatoria para participar en el XII Congreso Regional Escolar! - Araucan\u00eda\",\"isPartOf\":{\"@id\":\"https:\/\/dev.explora.cl\/araucania\/#website\"},\"primaryImageOfPage\":{\"@id\":\"https:\/\/dev.explora.cl\/araucania\/ya-esta-abierta-la-convocatoria-para-participar-en-el-xii-congreso-regional-escolar-1\/#primaryimage\"},\"image\":{\"@id\":\"https:\/\/dev.explora.cl\/araucania\/ya-esta-abierta-la-convocatoria-para-participar-en-el-xii-congreso-regional-escolar-1\/#primaryimage\"},\"thumbnailUrl\":\"https:\/\/dev.explora.cl\/araucania\/wp-content\/uploads\/sites\/15\/2018\/06\/ee2132b436fdf2551d3c9c5c8fd68b73.jpg\",\"datePublished\":\"2014-06-27T04:00:00+00:00\",\"dateModified\":\"2019-05-20T19:11:40+00:00\",\"author\":{\"@id\":\"https:\/\/dev.explora.cl\/araucania\/#\/schema\/person\/cb8349c13ea2d324080adf8480d7ba5d\"},\"breadcrumb\":{\"@id\":\"https:\/\/dev.explora.cl\/araucania\/ya-esta-abierta-la-convocatoria-para-participar-en-el-xii-congreso-regional-escolar-1\/#breadcrumb\"},\"inLanguage\":\"es-CL\",\"potentialAction\":[{\"@type\":\"ReadAction\",\"target\":[\"https:\/\/dev.explora.cl\/araucania\/ya-esta-abierta-la-convocatoria-para-participar-en-el-xii-congreso-regional-escolar-1\/\"]}]},{\"@type\":\"ImageObject\",\"inLanguage\":\"es-CL\",\"@id\":\"https:\/\/dev.explora.cl\/araucania\/ya-esta-abierta-la-convocatoria-para-participar-en-el-xii-congreso-regional-escolar-1\/#primaryimage\",\"url\":\"https:\/\/dev.explora.cl\/araucania\/wp-content\/uploads\/sites\/15\/2018\/06\/ee2132b436fdf2551d3c9c5c8fd68b73.jpg\",\"contentUrl\":\"https:\/\/dev.explora.cl\/araucania\/wp-content\/uploads\/sites\/15\/2018\/06\/ee2132b436fdf2551d3c9c5c8fd68b73.jpg\",\"width\":301,\"height\":220},{\"@type\":\"BreadcrumbList\",\"@id\":\"https:\/\/dev.explora.cl\/araucania\/ya-esta-abierta-la-convocatoria-para-participar-en-el-xii-congreso-regional-escolar-1\/#breadcrumb\",\"itemListElement\":[{\"@type\":\"ListItem\",\"position\":1,\"name\":\"Portada\",\"item\":\"https:\/\/dev.explora.cl\/araucania\/\"},{\"@type\":\"ListItem\",\"position\":2,\"name\":\"\u00a1Ya est\u00e1 abierta la convocatoria para participar en el XII Congreso Regional Escolar!\"}]},{\"@type\":\"WebSite\",\"@id\":\"https:\/\/dev.explora.cl\/araucania\/#website\",\"url\":\"https:\/\/dev.explora.cl\/araucania\/\",\"name\":\"Araucan\u00eda\",\"description\":\"Otro sitio m\u00e1s de dev.explora.cl\",\"potentialAction\":[{\"@type\":\"SearchAction\",\"target\":{\"@type\":\"EntryPoint\",\"urlTemplate\":\"https:\/\/dev.explora.cl\/araucania\/?s={search_term_string}\"},\"query-input\":{\"@type\":\"PropertyValueSpecification\",\"valueRequired\":true,\"valueName\":\"search_term_string\"}}],\"inLanguage\":\"es-CL\"},{\"@type\":\"Person\",\"@id\":\"https:\/\/dev.explora.cl\/araucania\/#\/schema\/person\/cb8349c13ea2d324080adf8480d7ba5d\",\"name\":\"webman\",\"image\":{\"@type\":\"ImageObject\",\"inLanguage\":\"es-CL\",\"@id\":\"https:\/\/dev.explora.cl\/araucania\/#\/schema\/person\/image\/\",\"url\":\"https:\/\/secure.gravatar.com\/avatar\/eeff3c82f2c02f7177d13663b7e6f890e9a6a0647ce9bb29cae02dcb094c7312?s=96&d=mm&r=g\",\"contentUrl\":\"https:\/\/secure.gravatar.com\/avatar\/eeff3c82f2c02f7177d13663b7e6f890e9a6a0647ce9bb29cae02dcb094c7312?s=96&d=mm&r=g\",\"caption\":\"webman\"},\"url\":\"https:\/\/dev.explora.cl\/araucania\/author\/webman\/\"}]}<\/script>\n<!-- \/ Yoast SEO plugin. -->","yoast_head_json":{"title":"\u00a1Ya est\u00e1 abierta la convocatoria para participar en el XII Congreso Regional Escolar! - Araucan\u00eda","robots":{"index":"index","follow":"follow","max-snippet":"max-snippet:-1","max-image-preview":"max-image-preview:large","max-video-preview":"max-video-preview:-1"},"canonical":"https:\/\/dev.explora.cl\/araucania\/ya-esta-abierta-la-convocatoria-para-participar-en-el-xii-congreso-regional-escolar-1\/","og_locale":"es_ES","og_type":"article","og_title":"\u00a1Ya est\u00e1 abierta la convocatoria para participar en el XII Congreso Regional Escolar! - Araucan\u00eda","og_description":"Este evento regional est\u00e1 dirigido a estudiantes de quinto a\u00f1o b\u00e1sico a tercer a\u00f1o medio que sean curiosos, les guste experimentar para conocer distintos fen\u00f3menos y, sobre todo, quieran vivir una experiencia cient\u00edfica y tecnol\u00f3gica inolvidable. Con el objetivo de incentivar el desarrollo de investigaciones cient\u00edficas por parte de estudiantes de distintas comunas de la [&hellip;]","og_url":"https:\/\/dev.explora.cl\/araucania\/ya-esta-abierta-la-convocatoria-para-participar-en-el-xii-congreso-regional-escolar-1\/","og_site_name":"Araucan\u00eda","article_published_time":"2014-06-27T04:00:00+00:00","article_modified_time":"2019-05-20T19:11:40+00:00","og_image":[{"width":301,"height":220,"url":"https:\/\/dev.explora.cl\/araucania\/wp-content\/uploads\/sites\/15\/2018\/06\/ee2132b436fdf2551d3c9c5c8fd68b73.jpg","type":"image\/jpeg"}],"author":"webman","twitter_card":"summary_large_image","twitter_misc":{"Escrito por":"webman","Tiempo estimado de lectura":"2 minutos"},"schema":{"@context":"https:\/\/schema.org","@graph":[{"@type":"Article","@id":"https:\/\/dev.explora.cl\/araucania\/ya-esta-abierta-la-convocatoria-para-participar-en-el-xii-congreso-regional-escolar-1\/#article","isPartOf":{"@id":"https:\/\/dev.explora.cl\/araucania\/ya-esta-abierta-la-convocatoria-para-participar-en-el-xii-congreso-regional-escolar-1\/"},"author":{"name":"webman","@id":"https:\/\/dev.explora.cl\/araucania\/#\/schema\/person\/cb8349c13ea2d324080adf8480d7ba5d"},"headline":"\u00a1Ya est\u00e1 abierta la convocatoria para participar en el XII Congreso Regional Escolar!","datePublished":"2014-06-27T04:00:00+00:00","dateModified":"2019-05-20T19:11:40+00:00","mainEntityOfPage":{"@id":"https:\/\/dev.explora.cl\/araucania\/ya-esta-abierta-la-convocatoria-para-participar-en-el-xii-congreso-regional-escolar-1\/"},"wordCount":395,"commentCount":0,"image":{"@id":"https:\/\/dev.explora.cl\/araucania\/ya-esta-abierta-la-convocatoria-para-participar-en-el-xii-congreso-regional-escolar-1\/#primaryimage"},"thumbnailUrl":"https:\/\/dev.explora.cl\/araucania\/wp-content\/uploads\/sites\/15\/2018\/06\/ee2132b436fdf2551d3c9c5c8fd68b73.jpg","articleSection":["Noticias"],"inLanguage":"es-CL","potentialAction":[{"@type":"CommentAction","name":"Comment","target":["https:\/\/dev.explora.cl\/araucania\/ya-esta-abierta-la-convocatoria-para-participar-en-el-xii-congreso-regional-escolar-1\/#respond"]}]},{"@type":"WebPage","@id":"https:\/\/dev.explora.cl\/araucania\/ya-esta-abierta-la-convocatoria-para-participar-en-el-xii-congreso-regional-escolar-1\/","url":"https:\/\/dev.explora.cl\/araucania\/ya-esta-abierta-la-convocatoria-para-participar-en-el-xii-congreso-regional-escolar-1\/","name":"\u00a1Ya est\u00e1 abierta la convocatoria para participar en el XII Congreso Regional Escolar! - Araucan\u00eda","isPartOf":{"@id":"https:\/\/dev.explora.cl\/araucania\/#website"},"primaryImageOfPage":{"@id":"https:\/\/dev.explora.cl\/araucania\/ya-esta-abierta-la-convocatoria-para-participar-en-el-xii-congreso-regional-escolar-1\/#primaryimage"},"image":{"@id":"https:\/\/dev.explora.cl\/araucania\/ya-esta-abierta-la-convocatoria-para-participar-en-el-xii-congreso-regional-escolar-1\/#primaryimage"},"thumbnailUrl":"https:\/\/dev.explora.cl\/araucania\/wp-content\/uploads\/sites\/15\/2018\/06\/ee2132b436fdf2551d3c9c5c8fd68b73.jpg","datePublished":"2014-06-27T04:00:00+00:00","dateModified":"2019-05-20T19:11:40+00:00","author":{"@id":"https:\/\/dev.explora.cl\/araucania\/#\/schema\/person\/cb8349c13ea2d324080adf8480d7ba5d"},"breadcrumb":{"@id":"https:\/\/dev.explora.cl\/araucania\/ya-esta-abierta-la-convocatoria-para-participar-en-el-xii-congreso-regional-escolar-1\/#breadcrumb"},"inLanguage":"es-CL","potentialAction":[{"@type":"ReadAction","target":["https:\/\/dev.explora.cl\/araucania\/ya-esta-abierta-la-convocatoria-para-participar-en-el-xii-congreso-regional-escolar-1\/"]}]},{"@type":"ImageObject","inLanguage":"es-CL","@id":"https:\/\/dev.explora.cl\/araucania\/ya-esta-abierta-la-convocatoria-para-participar-en-el-xii-congreso-regional-escolar-1\/#primaryimage","url":"https:\/\/dev.explora.cl\/araucania\/wp-content\/uploads\/sites\/15\/2018\/06\/ee2132b436fdf2551d3c9c5c8fd68b73.jpg","contentUrl":"https:\/\/dev.explora.cl\/araucania\/wp-content\/uploads\/sites\/15\/2018\/06\/ee2132b436fdf2551d3c9c5c8fd68b73.jpg","width":301,"height":220},{"@type":"BreadcrumbList","@id":"https:\/\/dev.explora.cl\/araucania\/ya-esta-abierta-la-convocatoria-para-participar-en-el-xii-congreso-regional-escolar-1\/#breadcrumb","itemListElement":[{"@type":"ListItem","position":1,"name":"Portada","item":"https:\/\/dev.explora.cl\/araucania\/"},{"@type":"ListItem","position":2,"name":"\u00a1Ya est\u00e1 abierta la convocatoria para participar en el XII Congreso Regional Escolar!"}]},{"@type":"WebSite","@id":"https:\/\/dev.explora.cl\/araucania\/#website","url":"https:\/\/dev.explora.cl\/araucania\/","name":"Araucan\u00eda","description":"Otro sitio m\u00e1s de dev.explora.cl","potentialAction":[{"@type":"SearchAction","target":{"@type":"EntryPoint","urlTemplate":"https:\/\/dev.explora.cl\/araucania\/?s={search_term_string}"},"query-input":{"@type":"PropertyValueSpecification","valueRequired":true,"valueName":"search_term_string"}}],"inLanguage":"es-CL"},{"@type":"Person","@id":"https:\/\/dev.explora.cl\/araucania\/#\/schema\/person\/cb8349c13ea2d324080adf8480d7ba5d","name":"webman","image":{"@type":"ImageObject","inLanguage":"es-CL","@id":"https:\/\/dev.explora.cl\/araucania\/#\/schema\/person\/image\/","url":"https:\/\/secure.gravatar.com\/avatar\/eeff3c82f2c02f7177d13663b7e6f890e9a6a0647ce9bb29cae02dcb094c7312?s=96&d=mm&r=g","contentUrl":"https:\/\/secure.gravatar.com\/avatar\/eeff3c82f2c02f7177d13663b7e6f890e9a6a0647ce9bb29cae02dcb094c7312?s=96&d=mm&r=g","caption":"webman"},"url":"https:\/\/dev.explora.cl\/araucania\/author\/webman\/"}]}},"_links":{"self":[{"href":"https:\/\/dev.explora.cl\/araucania\/wp-json\/wp\/v2\/posts\/156","targetHints":{"allow":["GET"]}}],"collection":[{"href":"https:\/\/dev.explora.cl\/araucania\/wp-json\/wp\/v2\/posts"}],"about":[{"href":"https:\/\/dev.explora.cl\/araucania\/wp-json\/wp\/v2\/types\/post"}],"author":[{"embeddable":true,"href":"https:\/\/dev.explora.cl\/araucania\/wp-json\/wp\/v2\/users\/2"}],"replies":[{"embeddable":true,"href":"https:\/\/dev.explora.cl\/araucania\/wp-json\/wp\/v2\/comments?post=156"}],"version-history":[{"count":1,"href":"https:\/\/dev.explora.cl\/araucania\/wp-json\/wp\/v2\/posts\/156\/revisions"}],"predecessor-version":[{"id":38532,"href":"https:\/\/dev.explora.cl\/araucania\/wp-json\/wp\/v2\/posts\/156\/revisions\/38532"}],"wp:featuredmedia":[{"embeddable":true,"href":"https:\/\/dev.explora.cl\/araucania\/wp-json\/wp\/v2\/media\/157"}],"wp:attachment":[{"href":"https:\/\/dev.explora.cl\/araucania\/wp-json\/wp\/v2\/media?parent=156"}],"wp:term":[{"taxonomy":"category","embeddable":true,"href":"https:\/\/dev.explora.cl\/araucania\/wp-json\/wp\/v2\/categories?post=156"},{"taxonomy":"post_tag","embeddable":true,"href":"https:\/\/dev.explora.cl\/araucania\/wp-json\/wp\/v2\/tags?post=156"}],"curies":[{"name":"wp","href":"https:\/\/api.w.org\/{rel}","templated":true}]}}