{"id":152,"date":"2014-06-26T00:00:00","date_gmt":"2014-06-26T04:00:00","guid":{"rendered":"https:\/\/dev.explora.cl\/araucania\/blog\/2014\/06\/26\/colegio-angol-recibe-la-visita-de-destacado-matematico-de-la-uc-temuco\/"},"modified":"2019-05-20T19:11:41","modified_gmt":"2019-05-20T19:11:41","slug":"colegio-angol-recibe-la-visita-de-destacado-matematico-de-la-uc-temuco","status":"publish","type":"post","link":"https:\/\/dev.explora.cl\/araucania\/colegio-angol-recibe-la-visita-de-destacado-matematico-de-la-uc-temuco\/","title":{"rendered":"Colegio Angol recibe la visita de destacado matem\u00e1tico de la UC Temuco"},"content":{"rendered":"<p><img loading=\"lazy\" decoding=\"async\" class=\" size-full wp-image-3488\" src=\"http:\/\/ec2-34-218-253-251.us-west-2.compute.amazonaws.com\/wp-content\/uploads\/2014\/06\/f4a51cb98112a3d879856e0d66de3464.jpg\" alt=\"\" width=\"1000\" height=\"750\" \/><\/p>\n<p style=\"text-align: center\"><em><strong>Que la matem\u00e1tica es una asignatura divertida, que puede ser aprendida a trav\u00e9s de distintos juegos de ingenio, fue uno de los principales aspectos a los que se refiri\u00f3 el Dr. Stefan Berres ante un centenar de estudiantes del Colegio Angol.<\/strong><\/em><\/p>\n<p>Es com\u00fan escuchar a personas de diversas edades referirse a las matem\u00e1ticas como un \u00e1rea \u2018muy dif\u00edcil\u2019 o que no es de su agrado. Es precisamente esta idea generalizada la que pretende derribar el Dr. Stefan Berres junto a un equipo de profesionales, mediante un proyecto que contempla distintas l\u00edneas de acci\u00f3n que evidencian lo interesante y entretenido de esta disciplina.<\/p>\n<p>Esto dio a conocer el experto junto a Carol Jara, encargada de la difusi\u00f3n del proyecto de investigaci\u00f3n, a un centenar de estudiantes de octavo b\u00e1sico a cuarto medio del Colegio Angol, en el marco del Ciclo de Charlas que efect\u00faa el Proyecto EXPLORA CONICYT Regi\u00f3n de La Araucan\u00eda, ejecutado por la Universidad de La Frontera.<\/p>\n<p>CLAVEMAT, cuyas siglas significan clases virtuales de matem\u00e1ticas, es el nombre del proyecto en el que trabaja el acad\u00e9mico de la Universidad Cat\u00f3lica de Temuco. Esta iniciativa educacional consiste en una plataforma virtual para la ense\u00f1anza y aprendizaje de la matem\u00e1tica, dirigida a estudiantes y profesores de distintos pa\u00edses, cuyo prop\u00f3sito es incrementar el n\u00famero de alumnos que acceden a la universidad para estudiar carreras con un alto componente de matem\u00e1tica.<\/p>\n<p>En la ocasi\u00f3n, el Dr. Berres tambi\u00e9n profundiz\u00f3 en Scratch, una de las herramientas del proyecto que permite promover el aprendizaje del modelamiento matem\u00e1tico a trav\u00e9s de distintos juegos interactivos y entretenidos. Este fue, precisamente, uno de los aspectos que m\u00e1s llam\u00f3 la atenci\u00f3n de los j\u00f3venes de Angol.<\/p>\n<p><img loading=\"lazy\" decoding=\"async\" class=\" alignleft size-full wp-image-3489\" src=\"http:\/\/ec2-34-218-253-251.us-west-2.compute.amazonaws.com\/wp-content\/uploads\/2014\/06\/Charla-Alemn-1.jpg\" border=\"0\" alt=\"\" align=\"left\" width=\"90\" height=\"90\" \/>\u201cLa charla me pareci\u00f3 s\u00faper buena, ya que no se conocen programas interactivos o p\u00e1ginas conocidas que ayuden a los alumnos en el \u00e1rea de las matem\u00e1ticas. Lo que m\u00e1s me gust\u00f3 fue el programa Scratch, porque sirve para aprender de manera f\u00e1cil y con ejemplos llamativos\u201d.<\/p>\n<p>Michelle Garnier, estudiante de cuarto medio.<\/p>\n<p>\u00a0<\/p>\n<p><img loading=\"lazy\" decoding=\"async\" class=\" alignleft size-full wp-image-3490\" src=\"http:\/\/ec2-34-218-253-251.us-west-2.compute.amazonaws.com\/wp-content\/uploads\/2014\/06\/Charla-Alemn-2.jpg\" border=\"0\" alt=\"\" align=\"left\" width=\"90\" height=\"90\" \/>\u201cMe gust\u00f3 harto la charla, la encontr\u00e9 did\u00e1ctica, sobre todo la herramienta Scratch, porque nos ayuda a aprender m\u00e1s y mejor sobre las matem\u00e1ticas. Creo que es s\u00faper bueno saber qu\u00e9 es lo que est\u00e1n haciendo cient\u00edficos, porque esto nos permite ver qu\u00e9 cosas nos gustan y conocer tambi\u00e9n c\u00f3mo puede aplicarse la matem\u00e1tica\u201d.<\/p>\n<p>Pedro Novoa, estudiante de tercero medio.<\/p>\n<p style=\"text-align: center\"><a href=\"https:\/\/www.facebook.com\/media\/set\/?set=a.1491820891035958.1073741957.1388936647991050&amp;type=3\" target=\"_blank\" rel=\"noopener noreferrer\">Haz click aqu\u00ed para ver la galer\u00eda de im\u00e1genes<\/a><\/p>\n<p style=\"text-align: justify\">Periodista: Carolina Nahuelpi \u00c1lvarez.\u00a0<\/p>\n","protected":false},"excerpt":{"rendered":"<p>Que la matem\u00e1tica es una asignatura divertida, que puede ser aprendida a trav\u00e9s de distintos juegos de ingenio, fue uno de los principales aspectos a los que se refiri\u00f3 el Dr. Stefan Berres ante un centenar de estudiantes del Colegio Angol. Es com\u00fan escuchar a personas de diversas edades referirse a las matem\u00e1ticas como un [&hellip;]<\/p>\n","protected":false},"author":2,"featured_media":153,"comment_status":"open","ping_status":"open","sticky":false,"template":"","format":"standard","meta":{"_acf_changed":false,"_exactmetrics_skip_tracking":false,"_exactmetrics_sitenote_active":false,"_exactmetrics_sitenote_note":"","_exactmetrics_sitenote_category":0,"footnotes":"","_links_to":"","_links_to_target":""},"categories":[4],"tags":[],"class_list":["post-152","post","type-post","status-publish","format-standard","has-post-thumbnail","hentry","category-noticias"],"acf":[],"yoast_head":"<!-- This site is optimized with the Yoast SEO plugin v26.7 - https:\/\/yoast.com\/wordpress\/plugins\/seo\/ -->\n<title>Colegio Angol recibe la visita de destacado matem\u00e1tico de la UC Temuco - Araucan\u00eda<\/title>\n<meta name=\"robots\" content=\"index, follow, max-snippet:-1, max-image-preview:large, max-video-preview:-1\" \/>\n<link rel=\"canonical\" href=\"https:\/\/dev.explora.cl\/araucania\/colegio-angol-recibe-la-visita-de-destacado-matematico-de-la-uc-temuco\/\" class=\"yoast-seo-meta-tag\" \/>\n<meta property=\"og:locale\" content=\"es_ES\" class=\"yoast-seo-meta-tag\" \/>\n<meta property=\"og:type\" content=\"article\" class=\"yoast-seo-meta-tag\" \/>\n<meta property=\"og:title\" content=\"Colegio Angol recibe la visita de destacado matem\u00e1tico de la UC Temuco - Araucan\u00eda\" class=\"yoast-seo-meta-tag\" \/>\n<meta property=\"og:description\" content=\"Que la matem\u00e1tica es una asignatura divertida, que puede ser aprendida a trav\u00e9s de distintos juegos de ingenio, fue uno de los principales aspectos a los que se refiri\u00f3 el Dr. Stefan Berres ante un centenar de estudiantes del Colegio Angol. Es com\u00fan escuchar a personas de diversas edades referirse a las matem\u00e1ticas como un [&hellip;]\" class=\"yoast-seo-meta-tag\" \/>\n<meta property=\"og:url\" content=\"https:\/\/dev.explora.cl\/araucania\/colegio-angol-recibe-la-visita-de-destacado-matematico-de-la-uc-temuco\/\" class=\"yoast-seo-meta-tag\" \/>\n<meta property=\"og:site_name\" content=\"Araucan\u00eda\" class=\"yoast-seo-meta-tag\" \/>\n<meta property=\"article:published_time\" content=\"2014-06-26T04:00:00+00:00\" class=\"yoast-seo-meta-tag\" \/>\n<meta property=\"article:modified_time\" content=\"2019-05-20T19:11:41+00:00\" class=\"yoast-seo-meta-tag\" \/>\n<meta property=\"og:image\" content=\"https:\/\/dev.explora.cl\/araucania\/wp-content\/uploads\/sites\/15\/2018\/06\/f4a51cb98112a3d879856e0d66de3464.jpg\" class=\"yoast-seo-meta-tag\" \/>\n\t<meta property=\"og:image:width\" content=\"1000\" class=\"yoast-seo-meta-tag\" \/>\n\t<meta property=\"og:image:height\" content=\"750\" class=\"yoast-seo-meta-tag\" \/>\n\t<meta property=\"og:image:type\" content=\"image\/jpeg\" class=\"yoast-seo-meta-tag\" \/>\n<meta name=\"author\" content=\"webman\" class=\"yoast-seo-meta-tag\" \/>\n<meta name=\"twitter:card\" content=\"summary_large_image\" class=\"yoast-seo-meta-tag\" \/>\n<meta name=\"twitter:label1\" content=\"Escrito por\" class=\"yoast-seo-meta-tag\" \/>\n\t<meta name=\"twitter:data1\" content=\"webman\" class=\"yoast-seo-meta-tag\" \/>\n\t<meta name=\"twitter:label2\" content=\"Tiempo estimado de lectura\" class=\"yoast-seo-meta-tag\" \/>\n\t<meta name=\"twitter:data2\" content=\"2 minutos\" class=\"yoast-seo-meta-tag\" \/>\n<script type=\"application\/ld+json\" class=\"yoast-schema-graph\">{\"@context\":\"https:\/\/schema.org\",\"@graph\":[{\"@type\":\"Article\",\"@id\":\"https:\/\/dev.explora.cl\/araucania\/colegio-angol-recibe-la-visita-de-destacado-matematico-de-la-uc-temuco\/#article\",\"isPartOf\":{\"@id\":\"https:\/\/dev.explora.cl\/araucania\/colegio-angol-recibe-la-visita-de-destacado-matematico-de-la-uc-temuco\/\"},\"author\":{\"name\":\"webman\",\"@id\":\"https:\/\/dev.explora.cl\/araucania\/#\/schema\/person\/cb8349c13ea2d324080adf8480d7ba5d\"},\"headline\":\"Colegio Angol recibe la visita de destacado matem\u00e1tico de la UC Temuco\",\"datePublished\":\"2014-06-26T04:00:00+00:00\",\"dateModified\":\"2019-05-20T19:11:41+00:00\",\"mainEntityOfPage\":{\"@id\":\"https:\/\/dev.explora.cl\/araucania\/colegio-angol-recibe-la-visita-de-destacado-matematico-de-la-uc-temuco\/\"},\"wordCount\":462,\"commentCount\":0,\"image\":{\"@id\":\"https:\/\/dev.explora.cl\/araucania\/colegio-angol-recibe-la-visita-de-destacado-matematico-de-la-uc-temuco\/#primaryimage\"},\"thumbnailUrl\":\"https:\/\/dev.explora.cl\/araucania\/wp-content\/uploads\/sites\/15\/2018\/06\/f4a51cb98112a3d879856e0d66de3464.jpg\",\"articleSection\":[\"Noticias\"],\"inLanguage\":\"es-CL\",\"potentialAction\":[{\"@type\":\"CommentAction\",\"name\":\"Comment\",\"target\":[\"https:\/\/dev.explora.cl\/araucania\/colegio-angol-recibe-la-visita-de-destacado-matematico-de-la-uc-temuco\/#respond\"]}]},{\"@type\":\"WebPage\",\"@id\":\"https:\/\/dev.explora.cl\/araucania\/colegio-angol-recibe-la-visita-de-destacado-matematico-de-la-uc-temuco\/\",\"url\":\"https:\/\/dev.explora.cl\/araucania\/colegio-angol-recibe-la-visita-de-destacado-matematico-de-la-uc-temuco\/\",\"name\":\"Colegio Angol recibe la visita de destacado matem\u00e1tico de la UC Temuco - Araucan\u00eda\",\"isPartOf\":{\"@id\":\"https:\/\/dev.explora.cl\/araucania\/#website\"},\"primaryImageOfPage\":{\"@id\":\"https:\/\/dev.explora.cl\/araucania\/colegio-angol-recibe-la-visita-de-destacado-matematico-de-la-uc-temuco\/#primaryimage\"},\"image\":{\"@id\":\"https:\/\/dev.explora.cl\/araucania\/colegio-angol-recibe-la-visita-de-destacado-matematico-de-la-uc-temuco\/#primaryimage\"},\"thumbnailUrl\":\"https:\/\/dev.explora.cl\/araucania\/wp-content\/uploads\/sites\/15\/2018\/06\/f4a51cb98112a3d879856e0d66de3464.jpg\",\"datePublished\":\"2014-06-26T04:00:00+00:00\",\"dateModified\":\"2019-05-20T19:11:41+00:00\",\"author\":{\"@id\":\"https:\/\/dev.explora.cl\/araucania\/#\/schema\/person\/cb8349c13ea2d324080adf8480d7ba5d\"},\"breadcrumb\":{\"@id\":\"https:\/\/dev.explora.cl\/araucania\/colegio-angol-recibe-la-visita-de-destacado-matematico-de-la-uc-temuco\/#breadcrumb\"},\"inLanguage\":\"es-CL\",\"potentialAction\":[{\"@type\":\"ReadAction\",\"target\":[\"https:\/\/dev.explora.cl\/araucania\/colegio-angol-recibe-la-visita-de-destacado-matematico-de-la-uc-temuco\/\"]}]},{\"@type\":\"ImageObject\",\"inLanguage\":\"es-CL\",\"@id\":\"https:\/\/dev.explora.cl\/araucania\/colegio-angol-recibe-la-visita-de-destacado-matematico-de-la-uc-temuco\/#primaryimage\",\"url\":\"https:\/\/dev.explora.cl\/araucania\/wp-content\/uploads\/sites\/15\/2018\/06\/f4a51cb98112a3d879856e0d66de3464.jpg\",\"contentUrl\":\"https:\/\/dev.explora.cl\/araucania\/wp-content\/uploads\/sites\/15\/2018\/06\/f4a51cb98112a3d879856e0d66de3464.jpg\",\"width\":1000,\"height\":750},{\"@type\":\"BreadcrumbList\",\"@id\":\"https:\/\/dev.explora.cl\/araucania\/colegio-angol-recibe-la-visita-de-destacado-matematico-de-la-uc-temuco\/#breadcrumb\",\"itemListElement\":[{\"@type\":\"ListItem\",\"position\":1,\"name\":\"Portada\",\"item\":\"https:\/\/dev.explora.cl\/araucania\/\"},{\"@type\":\"ListItem\",\"position\":2,\"name\":\"Colegio Angol recibe la visita de destacado matem\u00e1tico de la UC Temuco\"}]},{\"@type\":\"WebSite\",\"@id\":\"https:\/\/dev.explora.cl\/araucania\/#website\",\"url\":\"https:\/\/dev.explora.cl\/araucania\/\",\"name\":\"Araucan\u00eda\",\"description\":\"Otro sitio m\u00e1s de dev.explora.cl\",\"potentialAction\":[{\"@type\":\"SearchAction\",\"target\":{\"@type\":\"EntryPoint\",\"urlTemplate\":\"https:\/\/dev.explora.cl\/araucania\/?s={search_term_string}\"},\"query-input\":{\"@type\":\"PropertyValueSpecification\",\"valueRequired\":true,\"valueName\":\"search_term_string\"}}],\"inLanguage\":\"es-CL\"},{\"@type\":\"Person\",\"@id\":\"https:\/\/dev.explora.cl\/araucania\/#\/schema\/person\/cb8349c13ea2d324080adf8480d7ba5d\",\"name\":\"webman\",\"image\":{\"@type\":\"ImageObject\",\"inLanguage\":\"es-CL\",\"@id\":\"https:\/\/dev.explora.cl\/araucania\/#\/schema\/person\/image\/\",\"url\":\"https:\/\/secure.gravatar.com\/avatar\/eeff3c82f2c02f7177d13663b7e6f890e9a6a0647ce9bb29cae02dcb094c7312?s=96&d=mm&r=g\",\"contentUrl\":\"https:\/\/secure.gravatar.com\/avatar\/eeff3c82f2c02f7177d13663b7e6f890e9a6a0647ce9bb29cae02dcb094c7312?s=96&d=mm&r=g\",\"caption\":\"webman\"},\"url\":\"https:\/\/dev.explora.cl\/araucania\/author\/webman\/\"}]}<\/script>\n<!-- \/ Yoast SEO plugin. -->","yoast_head_json":{"title":"Colegio Angol recibe la visita de destacado matem\u00e1tico de la UC Temuco - Araucan\u00eda","robots":{"index":"index","follow":"follow","max-snippet":"max-snippet:-1","max-image-preview":"max-image-preview:large","max-video-preview":"max-video-preview:-1"},"canonical":"https:\/\/dev.explora.cl\/araucania\/colegio-angol-recibe-la-visita-de-destacado-matematico-de-la-uc-temuco\/","og_locale":"es_ES","og_type":"article","og_title":"Colegio Angol recibe la visita de destacado matem\u00e1tico de la UC Temuco - Araucan\u00eda","og_description":"Que la matem\u00e1tica es una asignatura divertida, que puede ser aprendida a trav\u00e9s de distintos juegos de ingenio, fue uno de los principales aspectos a los que se refiri\u00f3 el Dr. Stefan Berres ante un centenar de estudiantes del Colegio Angol. Es com\u00fan escuchar a personas de diversas edades referirse a las matem\u00e1ticas como un [&hellip;]","og_url":"https:\/\/dev.explora.cl\/araucania\/colegio-angol-recibe-la-visita-de-destacado-matematico-de-la-uc-temuco\/","og_site_name":"Araucan\u00eda","article_published_time":"2014-06-26T04:00:00+00:00","article_modified_time":"2019-05-20T19:11:41+00:00","og_image":[{"width":1000,"height":750,"url":"https:\/\/dev.explora.cl\/araucania\/wp-content\/uploads\/sites\/15\/2018\/06\/f4a51cb98112a3d879856e0d66de3464.jpg","type":"image\/jpeg"}],"author":"webman","twitter_card":"summary_large_image","twitter_misc":{"Escrito por":"webman","Tiempo estimado de lectura":"2 minutos"},"schema":{"@context":"https:\/\/schema.org","@graph":[{"@type":"Article","@id":"https:\/\/dev.explora.cl\/araucania\/colegio-angol-recibe-la-visita-de-destacado-matematico-de-la-uc-temuco\/#article","isPartOf":{"@id":"https:\/\/dev.explora.cl\/araucania\/colegio-angol-recibe-la-visita-de-destacado-matematico-de-la-uc-temuco\/"},"author":{"name":"webman","@id":"https:\/\/dev.explora.cl\/araucania\/#\/schema\/person\/cb8349c13ea2d324080adf8480d7ba5d"},"headline":"Colegio Angol recibe la visita de destacado matem\u00e1tico de la UC Temuco","datePublished":"2014-06-26T04:00:00+00:00","dateModified":"2019-05-20T19:11:41+00:00","mainEntityOfPage":{"@id":"https:\/\/dev.explora.cl\/araucania\/colegio-angol-recibe-la-visita-de-destacado-matematico-de-la-uc-temuco\/"},"wordCount":462,"commentCount":0,"image":{"@id":"https:\/\/dev.explora.cl\/araucania\/colegio-angol-recibe-la-visita-de-destacado-matematico-de-la-uc-temuco\/#primaryimage"},"thumbnailUrl":"https:\/\/dev.explora.cl\/araucania\/wp-content\/uploads\/sites\/15\/2018\/06\/f4a51cb98112a3d879856e0d66de3464.jpg","articleSection":["Noticias"],"inLanguage":"es-CL","potentialAction":[{"@type":"CommentAction","name":"Comment","target":["https:\/\/dev.explora.cl\/araucania\/colegio-angol-recibe-la-visita-de-destacado-matematico-de-la-uc-temuco\/#respond"]}]},{"@type":"WebPage","@id":"https:\/\/dev.explora.cl\/araucania\/colegio-angol-recibe-la-visita-de-destacado-matematico-de-la-uc-temuco\/","url":"https:\/\/dev.explora.cl\/araucania\/colegio-angol-recibe-la-visita-de-destacado-matematico-de-la-uc-temuco\/","name":"Colegio Angol recibe la visita de destacado matem\u00e1tico de la UC Temuco - Araucan\u00eda","isPartOf":{"@id":"https:\/\/dev.explora.cl\/araucania\/#website"},"primaryImageOfPage":{"@id":"https:\/\/dev.explora.cl\/araucania\/colegio-angol-recibe-la-visita-de-destacado-matematico-de-la-uc-temuco\/#primaryimage"},"image":{"@id":"https:\/\/dev.explora.cl\/araucania\/colegio-angol-recibe-la-visita-de-destacado-matematico-de-la-uc-temuco\/#primaryimage"},"thumbnailUrl":"https:\/\/dev.explora.cl\/araucania\/wp-content\/uploads\/sites\/15\/2018\/06\/f4a51cb98112a3d879856e0d66de3464.jpg","datePublished":"2014-06-26T04:00:00+00:00","dateModified":"2019-05-20T19:11:41+00:00","author":{"@id":"https:\/\/dev.explora.cl\/araucania\/#\/schema\/person\/cb8349c13ea2d324080adf8480d7ba5d"},"breadcrumb":{"@id":"https:\/\/dev.explora.cl\/araucania\/colegio-angol-recibe-la-visita-de-destacado-matematico-de-la-uc-temuco\/#breadcrumb"},"inLanguage":"es-CL","potentialAction":[{"@type":"ReadAction","target":["https:\/\/dev.explora.cl\/araucania\/colegio-angol-recibe-la-visita-de-destacado-matematico-de-la-uc-temuco\/"]}]},{"@type":"ImageObject","inLanguage":"es-CL","@id":"https:\/\/dev.explora.cl\/araucania\/colegio-angol-recibe-la-visita-de-destacado-matematico-de-la-uc-temuco\/#primaryimage","url":"https:\/\/dev.explora.cl\/araucania\/wp-content\/uploads\/sites\/15\/2018\/06\/f4a51cb98112a3d879856e0d66de3464.jpg","contentUrl":"https:\/\/dev.explora.cl\/araucania\/wp-content\/uploads\/sites\/15\/2018\/06\/f4a51cb98112a3d879856e0d66de3464.jpg","width":1000,"height":750},{"@type":"BreadcrumbList","@id":"https:\/\/dev.explora.cl\/araucania\/colegio-angol-recibe-la-visita-de-destacado-matematico-de-la-uc-temuco\/#breadcrumb","itemListElement":[{"@type":"ListItem","position":1,"name":"Portada","item":"https:\/\/dev.explora.cl\/araucania\/"},{"@type":"ListItem","position":2,"name":"Colegio Angol recibe la visita de destacado matem\u00e1tico de la UC Temuco"}]},{"@type":"WebSite","@id":"https:\/\/dev.explora.cl\/araucania\/#website","url":"https:\/\/dev.explora.cl\/araucania\/","name":"Araucan\u00eda","description":"Otro sitio m\u00e1s de dev.explora.cl","potentialAction":[{"@type":"SearchAction","target":{"@type":"EntryPoint","urlTemplate":"https:\/\/dev.explora.cl\/araucania\/?s={search_term_string}"},"query-input":{"@type":"PropertyValueSpecification","valueRequired":true,"valueName":"search_term_string"}}],"inLanguage":"es-CL"},{"@type":"Person","@id":"https:\/\/dev.explora.cl\/araucania\/#\/schema\/person\/cb8349c13ea2d324080adf8480d7ba5d","name":"webman","image":{"@type":"ImageObject","inLanguage":"es-CL","@id":"https:\/\/dev.explora.cl\/araucania\/#\/schema\/person\/image\/","url":"https:\/\/secure.gravatar.com\/avatar\/eeff3c82f2c02f7177d13663b7e6f890e9a6a0647ce9bb29cae02dcb094c7312?s=96&d=mm&r=g","contentUrl":"https:\/\/secure.gravatar.com\/avatar\/eeff3c82f2c02f7177d13663b7e6f890e9a6a0647ce9bb29cae02dcb094c7312?s=96&d=mm&r=g","caption":"webman"},"url":"https:\/\/dev.explora.cl\/araucania\/author\/webman\/"}]}},"_links":{"self":[{"href":"https:\/\/dev.explora.cl\/araucania\/wp-json\/wp\/v2\/posts\/152","targetHints":{"allow":["GET"]}}],"collection":[{"href":"https:\/\/dev.explora.cl\/araucania\/wp-json\/wp\/v2\/posts"}],"about":[{"href":"https:\/\/dev.explora.cl\/araucania\/wp-json\/wp\/v2\/types\/post"}],"author":[{"embeddable":true,"href":"https:\/\/dev.explora.cl\/araucania\/wp-json\/wp\/v2\/users\/2"}],"replies":[{"embeddable":true,"href":"https:\/\/dev.explora.cl\/araucania\/wp-json\/wp\/v2\/comments?post=152"}],"version-history":[{"count":1,"href":"https:\/\/dev.explora.cl\/araucania\/wp-json\/wp\/v2\/posts\/152\/revisions"}],"predecessor-version":[{"id":38536,"href":"https:\/\/dev.explora.cl\/araucania\/wp-json\/wp\/v2\/posts\/152\/revisions\/38536"}],"wp:featuredmedia":[{"embeddable":true,"href":"https:\/\/dev.explora.cl\/araucania\/wp-json\/wp\/v2\/media\/153"}],"wp:attachment":[{"href":"https:\/\/dev.explora.cl\/araucania\/wp-json\/wp\/v2\/media?parent=152"}],"wp:term":[{"taxonomy":"category","embeddable":true,"href":"https:\/\/dev.explora.cl\/araucania\/wp-json\/wp\/v2\/categories?post=152"},{"taxonomy":"post_tag","embeddable":true,"href":"https:\/\/dev.explora.cl\/araucania\/wp-json\/wp\/v2\/tags?post=152"}],"curies":[{"name":"wp","href":"https:\/\/api.w.org\/{rel}","templated":true}]}}