{"id":114,"date":"2014-06-17T00:00:00","date_gmt":"2014-06-17T04:00:00","guid":{"rendered":"https:\/\/dev.explora.cl\/araucania\/blog\/2014\/06\/17\/la-ciencia-itinerante-inicio-su-recorrido-2014-en-escuela-de-quepe\/"},"modified":"2019-05-20T19:11:44","modified_gmt":"2019-05-20T19:11:44","slug":"la-ciencia-itinerante-inicio-su-recorrido-2014-en-escuela-de-quepe","status":"publish","type":"post","link":"https:\/\/dev.explora.cl\/araucania\/la-ciencia-itinerante-inicio-su-recorrido-2014-en-escuela-de-quepe\/","title":{"rendered":"La Ciencia Itinerante inici\u00f3 su recorrido 2014 en escuela de Quepe"},"content":{"rendered":"<p><img loading=\"lazy\" decoding=\"async\" class=\" alignleft size-full wp-image-3231\" src=\"http:\/\/ec2-34-218-253-251.us-west-2.compute.amazonaws.com\/wp-content\/uploads\/2014\/06\/Ciencia-Itinerante-visita-Escuela-General-Prieto-de-Quepe-3.jpg\" border=\"0\" alt=\"\" align=\"left\" width=\"279\" height=\"200\" \/>En el inicio de actividades de la Ciencia Itinerante del Proyecto EXPLORA CONICYT Regi\u00f3n de La Araucan\u00eda, la escuela General Prieto de la localidad de Quepe recibi\u00f3 la esperada visita de los nueve monitores de la Universidad de La Frontera que aplicaron la ciencia de una manera m\u00e1s din\u00e1mica.<\/p>\n<p>De esta manera, estudiantes de educaci\u00f3n b\u00e1sica del establecimiento conocieron la ciencia de una forma entretenida e interactiva, siendo part\u00edcipes activos en una serie de sorprendentes experimentos relacionados a diferentes ramas de la qu\u00edmica como magnetismo, electrost\u00e1tica, estados de la materia, percepci\u00f3n sensorial, entre otros.<\/p>\n<p>Los peque\u00f1os de k\u00ednder fueron los primeros testigos de la Ciencia Itinerante este 2014 y a trav\u00e9s de las expresiones de sus rostros se apreci\u00f3 su asombro frente a cada uno de los fen\u00f3menos cient\u00edficos que se exhibieron. Similar entusiasmo y sorpresa evidenciaron los alumnos y alumnas de primero a sexto b\u00e1sico en la l\u00fadica jornada.<\/p>\n<p><img loading=\"lazy\" decoding=\"async\" class=\" alignright size-full wp-image-3232\" src=\"http:\/\/ec2-34-218-253-251.us-west-2.compute.amazonaws.com\/wp-content\/uploads\/2014\/06\/Ciencia-Itinerante-visita-Escuela-General-Prieto-de-Quepe-1.jpg\" border=\"0\" alt=\"\" align=\"right\" width=\"278\" height=\"200\" \/>El Proyecto EXPLORA CONICYT Regi\u00f3n de La Araucan\u00eda lleva a cabo esta entretenida actividad, que busca cautivar a ni\u00f1os y ni\u00f1as de educaci\u00f3n b\u00e1sica con el mundo cient\u00edfico, mostr\u00e1ndoles que, m\u00e1s all\u00e1 de los contenidos te\u00f3ricos, la ciencia es un \u00e1mbito fascinante lleno de aspectos por descubrir y explorar.<\/p>\n<p>Cabe destacar que la Ciencia Itinerante continuar\u00e1 su recorrido por distintos establecimientos de la regi\u00f3n durante todo el a\u00f1o. Su pr\u00f3ximo destino es el Colegio Santa Cruz de Temuco, donde nuevamente sorprender\u00e1 a estudiantes con una jornada llena de descubrimientos, aprendizajes y entretenci\u00f3n.<\/p>\n<p><strong>Los protagonistas comentan la experiencia<\/strong><\/p>\n<p><img loading=\"lazy\" decoding=\"async\" class=\" alignleft size-full wp-image-3233\" src=\"http:\/\/ec2-34-218-253-251.us-west-2.compute.amazonaws.com\/wp-content\/uploads\/2014\/06\/Ciencia-Itinerante-visita-Escuela-General-Prieto-de-Quepe-7.jpg\" border=\"0\" alt=\"\" align=\"left\" width=\"90\" height=\"90\" \/><\/p>\n<p>\u00a0<\/p>\n<p>&#8220;Me gustaron muchos las exposiciones. El que m\u00e1s me gust\u00f3 fue el experimento de la pelotita magn\u00e9tica, porque se unen los polos negativos y positivos. Me gusta mucho la qu\u00edmica&#8221;.<br \/>Bel\u00e9n Jaramillo, alumna de quinto a\u00f1o b\u00e1sico.<\/p>\n<p><span style=\"line-height: 1.3em\">\u00a0<\/span><\/p>\n<p><img loading=\"lazy\" decoding=\"async\" class=\" alignleft size-full wp-image-3234\" src=\"http:\/\/ec2-34-218-253-251.us-west-2.compute.amazonaws.com\/wp-content\/uploads\/2014\/06\/Ciencia-Itinerante-visita-Escuela-General-Prieto-de-Quepe-6.jpg\" border=\"0\" alt=\"\" align=\"left\" style=\"line-height: 1.3em\" width=\"90\" height=\"90\" \/><\/p>\n<p>\u00a0<\/p>\n<p>\u201cMe gust\u00f3 harto la Ciencia Itinerante. Es entretenida y estoy muy contenta de poder participar en los experimentos. Me gustar\u00eda ser cient\u00edfica cuando sea grande&#8221;.<br \/>Monserrat Reyes, estudiante de primer a\u00f1o b\u00e1sico.<\/p>\n<p>\u00a0<\/p>\n<p><img loading=\"lazy\" decoding=\"async\" class=\" alignleft size-full wp-image-3235\" src=\"http:\/\/ec2-34-218-253-251.us-west-2.compute.amazonaws.com\/wp-content\/uploads\/2014\/06\/Ciencia-Itinerante-visita-Escuela-General-Prieto-de-Quepe-5.jpg\" border=\"0\" alt=\"\" align=\"left\" style=\"line-height: 1.3em\" width=\"90\" height=\"90\" \/><\/p>\n<p>\u00a0<\/p>\n<p>&#8220;Me gusta la ciencia. Me gust\u00f3 cuando hicieron una piedra de metal con electricidad y luz. Fue bac\u00e1n&#8221;.<br \/>Benjam\u00edn Linco\u00f1il, estudiante de segundo a\u00f1o b\u00e1sico.<\/p>\n<p>\u00a0<\/p>\n<p style=\"text-align: center\"><a href=\"https:\/\/www.facebook.com\/media\/set\/?set=a.1491602111057836.1073741955.1388936647991050&amp;type=1\" target=\"_blank\" rel=\"noopener noreferrer\">\u00a0<span style=\"line-height: 1.3em\">Para ver la galer\u00eda de fotograf\u00edas, haz click\u00a0<\/span>aqu\u00ed<\/a><\/p>\n<p style=\"text-align: justify\">Periodistas: Javier Gajardo y Catalina Hern\u00e1ndez.<\/p>\n<p>\u00a0<\/p>\n","protected":false},"excerpt":{"rendered":"<p>En el inicio de actividades de la Ciencia Itinerante del Proyecto EXPLORA CONICYT Regi\u00f3n de La Araucan\u00eda, la escuela General Prieto de la localidad de Quepe recibi\u00f3 la esperada visita de los nueve monitores de la Universidad de La Frontera que aplicaron la ciencia de una manera m\u00e1s din\u00e1mica. De esta manera, estudiantes de educaci\u00f3n [&hellip;]<\/p>\n","protected":false},"author":2,"featured_media":33782,"comment_status":"open","ping_status":"open","sticky":false,"template":"","format":"standard","meta":{"_acf_changed":false,"_exactmetrics_skip_tracking":false,"_exactmetrics_sitenote_active":false,"_exactmetrics_sitenote_note":"","_exactmetrics_sitenote_category":0,"footnotes":"","_links_to":"","_links_to_target":""},"categories":[4],"tags":[],"class_list":["post-114","post","type-post","status-publish","format-standard","has-post-thumbnail","hentry","category-noticias"],"acf":[],"yoast_head":"<!-- This site is optimized with the Yoast SEO plugin v26.7 - https:\/\/yoast.com\/wordpress\/plugins\/seo\/ -->\n<title>La Ciencia Itinerante inici\u00f3 su recorrido 2014 en escuela de Quepe - Araucan\u00eda<\/title>\n<meta name=\"robots\" content=\"index, follow, max-snippet:-1, max-image-preview:large, max-video-preview:-1\" \/>\n<link rel=\"canonical\" href=\"https:\/\/dev.explora.cl\/araucania\/la-ciencia-itinerante-inicio-su-recorrido-2014-en-escuela-de-quepe\/\" class=\"yoast-seo-meta-tag\" \/>\n<meta property=\"og:locale\" content=\"es_ES\" class=\"yoast-seo-meta-tag\" \/>\n<meta property=\"og:type\" content=\"article\" class=\"yoast-seo-meta-tag\" \/>\n<meta property=\"og:title\" content=\"La Ciencia Itinerante inici\u00f3 su recorrido 2014 en escuela de Quepe - Araucan\u00eda\" class=\"yoast-seo-meta-tag\" \/>\n<meta property=\"og:description\" content=\"En el inicio de actividades de la Ciencia Itinerante del Proyecto EXPLORA CONICYT Regi\u00f3n de La Araucan\u00eda, la escuela General Prieto de la localidad de Quepe recibi\u00f3 la esperada visita de los nueve monitores de la Universidad de La Frontera que aplicaron la ciencia de una manera m\u00e1s din\u00e1mica. De esta manera, estudiantes de educaci\u00f3n [&hellip;]\" class=\"yoast-seo-meta-tag\" \/>\n<meta property=\"og:url\" content=\"https:\/\/dev.explora.cl\/araucania\/la-ciencia-itinerante-inicio-su-recorrido-2014-en-escuela-de-quepe\/\" class=\"yoast-seo-meta-tag\" \/>\n<meta property=\"og:site_name\" content=\"Araucan\u00eda\" class=\"yoast-seo-meta-tag\" \/>\n<meta property=\"article:published_time\" content=\"2014-06-17T04:00:00+00:00\" class=\"yoast-seo-meta-tag\" \/>\n<meta property=\"article:modified_time\" content=\"2019-05-20T19:11:44+00:00\" class=\"yoast-seo-meta-tag\" \/>\n<meta property=\"og:image\" content=\"https:\/\/dev.explora.cl\/araucania\/wp-content\/uploads\/sites\/15\/2018\/06\/Ciencia-Itinerante-visita-Escuela-General-Prieto-de-Quepe-3.jpg\" class=\"yoast-seo-meta-tag\" \/>\n\t<meta property=\"og:image:width\" content=\"279\" class=\"yoast-seo-meta-tag\" \/>\n\t<meta property=\"og:image:height\" content=\"200\" class=\"yoast-seo-meta-tag\" \/>\n\t<meta property=\"og:image:type\" content=\"image\/jpeg\" class=\"yoast-seo-meta-tag\" \/>\n<meta name=\"author\" content=\"webman\" class=\"yoast-seo-meta-tag\" \/>\n<meta name=\"twitter:card\" content=\"summary_large_image\" class=\"yoast-seo-meta-tag\" \/>\n<meta name=\"twitter:label1\" content=\"Escrito por\" class=\"yoast-seo-meta-tag\" \/>\n\t<meta name=\"twitter:data1\" content=\"webman\" class=\"yoast-seo-meta-tag\" \/>\n\t<meta name=\"twitter:label2\" content=\"Tiempo estimado de lectura\" class=\"yoast-seo-meta-tag\" \/>\n\t<meta name=\"twitter:data2\" content=\"2 minutos\" class=\"yoast-seo-meta-tag\" \/>\n<script type=\"application\/ld+json\" class=\"yoast-schema-graph\">{\"@context\":\"https:\/\/schema.org\",\"@graph\":[{\"@type\":\"Article\",\"@id\":\"https:\/\/dev.explora.cl\/araucania\/la-ciencia-itinerante-inicio-su-recorrido-2014-en-escuela-de-quepe\/#article\",\"isPartOf\":{\"@id\":\"https:\/\/dev.explora.cl\/araucania\/la-ciencia-itinerante-inicio-su-recorrido-2014-en-escuela-de-quepe\/\"},\"author\":{\"name\":\"webman\",\"@id\":\"https:\/\/dev.explora.cl\/araucania\/#\/schema\/person\/cb8349c13ea2d324080adf8480d7ba5d\"},\"headline\":\"La Ciencia Itinerante inici\u00f3 su recorrido 2014 en escuela de Quepe\",\"datePublished\":\"2014-06-17T04:00:00+00:00\",\"dateModified\":\"2019-05-20T19:11:44+00:00\",\"mainEntityOfPage\":{\"@id\":\"https:\/\/dev.explora.cl\/araucania\/la-ciencia-itinerante-inicio-su-recorrido-2014-en-escuela-de-quepe\/\"},\"wordCount\":414,\"commentCount\":0,\"image\":{\"@id\":\"https:\/\/dev.explora.cl\/araucania\/la-ciencia-itinerante-inicio-su-recorrido-2014-en-escuela-de-quepe\/#primaryimage\"},\"thumbnailUrl\":\"https:\/\/dev.explora.cl\/araucania\/wp-content\/uploads\/sites\/15\/2018\/06\/Ciencia-Itinerante-visita-Escuela-General-Prieto-de-Quepe-3.jpg\",\"articleSection\":[\"Noticias\"],\"inLanguage\":\"es-CL\",\"potentialAction\":[{\"@type\":\"CommentAction\",\"name\":\"Comment\",\"target\":[\"https:\/\/dev.explora.cl\/araucania\/la-ciencia-itinerante-inicio-su-recorrido-2014-en-escuela-de-quepe\/#respond\"]}]},{\"@type\":\"WebPage\",\"@id\":\"https:\/\/dev.explora.cl\/araucania\/la-ciencia-itinerante-inicio-su-recorrido-2014-en-escuela-de-quepe\/\",\"url\":\"https:\/\/dev.explora.cl\/araucania\/la-ciencia-itinerante-inicio-su-recorrido-2014-en-escuela-de-quepe\/\",\"name\":\"La Ciencia Itinerante inici\u00f3 su recorrido 2014 en escuela de Quepe - Araucan\u00eda\",\"isPartOf\":{\"@id\":\"https:\/\/dev.explora.cl\/araucania\/#website\"},\"primaryImageOfPage\":{\"@id\":\"https:\/\/dev.explora.cl\/araucania\/la-ciencia-itinerante-inicio-su-recorrido-2014-en-escuela-de-quepe\/#primaryimage\"},\"image\":{\"@id\":\"https:\/\/dev.explora.cl\/araucania\/la-ciencia-itinerante-inicio-su-recorrido-2014-en-escuela-de-quepe\/#primaryimage\"},\"thumbnailUrl\":\"https:\/\/dev.explora.cl\/araucania\/wp-content\/uploads\/sites\/15\/2018\/06\/Ciencia-Itinerante-visita-Escuela-General-Prieto-de-Quepe-3.jpg\",\"datePublished\":\"2014-06-17T04:00:00+00:00\",\"dateModified\":\"2019-05-20T19:11:44+00:00\",\"author\":{\"@id\":\"https:\/\/dev.explora.cl\/araucania\/#\/schema\/person\/cb8349c13ea2d324080adf8480d7ba5d\"},\"breadcrumb\":{\"@id\":\"https:\/\/dev.explora.cl\/araucania\/la-ciencia-itinerante-inicio-su-recorrido-2014-en-escuela-de-quepe\/#breadcrumb\"},\"inLanguage\":\"es-CL\",\"potentialAction\":[{\"@type\":\"ReadAction\",\"target\":[\"https:\/\/dev.explora.cl\/araucania\/la-ciencia-itinerante-inicio-su-recorrido-2014-en-escuela-de-quepe\/\"]}]},{\"@type\":\"ImageObject\",\"inLanguage\":\"es-CL\",\"@id\":\"https:\/\/dev.explora.cl\/araucania\/la-ciencia-itinerante-inicio-su-recorrido-2014-en-escuela-de-quepe\/#primaryimage\",\"url\":\"https:\/\/dev.explora.cl\/araucania\/wp-content\/uploads\/sites\/15\/2018\/06\/Ciencia-Itinerante-visita-Escuela-General-Prieto-de-Quepe-3.jpg\",\"contentUrl\":\"https:\/\/dev.explora.cl\/araucania\/wp-content\/uploads\/sites\/15\/2018\/06\/Ciencia-Itinerante-visita-Escuela-General-Prieto-de-Quepe-3.jpg\",\"width\":279,\"height\":200},{\"@type\":\"BreadcrumbList\",\"@id\":\"https:\/\/dev.explora.cl\/araucania\/la-ciencia-itinerante-inicio-su-recorrido-2014-en-escuela-de-quepe\/#breadcrumb\",\"itemListElement\":[{\"@type\":\"ListItem\",\"position\":1,\"name\":\"Portada\",\"item\":\"https:\/\/dev.explora.cl\/araucania\/\"},{\"@type\":\"ListItem\",\"position\":2,\"name\":\"La Ciencia Itinerante inici\u00f3 su recorrido 2014 en escuela de Quepe\"}]},{\"@type\":\"WebSite\",\"@id\":\"https:\/\/dev.explora.cl\/araucania\/#website\",\"url\":\"https:\/\/dev.explora.cl\/araucania\/\",\"name\":\"Araucan\u00eda\",\"description\":\"Otro sitio m\u00e1s de dev.explora.cl\",\"potentialAction\":[{\"@type\":\"SearchAction\",\"target\":{\"@type\":\"EntryPoint\",\"urlTemplate\":\"https:\/\/dev.explora.cl\/araucania\/?s={search_term_string}\"},\"query-input\":{\"@type\":\"PropertyValueSpecification\",\"valueRequired\":true,\"valueName\":\"search_term_string\"}}],\"inLanguage\":\"es-CL\"},{\"@type\":\"Person\",\"@id\":\"https:\/\/dev.explora.cl\/araucania\/#\/schema\/person\/cb8349c13ea2d324080adf8480d7ba5d\",\"name\":\"webman\",\"image\":{\"@type\":\"ImageObject\",\"inLanguage\":\"es-CL\",\"@id\":\"https:\/\/dev.explora.cl\/araucania\/#\/schema\/person\/image\/\",\"url\":\"https:\/\/secure.gravatar.com\/avatar\/eeff3c82f2c02f7177d13663b7e6f890e9a6a0647ce9bb29cae02dcb094c7312?s=96&d=mm&r=g\",\"contentUrl\":\"https:\/\/secure.gravatar.com\/avatar\/eeff3c82f2c02f7177d13663b7e6f890e9a6a0647ce9bb29cae02dcb094c7312?s=96&d=mm&r=g\",\"caption\":\"webman\"},\"url\":\"https:\/\/dev.explora.cl\/araucania\/author\/webman\/\"}]}<\/script>\n<!-- \/ Yoast SEO plugin. -->","yoast_head_json":{"title":"La Ciencia Itinerante inici\u00f3 su recorrido 2014 en escuela de Quepe - Araucan\u00eda","robots":{"index":"index","follow":"follow","max-snippet":"max-snippet:-1","max-image-preview":"max-image-preview:large","max-video-preview":"max-video-preview:-1"},"canonical":"https:\/\/dev.explora.cl\/araucania\/la-ciencia-itinerante-inicio-su-recorrido-2014-en-escuela-de-quepe\/","og_locale":"es_ES","og_type":"article","og_title":"La Ciencia Itinerante inici\u00f3 su recorrido 2014 en escuela de Quepe - Araucan\u00eda","og_description":"En el inicio de actividades de la Ciencia Itinerante del Proyecto EXPLORA CONICYT Regi\u00f3n de La Araucan\u00eda, la escuela General Prieto de la localidad de Quepe recibi\u00f3 la esperada visita de los nueve monitores de la Universidad de La Frontera que aplicaron la ciencia de una manera m\u00e1s din\u00e1mica. De esta manera, estudiantes de educaci\u00f3n [&hellip;]","og_url":"https:\/\/dev.explora.cl\/araucania\/la-ciencia-itinerante-inicio-su-recorrido-2014-en-escuela-de-quepe\/","og_site_name":"Araucan\u00eda","article_published_time":"2014-06-17T04:00:00+00:00","article_modified_time":"2019-05-20T19:11:44+00:00","og_image":[{"width":279,"height":200,"url":"https:\/\/dev.explora.cl\/araucania\/wp-content\/uploads\/sites\/15\/2018\/06\/Ciencia-Itinerante-visita-Escuela-General-Prieto-de-Quepe-3.jpg","type":"image\/jpeg"}],"author":"webman","twitter_card":"summary_large_image","twitter_misc":{"Escrito por":"webman","Tiempo estimado de lectura":"2 minutos"},"schema":{"@context":"https:\/\/schema.org","@graph":[{"@type":"Article","@id":"https:\/\/dev.explora.cl\/araucania\/la-ciencia-itinerante-inicio-su-recorrido-2014-en-escuela-de-quepe\/#article","isPartOf":{"@id":"https:\/\/dev.explora.cl\/araucania\/la-ciencia-itinerante-inicio-su-recorrido-2014-en-escuela-de-quepe\/"},"author":{"name":"webman","@id":"https:\/\/dev.explora.cl\/araucania\/#\/schema\/person\/cb8349c13ea2d324080adf8480d7ba5d"},"headline":"La Ciencia Itinerante inici\u00f3 su recorrido 2014 en escuela de Quepe","datePublished":"2014-06-17T04:00:00+00:00","dateModified":"2019-05-20T19:11:44+00:00","mainEntityOfPage":{"@id":"https:\/\/dev.explora.cl\/araucania\/la-ciencia-itinerante-inicio-su-recorrido-2014-en-escuela-de-quepe\/"},"wordCount":414,"commentCount":0,"image":{"@id":"https:\/\/dev.explora.cl\/araucania\/la-ciencia-itinerante-inicio-su-recorrido-2014-en-escuela-de-quepe\/#primaryimage"},"thumbnailUrl":"https:\/\/dev.explora.cl\/araucania\/wp-content\/uploads\/sites\/15\/2018\/06\/Ciencia-Itinerante-visita-Escuela-General-Prieto-de-Quepe-3.jpg","articleSection":["Noticias"],"inLanguage":"es-CL","potentialAction":[{"@type":"CommentAction","name":"Comment","target":["https:\/\/dev.explora.cl\/araucania\/la-ciencia-itinerante-inicio-su-recorrido-2014-en-escuela-de-quepe\/#respond"]}]},{"@type":"WebPage","@id":"https:\/\/dev.explora.cl\/araucania\/la-ciencia-itinerante-inicio-su-recorrido-2014-en-escuela-de-quepe\/","url":"https:\/\/dev.explora.cl\/araucania\/la-ciencia-itinerante-inicio-su-recorrido-2014-en-escuela-de-quepe\/","name":"La Ciencia Itinerante inici\u00f3 su recorrido 2014 en escuela de Quepe - Araucan\u00eda","isPartOf":{"@id":"https:\/\/dev.explora.cl\/araucania\/#website"},"primaryImageOfPage":{"@id":"https:\/\/dev.explora.cl\/araucania\/la-ciencia-itinerante-inicio-su-recorrido-2014-en-escuela-de-quepe\/#primaryimage"},"image":{"@id":"https:\/\/dev.explora.cl\/araucania\/la-ciencia-itinerante-inicio-su-recorrido-2014-en-escuela-de-quepe\/#primaryimage"},"thumbnailUrl":"https:\/\/dev.explora.cl\/araucania\/wp-content\/uploads\/sites\/15\/2018\/06\/Ciencia-Itinerante-visita-Escuela-General-Prieto-de-Quepe-3.jpg","datePublished":"2014-06-17T04:00:00+00:00","dateModified":"2019-05-20T19:11:44+00:00","author":{"@id":"https:\/\/dev.explora.cl\/araucania\/#\/schema\/person\/cb8349c13ea2d324080adf8480d7ba5d"},"breadcrumb":{"@id":"https:\/\/dev.explora.cl\/araucania\/la-ciencia-itinerante-inicio-su-recorrido-2014-en-escuela-de-quepe\/#breadcrumb"},"inLanguage":"es-CL","potentialAction":[{"@type":"ReadAction","target":["https:\/\/dev.explora.cl\/araucania\/la-ciencia-itinerante-inicio-su-recorrido-2014-en-escuela-de-quepe\/"]}]},{"@type":"ImageObject","inLanguage":"es-CL","@id":"https:\/\/dev.explora.cl\/araucania\/la-ciencia-itinerante-inicio-su-recorrido-2014-en-escuela-de-quepe\/#primaryimage","url":"https:\/\/dev.explora.cl\/araucania\/wp-content\/uploads\/sites\/15\/2018\/06\/Ciencia-Itinerante-visita-Escuela-General-Prieto-de-Quepe-3.jpg","contentUrl":"https:\/\/dev.explora.cl\/araucania\/wp-content\/uploads\/sites\/15\/2018\/06\/Ciencia-Itinerante-visita-Escuela-General-Prieto-de-Quepe-3.jpg","width":279,"height":200},{"@type":"BreadcrumbList","@id":"https:\/\/dev.explora.cl\/araucania\/la-ciencia-itinerante-inicio-su-recorrido-2014-en-escuela-de-quepe\/#breadcrumb","itemListElement":[{"@type":"ListItem","position":1,"name":"Portada","item":"https:\/\/dev.explora.cl\/araucania\/"},{"@type":"ListItem","position":2,"name":"La Ciencia Itinerante inici\u00f3 su recorrido 2014 en escuela de Quepe"}]},{"@type":"WebSite","@id":"https:\/\/dev.explora.cl\/araucania\/#website","url":"https:\/\/dev.explora.cl\/araucania\/","name":"Araucan\u00eda","description":"Otro sitio m\u00e1s de dev.explora.cl","potentialAction":[{"@type":"SearchAction","target":{"@type":"EntryPoint","urlTemplate":"https:\/\/dev.explora.cl\/araucania\/?s={search_term_string}"},"query-input":{"@type":"PropertyValueSpecification","valueRequired":true,"valueName":"search_term_string"}}],"inLanguage":"es-CL"},{"@type":"Person","@id":"https:\/\/dev.explora.cl\/araucania\/#\/schema\/person\/cb8349c13ea2d324080adf8480d7ba5d","name":"webman","image":{"@type":"ImageObject","inLanguage":"es-CL","@id":"https:\/\/dev.explora.cl\/araucania\/#\/schema\/person\/image\/","url":"https:\/\/secure.gravatar.com\/avatar\/eeff3c82f2c02f7177d13663b7e6f890e9a6a0647ce9bb29cae02dcb094c7312?s=96&d=mm&r=g","contentUrl":"https:\/\/secure.gravatar.com\/avatar\/eeff3c82f2c02f7177d13663b7e6f890e9a6a0647ce9bb29cae02dcb094c7312?s=96&d=mm&r=g","caption":"webman"},"url":"https:\/\/dev.explora.cl\/araucania\/author\/webman\/"}]}},"_links":{"self":[{"href":"https:\/\/dev.explora.cl\/araucania\/wp-json\/wp\/v2\/posts\/114","targetHints":{"allow":["GET"]}}],"collection":[{"href":"https:\/\/dev.explora.cl\/araucania\/wp-json\/wp\/v2\/posts"}],"about":[{"href":"https:\/\/dev.explora.cl\/araucania\/wp-json\/wp\/v2\/types\/post"}],"author":[{"embeddable":true,"href":"https:\/\/dev.explora.cl\/araucania\/wp-json\/wp\/v2\/users\/2"}],"replies":[{"embeddable":true,"href":"https:\/\/dev.explora.cl\/araucania\/wp-json\/wp\/v2\/comments?post=114"}],"version-history":[{"count":1,"href":"https:\/\/dev.explora.cl\/araucania\/wp-json\/wp\/v2\/posts\/114\/revisions"}],"predecessor-version":[{"id":38553,"href":"https:\/\/dev.explora.cl\/araucania\/wp-json\/wp\/v2\/posts\/114\/revisions\/38553"}],"wp:featuredmedia":[{"embeddable":true,"href":"https:\/\/dev.explora.cl\/araucania\/wp-json\/wp\/v2\/media\/33782"}],"wp:attachment":[{"href":"https:\/\/dev.explora.cl\/araucania\/wp-json\/wp\/v2\/media?parent=114"}],"wp:term":[{"taxonomy":"category","embeddable":true,"href":"https:\/\/dev.explora.cl\/araucania\/wp-json\/wp\/v2\/categories?post=114"},{"taxonomy":"post_tag","embeddable":true,"href":"https:\/\/dev.explora.cl\/araucania\/wp-json\/wp\/v2\/tags?post=114"}],"curies":[{"name":"wp","href":"https:\/\/api.w.org\/{rel}","templated":true}]}}