{"id":106,"date":"2014-06-16T00:00:00","date_gmt":"2014-06-16T04:00:00","guid":{"rendered":"https:\/\/dev.explora.cl\/araucania\/blog\/2014\/06\/16\/liceo-camilo-henriquez-celebra-dia-mundial-medioambiente-charlas-de-explora\/"},"modified":"2019-05-20T19:11:45","modified_gmt":"2019-05-20T19:11:45","slug":"liceo-camilo-henriquez-celebra-dia-mundial-medioambiente-charlas-de-explora","status":"publish","type":"post","link":"https:\/\/dev.explora.cl\/araucania\/liceo-camilo-henriquez-celebra-dia-mundial-medioambiente-charlas-de-explora\/","title":{"rendered":"Liceo Camilo Henr\u00edquez celebra d\u00eda mundial del medioambiente con charlas de EXPLORA"},"content":{"rendered":"<p><img loading=\"lazy\" decoding=\"async\" class=\" size-full wp-image-3199\" src=\"http:\/\/ec2-34-218-253-251.us-west-2.compute.amazonaws.com\/wp-content\/uploads\/2014\/06\/4060ef056202be2c8bfb16456db28342.jpg\" alt=\"\" width=\"152\" height=\"152\" \/><\/p>\n<p><span style=\"line-height: 1.3em\">Con el fin de conmemorar el d\u00eda mundial del medioambiente y, con ello, reflexionar acerca de la importancia de generar iniciativas para promover su cuidado, m\u00e1s de 200 estudiantes del Liceo Camilo Henr\u00edquez participaron en dos charlas cient\u00edficas organizadas por el Proyecto EXPLORA CONICYT Regi\u00f3n de La Araucan\u00eda, ejecutado por la Universidad de La Frontera (Ufro).<\/span><\/p>\n<p>El Dr. Gustavo Ciudad fue el encargado de abrir esta jornada con la charla &#8220;Energ\u00eda y Medio Ambiente&#8221;. De este modo, ante m\u00e1s de un centenar de estudiantes de s\u00e9ptimo b\u00e1sico evidenci\u00f3 el panorama actual respecto al consumo de energ\u00eda de la poblaci\u00f3n y revel\u00f3 la necesidad de utilizar energ\u00edas renovables, como la bioenerg\u00eda.<br \/>En tanto, alumnos y alumnas de segundo a\u00f1o medio presenciaron atentamente la exposici\u00f3n &#8220;Microfactor\u00edas Solares&#8221;, a cargo del Dr. Cristian Vergara, quien se refiri\u00f3 a las m\u00faltiples potencialidades del cultivo microalgas, sobre todo como fuente de biocombustibles como biog\u00e1s, bioetanol y biodiesel.<br \/>Adem\u00e1s, ambos acad\u00e9micos de la Universidad de La Frontera invitaron a los estudiantes a aplicar la ciencia y la tecnolog\u00eda en beneficio de la sociedad, a ser inquietos, curiosos y a nunca no tener miedo a innovar, a crear y a compartir el conocimiento con la comunidad, mensajes que fueron altamente valorados por los j\u00f3venes.<br \/>Impresiones<br \/>&#8220;Creo que la charla fue muy buena, porque nos ense\u00f1\u00f3 a c\u00f3mo cuidar, en general, lo que es el medio ambiente, sobre todo a partir del uso de las energ\u00edas renovables. Me llam\u00f3 mucho la atenci\u00f3n el gasto que tienen algunos electrodom\u00e9sticos, entonces creo que esto nos ayuda a ser m\u00e1s conscientes&#8221;.<br \/>Jorge Venegas, estudiante de s\u00e9ptimo b\u00e1sico.<br \/>&#8220;Me pareci\u00f3 interesante lo que se est\u00e1 haciendo con las microalgas, porque permite que cuidemos nuestro medio ambiente. No estaba al tanto de estos estudios que se est\u00e1n realizando en la Ufro, por lo tanto me parece que estas instancias son s\u00faper buenas, sobre todo porque nos incentiva a interesarnos por estos temas y a quiz\u00e1s dedicarnos a esto a futuro&#8221;.<br \/>Cristina V\u00e1squez, estudiante de segundo medio.<\/p>\n","protected":false},"excerpt":{"rendered":"<p>Con el fin de conmemorar el d\u00eda mundial del medioambiente y, con ello, reflexionar acerca de la importancia de generar iniciativas para promover su cuidado, m\u00e1s de 200 estudiantes del Liceo Camilo Henr\u00edquez participaron en dos charlas cient\u00edficas organizadas por el Proyecto EXPLORA CONICYT Regi\u00f3n de La Araucan\u00eda, ejecutado por la Universidad de La Frontera [&hellip;]<\/p>\n","protected":false},"author":2,"featured_media":107,"comment_status":"open","ping_status":"open","sticky":false,"template":"","format":"standard","meta":{"_acf_changed":false,"_exactmetrics_skip_tracking":false,"_exactmetrics_sitenote_active":false,"_exactmetrics_sitenote_note":"","_exactmetrics_sitenote_category":0,"footnotes":"","_links_to":"","_links_to_target":""},"categories":[4],"tags":[],"class_list":["post-106","post","type-post","status-publish","format-standard","has-post-thumbnail","hentry","category-noticias"],"acf":[],"yoast_head":"<!-- This site is optimized with the Yoast SEO plugin v26.7 - https:\/\/yoast.com\/wordpress\/plugins\/seo\/ -->\n<title>Liceo Camilo Henr\u00edquez celebra d\u00eda mundial del medioambiente con charlas de EXPLORA - Araucan\u00eda<\/title>\n<meta name=\"robots\" content=\"index, follow, max-snippet:-1, max-image-preview:large, max-video-preview:-1\" \/>\n<link rel=\"canonical\" href=\"https:\/\/dev.explora.cl\/araucania\/liceo-camilo-henriquez-celebra-dia-mundial-medioambiente-charlas-de-explora\/\" class=\"yoast-seo-meta-tag\" \/>\n<meta property=\"og:locale\" content=\"es_ES\" class=\"yoast-seo-meta-tag\" \/>\n<meta property=\"og:type\" content=\"article\" class=\"yoast-seo-meta-tag\" \/>\n<meta property=\"og:title\" content=\"Liceo Camilo Henr\u00edquez celebra d\u00eda mundial del medioambiente con charlas de EXPLORA - Araucan\u00eda\" class=\"yoast-seo-meta-tag\" \/>\n<meta property=\"og:description\" content=\"Con el fin de conmemorar el d\u00eda mundial del medioambiente y, con ello, reflexionar acerca de la importancia de generar iniciativas para promover su cuidado, m\u00e1s de 200 estudiantes del Liceo Camilo Henr\u00edquez participaron en dos charlas cient\u00edficas organizadas por el Proyecto EXPLORA CONICYT Regi\u00f3n de La Araucan\u00eda, ejecutado por la Universidad de La Frontera [&hellip;]\" class=\"yoast-seo-meta-tag\" \/>\n<meta property=\"og:url\" content=\"https:\/\/dev.explora.cl\/araucania\/liceo-camilo-henriquez-celebra-dia-mundial-medioambiente-charlas-de-explora\/\" class=\"yoast-seo-meta-tag\" \/>\n<meta property=\"og:site_name\" content=\"Araucan\u00eda\" class=\"yoast-seo-meta-tag\" \/>\n<meta property=\"article:published_time\" content=\"2014-06-16T04:00:00+00:00\" class=\"yoast-seo-meta-tag\" \/>\n<meta property=\"article:modified_time\" content=\"2019-05-20T19:11:45+00:00\" class=\"yoast-seo-meta-tag\" \/>\n<meta property=\"og:image\" content=\"https:\/\/dev.explora.cl\/araucania\/wp-content\/uploads\/sites\/15\/2018\/06\/4060ef056202be2c8bfb16456db28342.jpg\" class=\"yoast-seo-meta-tag\" \/>\n\t<meta property=\"og:image:width\" content=\"152\" class=\"yoast-seo-meta-tag\" \/>\n\t<meta property=\"og:image:height\" content=\"152\" class=\"yoast-seo-meta-tag\" \/>\n\t<meta property=\"og:image:type\" content=\"image\/jpeg\" class=\"yoast-seo-meta-tag\" \/>\n<meta name=\"author\" content=\"webman\" class=\"yoast-seo-meta-tag\" \/>\n<meta name=\"twitter:card\" content=\"summary_large_image\" class=\"yoast-seo-meta-tag\" \/>\n<meta name=\"twitter:label1\" content=\"Escrito por\" class=\"yoast-seo-meta-tag\" \/>\n\t<meta name=\"twitter:data1\" content=\"webman\" class=\"yoast-seo-meta-tag\" \/>\n\t<meta name=\"twitter:label2\" content=\"Tiempo estimado de lectura\" class=\"yoast-seo-meta-tag\" \/>\n\t<meta name=\"twitter:data2\" content=\"2 minutos\" class=\"yoast-seo-meta-tag\" \/>\n<script type=\"application\/ld+json\" class=\"yoast-schema-graph\">{\"@context\":\"https:\/\/schema.org\",\"@graph\":[{\"@type\":\"Article\",\"@id\":\"https:\/\/dev.explora.cl\/araucania\/liceo-camilo-henriquez-celebra-dia-mundial-medioambiente-charlas-de-explora\/#article\",\"isPartOf\":{\"@id\":\"https:\/\/dev.explora.cl\/araucania\/liceo-camilo-henriquez-celebra-dia-mundial-medioambiente-charlas-de-explora\/\"},\"author\":{\"name\":\"webman\",\"@id\":\"https:\/\/dev.explora.cl\/araucania\/#\/schema\/person\/cb8349c13ea2d324080adf8480d7ba5d\"},\"headline\":\"Liceo Camilo Henr\u00edquez celebra d\u00eda mundial del medioambiente con charlas de EXPLORA\",\"datePublished\":\"2014-06-16T04:00:00+00:00\",\"dateModified\":\"2019-05-20T19:11:45+00:00\",\"mainEntityOfPage\":{\"@id\":\"https:\/\/dev.explora.cl\/araucania\/liceo-camilo-henriquez-celebra-dia-mundial-medioambiente-charlas-de-explora\/\"},\"wordCount\":380,\"commentCount\":0,\"image\":{\"@id\":\"https:\/\/dev.explora.cl\/araucania\/liceo-camilo-henriquez-celebra-dia-mundial-medioambiente-charlas-de-explora\/#primaryimage\"},\"thumbnailUrl\":\"https:\/\/dev.explora.cl\/araucania\/wp-content\/uploads\/sites\/15\/2018\/06\/4060ef056202be2c8bfb16456db28342.jpg\",\"articleSection\":[\"Noticias\"],\"inLanguage\":\"es-CL\",\"potentialAction\":[{\"@type\":\"CommentAction\",\"name\":\"Comment\",\"target\":[\"https:\/\/dev.explora.cl\/araucania\/liceo-camilo-henriquez-celebra-dia-mundial-medioambiente-charlas-de-explora\/#respond\"]}]},{\"@type\":\"WebPage\",\"@id\":\"https:\/\/dev.explora.cl\/araucania\/liceo-camilo-henriquez-celebra-dia-mundial-medioambiente-charlas-de-explora\/\",\"url\":\"https:\/\/dev.explora.cl\/araucania\/liceo-camilo-henriquez-celebra-dia-mundial-medioambiente-charlas-de-explora\/\",\"name\":\"Liceo Camilo Henr\u00edquez celebra d\u00eda mundial del medioambiente con charlas de EXPLORA - Araucan\u00eda\",\"isPartOf\":{\"@id\":\"https:\/\/dev.explora.cl\/araucania\/#website\"},\"primaryImageOfPage\":{\"@id\":\"https:\/\/dev.explora.cl\/araucania\/liceo-camilo-henriquez-celebra-dia-mundial-medioambiente-charlas-de-explora\/#primaryimage\"},\"image\":{\"@id\":\"https:\/\/dev.explora.cl\/araucania\/liceo-camilo-henriquez-celebra-dia-mundial-medioambiente-charlas-de-explora\/#primaryimage\"},\"thumbnailUrl\":\"https:\/\/dev.explora.cl\/araucania\/wp-content\/uploads\/sites\/15\/2018\/06\/4060ef056202be2c8bfb16456db28342.jpg\",\"datePublished\":\"2014-06-16T04:00:00+00:00\",\"dateModified\":\"2019-05-20T19:11:45+00:00\",\"author\":{\"@id\":\"https:\/\/dev.explora.cl\/araucania\/#\/schema\/person\/cb8349c13ea2d324080adf8480d7ba5d\"},\"breadcrumb\":{\"@id\":\"https:\/\/dev.explora.cl\/araucania\/liceo-camilo-henriquez-celebra-dia-mundial-medioambiente-charlas-de-explora\/#breadcrumb\"},\"inLanguage\":\"es-CL\",\"potentialAction\":[{\"@type\":\"ReadAction\",\"target\":[\"https:\/\/dev.explora.cl\/araucania\/liceo-camilo-henriquez-celebra-dia-mundial-medioambiente-charlas-de-explora\/\"]}]},{\"@type\":\"ImageObject\",\"inLanguage\":\"es-CL\",\"@id\":\"https:\/\/dev.explora.cl\/araucania\/liceo-camilo-henriquez-celebra-dia-mundial-medioambiente-charlas-de-explora\/#primaryimage\",\"url\":\"https:\/\/dev.explora.cl\/araucania\/wp-content\/uploads\/sites\/15\/2018\/06\/4060ef056202be2c8bfb16456db28342.jpg\",\"contentUrl\":\"https:\/\/dev.explora.cl\/araucania\/wp-content\/uploads\/sites\/15\/2018\/06\/4060ef056202be2c8bfb16456db28342.jpg\",\"width\":152,\"height\":152},{\"@type\":\"BreadcrumbList\",\"@id\":\"https:\/\/dev.explora.cl\/araucania\/liceo-camilo-henriquez-celebra-dia-mundial-medioambiente-charlas-de-explora\/#breadcrumb\",\"itemListElement\":[{\"@type\":\"ListItem\",\"position\":1,\"name\":\"Portada\",\"item\":\"https:\/\/dev.explora.cl\/araucania\/\"},{\"@type\":\"ListItem\",\"position\":2,\"name\":\"Liceo Camilo Henr\u00edquez celebra d\u00eda mundial del medioambiente con charlas de EXPLORA\"}]},{\"@type\":\"WebSite\",\"@id\":\"https:\/\/dev.explora.cl\/araucania\/#website\",\"url\":\"https:\/\/dev.explora.cl\/araucania\/\",\"name\":\"Araucan\u00eda\",\"description\":\"Otro sitio m\u00e1s de dev.explora.cl\",\"potentialAction\":[{\"@type\":\"SearchAction\",\"target\":{\"@type\":\"EntryPoint\",\"urlTemplate\":\"https:\/\/dev.explora.cl\/araucania\/?s={search_term_string}\"},\"query-input\":{\"@type\":\"PropertyValueSpecification\",\"valueRequired\":true,\"valueName\":\"search_term_string\"}}],\"inLanguage\":\"es-CL\"},{\"@type\":\"Person\",\"@id\":\"https:\/\/dev.explora.cl\/araucania\/#\/schema\/person\/cb8349c13ea2d324080adf8480d7ba5d\",\"name\":\"webman\",\"image\":{\"@type\":\"ImageObject\",\"inLanguage\":\"es-CL\",\"@id\":\"https:\/\/dev.explora.cl\/araucania\/#\/schema\/person\/image\/\",\"url\":\"https:\/\/secure.gravatar.com\/avatar\/eeff3c82f2c02f7177d13663b7e6f890e9a6a0647ce9bb29cae02dcb094c7312?s=96&d=mm&r=g\",\"contentUrl\":\"https:\/\/secure.gravatar.com\/avatar\/eeff3c82f2c02f7177d13663b7e6f890e9a6a0647ce9bb29cae02dcb094c7312?s=96&d=mm&r=g\",\"caption\":\"webman\"},\"url\":\"https:\/\/dev.explora.cl\/araucania\/author\/webman\/\"}]}<\/script>\n<!-- \/ Yoast SEO plugin. -->","yoast_head_json":{"title":"Liceo Camilo Henr\u00edquez celebra d\u00eda mundial del medioambiente con charlas de EXPLORA - Araucan\u00eda","robots":{"index":"index","follow":"follow","max-snippet":"max-snippet:-1","max-image-preview":"max-image-preview:large","max-video-preview":"max-video-preview:-1"},"canonical":"https:\/\/dev.explora.cl\/araucania\/liceo-camilo-henriquez-celebra-dia-mundial-medioambiente-charlas-de-explora\/","og_locale":"es_ES","og_type":"article","og_title":"Liceo Camilo Henr\u00edquez celebra d\u00eda mundial del medioambiente con charlas de EXPLORA - Araucan\u00eda","og_description":"Con el fin de conmemorar el d\u00eda mundial del medioambiente y, con ello, reflexionar acerca de la importancia de generar iniciativas para promover su cuidado, m\u00e1s de 200 estudiantes del Liceo Camilo Henr\u00edquez participaron en dos charlas cient\u00edficas organizadas por el Proyecto EXPLORA CONICYT Regi\u00f3n de La Araucan\u00eda, ejecutado por la Universidad de La Frontera [&hellip;]","og_url":"https:\/\/dev.explora.cl\/araucania\/liceo-camilo-henriquez-celebra-dia-mundial-medioambiente-charlas-de-explora\/","og_site_name":"Araucan\u00eda","article_published_time":"2014-06-16T04:00:00+00:00","article_modified_time":"2019-05-20T19:11:45+00:00","og_image":[{"width":152,"height":152,"url":"https:\/\/dev.explora.cl\/araucania\/wp-content\/uploads\/sites\/15\/2018\/06\/4060ef056202be2c8bfb16456db28342.jpg","type":"image\/jpeg"}],"author":"webman","twitter_card":"summary_large_image","twitter_misc":{"Escrito por":"webman","Tiempo estimado de lectura":"2 minutos"},"schema":{"@context":"https:\/\/schema.org","@graph":[{"@type":"Article","@id":"https:\/\/dev.explora.cl\/araucania\/liceo-camilo-henriquez-celebra-dia-mundial-medioambiente-charlas-de-explora\/#article","isPartOf":{"@id":"https:\/\/dev.explora.cl\/araucania\/liceo-camilo-henriquez-celebra-dia-mundial-medioambiente-charlas-de-explora\/"},"author":{"name":"webman","@id":"https:\/\/dev.explora.cl\/araucania\/#\/schema\/person\/cb8349c13ea2d324080adf8480d7ba5d"},"headline":"Liceo Camilo Henr\u00edquez celebra d\u00eda mundial del medioambiente con charlas de EXPLORA","datePublished":"2014-06-16T04:00:00+00:00","dateModified":"2019-05-20T19:11:45+00:00","mainEntityOfPage":{"@id":"https:\/\/dev.explora.cl\/araucania\/liceo-camilo-henriquez-celebra-dia-mundial-medioambiente-charlas-de-explora\/"},"wordCount":380,"commentCount":0,"image":{"@id":"https:\/\/dev.explora.cl\/araucania\/liceo-camilo-henriquez-celebra-dia-mundial-medioambiente-charlas-de-explora\/#primaryimage"},"thumbnailUrl":"https:\/\/dev.explora.cl\/araucania\/wp-content\/uploads\/sites\/15\/2018\/06\/4060ef056202be2c8bfb16456db28342.jpg","articleSection":["Noticias"],"inLanguage":"es-CL","potentialAction":[{"@type":"CommentAction","name":"Comment","target":["https:\/\/dev.explora.cl\/araucania\/liceo-camilo-henriquez-celebra-dia-mundial-medioambiente-charlas-de-explora\/#respond"]}]},{"@type":"WebPage","@id":"https:\/\/dev.explora.cl\/araucania\/liceo-camilo-henriquez-celebra-dia-mundial-medioambiente-charlas-de-explora\/","url":"https:\/\/dev.explora.cl\/araucania\/liceo-camilo-henriquez-celebra-dia-mundial-medioambiente-charlas-de-explora\/","name":"Liceo Camilo Henr\u00edquez celebra d\u00eda mundial del medioambiente con charlas de EXPLORA - Araucan\u00eda","isPartOf":{"@id":"https:\/\/dev.explora.cl\/araucania\/#website"},"primaryImageOfPage":{"@id":"https:\/\/dev.explora.cl\/araucania\/liceo-camilo-henriquez-celebra-dia-mundial-medioambiente-charlas-de-explora\/#primaryimage"},"image":{"@id":"https:\/\/dev.explora.cl\/araucania\/liceo-camilo-henriquez-celebra-dia-mundial-medioambiente-charlas-de-explora\/#primaryimage"},"thumbnailUrl":"https:\/\/dev.explora.cl\/araucania\/wp-content\/uploads\/sites\/15\/2018\/06\/4060ef056202be2c8bfb16456db28342.jpg","datePublished":"2014-06-16T04:00:00+00:00","dateModified":"2019-05-20T19:11:45+00:00","author":{"@id":"https:\/\/dev.explora.cl\/araucania\/#\/schema\/person\/cb8349c13ea2d324080adf8480d7ba5d"},"breadcrumb":{"@id":"https:\/\/dev.explora.cl\/araucania\/liceo-camilo-henriquez-celebra-dia-mundial-medioambiente-charlas-de-explora\/#breadcrumb"},"inLanguage":"es-CL","potentialAction":[{"@type":"ReadAction","target":["https:\/\/dev.explora.cl\/araucania\/liceo-camilo-henriquez-celebra-dia-mundial-medioambiente-charlas-de-explora\/"]}]},{"@type":"ImageObject","inLanguage":"es-CL","@id":"https:\/\/dev.explora.cl\/araucania\/liceo-camilo-henriquez-celebra-dia-mundial-medioambiente-charlas-de-explora\/#primaryimage","url":"https:\/\/dev.explora.cl\/araucania\/wp-content\/uploads\/sites\/15\/2018\/06\/4060ef056202be2c8bfb16456db28342.jpg","contentUrl":"https:\/\/dev.explora.cl\/araucania\/wp-content\/uploads\/sites\/15\/2018\/06\/4060ef056202be2c8bfb16456db28342.jpg","width":152,"height":152},{"@type":"BreadcrumbList","@id":"https:\/\/dev.explora.cl\/araucania\/liceo-camilo-henriquez-celebra-dia-mundial-medioambiente-charlas-de-explora\/#breadcrumb","itemListElement":[{"@type":"ListItem","position":1,"name":"Portada","item":"https:\/\/dev.explora.cl\/araucania\/"},{"@type":"ListItem","position":2,"name":"Liceo Camilo Henr\u00edquez celebra d\u00eda mundial del medioambiente con charlas de EXPLORA"}]},{"@type":"WebSite","@id":"https:\/\/dev.explora.cl\/araucania\/#website","url":"https:\/\/dev.explora.cl\/araucania\/","name":"Araucan\u00eda","description":"Otro sitio m\u00e1s de dev.explora.cl","potentialAction":[{"@type":"SearchAction","target":{"@type":"EntryPoint","urlTemplate":"https:\/\/dev.explora.cl\/araucania\/?s={search_term_string}"},"query-input":{"@type":"PropertyValueSpecification","valueRequired":true,"valueName":"search_term_string"}}],"inLanguage":"es-CL"},{"@type":"Person","@id":"https:\/\/dev.explora.cl\/araucania\/#\/schema\/person\/cb8349c13ea2d324080adf8480d7ba5d","name":"webman","image":{"@type":"ImageObject","inLanguage":"es-CL","@id":"https:\/\/dev.explora.cl\/araucania\/#\/schema\/person\/image\/","url":"https:\/\/secure.gravatar.com\/avatar\/eeff3c82f2c02f7177d13663b7e6f890e9a6a0647ce9bb29cae02dcb094c7312?s=96&d=mm&r=g","contentUrl":"https:\/\/secure.gravatar.com\/avatar\/eeff3c82f2c02f7177d13663b7e6f890e9a6a0647ce9bb29cae02dcb094c7312?s=96&d=mm&r=g","caption":"webman"},"url":"https:\/\/dev.explora.cl\/araucania\/author\/webman\/"}]}},"_links":{"self":[{"href":"https:\/\/dev.explora.cl\/araucania\/wp-json\/wp\/v2\/posts\/106","targetHints":{"allow":["GET"]}}],"collection":[{"href":"https:\/\/dev.explora.cl\/araucania\/wp-json\/wp\/v2\/posts"}],"about":[{"href":"https:\/\/dev.explora.cl\/araucania\/wp-json\/wp\/v2\/types\/post"}],"author":[{"embeddable":true,"href":"https:\/\/dev.explora.cl\/araucania\/wp-json\/wp\/v2\/users\/2"}],"replies":[{"embeddable":true,"href":"https:\/\/dev.explora.cl\/araucania\/wp-json\/wp\/v2\/comments?post=106"}],"version-history":[{"count":1,"href":"https:\/\/dev.explora.cl\/araucania\/wp-json\/wp\/v2\/posts\/106\/revisions"}],"predecessor-version":[{"id":38554,"href":"https:\/\/dev.explora.cl\/araucania\/wp-json\/wp\/v2\/posts\/106\/revisions\/38554"}],"wp:featuredmedia":[{"embeddable":true,"href":"https:\/\/dev.explora.cl\/araucania\/wp-json\/wp\/v2\/media\/107"}],"wp:attachment":[{"href":"https:\/\/dev.explora.cl\/araucania\/wp-json\/wp\/v2\/media?parent=106"}],"wp:term":[{"taxonomy":"category","embeddable":true,"href":"https:\/\/dev.explora.cl\/araucania\/wp-json\/wp\/v2\/categories?post=106"},{"taxonomy":"post_tag","embeddable":true,"href":"https:\/\/dev.explora.cl\/araucania\/wp-json\/wp\/v2\/tags?post=106"}],"curies":[{"name":"wp","href":"https:\/\/api.w.org\/{rel}","templated":true}]}}