{"id":102,"date":"2014-06-12T00:00:00","date_gmt":"2014-06-12T04:00:00","guid":{"rendered":"https:\/\/dev.explora.cl\/araucania\/blog\/2014\/06\/12\/jovenes-se-sorprendieron-con-la-magia-de-la-genetica-en-inia-carillanca\/"},"modified":"2019-05-20T19:11:47","modified_gmt":"2019-05-20T19:11:47","slug":"jovenes-se-sorprendieron-con-la-magia-de-la-genetica-en-inia-carillanca","status":"publish","type":"post","link":"https:\/\/dev.explora.cl\/araucania\/jovenes-se-sorprendieron-con-la-magia-de-la-genetica-en-inia-carillanca\/","title":{"rendered":"J\u00f3venes se sorprendieron con la magia de la gen\u00e9tica en INIA Carillanca"},"content":{"rendered":"<p><img loading=\"lazy\" decoding=\"async\" class=\" size-full wp-image-3121\" src=\"http:\/\/ec2-34-218-253-251.us-west-2.compute.amazonaws.com\/wp-content\/uploads\/2014\/06\/f1b8aeeb90e87d86cd6bf72988291f00.jpg\" alt=\"\" width=\"306\" height=\"220\" \/><\/p>\n<div style=\"color: #555555;font-family: Arial, sans-serif;font-size: 14px;line-height: 23px\">\n<div class=\"entry\" style=\"padding: 0px;margin: 0px;border: 0px none;line-height: 1.5;font-family: Raleway;font-size: 12px\">\n<div style=\"color: #444444;font-family: 'Trebuchet MS', sans-serif;font-size: 12px;line-height: 16px;text-align: justify\">\n<p style=\"margin-top: 10px;margin-bottom: 5px;color: #444444;font-family: 'Trebuchet MS', sans-serif;font-size: 12px;line-height: 16px\">La extracci\u00f3n del ADN efectu\u00f3 una veintena de estudiantes de cuarto a\u00f1o medio del Leonardo Da Vinci School de Pitrufqu\u00e9n, gracias a una jornada te\u00f3rica y pr\u00e1ctica organizada por el Proyecto EXPLORA CONICYT Regi\u00f3n de La Araucan\u00eda y el Centro de Investigaci\u00f3n Regional INIA Carillanca.<\/p>\n<p style=\"margin-top: 10px;margin-bottom: 5px;color: #444444;font-family: 'Trebuchet MS', sans-serif;font-size: 12px;line-height: 16px\">\u201cLa Magia de la Gen\u00e9tica\u201d fue el t\u00edtulo del taller, dirigido por el Dr. Jaime Pi\u00f1eira, quien en una primera fase te\u00f3rica dio a conocer algunos de los avances de la gen\u00e9tica y mostr\u00f3 c\u00f3mo el hombre ha influido en la biodiversidad que existe en nuestro ecosistema mediante la selecci\u00f3n.<\/p>\n<p style=\"margin-top: 10px;margin-bottom: 5px;color: #444444;font-family: 'Trebuchet MS', sans-serif;font-size: 12px;line-height: 16px\"><img loading=\"lazy\" decoding=\"async\" style=\"margin-bottom: 20px;margin-left: 30px;float: right\" src=\"https:\/\/dev.explora.cl\/images_new\/SitiosRegionales-IXRegion\/NoticiasRegionales-IXRegion\/Taller_de_Genetica_3.jpg\" alt=\"Taller_de_Genetica_3\" width=\"306\" height=\"220\" \/>Posteriormente, los alumnos y alumnas se trasladaron hasta el Laboratorio de Biotecnolog\u00eda de INIA, donde cada uno extrajo una muestra del ADN de una vaca, manipulando material de laboratorio y conociendo todo el procedimiento cient\u00edfico que se realiza para ese fin, experiencia que result\u00f3 sorprendente para los j\u00f3venes.<\/p>\n<p style=\"margin-top: 10px;margin-bottom: 5px;color: #444444;font-family: 'Trebuchet MS', sans-serif;font-size: 12px;line-height: 16px\">Esta actividad forma parte de las iniciativas de valoraci\u00f3n del Proyecto EXPLORA CONICYT Regi\u00f3n de La Araucan\u00eda, ejecutado por la Universidad de La Frontera, donde estudiantes de distintas comunas de la regi\u00f3n conocen la labor investigativa y cient\u00edfica que se desarrolla en centros de investigaci\u00f3n de La Araucan\u00eda, con el objetivo de fomentar su valoraci\u00f3n por esta \u00e1rea.<\/p>\n<p style=\"margin-top: 10px;margin-bottom: 5px;color: #444444;font-family: 'Trebuchet MS', sans-serif;font-size: 12px;line-height: 16px\"><strong>Impresiones<\/strong><\/p>\n<p style=\"margin-top: 10px;margin-bottom: 5px;color: #444444;font-family: 'Trebuchet MS', sans-serif;font-size: 12px;line-height: 16px\"><img loading=\"lazy\" decoding=\"async\" style=\"margin-bottom: 20px;margin-right: 30px;float: left\" src=\"https:\/\/dev.explora.cl\/images_new\/SitiosRegionales-IXRegion\/NoticiasRegionales-IXRegion\/Taller_de_Genetica_cua_1.jpg\" alt=\"Taller_de_Genetica_cua_1\" width=\"90\" height=\"90\" \/>\u201cYo ten\u00eda una idea vaga de lo que era INIA y la verdad es que me encant\u00f3 lo que hacen ac\u00e1. Adem\u00e1s, nosotros habitualmente dibujamos el ADN, pero eso es muy distinto a verlo realmente como es. Y lo que m\u00e1s me gust\u00f3 fue participar en todo el proceso, cortar la carne, tomarla con las pinzas\u2026 todo fue muy entretenido\u201d.<\/p>\n<p style=\"margin-top: 10px;margin-bottom: 5px;color: #444444;font-family: 'Trebuchet MS', sans-serif;font-size: 12px;line-height: 16px\">Marcela Augsburger, estudiante.<\/p>\n<p style=\"margin-top: 10px;margin-bottom: 5px;color: #444444;font-family: 'Trebuchet MS', sans-serif;font-size: 12px;line-height: 16px\"><img loading=\"lazy\" decoding=\"async\" style=\"margin-bottom: 20px;margin-right: 30px;float: left\" src=\"https:\/\/dev.explora.cl\/images_new\/SitiosRegionales-IXRegion\/NoticiasRegionales-IXRegion\/Taller_de_Genetica_cua_2.jpg\" alt=\"Taller_de_Genetica_cua_2\" width=\"90\" height=\"90\" \/>\u201cEl taller fue muy entretenido, porque nunca hab\u00edamos salido a una actividad de este tipo, por lo tanto fue s\u00faper novedosa la experiencia. Lo m\u00e1s sorprendente fue ver la hebra de ADN, porque ah\u00ed se materializ\u00f3 todo el trabajo que hicimos previamente. Ojal\u00e1 otros estudiantes tengan la oportunidad de participar en este taller de EXPLORA\u201d.<\/p>\n<p style=\"margin-top: 10px;margin-bottom: 5px;color: #444444;font-family: 'Trebuchet MS', sans-serif;font-size: 12px;line-height: 16px\">Nicol\u00e1s D\u00edaz, estudiante.<\/p>\n<p style=\"margin-top: 10px;margin-bottom: 5px;color: #444444;font-family: 'Trebuchet MS', sans-serif;font-size: 12px;line-height: 16px\"><img loading=\"lazy\" decoding=\"async\" style=\"margin-bottom: 20px;margin-right: 30px;float: left\" src=\"https:\/\/dev.explora.cl\/images_new\/SitiosRegionales-IXRegion\/NoticiasRegionales-IXRegion\/Taller_de_Genetica_cua_3.jpg\" alt=\"Taller_de_Genetica_cua_3\" width=\"90\" height=\"90\" \/>\u201cEste taller fue s\u00faper interesante y novedoso para los estudiantes, quienes a trav\u00e9s de esta jornada pr\u00e1ctica pudieron conocer mejor muchas de las materias que vemos en clases. El hecho de que cada uno manipulara los materiales, conocieran las normas de seguridad, que trabajaran en equipo y siguieran las instrucciones del cient\u00edfico fue muy provechoso y la verdad es que ellos se vieron muy motivados todo el tiempo\u201d.<\/p>\n<p style=\"margin-top: 10px;margin-bottom: 5px;color: #444444;font-family: 'Trebuchet MS', sans-serif;font-size: 12px;line-height: 16px\">Carla Mardones, profesora de biolog\u00eda del Leonardo Da Vinci School de Pitrufqu\u00e9n.<\/p>\n<p style=\"margin-top: 10px;margin-bottom: 5px;color: #444444;font-family: 'Trebuchet MS', sans-serif;font-size: 12px;line-height: 16px;text-align: center\"><a style=\"color: #007399\" href=\"https:\/\/www.facebook.com\/media\/set\/?set=a.1490101771207870.1073741954.1388936647991050&amp;type=3&amp;uploaded=39\" target=\"_blank\" rel=\"noopener noreferrer\">Para ver la galer\u00eda de im\u00e1genes, haz click aqu\u00ed<\/a><\/p>\n<p style=\"margin-top: 10px;margin-bottom: 5px;color: #444444;font-family: 'Trebuchet MS', sans-serif;font-size: 12px;line-height: 16px\">Periodista: Carolina Nahuelpi \u00c1lvarez.<\/p>\n<\/p><\/div>\n<\/p><\/div>\n<\/p><\/div>\n","protected":false},"excerpt":{"rendered":"<p>La extracci\u00f3n del ADN efectu\u00f3 una veintena de estudiantes de cuarto a\u00f1o medio del Leonardo Da Vinci School de Pitrufqu\u00e9n, gracias a una jornada te\u00f3rica y pr\u00e1ctica organizada por el Proyecto EXPLORA CONICYT Regi\u00f3n de La Araucan\u00eda y el Centro de Investigaci\u00f3n Regional INIA Carillanca. \u201cLa Magia de la Gen\u00e9tica\u201d fue el t\u00edtulo del taller, [&hellip;]<\/p>\n","protected":false},"author":2,"featured_media":103,"comment_status":"open","ping_status":"open","sticky":false,"template":"","format":"standard","meta":{"_acf_changed":false,"_exactmetrics_skip_tracking":false,"_exactmetrics_sitenote_active":false,"_exactmetrics_sitenote_note":"","_exactmetrics_sitenote_category":0,"footnotes":"","_links_to":"","_links_to_target":""},"categories":[4],"tags":[],"class_list":["post-102","post","type-post","status-publish","format-standard","has-post-thumbnail","hentry","category-noticias"],"acf":[],"yoast_head":"<!-- This site is optimized with the Yoast SEO plugin v26.7 - https:\/\/yoast.com\/wordpress\/plugins\/seo\/ -->\n<title>J\u00f3venes se sorprendieron con la magia de la gen\u00e9tica en INIA Carillanca - Araucan\u00eda<\/title>\n<meta name=\"robots\" content=\"index, follow, max-snippet:-1, max-image-preview:large, max-video-preview:-1\" \/>\n<link rel=\"canonical\" href=\"https:\/\/dev.explora.cl\/araucania\/jovenes-se-sorprendieron-con-la-magia-de-la-genetica-en-inia-carillanca\/\" class=\"yoast-seo-meta-tag\" \/>\n<meta property=\"og:locale\" content=\"es_ES\" class=\"yoast-seo-meta-tag\" \/>\n<meta property=\"og:type\" content=\"article\" class=\"yoast-seo-meta-tag\" \/>\n<meta property=\"og:title\" content=\"J\u00f3venes se sorprendieron con la magia de la gen\u00e9tica en INIA Carillanca - Araucan\u00eda\" class=\"yoast-seo-meta-tag\" \/>\n<meta property=\"og:description\" content=\"La extracci\u00f3n del ADN efectu\u00f3 una veintena de estudiantes de cuarto a\u00f1o medio del Leonardo Da Vinci School de Pitrufqu\u00e9n, gracias a una jornada te\u00f3rica y pr\u00e1ctica organizada por el Proyecto EXPLORA CONICYT Regi\u00f3n de La Araucan\u00eda y el Centro de Investigaci\u00f3n Regional INIA Carillanca. \u201cLa Magia de la Gen\u00e9tica\u201d fue el t\u00edtulo del taller, [&hellip;]\" class=\"yoast-seo-meta-tag\" \/>\n<meta property=\"og:url\" content=\"https:\/\/dev.explora.cl\/araucania\/jovenes-se-sorprendieron-con-la-magia-de-la-genetica-en-inia-carillanca\/\" class=\"yoast-seo-meta-tag\" \/>\n<meta property=\"og:site_name\" content=\"Araucan\u00eda\" class=\"yoast-seo-meta-tag\" \/>\n<meta property=\"article:published_time\" content=\"2014-06-12T04:00:00+00:00\" class=\"yoast-seo-meta-tag\" \/>\n<meta property=\"article:modified_time\" content=\"2019-05-20T19:11:47+00:00\" class=\"yoast-seo-meta-tag\" \/>\n<meta property=\"og:image\" content=\"https:\/\/dev.explora.cl\/araucania\/wp-content\/uploads\/sites\/15\/2018\/06\/f1b8aeeb90e87d86cd6bf72988291f00.jpg\" class=\"yoast-seo-meta-tag\" \/>\n\t<meta property=\"og:image:width\" content=\"306\" class=\"yoast-seo-meta-tag\" \/>\n\t<meta property=\"og:image:height\" content=\"220\" class=\"yoast-seo-meta-tag\" \/>\n\t<meta property=\"og:image:type\" content=\"image\/jpeg\" class=\"yoast-seo-meta-tag\" \/>\n<meta name=\"author\" content=\"webman\" class=\"yoast-seo-meta-tag\" \/>\n<meta name=\"twitter:card\" content=\"summary_large_image\" class=\"yoast-seo-meta-tag\" \/>\n<meta name=\"twitter:label1\" content=\"Escrito por\" class=\"yoast-seo-meta-tag\" \/>\n\t<meta name=\"twitter:data1\" content=\"webman\" class=\"yoast-seo-meta-tag\" \/>\n\t<meta name=\"twitter:label2\" content=\"Tiempo estimado de lectura\" class=\"yoast-seo-meta-tag\" \/>\n\t<meta name=\"twitter:data2\" content=\"2 minutos\" class=\"yoast-seo-meta-tag\" \/>\n<script type=\"application\/ld+json\" class=\"yoast-schema-graph\">{\"@context\":\"https:\/\/schema.org\",\"@graph\":[{\"@type\":\"Article\",\"@id\":\"https:\/\/dev.explora.cl\/araucania\/jovenes-se-sorprendieron-con-la-magia-de-la-genetica-en-inia-carillanca\/#article\",\"isPartOf\":{\"@id\":\"https:\/\/dev.explora.cl\/araucania\/jovenes-se-sorprendieron-con-la-magia-de-la-genetica-en-inia-carillanca\/\"},\"author\":{\"name\":\"webman\",\"@id\":\"https:\/\/dev.explora.cl\/araucania\/#\/schema\/person\/cb8349c13ea2d324080adf8480d7ba5d\"},\"headline\":\"J\u00f3venes se sorprendieron con la magia de la gen\u00e9tica en INIA Carillanca\",\"datePublished\":\"2014-06-12T04:00:00+00:00\",\"dateModified\":\"2019-05-20T19:11:47+00:00\",\"mainEntityOfPage\":{\"@id\":\"https:\/\/dev.explora.cl\/araucania\/jovenes-se-sorprendieron-con-la-magia-de-la-genetica-en-inia-carillanca\/\"},\"wordCount\":472,\"commentCount\":0,\"image\":{\"@id\":\"https:\/\/dev.explora.cl\/araucania\/jovenes-se-sorprendieron-con-la-magia-de-la-genetica-en-inia-carillanca\/#primaryimage\"},\"thumbnailUrl\":\"https:\/\/dev.explora.cl\/araucania\/wp-content\/uploads\/sites\/15\/2018\/06\/f1b8aeeb90e87d86cd6bf72988291f00.jpg\",\"articleSection\":[\"Noticias\"],\"inLanguage\":\"es-CL\",\"potentialAction\":[{\"@type\":\"CommentAction\",\"name\":\"Comment\",\"target\":[\"https:\/\/dev.explora.cl\/araucania\/jovenes-se-sorprendieron-con-la-magia-de-la-genetica-en-inia-carillanca\/#respond\"]}]},{\"@type\":\"WebPage\",\"@id\":\"https:\/\/dev.explora.cl\/araucania\/jovenes-se-sorprendieron-con-la-magia-de-la-genetica-en-inia-carillanca\/\",\"url\":\"https:\/\/dev.explora.cl\/araucania\/jovenes-se-sorprendieron-con-la-magia-de-la-genetica-en-inia-carillanca\/\",\"name\":\"J\u00f3venes se sorprendieron con la magia de la gen\u00e9tica en INIA Carillanca - Araucan\u00eda\",\"isPartOf\":{\"@id\":\"https:\/\/dev.explora.cl\/araucania\/#website\"},\"primaryImageOfPage\":{\"@id\":\"https:\/\/dev.explora.cl\/araucania\/jovenes-se-sorprendieron-con-la-magia-de-la-genetica-en-inia-carillanca\/#primaryimage\"},\"image\":{\"@id\":\"https:\/\/dev.explora.cl\/araucania\/jovenes-se-sorprendieron-con-la-magia-de-la-genetica-en-inia-carillanca\/#primaryimage\"},\"thumbnailUrl\":\"https:\/\/dev.explora.cl\/araucania\/wp-content\/uploads\/sites\/15\/2018\/06\/f1b8aeeb90e87d86cd6bf72988291f00.jpg\",\"datePublished\":\"2014-06-12T04:00:00+00:00\",\"dateModified\":\"2019-05-20T19:11:47+00:00\",\"author\":{\"@id\":\"https:\/\/dev.explora.cl\/araucania\/#\/schema\/person\/cb8349c13ea2d324080adf8480d7ba5d\"},\"breadcrumb\":{\"@id\":\"https:\/\/dev.explora.cl\/araucania\/jovenes-se-sorprendieron-con-la-magia-de-la-genetica-en-inia-carillanca\/#breadcrumb\"},\"inLanguage\":\"es-CL\",\"potentialAction\":[{\"@type\":\"ReadAction\",\"target\":[\"https:\/\/dev.explora.cl\/araucania\/jovenes-se-sorprendieron-con-la-magia-de-la-genetica-en-inia-carillanca\/\"]}]},{\"@type\":\"ImageObject\",\"inLanguage\":\"es-CL\",\"@id\":\"https:\/\/dev.explora.cl\/araucania\/jovenes-se-sorprendieron-con-la-magia-de-la-genetica-en-inia-carillanca\/#primaryimage\",\"url\":\"https:\/\/dev.explora.cl\/araucania\/wp-content\/uploads\/sites\/15\/2018\/06\/f1b8aeeb90e87d86cd6bf72988291f00.jpg\",\"contentUrl\":\"https:\/\/dev.explora.cl\/araucania\/wp-content\/uploads\/sites\/15\/2018\/06\/f1b8aeeb90e87d86cd6bf72988291f00.jpg\",\"width\":306,\"height\":220},{\"@type\":\"BreadcrumbList\",\"@id\":\"https:\/\/dev.explora.cl\/araucania\/jovenes-se-sorprendieron-con-la-magia-de-la-genetica-en-inia-carillanca\/#breadcrumb\",\"itemListElement\":[{\"@type\":\"ListItem\",\"position\":1,\"name\":\"Portada\",\"item\":\"https:\/\/dev.explora.cl\/araucania\/\"},{\"@type\":\"ListItem\",\"position\":2,\"name\":\"J\u00f3venes se sorprendieron con la magia de la gen\u00e9tica en INIA Carillanca\"}]},{\"@type\":\"WebSite\",\"@id\":\"https:\/\/dev.explora.cl\/araucania\/#website\",\"url\":\"https:\/\/dev.explora.cl\/araucania\/\",\"name\":\"Araucan\u00eda\",\"description\":\"Otro sitio m\u00e1s de dev.explora.cl\",\"potentialAction\":[{\"@type\":\"SearchAction\",\"target\":{\"@type\":\"EntryPoint\",\"urlTemplate\":\"https:\/\/dev.explora.cl\/araucania\/?s={search_term_string}\"},\"query-input\":{\"@type\":\"PropertyValueSpecification\",\"valueRequired\":true,\"valueName\":\"search_term_string\"}}],\"inLanguage\":\"es-CL\"},{\"@type\":\"Person\",\"@id\":\"https:\/\/dev.explora.cl\/araucania\/#\/schema\/person\/cb8349c13ea2d324080adf8480d7ba5d\",\"name\":\"webman\",\"image\":{\"@type\":\"ImageObject\",\"inLanguage\":\"es-CL\",\"@id\":\"https:\/\/dev.explora.cl\/araucania\/#\/schema\/person\/image\/\",\"url\":\"https:\/\/secure.gravatar.com\/avatar\/eeff3c82f2c02f7177d13663b7e6f890e9a6a0647ce9bb29cae02dcb094c7312?s=96&d=mm&r=g\",\"contentUrl\":\"https:\/\/secure.gravatar.com\/avatar\/eeff3c82f2c02f7177d13663b7e6f890e9a6a0647ce9bb29cae02dcb094c7312?s=96&d=mm&r=g\",\"caption\":\"webman\"},\"url\":\"https:\/\/dev.explora.cl\/araucania\/author\/webman\/\"}]}<\/script>\n<!-- \/ Yoast SEO plugin. -->","yoast_head_json":{"title":"J\u00f3venes se sorprendieron con la magia de la gen\u00e9tica en INIA Carillanca - Araucan\u00eda","robots":{"index":"index","follow":"follow","max-snippet":"max-snippet:-1","max-image-preview":"max-image-preview:large","max-video-preview":"max-video-preview:-1"},"canonical":"https:\/\/dev.explora.cl\/araucania\/jovenes-se-sorprendieron-con-la-magia-de-la-genetica-en-inia-carillanca\/","og_locale":"es_ES","og_type":"article","og_title":"J\u00f3venes se sorprendieron con la magia de la gen\u00e9tica en INIA Carillanca - Araucan\u00eda","og_description":"La extracci\u00f3n del ADN efectu\u00f3 una veintena de estudiantes de cuarto a\u00f1o medio del Leonardo Da Vinci School de Pitrufqu\u00e9n, gracias a una jornada te\u00f3rica y pr\u00e1ctica organizada por el Proyecto EXPLORA CONICYT Regi\u00f3n de La Araucan\u00eda y el Centro de Investigaci\u00f3n Regional INIA Carillanca. \u201cLa Magia de la Gen\u00e9tica\u201d fue el t\u00edtulo del taller, [&hellip;]","og_url":"https:\/\/dev.explora.cl\/araucania\/jovenes-se-sorprendieron-con-la-magia-de-la-genetica-en-inia-carillanca\/","og_site_name":"Araucan\u00eda","article_published_time":"2014-06-12T04:00:00+00:00","article_modified_time":"2019-05-20T19:11:47+00:00","og_image":[{"width":306,"height":220,"url":"https:\/\/dev.explora.cl\/araucania\/wp-content\/uploads\/sites\/15\/2018\/06\/f1b8aeeb90e87d86cd6bf72988291f00.jpg","type":"image\/jpeg"}],"author":"webman","twitter_card":"summary_large_image","twitter_misc":{"Escrito por":"webman","Tiempo estimado de lectura":"2 minutos"},"schema":{"@context":"https:\/\/schema.org","@graph":[{"@type":"Article","@id":"https:\/\/dev.explora.cl\/araucania\/jovenes-se-sorprendieron-con-la-magia-de-la-genetica-en-inia-carillanca\/#article","isPartOf":{"@id":"https:\/\/dev.explora.cl\/araucania\/jovenes-se-sorprendieron-con-la-magia-de-la-genetica-en-inia-carillanca\/"},"author":{"name":"webman","@id":"https:\/\/dev.explora.cl\/araucania\/#\/schema\/person\/cb8349c13ea2d324080adf8480d7ba5d"},"headline":"J\u00f3venes se sorprendieron con la magia de la gen\u00e9tica en INIA Carillanca","datePublished":"2014-06-12T04:00:00+00:00","dateModified":"2019-05-20T19:11:47+00:00","mainEntityOfPage":{"@id":"https:\/\/dev.explora.cl\/araucania\/jovenes-se-sorprendieron-con-la-magia-de-la-genetica-en-inia-carillanca\/"},"wordCount":472,"commentCount":0,"image":{"@id":"https:\/\/dev.explora.cl\/araucania\/jovenes-se-sorprendieron-con-la-magia-de-la-genetica-en-inia-carillanca\/#primaryimage"},"thumbnailUrl":"https:\/\/dev.explora.cl\/araucania\/wp-content\/uploads\/sites\/15\/2018\/06\/f1b8aeeb90e87d86cd6bf72988291f00.jpg","articleSection":["Noticias"],"inLanguage":"es-CL","potentialAction":[{"@type":"CommentAction","name":"Comment","target":["https:\/\/dev.explora.cl\/araucania\/jovenes-se-sorprendieron-con-la-magia-de-la-genetica-en-inia-carillanca\/#respond"]}]},{"@type":"WebPage","@id":"https:\/\/dev.explora.cl\/araucania\/jovenes-se-sorprendieron-con-la-magia-de-la-genetica-en-inia-carillanca\/","url":"https:\/\/dev.explora.cl\/araucania\/jovenes-se-sorprendieron-con-la-magia-de-la-genetica-en-inia-carillanca\/","name":"J\u00f3venes se sorprendieron con la magia de la gen\u00e9tica en INIA Carillanca - Araucan\u00eda","isPartOf":{"@id":"https:\/\/dev.explora.cl\/araucania\/#website"},"primaryImageOfPage":{"@id":"https:\/\/dev.explora.cl\/araucania\/jovenes-se-sorprendieron-con-la-magia-de-la-genetica-en-inia-carillanca\/#primaryimage"},"image":{"@id":"https:\/\/dev.explora.cl\/araucania\/jovenes-se-sorprendieron-con-la-magia-de-la-genetica-en-inia-carillanca\/#primaryimage"},"thumbnailUrl":"https:\/\/dev.explora.cl\/araucania\/wp-content\/uploads\/sites\/15\/2018\/06\/f1b8aeeb90e87d86cd6bf72988291f00.jpg","datePublished":"2014-06-12T04:00:00+00:00","dateModified":"2019-05-20T19:11:47+00:00","author":{"@id":"https:\/\/dev.explora.cl\/araucania\/#\/schema\/person\/cb8349c13ea2d324080adf8480d7ba5d"},"breadcrumb":{"@id":"https:\/\/dev.explora.cl\/araucania\/jovenes-se-sorprendieron-con-la-magia-de-la-genetica-en-inia-carillanca\/#breadcrumb"},"inLanguage":"es-CL","potentialAction":[{"@type":"ReadAction","target":["https:\/\/dev.explora.cl\/araucania\/jovenes-se-sorprendieron-con-la-magia-de-la-genetica-en-inia-carillanca\/"]}]},{"@type":"ImageObject","inLanguage":"es-CL","@id":"https:\/\/dev.explora.cl\/araucania\/jovenes-se-sorprendieron-con-la-magia-de-la-genetica-en-inia-carillanca\/#primaryimage","url":"https:\/\/dev.explora.cl\/araucania\/wp-content\/uploads\/sites\/15\/2018\/06\/f1b8aeeb90e87d86cd6bf72988291f00.jpg","contentUrl":"https:\/\/dev.explora.cl\/araucania\/wp-content\/uploads\/sites\/15\/2018\/06\/f1b8aeeb90e87d86cd6bf72988291f00.jpg","width":306,"height":220},{"@type":"BreadcrumbList","@id":"https:\/\/dev.explora.cl\/araucania\/jovenes-se-sorprendieron-con-la-magia-de-la-genetica-en-inia-carillanca\/#breadcrumb","itemListElement":[{"@type":"ListItem","position":1,"name":"Portada","item":"https:\/\/dev.explora.cl\/araucania\/"},{"@type":"ListItem","position":2,"name":"J\u00f3venes se sorprendieron con la magia de la gen\u00e9tica en INIA Carillanca"}]},{"@type":"WebSite","@id":"https:\/\/dev.explora.cl\/araucania\/#website","url":"https:\/\/dev.explora.cl\/araucania\/","name":"Araucan\u00eda","description":"Otro sitio m\u00e1s de dev.explora.cl","potentialAction":[{"@type":"SearchAction","target":{"@type":"EntryPoint","urlTemplate":"https:\/\/dev.explora.cl\/araucania\/?s={search_term_string}"},"query-input":{"@type":"PropertyValueSpecification","valueRequired":true,"valueName":"search_term_string"}}],"inLanguage":"es-CL"},{"@type":"Person","@id":"https:\/\/dev.explora.cl\/araucania\/#\/schema\/person\/cb8349c13ea2d324080adf8480d7ba5d","name":"webman","image":{"@type":"ImageObject","inLanguage":"es-CL","@id":"https:\/\/dev.explora.cl\/araucania\/#\/schema\/person\/image\/","url":"https:\/\/secure.gravatar.com\/avatar\/eeff3c82f2c02f7177d13663b7e6f890e9a6a0647ce9bb29cae02dcb094c7312?s=96&d=mm&r=g","contentUrl":"https:\/\/secure.gravatar.com\/avatar\/eeff3c82f2c02f7177d13663b7e6f890e9a6a0647ce9bb29cae02dcb094c7312?s=96&d=mm&r=g","caption":"webman"},"url":"https:\/\/dev.explora.cl\/araucania\/author\/webman\/"}]}},"_links":{"self":[{"href":"https:\/\/dev.explora.cl\/araucania\/wp-json\/wp\/v2\/posts\/102","targetHints":{"allow":["GET"]}}],"collection":[{"href":"https:\/\/dev.explora.cl\/araucania\/wp-json\/wp\/v2\/posts"}],"about":[{"href":"https:\/\/dev.explora.cl\/araucania\/wp-json\/wp\/v2\/types\/post"}],"author":[{"embeddable":true,"href":"https:\/\/dev.explora.cl\/araucania\/wp-json\/wp\/v2\/users\/2"}],"replies":[{"embeddable":true,"href":"https:\/\/dev.explora.cl\/araucania\/wp-json\/wp\/v2\/comments?post=102"}],"version-history":[{"count":1,"href":"https:\/\/dev.explora.cl\/araucania\/wp-json\/wp\/v2\/posts\/102\/revisions"}],"predecessor-version":[{"id":38560,"href":"https:\/\/dev.explora.cl\/araucania\/wp-json\/wp\/v2\/posts\/102\/revisions\/38560"}],"wp:featuredmedia":[{"embeddable":true,"href":"https:\/\/dev.explora.cl\/araucania\/wp-json\/wp\/v2\/media\/103"}],"wp:attachment":[{"href":"https:\/\/dev.explora.cl\/araucania\/wp-json\/wp\/v2\/media?parent=102"}],"wp:term":[{"taxonomy":"category","embeddable":true,"href":"https:\/\/dev.explora.cl\/araucania\/wp-json\/wp\/v2\/categories?post=102"},{"taxonomy":"post_tag","embeddable":true,"href":"https:\/\/dev.explora.cl\/araucania\/wp-json\/wp\/v2\/tags?post=102"}],"curies":[{"name":"wp","href":"https:\/\/api.w.org\/{rel}","templated":true}]}}