{"id":100,"date":"2014-06-12T00:00:00","date_gmt":"2014-06-12T04:00:00","guid":{"rendered":"https:\/\/dev.explora.cl\/araucania\/blog\/2014\/06\/12\/mas-de-60-escolares-de-la-region-aprenderan-sobre-robotica-en-agosto\/"},"modified":"2019-05-20T19:11:47","modified_gmt":"2019-05-20T19:11:47","slug":"mas-de-60-escolares-de-la-region-aprenderan-sobre-robotica-en-agosto","status":"publish","type":"post","link":"https:\/\/dev.explora.cl\/araucania\/mas-de-60-escolares-de-la-region-aprenderan-sobre-robotica-en-agosto\/","title":{"rendered":"M\u00e1s de 60 escolares de la regi\u00f3n aprender\u00e1n sobre rob\u00f3tica en agosto"},"content":{"rendered":"<p><img loading=\"lazy\" decoding=\"async\" class=\" size-full wp-image-3119\" src=\"http:\/\/ec2-34-218-253-251.us-west-2.compute.amazonaws.com\/wp-content\/uploads\/2014\/06\/e3823fe2e02931eee83f491ba1ee32af.jpg\" alt=\"\" width=\"327\" height=\"220\" \/><\/p>\n<div style=\"color: #555555;font-family: Arial, sans-serif;font-size: 14px;line-height: 23px\">\n<div class=\"entry\" style=\"padding: 0px;margin: 0px;border: 0px none;line-height: 1.5;font-family: Raleway;font-size: 12px\">\n<div style=\"color: #444444;font-family: 'Trebuchet MS', sans-serif;font-size: 12px;line-height: 16px;text-align: justify\">\n<p style=\"margin-top: 10px;margin-bottom: 5px;color: #444444;font-family: 'Trebuchet MS', sans-serif;font-size: 12px;line-height: 16px\">La rob\u00f3tica educativa cumple un rol fundamental en la formaci\u00f3n integral de los estudiantes, disciplina que es considerada como un medio de aprendizaje que estimula la motivaci\u00f3n por el dise\u00f1o y la construcci\u00f3n de creaciones propias.<\/p>\n<p style=\"margin-top: 10px;margin-bottom: 5px;color: #444444;font-family: 'Trebuchet MS', sans-serif;font-size: 12px;line-height: 16px\">En ese contexto, una alianza colaborativa entre la Fundaci\u00f3n Mustakis, el Proyecto EXPLORA CONICYT Araucan\u00eda y la Universidad de La Frontera, permitir\u00e1 que m\u00e1s de 60 escolares de la regi\u00f3n participen en educativos y entretenidos talleres.<\/p>\n<p style=\"margin-top: 10px;margin-bottom: 5px;color: #444444;font-family: 'Trebuchet MS', sans-serif;font-size: 12px;line-height: 16px\">El m\u00e9todo de ense\u00f1anza de dicha iniciativa se centra en problemas del mundo real y en un aprendizaje basado en desaf\u00edos, cuyos temas van desde tecnolog\u00eda b\u00e1sica, como el uso de m\u00e1quinas simples, hasta la programaci\u00f3n de los futuros robots educativos elaborados con legos.<\/p>\n<p style=\"margin-top: 10px;margin-bottom: 5px;color: #444444;font-family: 'Trebuchet MS', sans-serif;font-size: 12px;line-height: 16px\"><strong>Programa de Rob\u00f3tica Escolar<\/strong><\/p>\n<p style=\"margin-top: 10px;margin-bottom: 5px;color: #444444;font-family: 'Trebuchet MS', sans-serif;font-size: 12px;line-height: 16px\">Esta actividad se inserta en el \u201cPrograma de Rob\u00f3tica Escolar\u201d de la Fundaci\u00f3n Mustakis, cuyo objetivo es que alrededor de 500 j\u00f3venes en el pa\u00eds aprendan de las ciencias exactas y la tecnolog\u00eda en un ambiente pr\u00e1ctico y l\u00fadico.<\/p>\n<p style=\"margin-top: 10px;margin-bottom: 5px;color: #444444;font-family: 'Trebuchet MS', sans-serif;font-size: 12px;line-height: 16px\">As\u00ed, a partir del 23 agosto, comenzar\u00e1n a llevarse a cabo los talleres de rob\u00f3tica b\u00e1sica en Temuco, replicando el modelo que desde 2012 se ha venido implementando en Valpara\u00edso, Santiago y Concepci\u00f3n.<\/p>\n<p style=\"margin-top: 10px;margin-bottom: 5px;color: #444444;font-family: 'Trebuchet MS', sans-serif;font-size: 12px;line-height: 16px\">De este modo, a trav\u00e9s de este encuentro de educaci\u00f3n y cultura se fortalecer\u00e1n las potencialidades creativas, intelectuales, sociales y afectivas de los ni\u00f1os, ni\u00f1as y j\u00f3venes participantes de nuestra regi\u00f3n.<\/p>\n<p style=\"margin-top: 10px;margin-bottom: 5px;color: #444444;font-family: 'Trebuchet MS', sans-serif;font-size: 12px;line-height: 16px\"><strong>Pronto m\u00e1s informaci\u00f3n sobre las convocatorias.<\/strong><\/p>\n<\/p><\/div>\n<\/p><\/div>\n<\/p><\/div>\n","protected":false},"excerpt":{"rendered":"<p>La rob\u00f3tica educativa cumple un rol fundamental en la formaci\u00f3n integral de los estudiantes, disciplina que es considerada como un medio de aprendizaje que estimula la motivaci\u00f3n por el dise\u00f1o y la construcci\u00f3n de creaciones propias. En ese contexto, una alianza colaborativa entre la Fundaci\u00f3n Mustakis, el Proyecto EXPLORA CONICYT Araucan\u00eda y la Universidad de [&hellip;]<\/p>\n","protected":false},"author":2,"featured_media":101,"comment_status":"open","ping_status":"open","sticky":false,"template":"","format":"standard","meta":{"_acf_changed":false,"_exactmetrics_skip_tracking":false,"_exactmetrics_sitenote_active":false,"_exactmetrics_sitenote_note":"","_exactmetrics_sitenote_category":0,"footnotes":"","_links_to":"","_links_to_target":""},"categories":[4],"tags":[],"class_list":["post-100","post","type-post","status-publish","format-standard","has-post-thumbnail","hentry","category-noticias"],"acf":[],"yoast_head":"<!-- This site is optimized with the Yoast SEO plugin v26.7 - https:\/\/yoast.com\/wordpress\/plugins\/seo\/ -->\n<title>M\u00e1s de 60 escolares de la regi\u00f3n aprender\u00e1n sobre rob\u00f3tica en agosto - Araucan\u00eda<\/title>\n<meta name=\"robots\" content=\"index, follow, max-snippet:-1, max-image-preview:large, max-video-preview:-1\" \/>\n<link rel=\"canonical\" href=\"https:\/\/dev.explora.cl\/araucania\/mas-de-60-escolares-de-la-region-aprenderan-sobre-robotica-en-agosto\/\" class=\"yoast-seo-meta-tag\" \/>\n<meta property=\"og:locale\" content=\"es_ES\" class=\"yoast-seo-meta-tag\" \/>\n<meta property=\"og:type\" content=\"article\" class=\"yoast-seo-meta-tag\" \/>\n<meta property=\"og:title\" content=\"M\u00e1s de 60 escolares de la regi\u00f3n aprender\u00e1n sobre rob\u00f3tica en agosto - Araucan\u00eda\" class=\"yoast-seo-meta-tag\" \/>\n<meta property=\"og:description\" content=\"La rob\u00f3tica educativa cumple un rol fundamental en la formaci\u00f3n integral de los estudiantes, disciplina que es considerada como un medio de aprendizaje que estimula la motivaci\u00f3n por el dise\u00f1o y la construcci\u00f3n de creaciones propias. En ese contexto, una alianza colaborativa entre la Fundaci\u00f3n Mustakis, el Proyecto EXPLORA CONICYT Araucan\u00eda y la Universidad de [&hellip;]\" class=\"yoast-seo-meta-tag\" \/>\n<meta property=\"og:url\" content=\"https:\/\/dev.explora.cl\/araucania\/mas-de-60-escolares-de-la-region-aprenderan-sobre-robotica-en-agosto\/\" class=\"yoast-seo-meta-tag\" \/>\n<meta property=\"og:site_name\" content=\"Araucan\u00eda\" class=\"yoast-seo-meta-tag\" \/>\n<meta property=\"article:published_time\" content=\"2014-06-12T04:00:00+00:00\" class=\"yoast-seo-meta-tag\" \/>\n<meta property=\"article:modified_time\" content=\"2019-05-20T19:11:47+00:00\" class=\"yoast-seo-meta-tag\" \/>\n<meta property=\"og:image\" content=\"https:\/\/dev.explora.cl\/araucania\/wp-content\/uploads\/sites\/15\/2018\/06\/e3823fe2e02931eee83f491ba1ee32af.jpg\" class=\"yoast-seo-meta-tag\" \/>\n\t<meta property=\"og:image:width\" content=\"327\" class=\"yoast-seo-meta-tag\" \/>\n\t<meta property=\"og:image:height\" content=\"220\" class=\"yoast-seo-meta-tag\" \/>\n\t<meta property=\"og:image:type\" content=\"image\/jpeg\" class=\"yoast-seo-meta-tag\" \/>\n<meta name=\"author\" content=\"webman\" class=\"yoast-seo-meta-tag\" \/>\n<meta name=\"twitter:card\" content=\"summary_large_image\" class=\"yoast-seo-meta-tag\" \/>\n<meta name=\"twitter:label1\" content=\"Escrito por\" class=\"yoast-seo-meta-tag\" \/>\n\t<meta name=\"twitter:data1\" content=\"webman\" class=\"yoast-seo-meta-tag\" \/>\n\t<meta name=\"twitter:label2\" content=\"Tiempo estimado de lectura\" class=\"yoast-seo-meta-tag\" \/>\n\t<meta name=\"twitter:data2\" content=\"1 minuto\" class=\"yoast-seo-meta-tag\" \/>\n<script type=\"application\/ld+json\" class=\"yoast-schema-graph\">{\"@context\":\"https:\/\/schema.org\",\"@graph\":[{\"@type\":\"Article\",\"@id\":\"https:\/\/dev.explora.cl\/araucania\/mas-de-60-escolares-de-la-region-aprenderan-sobre-robotica-en-agosto\/#article\",\"isPartOf\":{\"@id\":\"https:\/\/dev.explora.cl\/araucania\/mas-de-60-escolares-de-la-region-aprenderan-sobre-robotica-en-agosto\/\"},\"author\":{\"name\":\"webman\",\"@id\":\"https:\/\/dev.explora.cl\/araucania\/#\/schema\/person\/cb8349c13ea2d324080adf8480d7ba5d\"},\"headline\":\"M\u00e1s de 60 escolares de la regi\u00f3n aprender\u00e1n sobre rob\u00f3tica en agosto\",\"datePublished\":\"2014-06-12T04:00:00+00:00\",\"dateModified\":\"2019-05-20T19:11:47+00:00\",\"mainEntityOfPage\":{\"@id\":\"https:\/\/dev.explora.cl\/araucania\/mas-de-60-escolares-de-la-region-aprenderan-sobre-robotica-en-agosto\/\"},\"wordCount\":278,\"commentCount\":0,\"image\":{\"@id\":\"https:\/\/dev.explora.cl\/araucania\/mas-de-60-escolares-de-la-region-aprenderan-sobre-robotica-en-agosto\/#primaryimage\"},\"thumbnailUrl\":\"https:\/\/dev.explora.cl\/araucania\/wp-content\/uploads\/sites\/15\/2018\/06\/e3823fe2e02931eee83f491ba1ee32af.jpg\",\"articleSection\":[\"Noticias\"],\"inLanguage\":\"es-CL\",\"potentialAction\":[{\"@type\":\"CommentAction\",\"name\":\"Comment\",\"target\":[\"https:\/\/dev.explora.cl\/araucania\/mas-de-60-escolares-de-la-region-aprenderan-sobre-robotica-en-agosto\/#respond\"]}]},{\"@type\":\"WebPage\",\"@id\":\"https:\/\/dev.explora.cl\/araucania\/mas-de-60-escolares-de-la-region-aprenderan-sobre-robotica-en-agosto\/\",\"url\":\"https:\/\/dev.explora.cl\/araucania\/mas-de-60-escolares-de-la-region-aprenderan-sobre-robotica-en-agosto\/\",\"name\":\"M\u00e1s de 60 escolares de la regi\u00f3n aprender\u00e1n sobre rob\u00f3tica en agosto - Araucan\u00eda\",\"isPartOf\":{\"@id\":\"https:\/\/dev.explora.cl\/araucania\/#website\"},\"primaryImageOfPage\":{\"@id\":\"https:\/\/dev.explora.cl\/araucania\/mas-de-60-escolares-de-la-region-aprenderan-sobre-robotica-en-agosto\/#primaryimage\"},\"image\":{\"@id\":\"https:\/\/dev.explora.cl\/araucania\/mas-de-60-escolares-de-la-region-aprenderan-sobre-robotica-en-agosto\/#primaryimage\"},\"thumbnailUrl\":\"https:\/\/dev.explora.cl\/araucania\/wp-content\/uploads\/sites\/15\/2018\/06\/e3823fe2e02931eee83f491ba1ee32af.jpg\",\"datePublished\":\"2014-06-12T04:00:00+00:00\",\"dateModified\":\"2019-05-20T19:11:47+00:00\",\"author\":{\"@id\":\"https:\/\/dev.explora.cl\/araucania\/#\/schema\/person\/cb8349c13ea2d324080adf8480d7ba5d\"},\"breadcrumb\":{\"@id\":\"https:\/\/dev.explora.cl\/araucania\/mas-de-60-escolares-de-la-region-aprenderan-sobre-robotica-en-agosto\/#breadcrumb\"},\"inLanguage\":\"es-CL\",\"potentialAction\":[{\"@type\":\"ReadAction\",\"target\":[\"https:\/\/dev.explora.cl\/araucania\/mas-de-60-escolares-de-la-region-aprenderan-sobre-robotica-en-agosto\/\"]}]},{\"@type\":\"ImageObject\",\"inLanguage\":\"es-CL\",\"@id\":\"https:\/\/dev.explora.cl\/araucania\/mas-de-60-escolares-de-la-region-aprenderan-sobre-robotica-en-agosto\/#primaryimage\",\"url\":\"https:\/\/dev.explora.cl\/araucania\/wp-content\/uploads\/sites\/15\/2018\/06\/e3823fe2e02931eee83f491ba1ee32af.jpg\",\"contentUrl\":\"https:\/\/dev.explora.cl\/araucania\/wp-content\/uploads\/sites\/15\/2018\/06\/e3823fe2e02931eee83f491ba1ee32af.jpg\",\"width\":327,\"height\":220},{\"@type\":\"BreadcrumbList\",\"@id\":\"https:\/\/dev.explora.cl\/araucania\/mas-de-60-escolares-de-la-region-aprenderan-sobre-robotica-en-agosto\/#breadcrumb\",\"itemListElement\":[{\"@type\":\"ListItem\",\"position\":1,\"name\":\"Portada\",\"item\":\"https:\/\/dev.explora.cl\/araucania\/\"},{\"@type\":\"ListItem\",\"position\":2,\"name\":\"M\u00e1s de 60 escolares de la regi\u00f3n aprender\u00e1n sobre rob\u00f3tica en agosto\"}]},{\"@type\":\"WebSite\",\"@id\":\"https:\/\/dev.explora.cl\/araucania\/#website\",\"url\":\"https:\/\/dev.explora.cl\/araucania\/\",\"name\":\"Araucan\u00eda\",\"description\":\"Otro sitio m\u00e1s de dev.explora.cl\",\"potentialAction\":[{\"@type\":\"SearchAction\",\"target\":{\"@type\":\"EntryPoint\",\"urlTemplate\":\"https:\/\/dev.explora.cl\/araucania\/?s={search_term_string}\"},\"query-input\":{\"@type\":\"PropertyValueSpecification\",\"valueRequired\":true,\"valueName\":\"search_term_string\"}}],\"inLanguage\":\"es-CL\"},{\"@type\":\"Person\",\"@id\":\"https:\/\/dev.explora.cl\/araucania\/#\/schema\/person\/cb8349c13ea2d324080adf8480d7ba5d\",\"name\":\"webman\",\"image\":{\"@type\":\"ImageObject\",\"inLanguage\":\"es-CL\",\"@id\":\"https:\/\/dev.explora.cl\/araucania\/#\/schema\/person\/image\/\",\"url\":\"https:\/\/secure.gravatar.com\/avatar\/eeff3c82f2c02f7177d13663b7e6f890e9a6a0647ce9bb29cae02dcb094c7312?s=96&d=mm&r=g\",\"contentUrl\":\"https:\/\/secure.gravatar.com\/avatar\/eeff3c82f2c02f7177d13663b7e6f890e9a6a0647ce9bb29cae02dcb094c7312?s=96&d=mm&r=g\",\"caption\":\"webman\"},\"url\":\"https:\/\/dev.explora.cl\/araucania\/author\/webman\/\"}]}<\/script>\n<!-- \/ Yoast SEO plugin. -->","yoast_head_json":{"title":"M\u00e1s de 60 escolares de la regi\u00f3n aprender\u00e1n sobre rob\u00f3tica en agosto - Araucan\u00eda","robots":{"index":"index","follow":"follow","max-snippet":"max-snippet:-1","max-image-preview":"max-image-preview:large","max-video-preview":"max-video-preview:-1"},"canonical":"https:\/\/dev.explora.cl\/araucania\/mas-de-60-escolares-de-la-region-aprenderan-sobre-robotica-en-agosto\/","og_locale":"es_ES","og_type":"article","og_title":"M\u00e1s de 60 escolares de la regi\u00f3n aprender\u00e1n sobre rob\u00f3tica en agosto - Araucan\u00eda","og_description":"La rob\u00f3tica educativa cumple un rol fundamental en la formaci\u00f3n integral de los estudiantes, disciplina que es considerada como un medio de aprendizaje que estimula la motivaci\u00f3n por el dise\u00f1o y la construcci\u00f3n de creaciones propias. En ese contexto, una alianza colaborativa entre la Fundaci\u00f3n Mustakis, el Proyecto EXPLORA CONICYT Araucan\u00eda y la Universidad de [&hellip;]","og_url":"https:\/\/dev.explora.cl\/araucania\/mas-de-60-escolares-de-la-region-aprenderan-sobre-robotica-en-agosto\/","og_site_name":"Araucan\u00eda","article_published_time":"2014-06-12T04:00:00+00:00","article_modified_time":"2019-05-20T19:11:47+00:00","og_image":[{"width":327,"height":220,"url":"https:\/\/dev.explora.cl\/araucania\/wp-content\/uploads\/sites\/15\/2018\/06\/e3823fe2e02931eee83f491ba1ee32af.jpg","type":"image\/jpeg"}],"author":"webman","twitter_card":"summary_large_image","twitter_misc":{"Escrito por":"webman","Tiempo estimado de lectura":"1 minuto"},"schema":{"@context":"https:\/\/schema.org","@graph":[{"@type":"Article","@id":"https:\/\/dev.explora.cl\/araucania\/mas-de-60-escolares-de-la-region-aprenderan-sobre-robotica-en-agosto\/#article","isPartOf":{"@id":"https:\/\/dev.explora.cl\/araucania\/mas-de-60-escolares-de-la-region-aprenderan-sobre-robotica-en-agosto\/"},"author":{"name":"webman","@id":"https:\/\/dev.explora.cl\/araucania\/#\/schema\/person\/cb8349c13ea2d324080adf8480d7ba5d"},"headline":"M\u00e1s de 60 escolares de la regi\u00f3n aprender\u00e1n sobre rob\u00f3tica en agosto","datePublished":"2014-06-12T04:00:00+00:00","dateModified":"2019-05-20T19:11:47+00:00","mainEntityOfPage":{"@id":"https:\/\/dev.explora.cl\/araucania\/mas-de-60-escolares-de-la-region-aprenderan-sobre-robotica-en-agosto\/"},"wordCount":278,"commentCount":0,"image":{"@id":"https:\/\/dev.explora.cl\/araucania\/mas-de-60-escolares-de-la-region-aprenderan-sobre-robotica-en-agosto\/#primaryimage"},"thumbnailUrl":"https:\/\/dev.explora.cl\/araucania\/wp-content\/uploads\/sites\/15\/2018\/06\/e3823fe2e02931eee83f491ba1ee32af.jpg","articleSection":["Noticias"],"inLanguage":"es-CL","potentialAction":[{"@type":"CommentAction","name":"Comment","target":["https:\/\/dev.explora.cl\/araucania\/mas-de-60-escolares-de-la-region-aprenderan-sobre-robotica-en-agosto\/#respond"]}]},{"@type":"WebPage","@id":"https:\/\/dev.explora.cl\/araucania\/mas-de-60-escolares-de-la-region-aprenderan-sobre-robotica-en-agosto\/","url":"https:\/\/dev.explora.cl\/araucania\/mas-de-60-escolares-de-la-region-aprenderan-sobre-robotica-en-agosto\/","name":"M\u00e1s de 60 escolares de la regi\u00f3n aprender\u00e1n sobre rob\u00f3tica en agosto - Araucan\u00eda","isPartOf":{"@id":"https:\/\/dev.explora.cl\/araucania\/#website"},"primaryImageOfPage":{"@id":"https:\/\/dev.explora.cl\/araucania\/mas-de-60-escolares-de-la-region-aprenderan-sobre-robotica-en-agosto\/#primaryimage"},"image":{"@id":"https:\/\/dev.explora.cl\/araucania\/mas-de-60-escolares-de-la-region-aprenderan-sobre-robotica-en-agosto\/#primaryimage"},"thumbnailUrl":"https:\/\/dev.explora.cl\/araucania\/wp-content\/uploads\/sites\/15\/2018\/06\/e3823fe2e02931eee83f491ba1ee32af.jpg","datePublished":"2014-06-12T04:00:00+00:00","dateModified":"2019-05-20T19:11:47+00:00","author":{"@id":"https:\/\/dev.explora.cl\/araucania\/#\/schema\/person\/cb8349c13ea2d324080adf8480d7ba5d"},"breadcrumb":{"@id":"https:\/\/dev.explora.cl\/araucania\/mas-de-60-escolares-de-la-region-aprenderan-sobre-robotica-en-agosto\/#breadcrumb"},"inLanguage":"es-CL","potentialAction":[{"@type":"ReadAction","target":["https:\/\/dev.explora.cl\/araucania\/mas-de-60-escolares-de-la-region-aprenderan-sobre-robotica-en-agosto\/"]}]},{"@type":"ImageObject","inLanguage":"es-CL","@id":"https:\/\/dev.explora.cl\/araucania\/mas-de-60-escolares-de-la-region-aprenderan-sobre-robotica-en-agosto\/#primaryimage","url":"https:\/\/dev.explora.cl\/araucania\/wp-content\/uploads\/sites\/15\/2018\/06\/e3823fe2e02931eee83f491ba1ee32af.jpg","contentUrl":"https:\/\/dev.explora.cl\/araucania\/wp-content\/uploads\/sites\/15\/2018\/06\/e3823fe2e02931eee83f491ba1ee32af.jpg","width":327,"height":220},{"@type":"BreadcrumbList","@id":"https:\/\/dev.explora.cl\/araucania\/mas-de-60-escolares-de-la-region-aprenderan-sobre-robotica-en-agosto\/#breadcrumb","itemListElement":[{"@type":"ListItem","position":1,"name":"Portada","item":"https:\/\/dev.explora.cl\/araucania\/"},{"@type":"ListItem","position":2,"name":"M\u00e1s de 60 escolares de la regi\u00f3n aprender\u00e1n sobre rob\u00f3tica en agosto"}]},{"@type":"WebSite","@id":"https:\/\/dev.explora.cl\/araucania\/#website","url":"https:\/\/dev.explora.cl\/araucania\/","name":"Araucan\u00eda","description":"Otro sitio m\u00e1s de dev.explora.cl","potentialAction":[{"@type":"SearchAction","target":{"@type":"EntryPoint","urlTemplate":"https:\/\/dev.explora.cl\/araucania\/?s={search_term_string}"},"query-input":{"@type":"PropertyValueSpecification","valueRequired":true,"valueName":"search_term_string"}}],"inLanguage":"es-CL"},{"@type":"Person","@id":"https:\/\/dev.explora.cl\/araucania\/#\/schema\/person\/cb8349c13ea2d324080adf8480d7ba5d","name":"webman","image":{"@type":"ImageObject","inLanguage":"es-CL","@id":"https:\/\/dev.explora.cl\/araucania\/#\/schema\/person\/image\/","url":"https:\/\/secure.gravatar.com\/avatar\/eeff3c82f2c02f7177d13663b7e6f890e9a6a0647ce9bb29cae02dcb094c7312?s=96&d=mm&r=g","contentUrl":"https:\/\/secure.gravatar.com\/avatar\/eeff3c82f2c02f7177d13663b7e6f890e9a6a0647ce9bb29cae02dcb094c7312?s=96&d=mm&r=g","caption":"webman"},"url":"https:\/\/dev.explora.cl\/araucania\/author\/webman\/"}]}},"_links":{"self":[{"href":"https:\/\/dev.explora.cl\/araucania\/wp-json\/wp\/v2\/posts\/100","targetHints":{"allow":["GET"]}}],"collection":[{"href":"https:\/\/dev.explora.cl\/araucania\/wp-json\/wp\/v2\/posts"}],"about":[{"href":"https:\/\/dev.explora.cl\/araucania\/wp-json\/wp\/v2\/types\/post"}],"author":[{"embeddable":true,"href":"https:\/\/dev.explora.cl\/araucania\/wp-json\/wp\/v2\/users\/2"}],"replies":[{"embeddable":true,"href":"https:\/\/dev.explora.cl\/araucania\/wp-json\/wp\/v2\/comments?post=100"}],"version-history":[{"count":1,"href":"https:\/\/dev.explora.cl\/araucania\/wp-json\/wp\/v2\/posts\/100\/revisions"}],"predecessor-version":[{"id":38559,"href":"https:\/\/dev.explora.cl\/araucania\/wp-json\/wp\/v2\/posts\/100\/revisions\/38559"}],"wp:featuredmedia":[{"embeddable":true,"href":"https:\/\/dev.explora.cl\/araucania\/wp-json\/wp\/v2\/media\/101"}],"wp:attachment":[{"href":"https:\/\/dev.explora.cl\/araucania\/wp-json\/wp\/v2\/media?parent=100"}],"wp:term":[{"taxonomy":"category","embeddable":true,"href":"https:\/\/dev.explora.cl\/araucania\/wp-json\/wp\/v2\/categories?post=100"},{"taxonomy":"post_tag","embeddable":true,"href":"https:\/\/dev.explora.cl\/araucania\/wp-json\/wp\/v2\/tags?post=100"}],"curies":[{"name":"wp","href":"https:\/\/api.w.org\/{rel}","templated":true}]}}