{"id":42539,"date":"2024-09-26T17:59:15","date_gmt":"2024-09-26T20:59:15","guid":{"rendered":"https:\/\/dev.explora.cl\/antofagasta\/?p=42539"},"modified":"2025-01-02T11:21:44","modified_gmt":"2025-01-02T14:21:44","slug":"par-explora-antofagasta-ya-selecciono-a-equipo-iie-representante-para-el-congreso-nacional-explora","status":"publish","type":"post","link":"https:\/\/dev.explora.cl\/antofagasta\/par-explora-antofagasta-ya-selecciono-a-equipo-iie-representante-para-el-congreso-nacional-explora\/","title":{"rendered":"PAR Explora Antofagasta ya seleccion\u00f3 a equipo IIE representante para el Congreso Nacional Explora"},"content":{"rendered":"<p><span style=\"font-weight: 400\">Las estudiantes Francisca Ayala y Antonela Valdez del Liceo Polivalente Domingo Latrille de Tocopilla, pertenecientes al Proyecto de Investigaci\u00f3n e Innovaci\u00f3n Escolar (IIE) del Proyecto Asociativo Regional (PAR) Explora Antofagasta, representar\u00e1n a la Regi\u00f3n de Antofagasta en el &#8220;Congreso Nacional Explora&#8221;, que se realizar\u00e1 el 6 y 7 de octubre en Santiago. El equipo escolar fue seleccionado con su investigaci\u00f3n titulada &#8220;Bienestar socioemocional y conciencia ambiental con una perspectiva de g\u00e9nero y diversidad sexual&#8221;.\u00a0<\/span><\/p>\n<p><span style=\"font-weight: 400\">El objetivo de su estudio es investigar el desarrollo de habilidades emocionales y de liderazgo mediante el cultivo de girasoles y la creaci\u00f3n de espacios propicios para el aprendizaje, desde una perspectiva de g\u00e9nero y diversidad sexual. Utilizando la estrategia del \u201cc\u00edrculo de aprendizaje\u201d, que incorpora la escala de desregulaci\u00f3n emocional (DERS) para identificar emociones, y realizando un an\u00e1lisis cient\u00edfico de los suelos de Tocopilla, buscan evaluar c\u00f3mo los girasoles pueden contribuir en este \u00e1mbito, ya que se consideran plantas fitorremediadoras.\u00a0<\/span><\/p>\n<p><span style=\"font-weight: 400\">El estudio se ajusta a los est\u00e1ndares internacionales de investigaci\u00f3n de la OCDE en Ciencias Sociales, espec\u00edficamente en la subcategor\u00eda de Psicolog\u00eda. Asimismo, las estudiantes desarrollan esta investigaci\u00f3n con la gu\u00eda de su profesora Javiera Cerda y la asesor\u00eda cient\u00edfica del Director de Investigaci\u00f3n y An\u00e1lisis de la Producci\u00f3n Cient\u00edfica de la Universidad Cat\u00f3lica del Norte, Dr. Carlos Calder\u00f3n, adem\u00e1s de recibir el acompa\u00f1amiento pedag\u00f3gico del profesional del \u00c1rea de Rutas Formativas de PAR Explora Antofagasta, Enrique Ly.<\/span><\/p>\n<p><span style=\"font-weight: 400\">Francisca Ayala coment\u00f3 sobre su experiencia en el IIE: &#8220;Explora Antofagasta ha sido un apoyo inmenso para nosotras porque en la comuna donde estamos no hay mucha posibilidad de salir y mostrar lo que se estudia ac\u00e1. Entonces, es un impulso para tener conocimiento del lugar donde vivimos y la importancia de lo que es la salud socioemocional. Adem\u00e1s creemos que es un impulso para dar conocimiento a otras comunas y estudiantes de lo que puede estar pasando en alg\u00fan lugar y como hacer una mejora continua en eso\u201d.<\/span><\/p>\n","protected":false},"excerpt":{"rendered":"<p>Las estudiantes Francisca Ayala y Antonela Valdez del Liceo Polivalente Domingo Latrille de Tocopilla, pertenecientes al Proyecto de Investigaci\u00f3n e Innovaci\u00f3n Escolar (IIE) del Proyecto Asociativo Regional (PAR) Explora Antofagasta, representar\u00e1n a la Regi\u00f3n de Antofagasta en el &#8220;Congreso Nacional Explora&#8221;, que se realizar\u00e1 el 6 y 7 de octubre en Santiago. El equipo escolar [&hellip;]<\/p>\n","protected":false},"author":19,"featured_media":42540,"comment_status":"open","ping_status":"open","sticky":false,"template":"","format":"standard","meta":{"_acf_changed":false,"_exactmetrics_skip_tracking":false,"_exactmetrics_sitenote_active":false,"_exactmetrics_sitenote_note":"","_exactmetrics_sitenote_category":0,"footnotes":"","_links_to":"","_links_to_target":""},"categories":[4],"tags":[],"class_list":["post-42539","post","type-post","status-publish","format-standard","has-post-thumbnail","hentry","category-noticias"],"acf":[],"yoast_head":"<!-- This site is optimized with the Yoast SEO plugin v26.7 - https:\/\/yoast.com\/wordpress\/plugins\/seo\/ -->\n<title>PAR Explora Antofagasta ya seleccion\u00f3 a equipo IIE representante para el Congreso Nacional Explora - Antofagasta<\/title>\n<meta name=\"robots\" content=\"index, follow, max-snippet:-1, max-image-preview:large, max-video-preview:-1\" \/>\n<link rel=\"canonical\" href=\"https:\/\/dev.explora.cl\/antofagasta\/par-explora-antofagasta-ya-selecciono-a-equipo-iie-representante-para-el-congreso-nacional-explora\/\" class=\"yoast-seo-meta-tag\" \/>\n<meta property=\"og:locale\" content=\"es_ES\" class=\"yoast-seo-meta-tag\" \/>\n<meta property=\"og:type\" content=\"article\" class=\"yoast-seo-meta-tag\" \/>\n<meta property=\"og:title\" content=\"PAR Explora Antofagasta ya seleccion\u00f3 a equipo IIE representante para el Congreso Nacional Explora - Antofagasta\" class=\"yoast-seo-meta-tag\" \/>\n<meta property=\"og:description\" content=\"Las estudiantes Francisca Ayala y Antonela Valdez del Liceo Polivalente Domingo Latrille de Tocopilla, pertenecientes al Proyecto de Investigaci\u00f3n e Innovaci\u00f3n Escolar (IIE) del Proyecto Asociativo Regional (PAR) Explora Antofagasta, representar\u00e1n a la Regi\u00f3n de Antofagasta en el &#8220;Congreso Nacional Explora&#8221;, que se realizar\u00e1 el 6 y 7 de octubre en Santiago. El equipo escolar [&hellip;]\" class=\"yoast-seo-meta-tag\" \/>\n<meta property=\"og:url\" content=\"https:\/\/dev.explora.cl\/antofagasta\/par-explora-antofagasta-ya-selecciono-a-equipo-iie-representante-para-el-congreso-nacional-explora\/\" class=\"yoast-seo-meta-tag\" \/>\n<meta property=\"og:site_name\" content=\"Antofagasta\" class=\"yoast-seo-meta-tag\" \/>\n<meta property=\"article:published_time\" content=\"2024-09-26T20:59:15+00:00\" class=\"yoast-seo-meta-tag\" \/>\n<meta property=\"article:modified_time\" content=\"2025-01-02T14:21:44+00:00\" class=\"yoast-seo-meta-tag\" \/>\n<meta property=\"og:image\" content=\"https:\/\/dev.explora.cl\/antofagasta\/wp-content\/uploads\/sites\/4\/2024\/09\/foto-acompa\u00f1amiento-26-septiembre.png\" class=\"yoast-seo-meta-tag\" \/>\n\t<meta property=\"og:image:width\" content=\"1357\" class=\"yoast-seo-meta-tag\" \/>\n\t<meta property=\"og:image:height\" content=\"684\" class=\"yoast-seo-meta-tag\" \/>\n\t<meta property=\"og:image:type\" content=\"image\/png\" class=\"yoast-seo-meta-tag\" \/>\n<meta name=\"author\" content=\"cgomez\" class=\"yoast-seo-meta-tag\" \/>\n<meta name=\"twitter:card\" content=\"summary_large_image\" class=\"yoast-seo-meta-tag\" \/>\n<meta name=\"twitter:label1\" content=\"Escrito por\" class=\"yoast-seo-meta-tag\" \/>\n\t<meta name=\"twitter:data1\" content=\"cgomez\" class=\"yoast-seo-meta-tag\" \/>\n\t<meta name=\"twitter:label2\" content=\"Tiempo estimado de lectura\" class=\"yoast-seo-meta-tag\" \/>\n\t<meta name=\"twitter:data2\" content=\"2 minutos\" class=\"yoast-seo-meta-tag\" \/>\n<script type=\"application\/ld+json\" class=\"yoast-schema-graph\">{\"@context\":\"https:\/\/schema.org\",\"@graph\":[{\"@type\":\"Article\",\"@id\":\"https:\/\/dev.explora.cl\/antofagasta\/par-explora-antofagasta-ya-selecciono-a-equipo-iie-representante-para-el-congreso-nacional-explora\/#article\",\"isPartOf\":{\"@id\":\"https:\/\/dev.explora.cl\/antofagasta\/par-explora-antofagasta-ya-selecciono-a-equipo-iie-representante-para-el-congreso-nacional-explora\/\"},\"author\":{\"name\":\"cgomez\",\"@id\":\"https:\/\/dev.explora.cl\/antofagasta\/#\/schema\/person\/71eda950cf8b3d75ad6c50a4d2179bcd\"},\"headline\":\"PAR Explora Antofagasta ya seleccion\u00f3 a equipo IIE representante para el Congreso Nacional Explora\",\"datePublished\":\"2024-09-26T20:59:15+00:00\",\"dateModified\":\"2025-01-02T14:21:44+00:00\",\"mainEntityOfPage\":{\"@id\":\"https:\/\/dev.explora.cl\/antofagasta\/par-explora-antofagasta-ya-selecciono-a-equipo-iie-representante-para-el-congreso-nacional-explora\/\"},\"wordCount\":367,\"commentCount\":0,\"image\":{\"@id\":\"https:\/\/dev.explora.cl\/antofagasta\/par-explora-antofagasta-ya-selecciono-a-equipo-iie-representante-para-el-congreso-nacional-explora\/#primaryimage\"},\"thumbnailUrl\":\"https:\/\/dev.explora.cl\/antofagasta\/wp-content\/uploads\/sites\/4\/2024\/09\/foto-acompa\u00f1amiento-26-septiembre.png\",\"articleSection\":[\"Noticias\"],\"inLanguage\":\"es-CL\",\"potentialAction\":[{\"@type\":\"CommentAction\",\"name\":\"Comment\",\"target\":[\"https:\/\/dev.explora.cl\/antofagasta\/par-explora-antofagasta-ya-selecciono-a-equipo-iie-representante-para-el-congreso-nacional-explora\/#respond\"]}]},{\"@type\":\"WebPage\",\"@id\":\"https:\/\/dev.explora.cl\/antofagasta\/par-explora-antofagasta-ya-selecciono-a-equipo-iie-representante-para-el-congreso-nacional-explora\/\",\"url\":\"https:\/\/dev.explora.cl\/antofagasta\/par-explora-antofagasta-ya-selecciono-a-equipo-iie-representante-para-el-congreso-nacional-explora\/\",\"name\":\"PAR Explora Antofagasta ya seleccion\u00f3 a equipo IIE representante para el Congreso Nacional Explora - Antofagasta\",\"isPartOf\":{\"@id\":\"https:\/\/dev.explora.cl\/antofagasta\/#website\"},\"primaryImageOfPage\":{\"@id\":\"https:\/\/dev.explora.cl\/antofagasta\/par-explora-antofagasta-ya-selecciono-a-equipo-iie-representante-para-el-congreso-nacional-explora\/#primaryimage\"},\"image\":{\"@id\":\"https:\/\/dev.explora.cl\/antofagasta\/par-explora-antofagasta-ya-selecciono-a-equipo-iie-representante-para-el-congreso-nacional-explora\/#primaryimage\"},\"thumbnailUrl\":\"https:\/\/dev.explora.cl\/antofagasta\/wp-content\/uploads\/sites\/4\/2024\/09\/foto-acompa\u00f1amiento-26-septiembre.png\",\"datePublished\":\"2024-09-26T20:59:15+00:00\",\"dateModified\":\"2025-01-02T14:21:44+00:00\",\"author\":{\"@id\":\"https:\/\/dev.explora.cl\/antofagasta\/#\/schema\/person\/71eda950cf8b3d75ad6c50a4d2179bcd\"},\"breadcrumb\":{\"@id\":\"https:\/\/dev.explora.cl\/antofagasta\/par-explora-antofagasta-ya-selecciono-a-equipo-iie-representante-para-el-congreso-nacional-explora\/#breadcrumb\"},\"inLanguage\":\"es-CL\",\"potentialAction\":[{\"@type\":\"ReadAction\",\"target\":[\"https:\/\/dev.explora.cl\/antofagasta\/par-explora-antofagasta-ya-selecciono-a-equipo-iie-representante-para-el-congreso-nacional-explora\/\"]}]},{\"@type\":\"ImageObject\",\"inLanguage\":\"es-CL\",\"@id\":\"https:\/\/dev.explora.cl\/antofagasta\/par-explora-antofagasta-ya-selecciono-a-equipo-iie-representante-para-el-congreso-nacional-explora\/#primaryimage\",\"url\":\"https:\/\/dev.explora.cl\/antofagasta\/wp-content\/uploads\/sites\/4\/2024\/09\/foto-acompa\u00f1amiento-26-septiembre.png\",\"contentUrl\":\"https:\/\/dev.explora.cl\/antofagasta\/wp-content\/uploads\/sites\/4\/2024\/09\/foto-acompa\u00f1amiento-26-septiembre.png\",\"width\":1357,\"height\":684},{\"@type\":\"BreadcrumbList\",\"@id\":\"https:\/\/dev.explora.cl\/antofagasta\/par-explora-antofagasta-ya-selecciono-a-equipo-iie-representante-para-el-congreso-nacional-explora\/#breadcrumb\",\"itemListElement\":[{\"@type\":\"ListItem\",\"position\":1,\"name\":\"Portada\",\"item\":\"https:\/\/dev.explora.cl\/antofagasta\/\"},{\"@type\":\"ListItem\",\"position\":2,\"name\":\"PAR Explora Antofagasta ya seleccion\u00f3 a equipo IIE representante para el Congreso Nacional Explora\"}]},{\"@type\":\"WebSite\",\"@id\":\"https:\/\/dev.explora.cl\/antofagasta\/#website\",\"url\":\"https:\/\/dev.explora.cl\/antofagasta\/\",\"name\":\"Antofagasta\",\"description\":\"Otro sitio m\u00e1s de dev.explora.cl\",\"potentialAction\":[{\"@type\":\"SearchAction\",\"target\":{\"@type\":\"EntryPoint\",\"urlTemplate\":\"https:\/\/dev.explora.cl\/antofagasta\/?s={search_term_string}\"},\"query-input\":{\"@type\":\"PropertyValueSpecification\",\"valueRequired\":true,\"valueName\":\"search_term_string\"}}],\"inLanguage\":\"es-CL\"},{\"@type\":\"Person\",\"@id\":\"https:\/\/dev.explora.cl\/antofagasta\/#\/schema\/person\/71eda950cf8b3d75ad6c50a4d2179bcd\",\"name\":\"cgomez\",\"image\":{\"@type\":\"ImageObject\",\"inLanguage\":\"es-CL\",\"@id\":\"https:\/\/dev.explora.cl\/antofagasta\/#\/schema\/person\/image\/\",\"url\":\"https:\/\/secure.gravatar.com\/avatar\/0c1e119225e98dd5c5a5a0d26c2bd2448642e86ce4fece294b57037090af5dd6?s=96&d=mm&r=g\",\"contentUrl\":\"https:\/\/secure.gravatar.com\/avatar\/0c1e119225e98dd5c5a5a0d26c2bd2448642e86ce4fece294b57037090af5dd6?s=96&d=mm&r=g\",\"caption\":\"cgomez\"},\"url\":\"https:\/\/dev.explora.cl\/antofagasta\/author\/cgomez\/\"}]}<\/script>\n<!-- \/ Yoast SEO plugin. -->","yoast_head_json":{"title":"PAR Explora Antofagasta ya seleccion\u00f3 a equipo IIE representante para el Congreso Nacional Explora - Antofagasta","robots":{"index":"index","follow":"follow","max-snippet":"max-snippet:-1","max-image-preview":"max-image-preview:large","max-video-preview":"max-video-preview:-1"},"canonical":"https:\/\/dev.explora.cl\/antofagasta\/par-explora-antofagasta-ya-selecciono-a-equipo-iie-representante-para-el-congreso-nacional-explora\/","og_locale":"es_ES","og_type":"article","og_title":"PAR Explora Antofagasta ya seleccion\u00f3 a equipo IIE representante para el Congreso Nacional Explora - Antofagasta","og_description":"Las estudiantes Francisca Ayala y Antonela Valdez del Liceo Polivalente Domingo Latrille de Tocopilla, pertenecientes al Proyecto de Investigaci\u00f3n e Innovaci\u00f3n Escolar (IIE) del Proyecto Asociativo Regional (PAR) Explora Antofagasta, representar\u00e1n a la Regi\u00f3n de Antofagasta en el &#8220;Congreso Nacional Explora&#8221;, que se realizar\u00e1 el 6 y 7 de octubre en Santiago. El equipo escolar [&hellip;]","og_url":"https:\/\/dev.explora.cl\/antofagasta\/par-explora-antofagasta-ya-selecciono-a-equipo-iie-representante-para-el-congreso-nacional-explora\/","og_site_name":"Antofagasta","article_published_time":"2024-09-26T20:59:15+00:00","article_modified_time":"2025-01-02T14:21:44+00:00","og_image":[{"width":1357,"height":684,"url":"https:\/\/dev.explora.cl\/antofagasta\/wp-content\/uploads\/sites\/4\/2024\/09\/foto-acompa\u00f1amiento-26-septiembre.png","type":"image\/png"}],"author":"cgomez","twitter_card":"summary_large_image","twitter_misc":{"Escrito por":"cgomez","Tiempo estimado de lectura":"2 minutos"},"schema":{"@context":"https:\/\/schema.org","@graph":[{"@type":"Article","@id":"https:\/\/dev.explora.cl\/antofagasta\/par-explora-antofagasta-ya-selecciono-a-equipo-iie-representante-para-el-congreso-nacional-explora\/#article","isPartOf":{"@id":"https:\/\/dev.explora.cl\/antofagasta\/par-explora-antofagasta-ya-selecciono-a-equipo-iie-representante-para-el-congreso-nacional-explora\/"},"author":{"name":"cgomez","@id":"https:\/\/dev.explora.cl\/antofagasta\/#\/schema\/person\/71eda950cf8b3d75ad6c50a4d2179bcd"},"headline":"PAR Explora Antofagasta ya seleccion\u00f3 a equipo IIE representante para el Congreso Nacional Explora","datePublished":"2024-09-26T20:59:15+00:00","dateModified":"2025-01-02T14:21:44+00:00","mainEntityOfPage":{"@id":"https:\/\/dev.explora.cl\/antofagasta\/par-explora-antofagasta-ya-selecciono-a-equipo-iie-representante-para-el-congreso-nacional-explora\/"},"wordCount":367,"commentCount":0,"image":{"@id":"https:\/\/dev.explora.cl\/antofagasta\/par-explora-antofagasta-ya-selecciono-a-equipo-iie-representante-para-el-congreso-nacional-explora\/#primaryimage"},"thumbnailUrl":"https:\/\/dev.explora.cl\/antofagasta\/wp-content\/uploads\/sites\/4\/2024\/09\/foto-acompa\u00f1amiento-26-septiembre.png","articleSection":["Noticias"],"inLanguage":"es-CL","potentialAction":[{"@type":"CommentAction","name":"Comment","target":["https:\/\/dev.explora.cl\/antofagasta\/par-explora-antofagasta-ya-selecciono-a-equipo-iie-representante-para-el-congreso-nacional-explora\/#respond"]}]},{"@type":"WebPage","@id":"https:\/\/dev.explora.cl\/antofagasta\/par-explora-antofagasta-ya-selecciono-a-equipo-iie-representante-para-el-congreso-nacional-explora\/","url":"https:\/\/dev.explora.cl\/antofagasta\/par-explora-antofagasta-ya-selecciono-a-equipo-iie-representante-para-el-congreso-nacional-explora\/","name":"PAR Explora Antofagasta ya seleccion\u00f3 a equipo IIE representante para el Congreso Nacional Explora - Antofagasta","isPartOf":{"@id":"https:\/\/dev.explora.cl\/antofagasta\/#website"},"primaryImageOfPage":{"@id":"https:\/\/dev.explora.cl\/antofagasta\/par-explora-antofagasta-ya-selecciono-a-equipo-iie-representante-para-el-congreso-nacional-explora\/#primaryimage"},"image":{"@id":"https:\/\/dev.explora.cl\/antofagasta\/par-explora-antofagasta-ya-selecciono-a-equipo-iie-representante-para-el-congreso-nacional-explora\/#primaryimage"},"thumbnailUrl":"https:\/\/dev.explora.cl\/antofagasta\/wp-content\/uploads\/sites\/4\/2024\/09\/foto-acompa\u00f1amiento-26-septiembre.png","datePublished":"2024-09-26T20:59:15+00:00","dateModified":"2025-01-02T14:21:44+00:00","author":{"@id":"https:\/\/dev.explora.cl\/antofagasta\/#\/schema\/person\/71eda950cf8b3d75ad6c50a4d2179bcd"},"breadcrumb":{"@id":"https:\/\/dev.explora.cl\/antofagasta\/par-explora-antofagasta-ya-selecciono-a-equipo-iie-representante-para-el-congreso-nacional-explora\/#breadcrumb"},"inLanguage":"es-CL","potentialAction":[{"@type":"ReadAction","target":["https:\/\/dev.explora.cl\/antofagasta\/par-explora-antofagasta-ya-selecciono-a-equipo-iie-representante-para-el-congreso-nacional-explora\/"]}]},{"@type":"ImageObject","inLanguage":"es-CL","@id":"https:\/\/dev.explora.cl\/antofagasta\/par-explora-antofagasta-ya-selecciono-a-equipo-iie-representante-para-el-congreso-nacional-explora\/#primaryimage","url":"https:\/\/dev.explora.cl\/antofagasta\/wp-content\/uploads\/sites\/4\/2024\/09\/foto-acompa\u00f1amiento-26-septiembre.png","contentUrl":"https:\/\/dev.explora.cl\/antofagasta\/wp-content\/uploads\/sites\/4\/2024\/09\/foto-acompa\u00f1amiento-26-septiembre.png","width":1357,"height":684},{"@type":"BreadcrumbList","@id":"https:\/\/dev.explora.cl\/antofagasta\/par-explora-antofagasta-ya-selecciono-a-equipo-iie-representante-para-el-congreso-nacional-explora\/#breadcrumb","itemListElement":[{"@type":"ListItem","position":1,"name":"Portada","item":"https:\/\/dev.explora.cl\/antofagasta\/"},{"@type":"ListItem","position":2,"name":"PAR Explora Antofagasta ya seleccion\u00f3 a equipo IIE representante para el Congreso Nacional Explora"}]},{"@type":"WebSite","@id":"https:\/\/dev.explora.cl\/antofagasta\/#website","url":"https:\/\/dev.explora.cl\/antofagasta\/","name":"Antofagasta","description":"Otro sitio m\u00e1s de dev.explora.cl","potentialAction":[{"@type":"SearchAction","target":{"@type":"EntryPoint","urlTemplate":"https:\/\/dev.explora.cl\/antofagasta\/?s={search_term_string}"},"query-input":{"@type":"PropertyValueSpecification","valueRequired":true,"valueName":"search_term_string"}}],"inLanguage":"es-CL"},{"@type":"Person","@id":"https:\/\/dev.explora.cl\/antofagasta\/#\/schema\/person\/71eda950cf8b3d75ad6c50a4d2179bcd","name":"cgomez","image":{"@type":"ImageObject","inLanguage":"es-CL","@id":"https:\/\/dev.explora.cl\/antofagasta\/#\/schema\/person\/image\/","url":"https:\/\/secure.gravatar.com\/avatar\/0c1e119225e98dd5c5a5a0d26c2bd2448642e86ce4fece294b57037090af5dd6?s=96&d=mm&r=g","contentUrl":"https:\/\/secure.gravatar.com\/avatar\/0c1e119225e98dd5c5a5a0d26c2bd2448642e86ce4fece294b57037090af5dd6?s=96&d=mm&r=g","caption":"cgomez"},"url":"https:\/\/dev.explora.cl\/antofagasta\/author\/cgomez\/"}]}},"_links":{"self":[{"href":"https:\/\/dev.explora.cl\/antofagasta\/wp-json\/wp\/v2\/posts\/42539","targetHints":{"allow":["GET"]}}],"collection":[{"href":"https:\/\/dev.explora.cl\/antofagasta\/wp-json\/wp\/v2\/posts"}],"about":[{"href":"https:\/\/dev.explora.cl\/antofagasta\/wp-json\/wp\/v2\/types\/post"}],"author":[{"embeddable":true,"href":"https:\/\/dev.explora.cl\/antofagasta\/wp-json\/wp\/v2\/users\/19"}],"replies":[{"embeddable":true,"href":"https:\/\/dev.explora.cl\/antofagasta\/wp-json\/wp\/v2\/comments?post=42539"}],"version-history":[{"count":2,"href":"https:\/\/dev.explora.cl\/antofagasta\/wp-json\/wp\/v2\/posts\/42539\/revisions"}],"predecessor-version":[{"id":42542,"href":"https:\/\/dev.explora.cl\/antofagasta\/wp-json\/wp\/v2\/posts\/42539\/revisions\/42542"}],"wp:featuredmedia":[{"embeddable":true,"href":"https:\/\/dev.explora.cl\/antofagasta\/wp-json\/wp\/v2\/media\/42540"}],"wp:attachment":[{"href":"https:\/\/dev.explora.cl\/antofagasta\/wp-json\/wp\/v2\/media?parent=42539"}],"wp:term":[{"taxonomy":"category","embeddable":true,"href":"https:\/\/dev.explora.cl\/antofagasta\/wp-json\/wp\/v2\/categories?post=42539"},{"taxonomy":"post_tag","embeddable":true,"href":"https:\/\/dev.explora.cl\/antofagasta\/wp-json\/wp\/v2\/tags?post=42539"}],"curies":[{"name":"wp","href":"https:\/\/api.w.org\/{rel}","templated":true}]}}