{"id":42159,"date":"2024-03-25T16:53:27","date_gmt":"2024-03-25T19:53:27","guid":{"rendered":"https:\/\/dev.explora.cl\/antofagasta\/?p=42159"},"modified":"2024-04-09T10:57:35","modified_gmt":"2024-04-09T14:57:35","slug":"par-explora-antofagasta-se-reune-con-daem-de-sierra-gorda-y-posibilita-apertura-de-los-programas-iie-y-pipe-en-baquedano","status":"publish","type":"post","link":"https:\/\/dev.explora.cl\/antofagasta\/par-explora-antofagasta-se-reune-con-daem-de-sierra-gorda-y-posibilita-apertura-de-los-programas-iie-y-pipe-en-baquedano\/","title":{"rendered":"PAR Explora Antofagasta se re\u00fane con DAEM de Sierra Gorda y posibilita apertura de los programas IIE y PIPE en Baquedano"},"content":{"rendered":"<p style=\"text-align: justify;margin: 12.0pt 0cm 12.0pt 0cm\"><span style=\"font-size: 11.0pt;font-family: 'Arial','sans-serif';color: black\">A una semana del lanzamiento de las convocatorias 2024 para postular a los programas IIE y PIPE, PAR Explora Antofagasta se reuni\u00f3 con el Coordinador del Departamento de Administraci\u00f3n de Educaci\u00f3n Municipal (DAEM) de Sierra Gorda, Manuel Arenas, para extender la invitaci\u00f3n a participar en estas nuevas versiones a la comunidad educativa de la comuna, que se encontrar\u00e1n abiertas hasta el d\u00eda jueves 04 de abril.<\/span><\/p>\n<p style=\"text-align: justify;margin: 12.0pt 0cm 12.0pt 0cm\"><span style=\"font-size: 11.0pt;font-family: 'Arial','sans-serif';color: black\">En la reuni\u00f3n, que se realiz\u00f3 el d\u00eda viernes 15 de marzo, la Coordinadora de Rutas Formativas de PAR Explora, Ximena Joo, y el Coordinador Ejecutivo del mismo proyecto, Marcelo Pe\u00f1ailillo, presentaron formalmente las nuevas versiones de los programas y abordaron los desaf\u00edos y las expectativas que se esperan cumplir este a\u00f1o.\u00a0<\/span><\/p>\n<p style=\"text-align: justify;margin: 12.0pt 0cm 12.0pt 0cm\"><span style=\"font-size: 11.0pt;font-family: 'Arial','sans-serif';color: black\">Durante el 2023, la comuna de Sierra Gorda particip\u00f3 en los programas IIE y PIPE a trav\u00e9s del Complejo Educativo Caracoles con un total de diez estudiantes y cuatro proyectos que se desarrollaron en el \u00e1rea de investigaci\u00f3n y ciencias naturales.\u00a0<\/span><\/p>\n<p style=\"text-align: justify;margin: 12.0pt 0cm 12.0pt 0cm\"><span style=\"font-size: 11.0pt;font-family: 'Arial','sans-serif';color: black\">Respecto a lo anterior, el coordinador DAEM de Sierra Gorda, Manuel Arenas, afirm\u00f3 que la oportunidad que entrega el Proyecto Asociativo Regional Explora Antofagasta es de alto valor para el desarrollo de aprendizajes de ni\u00f1as y ni\u00f1os, enfatizando en que \u201ces importante desarrollar la inquietud cuando est\u00e1n m\u00e1s peque\u00f1os\u201d.<\/span><\/p>\n<p style=\"text-align: justify;margin: 12.0pt 0cm 12.0pt 0cm\"><span style=\"font-size: 11.0pt;font-family: 'Arial','sans-serif';color: black\">Por otro lado, de acuerdo a los principios de PAR Explora Antofagasta, en cuanto a inclusi\u00f3n, diversidad cultural y equidad de g\u00e9nero CTCI, se convers\u00f3 la posibilidad de aperturar ambos programas en la localidad de Baquedano, con la finalidad de acercar las ciencias a su comunidad escolar.\u00a0<\/span><\/p>\n<p style=\"text-align: justify;margin: 12.0pt 0cm 12.0pt 0cm\"><span style=\"font-size: 11.0pt;font-family: 'Arial','sans-serif';color: black\">En este contexto, el Coordinador Ejecutivo de PAR Explora Antofagasta, Marcelo Pe\u00f1ailillo, concluy\u00f3 la reuni\u00f3n afirmando que \u201ces muy relevante poder llegar a las comunidades m\u00e1s aisladas, y mostrar los resultados y las novedades que este a\u00f1o tiene el Proyecto Asociativo Regional Antofagasta\u201d.<\/span><\/p>\n","protected":false},"excerpt":{"rendered":"<p>A una semana del lanzamiento de las convocatorias 2024 para postular a los programas IIE y PIPE, PAR Explora Antofagasta se reuni\u00f3 con el Coordinador del Departamento de Administraci\u00f3n de Educaci\u00f3n Municipal (DAEM) de Sierra Gorda, Manuel Arenas, para extender la invitaci\u00f3n a participar en estas nuevas versiones a la comunidad educativa de la comuna, [&hellip;]<\/p>\n","protected":false},"author":19,"featured_media":42160,"comment_status":"open","ping_status":"open","sticky":false,"template":"","format":"standard","meta":{"_acf_changed":false,"_exactmetrics_skip_tracking":false,"_exactmetrics_sitenote_active":false,"_exactmetrics_sitenote_note":"","_exactmetrics_sitenote_category":0,"footnotes":"","_links_to":"","_links_to_target":""},"categories":[141,4],"tags":[],"class_list":["post-42159","post","type-post","status-publish","format-standard","has-post-thumbnail","hentry","category-lugar-6","category-noticias"],"acf":[],"yoast_head":"<!-- This site is optimized with the Yoast SEO plugin v26.7 - https:\/\/yoast.com\/wordpress\/plugins\/seo\/ -->\n<title>PAR Explora Antofagasta se re\u00fane con DAEM de Sierra Gorda y posibilita apertura de los programas IIE y PIPE en Baquedano - Antofagasta<\/title>\n<meta name=\"robots\" content=\"index, follow, max-snippet:-1, max-image-preview:large, max-video-preview:-1\" \/>\n<link rel=\"canonical\" href=\"https:\/\/dev.explora.cl\/antofagasta\/par-explora-antofagasta-se-reune-con-daem-de-sierra-gorda-y-posibilita-apertura-de-los-programas-iie-y-pipe-en-baquedano\/\" class=\"yoast-seo-meta-tag\" \/>\n<meta property=\"og:locale\" content=\"es_ES\" class=\"yoast-seo-meta-tag\" \/>\n<meta property=\"og:type\" content=\"article\" class=\"yoast-seo-meta-tag\" \/>\n<meta property=\"og:title\" content=\"PAR Explora Antofagasta se re\u00fane con DAEM de Sierra Gorda y posibilita apertura de los programas IIE y PIPE en Baquedano - Antofagasta\" class=\"yoast-seo-meta-tag\" \/>\n<meta property=\"og:description\" content=\"A una semana del lanzamiento de las convocatorias 2024 para postular a los programas IIE y PIPE, PAR Explora Antofagasta se reuni\u00f3 con el Coordinador del Departamento de Administraci\u00f3n de Educaci\u00f3n Municipal (DAEM) de Sierra Gorda, Manuel Arenas, para extender la invitaci\u00f3n a participar en estas nuevas versiones a la comunidad educativa de la comuna, [&hellip;]\" class=\"yoast-seo-meta-tag\" \/>\n<meta property=\"og:url\" content=\"https:\/\/dev.explora.cl\/antofagasta\/par-explora-antofagasta-se-reune-con-daem-de-sierra-gorda-y-posibilita-apertura-de-los-programas-iie-y-pipe-en-baquedano\/\" class=\"yoast-seo-meta-tag\" \/>\n<meta property=\"og:site_name\" content=\"Antofagasta\" class=\"yoast-seo-meta-tag\" \/>\n<meta property=\"article:published_time\" content=\"2024-03-25T19:53:27+00:00\" class=\"yoast-seo-meta-tag\" \/>\n<meta property=\"article:modified_time\" content=\"2024-04-09T14:57:35+00:00\" class=\"yoast-seo-meta-tag\" \/>\n<meta property=\"og:image\" content=\"https:\/\/dev.explora.cl\/antofagasta\/wp-content\/uploads\/sites\/4\/2024\/03\/foto-sierra-gorda.png\" class=\"yoast-seo-meta-tag\" \/>\n\t<meta property=\"og:image:width\" content=\"1113\" class=\"yoast-seo-meta-tag\" \/>\n\t<meta property=\"og:image:height\" content=\"602\" class=\"yoast-seo-meta-tag\" \/>\n\t<meta property=\"og:image:type\" content=\"image\/png\" class=\"yoast-seo-meta-tag\" \/>\n<meta name=\"author\" content=\"cgomez\" class=\"yoast-seo-meta-tag\" \/>\n<meta name=\"twitter:card\" content=\"summary_large_image\" class=\"yoast-seo-meta-tag\" \/>\n<meta name=\"twitter:label1\" content=\"Escrito por\" class=\"yoast-seo-meta-tag\" \/>\n\t<meta name=\"twitter:data1\" content=\"cgomez\" class=\"yoast-seo-meta-tag\" \/>\n\t<meta name=\"twitter:label2\" content=\"Tiempo estimado de lectura\" class=\"yoast-seo-meta-tag\" \/>\n\t<meta name=\"twitter:data2\" content=\"2 minutos\" class=\"yoast-seo-meta-tag\" \/>\n<script type=\"application\/ld+json\" class=\"yoast-schema-graph\">{\"@context\":\"https:\/\/schema.org\",\"@graph\":[{\"@type\":\"Article\",\"@id\":\"https:\/\/dev.explora.cl\/antofagasta\/par-explora-antofagasta-se-reune-con-daem-de-sierra-gorda-y-posibilita-apertura-de-los-programas-iie-y-pipe-en-baquedano\/#article\",\"isPartOf\":{\"@id\":\"https:\/\/dev.explora.cl\/antofagasta\/par-explora-antofagasta-se-reune-con-daem-de-sierra-gorda-y-posibilita-apertura-de-los-programas-iie-y-pipe-en-baquedano\/\"},\"author\":{\"name\":\"cgomez\",\"@id\":\"https:\/\/dev.explora.cl\/antofagasta\/#\/schema\/person\/71eda950cf8b3d75ad6c50a4d2179bcd\"},\"headline\":\"PAR Explora Antofagasta se re\u00fane con DAEM de Sierra Gorda y posibilita apertura de los programas IIE y PIPE en Baquedano\",\"datePublished\":\"2024-03-25T19:53:27+00:00\",\"dateModified\":\"2024-04-09T14:57:35+00:00\",\"mainEntityOfPage\":{\"@id\":\"https:\/\/dev.explora.cl\/antofagasta\/par-explora-antofagasta-se-reune-con-daem-de-sierra-gorda-y-posibilita-apertura-de-los-programas-iie-y-pipe-en-baquedano\/\"},\"wordCount\":339,\"commentCount\":0,\"image\":{\"@id\":\"https:\/\/dev.explora.cl\/antofagasta\/par-explora-antofagasta-se-reune-con-daem-de-sierra-gorda-y-posibilita-apertura-de-los-programas-iie-y-pipe-en-baquedano\/#primaryimage\"},\"thumbnailUrl\":\"https:\/\/dev.explora.cl\/antofagasta\/wp-content\/uploads\/sites\/4\/2024\/03\/foto-sierra-gorda.png\",\"articleSection\":[\"Lugar 6\",\"Noticias\"],\"inLanguage\":\"es-CL\",\"potentialAction\":[{\"@type\":\"CommentAction\",\"name\":\"Comment\",\"target\":[\"https:\/\/dev.explora.cl\/antofagasta\/par-explora-antofagasta-se-reune-con-daem-de-sierra-gorda-y-posibilita-apertura-de-los-programas-iie-y-pipe-en-baquedano\/#respond\"]}]},{\"@type\":\"WebPage\",\"@id\":\"https:\/\/dev.explora.cl\/antofagasta\/par-explora-antofagasta-se-reune-con-daem-de-sierra-gorda-y-posibilita-apertura-de-los-programas-iie-y-pipe-en-baquedano\/\",\"url\":\"https:\/\/dev.explora.cl\/antofagasta\/par-explora-antofagasta-se-reune-con-daem-de-sierra-gorda-y-posibilita-apertura-de-los-programas-iie-y-pipe-en-baquedano\/\",\"name\":\"PAR Explora Antofagasta se re\u00fane con DAEM de Sierra Gorda y posibilita apertura de los programas IIE y PIPE en Baquedano - Antofagasta\",\"isPartOf\":{\"@id\":\"https:\/\/dev.explora.cl\/antofagasta\/#website\"},\"primaryImageOfPage\":{\"@id\":\"https:\/\/dev.explora.cl\/antofagasta\/par-explora-antofagasta-se-reune-con-daem-de-sierra-gorda-y-posibilita-apertura-de-los-programas-iie-y-pipe-en-baquedano\/#primaryimage\"},\"image\":{\"@id\":\"https:\/\/dev.explora.cl\/antofagasta\/par-explora-antofagasta-se-reune-con-daem-de-sierra-gorda-y-posibilita-apertura-de-los-programas-iie-y-pipe-en-baquedano\/#primaryimage\"},\"thumbnailUrl\":\"https:\/\/dev.explora.cl\/antofagasta\/wp-content\/uploads\/sites\/4\/2024\/03\/foto-sierra-gorda.png\",\"datePublished\":\"2024-03-25T19:53:27+00:00\",\"dateModified\":\"2024-04-09T14:57:35+00:00\",\"author\":{\"@id\":\"https:\/\/dev.explora.cl\/antofagasta\/#\/schema\/person\/71eda950cf8b3d75ad6c50a4d2179bcd\"},\"breadcrumb\":{\"@id\":\"https:\/\/dev.explora.cl\/antofagasta\/par-explora-antofagasta-se-reune-con-daem-de-sierra-gorda-y-posibilita-apertura-de-los-programas-iie-y-pipe-en-baquedano\/#breadcrumb\"},\"inLanguage\":\"es-CL\",\"potentialAction\":[{\"@type\":\"ReadAction\",\"target\":[\"https:\/\/dev.explora.cl\/antofagasta\/par-explora-antofagasta-se-reune-con-daem-de-sierra-gorda-y-posibilita-apertura-de-los-programas-iie-y-pipe-en-baquedano\/\"]}]},{\"@type\":\"ImageObject\",\"inLanguage\":\"es-CL\",\"@id\":\"https:\/\/dev.explora.cl\/antofagasta\/par-explora-antofagasta-se-reune-con-daem-de-sierra-gorda-y-posibilita-apertura-de-los-programas-iie-y-pipe-en-baquedano\/#primaryimage\",\"url\":\"https:\/\/dev.explora.cl\/antofagasta\/wp-content\/uploads\/sites\/4\/2024\/03\/foto-sierra-gorda.png\",\"contentUrl\":\"https:\/\/dev.explora.cl\/antofagasta\/wp-content\/uploads\/sites\/4\/2024\/03\/foto-sierra-gorda.png\",\"width\":1113,\"height\":602},{\"@type\":\"BreadcrumbList\",\"@id\":\"https:\/\/dev.explora.cl\/antofagasta\/par-explora-antofagasta-se-reune-con-daem-de-sierra-gorda-y-posibilita-apertura-de-los-programas-iie-y-pipe-en-baquedano\/#breadcrumb\",\"itemListElement\":[{\"@type\":\"ListItem\",\"position\":1,\"name\":\"Portada\",\"item\":\"https:\/\/dev.explora.cl\/antofagasta\/\"},{\"@type\":\"ListItem\",\"position\":2,\"name\":\"PAR Explora Antofagasta se re\u00fane con DAEM de Sierra Gorda y posibilita apertura de los programas IIE y PIPE en Baquedano\"}]},{\"@type\":\"WebSite\",\"@id\":\"https:\/\/dev.explora.cl\/antofagasta\/#website\",\"url\":\"https:\/\/dev.explora.cl\/antofagasta\/\",\"name\":\"Antofagasta\",\"description\":\"Otro sitio m\u00e1s de dev.explora.cl\",\"potentialAction\":[{\"@type\":\"SearchAction\",\"target\":{\"@type\":\"EntryPoint\",\"urlTemplate\":\"https:\/\/dev.explora.cl\/antofagasta\/?s={search_term_string}\"},\"query-input\":{\"@type\":\"PropertyValueSpecification\",\"valueRequired\":true,\"valueName\":\"search_term_string\"}}],\"inLanguage\":\"es-CL\"},{\"@type\":\"Person\",\"@id\":\"https:\/\/dev.explora.cl\/antofagasta\/#\/schema\/person\/71eda950cf8b3d75ad6c50a4d2179bcd\",\"name\":\"cgomez\",\"image\":{\"@type\":\"ImageObject\",\"inLanguage\":\"es-CL\",\"@id\":\"https:\/\/dev.explora.cl\/antofagasta\/#\/schema\/person\/image\/\",\"url\":\"https:\/\/secure.gravatar.com\/avatar\/0c1e119225e98dd5c5a5a0d26c2bd2448642e86ce4fece294b57037090af5dd6?s=96&d=mm&r=g\",\"contentUrl\":\"https:\/\/secure.gravatar.com\/avatar\/0c1e119225e98dd5c5a5a0d26c2bd2448642e86ce4fece294b57037090af5dd6?s=96&d=mm&r=g\",\"caption\":\"cgomez\"},\"url\":\"https:\/\/dev.explora.cl\/antofagasta\/author\/cgomez\/\"}]}<\/script>\n<!-- \/ Yoast SEO plugin. -->","yoast_head_json":{"title":"PAR Explora Antofagasta se re\u00fane con DAEM de Sierra Gorda y posibilita apertura de los programas IIE y PIPE en Baquedano - Antofagasta","robots":{"index":"index","follow":"follow","max-snippet":"max-snippet:-1","max-image-preview":"max-image-preview:large","max-video-preview":"max-video-preview:-1"},"canonical":"https:\/\/dev.explora.cl\/antofagasta\/par-explora-antofagasta-se-reune-con-daem-de-sierra-gorda-y-posibilita-apertura-de-los-programas-iie-y-pipe-en-baquedano\/","og_locale":"es_ES","og_type":"article","og_title":"PAR Explora Antofagasta se re\u00fane con DAEM de Sierra Gorda y posibilita apertura de los programas IIE y PIPE en Baquedano - Antofagasta","og_description":"A una semana del lanzamiento de las convocatorias 2024 para postular a los programas IIE y PIPE, PAR Explora Antofagasta se reuni\u00f3 con el Coordinador del Departamento de Administraci\u00f3n de Educaci\u00f3n Municipal (DAEM) de Sierra Gorda, Manuel Arenas, para extender la invitaci\u00f3n a participar en estas nuevas versiones a la comunidad educativa de la comuna, [&hellip;]","og_url":"https:\/\/dev.explora.cl\/antofagasta\/par-explora-antofagasta-se-reune-con-daem-de-sierra-gorda-y-posibilita-apertura-de-los-programas-iie-y-pipe-en-baquedano\/","og_site_name":"Antofagasta","article_published_time":"2024-03-25T19:53:27+00:00","article_modified_time":"2024-04-09T14:57:35+00:00","og_image":[{"width":1113,"height":602,"url":"https:\/\/dev.explora.cl\/antofagasta\/wp-content\/uploads\/sites\/4\/2024\/03\/foto-sierra-gorda.png","type":"image\/png"}],"author":"cgomez","twitter_card":"summary_large_image","twitter_misc":{"Escrito por":"cgomez","Tiempo estimado de lectura":"2 minutos"},"schema":{"@context":"https:\/\/schema.org","@graph":[{"@type":"Article","@id":"https:\/\/dev.explora.cl\/antofagasta\/par-explora-antofagasta-se-reune-con-daem-de-sierra-gorda-y-posibilita-apertura-de-los-programas-iie-y-pipe-en-baquedano\/#article","isPartOf":{"@id":"https:\/\/dev.explora.cl\/antofagasta\/par-explora-antofagasta-se-reune-con-daem-de-sierra-gorda-y-posibilita-apertura-de-los-programas-iie-y-pipe-en-baquedano\/"},"author":{"name":"cgomez","@id":"https:\/\/dev.explora.cl\/antofagasta\/#\/schema\/person\/71eda950cf8b3d75ad6c50a4d2179bcd"},"headline":"PAR Explora Antofagasta se re\u00fane con DAEM de Sierra Gorda y posibilita apertura de los programas IIE y PIPE en Baquedano","datePublished":"2024-03-25T19:53:27+00:00","dateModified":"2024-04-09T14:57:35+00:00","mainEntityOfPage":{"@id":"https:\/\/dev.explora.cl\/antofagasta\/par-explora-antofagasta-se-reune-con-daem-de-sierra-gorda-y-posibilita-apertura-de-los-programas-iie-y-pipe-en-baquedano\/"},"wordCount":339,"commentCount":0,"image":{"@id":"https:\/\/dev.explora.cl\/antofagasta\/par-explora-antofagasta-se-reune-con-daem-de-sierra-gorda-y-posibilita-apertura-de-los-programas-iie-y-pipe-en-baquedano\/#primaryimage"},"thumbnailUrl":"https:\/\/dev.explora.cl\/antofagasta\/wp-content\/uploads\/sites\/4\/2024\/03\/foto-sierra-gorda.png","articleSection":["Lugar 6","Noticias"],"inLanguage":"es-CL","potentialAction":[{"@type":"CommentAction","name":"Comment","target":["https:\/\/dev.explora.cl\/antofagasta\/par-explora-antofagasta-se-reune-con-daem-de-sierra-gorda-y-posibilita-apertura-de-los-programas-iie-y-pipe-en-baquedano\/#respond"]}]},{"@type":"WebPage","@id":"https:\/\/dev.explora.cl\/antofagasta\/par-explora-antofagasta-se-reune-con-daem-de-sierra-gorda-y-posibilita-apertura-de-los-programas-iie-y-pipe-en-baquedano\/","url":"https:\/\/dev.explora.cl\/antofagasta\/par-explora-antofagasta-se-reune-con-daem-de-sierra-gorda-y-posibilita-apertura-de-los-programas-iie-y-pipe-en-baquedano\/","name":"PAR Explora Antofagasta se re\u00fane con DAEM de Sierra Gorda y posibilita apertura de los programas IIE y PIPE en Baquedano - Antofagasta","isPartOf":{"@id":"https:\/\/dev.explora.cl\/antofagasta\/#website"},"primaryImageOfPage":{"@id":"https:\/\/dev.explora.cl\/antofagasta\/par-explora-antofagasta-se-reune-con-daem-de-sierra-gorda-y-posibilita-apertura-de-los-programas-iie-y-pipe-en-baquedano\/#primaryimage"},"image":{"@id":"https:\/\/dev.explora.cl\/antofagasta\/par-explora-antofagasta-se-reune-con-daem-de-sierra-gorda-y-posibilita-apertura-de-los-programas-iie-y-pipe-en-baquedano\/#primaryimage"},"thumbnailUrl":"https:\/\/dev.explora.cl\/antofagasta\/wp-content\/uploads\/sites\/4\/2024\/03\/foto-sierra-gorda.png","datePublished":"2024-03-25T19:53:27+00:00","dateModified":"2024-04-09T14:57:35+00:00","author":{"@id":"https:\/\/dev.explora.cl\/antofagasta\/#\/schema\/person\/71eda950cf8b3d75ad6c50a4d2179bcd"},"breadcrumb":{"@id":"https:\/\/dev.explora.cl\/antofagasta\/par-explora-antofagasta-se-reune-con-daem-de-sierra-gorda-y-posibilita-apertura-de-los-programas-iie-y-pipe-en-baquedano\/#breadcrumb"},"inLanguage":"es-CL","potentialAction":[{"@type":"ReadAction","target":["https:\/\/dev.explora.cl\/antofagasta\/par-explora-antofagasta-se-reune-con-daem-de-sierra-gorda-y-posibilita-apertura-de-los-programas-iie-y-pipe-en-baquedano\/"]}]},{"@type":"ImageObject","inLanguage":"es-CL","@id":"https:\/\/dev.explora.cl\/antofagasta\/par-explora-antofagasta-se-reune-con-daem-de-sierra-gorda-y-posibilita-apertura-de-los-programas-iie-y-pipe-en-baquedano\/#primaryimage","url":"https:\/\/dev.explora.cl\/antofagasta\/wp-content\/uploads\/sites\/4\/2024\/03\/foto-sierra-gorda.png","contentUrl":"https:\/\/dev.explora.cl\/antofagasta\/wp-content\/uploads\/sites\/4\/2024\/03\/foto-sierra-gorda.png","width":1113,"height":602},{"@type":"BreadcrumbList","@id":"https:\/\/dev.explora.cl\/antofagasta\/par-explora-antofagasta-se-reune-con-daem-de-sierra-gorda-y-posibilita-apertura-de-los-programas-iie-y-pipe-en-baquedano\/#breadcrumb","itemListElement":[{"@type":"ListItem","position":1,"name":"Portada","item":"https:\/\/dev.explora.cl\/antofagasta\/"},{"@type":"ListItem","position":2,"name":"PAR Explora Antofagasta se re\u00fane con DAEM de Sierra Gorda y posibilita apertura de los programas IIE y PIPE en Baquedano"}]},{"@type":"WebSite","@id":"https:\/\/dev.explora.cl\/antofagasta\/#website","url":"https:\/\/dev.explora.cl\/antofagasta\/","name":"Antofagasta","description":"Otro sitio m\u00e1s de dev.explora.cl","potentialAction":[{"@type":"SearchAction","target":{"@type":"EntryPoint","urlTemplate":"https:\/\/dev.explora.cl\/antofagasta\/?s={search_term_string}"},"query-input":{"@type":"PropertyValueSpecification","valueRequired":true,"valueName":"search_term_string"}}],"inLanguage":"es-CL"},{"@type":"Person","@id":"https:\/\/dev.explora.cl\/antofagasta\/#\/schema\/person\/71eda950cf8b3d75ad6c50a4d2179bcd","name":"cgomez","image":{"@type":"ImageObject","inLanguage":"es-CL","@id":"https:\/\/dev.explora.cl\/antofagasta\/#\/schema\/person\/image\/","url":"https:\/\/secure.gravatar.com\/avatar\/0c1e119225e98dd5c5a5a0d26c2bd2448642e86ce4fece294b57037090af5dd6?s=96&d=mm&r=g","contentUrl":"https:\/\/secure.gravatar.com\/avatar\/0c1e119225e98dd5c5a5a0d26c2bd2448642e86ce4fece294b57037090af5dd6?s=96&d=mm&r=g","caption":"cgomez"},"url":"https:\/\/dev.explora.cl\/antofagasta\/author\/cgomez\/"}]}},"_links":{"self":[{"href":"https:\/\/dev.explora.cl\/antofagasta\/wp-json\/wp\/v2\/posts\/42159","targetHints":{"allow":["GET"]}}],"collection":[{"href":"https:\/\/dev.explora.cl\/antofagasta\/wp-json\/wp\/v2\/posts"}],"about":[{"href":"https:\/\/dev.explora.cl\/antofagasta\/wp-json\/wp\/v2\/types\/post"}],"author":[{"embeddable":true,"href":"https:\/\/dev.explora.cl\/antofagasta\/wp-json\/wp\/v2\/users\/19"}],"replies":[{"embeddable":true,"href":"https:\/\/dev.explora.cl\/antofagasta\/wp-json\/wp\/v2\/comments?post=42159"}],"version-history":[{"count":1,"href":"https:\/\/dev.explora.cl\/antofagasta\/wp-json\/wp\/v2\/posts\/42159\/revisions"}],"predecessor-version":[{"id":42161,"href":"https:\/\/dev.explora.cl\/antofagasta\/wp-json\/wp\/v2\/posts\/42159\/revisions\/42161"}],"wp:featuredmedia":[{"embeddable":true,"href":"https:\/\/dev.explora.cl\/antofagasta\/wp-json\/wp\/v2\/media\/42160"}],"wp:attachment":[{"href":"https:\/\/dev.explora.cl\/antofagasta\/wp-json\/wp\/v2\/media?parent=42159"}],"wp:term":[{"taxonomy":"category","embeddable":true,"href":"https:\/\/dev.explora.cl\/antofagasta\/wp-json\/wp\/v2\/categories?post=42159"},{"taxonomy":"post_tag","embeddable":true,"href":"https:\/\/dev.explora.cl\/antofagasta\/wp-json\/wp\/v2\/tags?post=42159"}],"curies":[{"name":"wp","href":"https:\/\/api.w.org\/{rel}","templated":true}]}}