{"id":42041,"date":"2023-11-30T16:24:12","date_gmt":"2023-11-30T19:24:12","guid":{"rendered":"https:\/\/dev.explora.cl\/antofagasta\/?p=42041"},"modified":"2023-12-14T16:08:22","modified_gmt":"2023-12-14T19:08:22","slug":"asesores-cientificos-de-par-explora-antofagasta-valoraron-participacion-de-ninas-y-ninos-en-expociencia","status":"publish","type":"post","link":"https:\/\/dev.explora.cl\/antofagasta\/asesores-cientificos-de-par-explora-antofagasta-valoraron-participacion-de-ninas-y-ninos-en-expociencia\/","title":{"rendered":"Asesores Cient\u00edficos de PAR Explora Antofagasta valoraron participaci\u00f3n de ni\u00f1as y ni\u00f1os en ExpoCiencia"},"content":{"rendered":"<p>En el marco de la jornada de socializaci\u00f3n y retroalimentaci\u00f3n denominada \u201c<em>ConectaCiencia<\/em>\u201d, el cual congreg\u00f3 en la Universidad Cat\u00f3lica del Norte UCN a estudiantes de toda la regi\u00f3n de Antofagasta junto a sus profesores gu\u00edas, hubo una presentaci\u00f3n de proyectos de investigaci\u00f3n e innovaci\u00f3n escolar que congreg\u00f3 la mirada de todos los presentes. Hablamos de ExpoCiencia, instancia que convoc\u00f3 a ni\u00f1as y ni\u00f1os de tercero a sexto b\u00e1sico, y que impresion\u00f3 positivamente a las y los asesores cient\u00edficos que participaron de la jornada.<\/p>\n<p>Estudiantes provenientes de las comunas de Taltal, Calama y Antofagasta, pudieron dar a conocer sus proyectos, los cuales continuar\u00e1 el 2024, destacando la variedad de temas que abordaban y la seguridad en sus exposiciones.<\/p>\n<p><strong>Asesores Cient\u00edficos<\/strong><br \/>\nPara Sandra Fuentes doctora en Qu\u00edmica, y asesora cient\u00edfica en PAR Explora Antofagasta, lo visto la sorprendi\u00f3 gratamente. \u201c<em>La verdad me sorprendi\u00f3 el empoderamiento que ten\u00edan ni\u00f1as y ni\u00f1os con su con su tema, con la personalidad al exponerlo y lo convencido que estaban sobre sus proyectos. Espero que eso lo sigan conservando, que es algo que desgraciadamente con el tiempo he visto como profesora se va perdiendo. Estoy feliz, es como una retroalimentaci\u00f3n de energ\u00eda hacia m\u00ed tambi\u00e9n<\/em>\u201d.<\/p>\n<p>La profesional tambi\u00e9n coment\u00f3 la variedad de proyectos, las cuales abordaron disciplinas OCDE como Ciencias Naturales, Ciencias Sociales, Ciencias Salud, Ciencias Agr\u00edcolas y Humanidades. \u201c<em>Ojal\u00e1 existan m\u00e1s instancias como estas, adem\u00e1s de que vinieran muchos m\u00e1s colegios, porque creo que es la \u00fanica forma efectiva para que los estudiantes desde peque\u00f1o se comprometan tanto con la curiosidad, la investigaci\u00f3n, con tener ideas que abarcan la sociedad, la comuna, as\u00ed que yo creo que esta la forma, y espero que el d\u00eda de ma\u00f1ana tambi\u00e9n a ellos los motiva a seguir investigando\u201d<\/em> puntualiz\u00f3 Fuentes.<\/p>\n<p>Quien tambi\u00e9n destac\u00f3 la variedad de temas como el empoderamiento de los estudiantes fue Anna WlodarczyK, doctora en psicolog\u00eda y docente de la Escuela de Psicolog\u00eda de la UCN. \u201c<em>En general es super interesante que estos trabajos abarquen temas tan diversos, de diferentes \u00e1reas de conocimiento. Tambi\u00e9n me ha llamado mucho la atenci\u00f3n ver a los ni\u00f1os tan entusiasmados con sus proyectos, ideas que han surgido a partir de sus propias inquietudes, de su propia b\u00fasqueda, de su propia exploraci\u00f3n, que despu\u00e9s gracias a los profesores y asesores han podido llevarlo a cabo, desarrollando sus ideas de una forma m\u00e1s ordenada, para as\u00ed poder llevar a cabo una investigaci\u00f3n<\/em>\u201d.<\/p>\n<p>Cabe se\u00f1alar que en el marco de ExpoCiencia de ConectaCiencia, las ni\u00f1as y ni\u00f1os participaron de la actividad \u201c<em>postea la ciencia<\/em>\u201d, oportunidad en donde a trav\u00e9s de un check list de dos preguntas las y los estudiantes sugirieron por escrito como mejorar los proyectos de sus pares. De esta forma, y utilizando su lenguaje propio, contribuyeron con ideas con miras a potenciarlos, logrando as\u00ed la necesaria retroalimentaci\u00f3n entre pares.<\/p>\n<div id='gallery-1' class='gallery galleryid-42041 gallery-columns-3 gallery-size-thumbnail'><figure class='gallery-item'>\n\t\t\t<div class='gallery-icon landscape'>\n\t\t\t\t<a href='https:\/\/dev.explora.cl\/antofagasta\/asesores-cientificos-de-par-explora-antofagasta-valoraron-participacion-de-ninas-y-ninos-en-expociencia\/expociencia-1\/'><img loading=\"lazy\" decoding=\"async\" width=\"150\" height=\"150\" src=\"https:\/\/dev.explora.cl\/antofagasta\/wp-content\/uploads\/sites\/4\/2023\/11\/EXPOCIENCIA-1-150x150.jpg\" class=\"attachment-thumbnail size-thumbnail\" alt=\"\" srcset=\"https:\/\/dev.explora.cl\/antofagasta\/wp-content\/uploads\/sites\/4\/2023\/11\/EXPOCIENCIA-1-150x150.jpg 150w, https:\/\/dev.explora.cl\/antofagasta\/wp-content\/uploads\/sites\/4\/2023\/11\/EXPOCIENCIA-1-300x300.jpg 300w, https:\/\/dev.explora.cl\/antofagasta\/wp-content\/uploads\/sites\/4\/2023\/11\/EXPOCIENCIA-1-60x60.jpg 60w\" sizes=\"auto, (max-width: 150px) 100vw, 150px\" \/><\/a>\n\t\t\t<\/div><\/figure><figure class='gallery-item'>\n\t\t\t<div class='gallery-icon landscape'>\n\t\t\t\t<a href='https:\/\/dev.explora.cl\/antofagasta\/asesores-cientificos-de-par-explora-antofagasta-valoraron-participacion-de-ninas-y-ninos-en-expociencia\/expociencia-2\/'><img loading=\"lazy\" decoding=\"async\" width=\"150\" height=\"150\" src=\"https:\/\/dev.explora.cl\/antofagasta\/wp-content\/uploads\/sites\/4\/2023\/11\/EXPOCIENCIA-2-150x150.jpg\" class=\"attachment-thumbnail size-thumbnail\" alt=\"\" srcset=\"https:\/\/dev.explora.cl\/antofagasta\/wp-content\/uploads\/sites\/4\/2023\/11\/EXPOCIENCIA-2-150x150.jpg 150w, https:\/\/dev.explora.cl\/antofagasta\/wp-content\/uploads\/sites\/4\/2023\/11\/EXPOCIENCIA-2-300x300.jpg 300w, https:\/\/dev.explora.cl\/antofagasta\/wp-content\/uploads\/sites\/4\/2023\/11\/EXPOCIENCIA-2-60x60.jpg 60w\" sizes=\"auto, (max-width: 150px) 100vw, 150px\" \/><\/a>\n\t\t\t<\/div><\/figure><figure class='gallery-item'>\n\t\t\t<div class='gallery-icon landscape'>\n\t\t\t\t<a href='https:\/\/dev.explora.cl\/antofagasta\/asesores-cientificos-de-par-explora-antofagasta-valoraron-participacion-de-ninas-y-ninos-en-expociencia\/expociencia-3\/'><img loading=\"lazy\" decoding=\"async\" width=\"150\" height=\"150\" src=\"https:\/\/dev.explora.cl\/antofagasta\/wp-content\/uploads\/sites\/4\/2023\/11\/EXPOCIENCIA-3-150x150.jpg\" class=\"attachment-thumbnail size-thumbnail\" alt=\"\" srcset=\"https:\/\/dev.explora.cl\/antofagasta\/wp-content\/uploads\/sites\/4\/2023\/11\/EXPOCIENCIA-3-150x150.jpg 150w, https:\/\/dev.explora.cl\/antofagasta\/wp-content\/uploads\/sites\/4\/2023\/11\/EXPOCIENCIA-3-300x300.jpg 300w, https:\/\/dev.explora.cl\/antofagasta\/wp-content\/uploads\/sites\/4\/2023\/11\/EXPOCIENCIA-3-60x60.jpg 60w\" sizes=\"auto, (max-width: 150px) 100vw, 150px\" \/><\/a>\n\t\t\t<\/div><\/figure><figure class='gallery-item'>\n\t\t\t<div class='gallery-icon landscape'>\n\t\t\t\t<a href='https:\/\/dev.explora.cl\/antofagasta\/asesores-cientificos-de-par-explora-antofagasta-valoraron-participacion-de-ninas-y-ninos-en-expociencia\/expociencia-4\/'><img loading=\"lazy\" decoding=\"async\" width=\"150\" height=\"150\" src=\"https:\/\/dev.explora.cl\/antofagasta\/wp-content\/uploads\/sites\/4\/2023\/11\/EXPOCIENCIA-4-150x150.jpg\" class=\"attachment-thumbnail size-thumbnail\" alt=\"\" srcset=\"https:\/\/dev.explora.cl\/antofagasta\/wp-content\/uploads\/sites\/4\/2023\/11\/EXPOCIENCIA-4-150x150.jpg 150w, https:\/\/dev.explora.cl\/antofagasta\/wp-content\/uploads\/sites\/4\/2023\/11\/EXPOCIENCIA-4-300x300.jpg 300w, https:\/\/dev.explora.cl\/antofagasta\/wp-content\/uploads\/sites\/4\/2023\/11\/EXPOCIENCIA-4-60x60.jpg 60w\" sizes=\"auto, (max-width: 150px) 100vw, 150px\" \/><\/a>\n\t\t\t<\/div><\/figure><figure class='gallery-item'>\n\t\t\t<div class='gallery-icon landscape'>\n\t\t\t\t<a href='https:\/\/dev.explora.cl\/antofagasta\/asesores-cientificos-de-par-explora-antofagasta-valoraron-participacion-de-ninas-y-ninos-en-expociencia\/expociencia-5\/'><img loading=\"lazy\" decoding=\"async\" width=\"150\" height=\"150\" src=\"https:\/\/dev.explora.cl\/antofagasta\/wp-content\/uploads\/sites\/4\/2023\/11\/EXPOCIENCIA-5-150x150.jpg\" class=\"attachment-thumbnail size-thumbnail\" alt=\"\" srcset=\"https:\/\/dev.explora.cl\/antofagasta\/wp-content\/uploads\/sites\/4\/2023\/11\/EXPOCIENCIA-5-150x150.jpg 150w, https:\/\/dev.explora.cl\/antofagasta\/wp-content\/uploads\/sites\/4\/2023\/11\/EXPOCIENCIA-5-300x300.jpg 300w, https:\/\/dev.explora.cl\/antofagasta\/wp-content\/uploads\/sites\/4\/2023\/11\/EXPOCIENCIA-5-60x60.jpg 60w\" sizes=\"auto, (max-width: 150px) 100vw, 150px\" \/><\/a>\n\t\t\t<\/div><\/figure><figure class='gallery-item'>\n\t\t\t<div class='gallery-icon landscape'>\n\t\t\t\t<a href='https:\/\/dev.explora.cl\/antofagasta\/asesores-cientificos-de-par-explora-antofagasta-valoraron-participacion-de-ninas-y-ninos-en-expociencia\/expociencia-6\/'><img loading=\"lazy\" decoding=\"async\" width=\"150\" height=\"150\" src=\"https:\/\/dev.explora.cl\/antofagasta\/wp-content\/uploads\/sites\/4\/2023\/11\/EXPOCIENCIA-6-150x150.jpg\" class=\"attachment-thumbnail size-thumbnail\" alt=\"\" srcset=\"https:\/\/dev.explora.cl\/antofagasta\/wp-content\/uploads\/sites\/4\/2023\/11\/EXPOCIENCIA-6-150x150.jpg 150w, https:\/\/dev.explora.cl\/antofagasta\/wp-content\/uploads\/sites\/4\/2023\/11\/EXPOCIENCIA-6-300x300.jpg 300w, https:\/\/dev.explora.cl\/antofagasta\/wp-content\/uploads\/sites\/4\/2023\/11\/EXPOCIENCIA-6-60x60.jpg 60w\" sizes=\"auto, (max-width: 150px) 100vw, 150px\" \/><\/a>\n\t\t\t<\/div><\/figure>\n\t\t<\/div>\n\n","protected":false},"excerpt":{"rendered":"<p>En el marco de la jornada de socializaci\u00f3n y retroalimentaci\u00f3n denominada \u201cConectaCiencia\u201d, el cual congreg\u00f3 en la Universidad Cat\u00f3lica del Norte UCN a estudiantes de toda la regi\u00f3n de Antofagasta junto a sus profesores gu\u00edas, hubo una presentaci\u00f3n de proyectos de investigaci\u00f3n e innovaci\u00f3n escolar que congreg\u00f3 la mirada de todos los presentes. Hablamos de [&hellip;]<\/p>\n","protected":false},"author":19,"featured_media":42049,"comment_status":"open","ping_status":"open","sticky":false,"template":"","format":"standard","meta":{"_acf_changed":false,"_exactmetrics_skip_tracking":false,"_exactmetrics_sitenote_active":false,"_exactmetrics_sitenote_note":"","_exactmetrics_sitenote_category":0,"footnotes":"","_links_to":"","_links_to_target":""},"categories":[4,126,196],"tags":[386,387,385,382],"class_list":["post-42041","post","type-post","status-publish","format-standard","has-post-thumbnail","hentry","category-noticias","category-para-publico-general","category-quienes-somos-antofagasta","tag-asesores-cientificos","tag-conecta-ciencia","tag-expociencia","tag-iie"],"acf":[],"yoast_head":"<!-- This site is optimized with the Yoast SEO plugin v26.7 - https:\/\/yoast.com\/wordpress\/plugins\/seo\/ -->\n<title>Asesores Cient\u00edficos de PAR Explora Antofagasta valoraron participaci\u00f3n de ni\u00f1as y ni\u00f1os en ExpoCiencia - Antofagasta<\/title>\n<meta name=\"robots\" content=\"index, follow, max-snippet:-1, max-image-preview:large, max-video-preview:-1\" \/>\n<link rel=\"canonical\" href=\"https:\/\/dev.explora.cl\/antofagasta\/asesores-cientificos-de-par-explora-antofagasta-valoraron-participacion-de-ninas-y-ninos-en-expociencia\/\" class=\"yoast-seo-meta-tag\" \/>\n<meta property=\"og:locale\" content=\"es_ES\" class=\"yoast-seo-meta-tag\" \/>\n<meta property=\"og:type\" content=\"article\" class=\"yoast-seo-meta-tag\" \/>\n<meta property=\"og:title\" content=\"Asesores Cient\u00edficos de PAR Explora Antofagasta valoraron participaci\u00f3n de ni\u00f1as y ni\u00f1os en ExpoCiencia - Antofagasta\" class=\"yoast-seo-meta-tag\" \/>\n<meta property=\"og:description\" content=\"En el marco de la jornada de socializaci\u00f3n y retroalimentaci\u00f3n denominada \u201cConectaCiencia\u201d, el cual congreg\u00f3 en la Universidad Cat\u00f3lica del Norte UCN a estudiantes de toda la regi\u00f3n de Antofagasta junto a sus profesores gu\u00edas, hubo una presentaci\u00f3n de proyectos de investigaci\u00f3n e innovaci\u00f3n escolar que congreg\u00f3 la mirada de todos los presentes. Hablamos de [&hellip;]\" class=\"yoast-seo-meta-tag\" \/>\n<meta property=\"og:url\" content=\"https:\/\/dev.explora.cl\/antofagasta\/asesores-cientificos-de-par-explora-antofagasta-valoraron-participacion-de-ninas-y-ninos-en-expociencia\/\" class=\"yoast-seo-meta-tag\" \/>\n<meta property=\"og:site_name\" content=\"Antofagasta\" class=\"yoast-seo-meta-tag\" \/>\n<meta property=\"article:published_time\" content=\"2023-11-30T19:24:12+00:00\" class=\"yoast-seo-meta-tag\" \/>\n<meta property=\"article:modified_time\" content=\"2023-12-14T19:08:22+00:00\" class=\"yoast-seo-meta-tag\" \/>\n<meta property=\"og:image\" content=\"https:\/\/dev.explora.cl\/antofagasta\/wp-content\/uploads\/sites\/4\/2023\/11\/EXPOCIENCIA-7.jpg\" class=\"yoast-seo-meta-tag\" \/>\n\t<meta property=\"og:image:width\" content=\"1800\" class=\"yoast-seo-meta-tag\" \/>\n\t<meta property=\"og:image:height\" content=\"1200\" class=\"yoast-seo-meta-tag\" \/>\n\t<meta property=\"og:image:type\" content=\"image\/jpeg\" class=\"yoast-seo-meta-tag\" \/>\n<meta name=\"author\" content=\"cgomez\" class=\"yoast-seo-meta-tag\" \/>\n<meta name=\"twitter:card\" content=\"summary_large_image\" class=\"yoast-seo-meta-tag\" \/>\n<meta name=\"twitter:label1\" content=\"Escrito por\" class=\"yoast-seo-meta-tag\" \/>\n\t<meta name=\"twitter:data1\" content=\"cgomez\" class=\"yoast-seo-meta-tag\" \/>\n\t<meta name=\"twitter:label2\" content=\"Tiempo estimado de lectura\" class=\"yoast-seo-meta-tag\" \/>\n\t<meta name=\"twitter:data2\" content=\"3 minutos\" class=\"yoast-seo-meta-tag\" \/>\n<script type=\"application\/ld+json\" class=\"yoast-schema-graph\">{\"@context\":\"https:\/\/schema.org\",\"@graph\":[{\"@type\":\"Article\",\"@id\":\"https:\/\/dev.explora.cl\/antofagasta\/asesores-cientificos-de-par-explora-antofagasta-valoraron-participacion-de-ninas-y-ninos-en-expociencia\/#article\",\"isPartOf\":{\"@id\":\"https:\/\/dev.explora.cl\/antofagasta\/asesores-cientificos-de-par-explora-antofagasta-valoraron-participacion-de-ninas-y-ninos-en-expociencia\/\"},\"author\":{\"name\":\"cgomez\",\"@id\":\"https:\/\/dev.explora.cl\/antofagasta\/#\/schema\/person\/71eda950cf8b3d75ad6c50a4d2179bcd\"},\"headline\":\"Asesores Cient\u00edficos de PAR Explora Antofagasta valoraron participaci\u00f3n de ni\u00f1as y ni\u00f1os en ExpoCiencia\",\"datePublished\":\"2023-11-30T19:24:12+00:00\",\"dateModified\":\"2023-12-14T19:08:22+00:00\",\"mainEntityOfPage\":{\"@id\":\"https:\/\/dev.explora.cl\/antofagasta\/asesores-cientificos-de-par-explora-antofagasta-valoraron-participacion-de-ninas-y-ninos-en-expociencia\/\"},\"wordCount\":535,\"commentCount\":0,\"image\":{\"@id\":\"https:\/\/dev.explora.cl\/antofagasta\/asesores-cientificos-de-par-explora-antofagasta-valoraron-participacion-de-ninas-y-ninos-en-expociencia\/#primaryimage\"},\"thumbnailUrl\":\"https:\/\/dev.explora.cl\/antofagasta\/wp-content\/uploads\/sites\/4\/2023\/11\/EXPOCIENCIA-7.jpg\",\"keywords\":[\"Asesores Cient\u00edficos\",\"Conecta Ciencia\",\"ExpoCiencia\",\"IIE\"],\"articleSection\":[\"Noticias\",\"Para P\u00fablico General\",\"Quienes Somos Antofagasta\"],\"inLanguage\":\"es-CL\",\"potentialAction\":[{\"@type\":\"CommentAction\",\"name\":\"Comment\",\"target\":[\"https:\/\/dev.explora.cl\/antofagasta\/asesores-cientificos-de-par-explora-antofagasta-valoraron-participacion-de-ninas-y-ninos-en-expociencia\/#respond\"]}]},{\"@type\":\"WebPage\",\"@id\":\"https:\/\/dev.explora.cl\/antofagasta\/asesores-cientificos-de-par-explora-antofagasta-valoraron-participacion-de-ninas-y-ninos-en-expociencia\/\",\"url\":\"https:\/\/dev.explora.cl\/antofagasta\/asesores-cientificos-de-par-explora-antofagasta-valoraron-participacion-de-ninas-y-ninos-en-expociencia\/\",\"name\":\"Asesores Cient\u00edficos de PAR Explora Antofagasta valoraron participaci\u00f3n de ni\u00f1as y ni\u00f1os en ExpoCiencia - Antofagasta\",\"isPartOf\":{\"@id\":\"https:\/\/dev.explora.cl\/antofagasta\/#website\"},\"primaryImageOfPage\":{\"@id\":\"https:\/\/dev.explora.cl\/antofagasta\/asesores-cientificos-de-par-explora-antofagasta-valoraron-participacion-de-ninas-y-ninos-en-expociencia\/#primaryimage\"},\"image\":{\"@id\":\"https:\/\/dev.explora.cl\/antofagasta\/asesores-cientificos-de-par-explora-antofagasta-valoraron-participacion-de-ninas-y-ninos-en-expociencia\/#primaryimage\"},\"thumbnailUrl\":\"https:\/\/dev.explora.cl\/antofagasta\/wp-content\/uploads\/sites\/4\/2023\/11\/EXPOCIENCIA-7.jpg\",\"datePublished\":\"2023-11-30T19:24:12+00:00\",\"dateModified\":\"2023-12-14T19:08:22+00:00\",\"author\":{\"@id\":\"https:\/\/dev.explora.cl\/antofagasta\/#\/schema\/person\/71eda950cf8b3d75ad6c50a4d2179bcd\"},\"breadcrumb\":{\"@id\":\"https:\/\/dev.explora.cl\/antofagasta\/asesores-cientificos-de-par-explora-antofagasta-valoraron-participacion-de-ninas-y-ninos-en-expociencia\/#breadcrumb\"},\"inLanguage\":\"es-CL\",\"potentialAction\":[{\"@type\":\"ReadAction\",\"target\":[\"https:\/\/dev.explora.cl\/antofagasta\/asesores-cientificos-de-par-explora-antofagasta-valoraron-participacion-de-ninas-y-ninos-en-expociencia\/\"]}]},{\"@type\":\"ImageObject\",\"inLanguage\":\"es-CL\",\"@id\":\"https:\/\/dev.explora.cl\/antofagasta\/asesores-cientificos-de-par-explora-antofagasta-valoraron-participacion-de-ninas-y-ninos-en-expociencia\/#primaryimage\",\"url\":\"https:\/\/dev.explora.cl\/antofagasta\/wp-content\/uploads\/sites\/4\/2023\/11\/EXPOCIENCIA-7.jpg\",\"contentUrl\":\"https:\/\/dev.explora.cl\/antofagasta\/wp-content\/uploads\/sites\/4\/2023\/11\/EXPOCIENCIA-7.jpg\",\"width\":1800,\"height\":1200},{\"@type\":\"BreadcrumbList\",\"@id\":\"https:\/\/dev.explora.cl\/antofagasta\/asesores-cientificos-de-par-explora-antofagasta-valoraron-participacion-de-ninas-y-ninos-en-expociencia\/#breadcrumb\",\"itemListElement\":[{\"@type\":\"ListItem\",\"position\":1,\"name\":\"Portada\",\"item\":\"https:\/\/dev.explora.cl\/antofagasta\/\"},{\"@type\":\"ListItem\",\"position\":2,\"name\":\"Asesores Cient\u00edficos de PAR Explora Antofagasta valoraron participaci\u00f3n de ni\u00f1as y ni\u00f1os en ExpoCiencia\"}]},{\"@type\":\"WebSite\",\"@id\":\"https:\/\/dev.explora.cl\/antofagasta\/#website\",\"url\":\"https:\/\/dev.explora.cl\/antofagasta\/\",\"name\":\"Antofagasta\",\"description\":\"Otro sitio m\u00e1s de dev.explora.cl\",\"potentialAction\":[{\"@type\":\"SearchAction\",\"target\":{\"@type\":\"EntryPoint\",\"urlTemplate\":\"https:\/\/dev.explora.cl\/antofagasta\/?s={search_term_string}\"},\"query-input\":{\"@type\":\"PropertyValueSpecification\",\"valueRequired\":true,\"valueName\":\"search_term_string\"}}],\"inLanguage\":\"es-CL\"},{\"@type\":\"Person\",\"@id\":\"https:\/\/dev.explora.cl\/antofagasta\/#\/schema\/person\/71eda950cf8b3d75ad6c50a4d2179bcd\",\"name\":\"cgomez\",\"image\":{\"@type\":\"ImageObject\",\"inLanguage\":\"es-CL\",\"@id\":\"https:\/\/dev.explora.cl\/antofagasta\/#\/schema\/person\/image\/\",\"url\":\"https:\/\/secure.gravatar.com\/avatar\/0c1e119225e98dd5c5a5a0d26c2bd2448642e86ce4fece294b57037090af5dd6?s=96&d=mm&r=g\",\"contentUrl\":\"https:\/\/secure.gravatar.com\/avatar\/0c1e119225e98dd5c5a5a0d26c2bd2448642e86ce4fece294b57037090af5dd6?s=96&d=mm&r=g\",\"caption\":\"cgomez\"},\"url\":\"https:\/\/dev.explora.cl\/antofagasta\/author\/cgomez\/\"}]}<\/script>\n<!-- \/ Yoast SEO plugin. -->","yoast_head_json":{"title":"Asesores Cient\u00edficos de PAR Explora Antofagasta valoraron participaci\u00f3n de ni\u00f1as y ni\u00f1os en ExpoCiencia - Antofagasta","robots":{"index":"index","follow":"follow","max-snippet":"max-snippet:-1","max-image-preview":"max-image-preview:large","max-video-preview":"max-video-preview:-1"},"canonical":"https:\/\/dev.explora.cl\/antofagasta\/asesores-cientificos-de-par-explora-antofagasta-valoraron-participacion-de-ninas-y-ninos-en-expociencia\/","og_locale":"es_ES","og_type":"article","og_title":"Asesores Cient\u00edficos de PAR Explora Antofagasta valoraron participaci\u00f3n de ni\u00f1as y ni\u00f1os en ExpoCiencia - Antofagasta","og_description":"En el marco de la jornada de socializaci\u00f3n y retroalimentaci\u00f3n denominada \u201cConectaCiencia\u201d, el cual congreg\u00f3 en la Universidad Cat\u00f3lica del Norte UCN a estudiantes de toda la regi\u00f3n de Antofagasta junto a sus profesores gu\u00edas, hubo una presentaci\u00f3n de proyectos de investigaci\u00f3n e innovaci\u00f3n escolar que congreg\u00f3 la mirada de todos los presentes. Hablamos de [&hellip;]","og_url":"https:\/\/dev.explora.cl\/antofagasta\/asesores-cientificos-de-par-explora-antofagasta-valoraron-participacion-de-ninas-y-ninos-en-expociencia\/","og_site_name":"Antofagasta","article_published_time":"2023-11-30T19:24:12+00:00","article_modified_time":"2023-12-14T19:08:22+00:00","og_image":[{"width":1800,"height":1200,"url":"https:\/\/dev.explora.cl\/antofagasta\/wp-content\/uploads\/sites\/4\/2023\/11\/EXPOCIENCIA-7.jpg","type":"image\/jpeg"}],"author":"cgomez","twitter_card":"summary_large_image","twitter_misc":{"Escrito por":"cgomez","Tiempo estimado de lectura":"3 minutos"},"schema":{"@context":"https:\/\/schema.org","@graph":[{"@type":"Article","@id":"https:\/\/dev.explora.cl\/antofagasta\/asesores-cientificos-de-par-explora-antofagasta-valoraron-participacion-de-ninas-y-ninos-en-expociencia\/#article","isPartOf":{"@id":"https:\/\/dev.explora.cl\/antofagasta\/asesores-cientificos-de-par-explora-antofagasta-valoraron-participacion-de-ninas-y-ninos-en-expociencia\/"},"author":{"name":"cgomez","@id":"https:\/\/dev.explora.cl\/antofagasta\/#\/schema\/person\/71eda950cf8b3d75ad6c50a4d2179bcd"},"headline":"Asesores Cient\u00edficos de PAR Explora Antofagasta valoraron participaci\u00f3n de ni\u00f1as y ni\u00f1os en ExpoCiencia","datePublished":"2023-11-30T19:24:12+00:00","dateModified":"2023-12-14T19:08:22+00:00","mainEntityOfPage":{"@id":"https:\/\/dev.explora.cl\/antofagasta\/asesores-cientificos-de-par-explora-antofagasta-valoraron-participacion-de-ninas-y-ninos-en-expociencia\/"},"wordCount":535,"commentCount":0,"image":{"@id":"https:\/\/dev.explora.cl\/antofagasta\/asesores-cientificos-de-par-explora-antofagasta-valoraron-participacion-de-ninas-y-ninos-en-expociencia\/#primaryimage"},"thumbnailUrl":"https:\/\/dev.explora.cl\/antofagasta\/wp-content\/uploads\/sites\/4\/2023\/11\/EXPOCIENCIA-7.jpg","keywords":["Asesores Cient\u00edficos","Conecta Ciencia","ExpoCiencia","IIE"],"articleSection":["Noticias","Para P\u00fablico General","Quienes Somos Antofagasta"],"inLanguage":"es-CL","potentialAction":[{"@type":"CommentAction","name":"Comment","target":["https:\/\/dev.explora.cl\/antofagasta\/asesores-cientificos-de-par-explora-antofagasta-valoraron-participacion-de-ninas-y-ninos-en-expociencia\/#respond"]}]},{"@type":"WebPage","@id":"https:\/\/dev.explora.cl\/antofagasta\/asesores-cientificos-de-par-explora-antofagasta-valoraron-participacion-de-ninas-y-ninos-en-expociencia\/","url":"https:\/\/dev.explora.cl\/antofagasta\/asesores-cientificos-de-par-explora-antofagasta-valoraron-participacion-de-ninas-y-ninos-en-expociencia\/","name":"Asesores Cient\u00edficos de PAR Explora Antofagasta valoraron participaci\u00f3n de ni\u00f1as y ni\u00f1os en ExpoCiencia - Antofagasta","isPartOf":{"@id":"https:\/\/dev.explora.cl\/antofagasta\/#website"},"primaryImageOfPage":{"@id":"https:\/\/dev.explora.cl\/antofagasta\/asesores-cientificos-de-par-explora-antofagasta-valoraron-participacion-de-ninas-y-ninos-en-expociencia\/#primaryimage"},"image":{"@id":"https:\/\/dev.explora.cl\/antofagasta\/asesores-cientificos-de-par-explora-antofagasta-valoraron-participacion-de-ninas-y-ninos-en-expociencia\/#primaryimage"},"thumbnailUrl":"https:\/\/dev.explora.cl\/antofagasta\/wp-content\/uploads\/sites\/4\/2023\/11\/EXPOCIENCIA-7.jpg","datePublished":"2023-11-30T19:24:12+00:00","dateModified":"2023-12-14T19:08:22+00:00","author":{"@id":"https:\/\/dev.explora.cl\/antofagasta\/#\/schema\/person\/71eda950cf8b3d75ad6c50a4d2179bcd"},"breadcrumb":{"@id":"https:\/\/dev.explora.cl\/antofagasta\/asesores-cientificos-de-par-explora-antofagasta-valoraron-participacion-de-ninas-y-ninos-en-expociencia\/#breadcrumb"},"inLanguage":"es-CL","potentialAction":[{"@type":"ReadAction","target":["https:\/\/dev.explora.cl\/antofagasta\/asesores-cientificos-de-par-explora-antofagasta-valoraron-participacion-de-ninas-y-ninos-en-expociencia\/"]}]},{"@type":"ImageObject","inLanguage":"es-CL","@id":"https:\/\/dev.explora.cl\/antofagasta\/asesores-cientificos-de-par-explora-antofagasta-valoraron-participacion-de-ninas-y-ninos-en-expociencia\/#primaryimage","url":"https:\/\/dev.explora.cl\/antofagasta\/wp-content\/uploads\/sites\/4\/2023\/11\/EXPOCIENCIA-7.jpg","contentUrl":"https:\/\/dev.explora.cl\/antofagasta\/wp-content\/uploads\/sites\/4\/2023\/11\/EXPOCIENCIA-7.jpg","width":1800,"height":1200},{"@type":"BreadcrumbList","@id":"https:\/\/dev.explora.cl\/antofagasta\/asesores-cientificos-de-par-explora-antofagasta-valoraron-participacion-de-ninas-y-ninos-en-expociencia\/#breadcrumb","itemListElement":[{"@type":"ListItem","position":1,"name":"Portada","item":"https:\/\/dev.explora.cl\/antofagasta\/"},{"@type":"ListItem","position":2,"name":"Asesores Cient\u00edficos de PAR Explora Antofagasta valoraron participaci\u00f3n de ni\u00f1as y ni\u00f1os en ExpoCiencia"}]},{"@type":"WebSite","@id":"https:\/\/dev.explora.cl\/antofagasta\/#website","url":"https:\/\/dev.explora.cl\/antofagasta\/","name":"Antofagasta","description":"Otro sitio m\u00e1s de dev.explora.cl","potentialAction":[{"@type":"SearchAction","target":{"@type":"EntryPoint","urlTemplate":"https:\/\/dev.explora.cl\/antofagasta\/?s={search_term_string}"},"query-input":{"@type":"PropertyValueSpecification","valueRequired":true,"valueName":"search_term_string"}}],"inLanguage":"es-CL"},{"@type":"Person","@id":"https:\/\/dev.explora.cl\/antofagasta\/#\/schema\/person\/71eda950cf8b3d75ad6c50a4d2179bcd","name":"cgomez","image":{"@type":"ImageObject","inLanguage":"es-CL","@id":"https:\/\/dev.explora.cl\/antofagasta\/#\/schema\/person\/image\/","url":"https:\/\/secure.gravatar.com\/avatar\/0c1e119225e98dd5c5a5a0d26c2bd2448642e86ce4fece294b57037090af5dd6?s=96&d=mm&r=g","contentUrl":"https:\/\/secure.gravatar.com\/avatar\/0c1e119225e98dd5c5a5a0d26c2bd2448642e86ce4fece294b57037090af5dd6?s=96&d=mm&r=g","caption":"cgomez"},"url":"https:\/\/dev.explora.cl\/antofagasta\/author\/cgomez\/"}]}},"_links":{"self":[{"href":"https:\/\/dev.explora.cl\/antofagasta\/wp-json\/wp\/v2\/posts\/42041","targetHints":{"allow":["GET"]}}],"collection":[{"href":"https:\/\/dev.explora.cl\/antofagasta\/wp-json\/wp\/v2\/posts"}],"about":[{"href":"https:\/\/dev.explora.cl\/antofagasta\/wp-json\/wp\/v2\/types\/post"}],"author":[{"embeddable":true,"href":"https:\/\/dev.explora.cl\/antofagasta\/wp-json\/wp\/v2\/users\/19"}],"replies":[{"embeddable":true,"href":"https:\/\/dev.explora.cl\/antofagasta\/wp-json\/wp\/v2\/comments?post=42041"}],"version-history":[{"count":4,"href":"https:\/\/dev.explora.cl\/antofagasta\/wp-json\/wp\/v2\/posts\/42041\/revisions"}],"predecessor-version":[{"id":42083,"href":"https:\/\/dev.explora.cl\/antofagasta\/wp-json\/wp\/v2\/posts\/42041\/revisions\/42083"}],"wp:featuredmedia":[{"embeddable":true,"href":"https:\/\/dev.explora.cl\/antofagasta\/wp-json\/wp\/v2\/media\/42049"}],"wp:attachment":[{"href":"https:\/\/dev.explora.cl\/antofagasta\/wp-json\/wp\/v2\/media?parent=42041"}],"wp:term":[{"taxonomy":"category","embeddable":true,"href":"https:\/\/dev.explora.cl\/antofagasta\/wp-json\/wp\/v2\/categories?post=42041"},{"taxonomy":"post_tag","embeddable":true,"href":"https:\/\/dev.explora.cl\/antofagasta\/wp-json\/wp\/v2\/tags?post=42041"}],"curies":[{"name":"wp","href":"https:\/\/api.w.org\/{rel}","templated":true}]}}