{"id":41996,"date":"2023-08-28T11:58:45","date_gmt":"2023-08-28T15:58:45","guid":{"rendered":"https:\/\/dev.explora.cl\/antofagasta\/?p=41996"},"modified":"2023-10-23T16:04:40","modified_gmt":"2023-10-23T19:04:40","slug":"explora-antofagasta-vuelve-con-pipe","status":"publish","type":"post","link":"https:\/\/dev.explora.cl\/antofagasta\/explora-antofagasta-vuelve-con-pipe\/","title":{"rendered":"Explora Antofagasta vuelve con PIPE"},"content":{"rendered":"<p>El Proyecto Asociativo Regional Explora nuevamente trabajar\u00e1 este 2023 con educadoras de p\u00e1rvulos, t\u00e9cnicos de educaci\u00f3n parvularia y profesionales que se desempe\u00f1an en este segmento educativo de modalidades convencionales y no convencionales que pertenecen a establecimientos educacionales municipales, subvencionados, de Integra o JUNJI  y que se emplacen  en zonas preferentemente rurales de la regi\u00f3n de Antofagasta,   a trav\u00e9s de PIPE, Programa de Indagaci\u00f3n en Primeras Edades que busca fortalecer las competencias de los equipos pedag\u00f3gicos en Ciencia, Tecnolog\u00eda, Conocimiento e Innovaci\u00f3n, as\u00ed como desarrollar el pensamiento cr\u00edtico de los mismos. <\/p>\n<p>Para cumplir este fin el equipo Explora Antofagasta ha dispuesto una serie de estrategias que buscan el desarrollo efectivo de las competencias, a los equipos pedag\u00f3gicos, entre las cuales se cuentan el taller de co-dise\u00f1o para el trabajo en ciencias naturales, sociales y tecnolog\u00eda, as\u00ed como talleres de metodolog\u00eda indagatoria y evaluaci\u00f3n de aprendizajes. <\/p>\n<p>Adem\u00e1s, el proceso contempla el desarrollo de m\u00f3dulos para asegurar la valoraci\u00f3n y formaci\u00f3n de una cultura que promueva las CTCI (ciencias, tecnolog\u00eda, conocimiento e innovaci\u00f3n) y las instancias de reflexi\u00f3n de las mismas experiencias. <\/p>\n<p>Explora Antofagasta pertenece al Ministerio de Ciencia, Tecnolog\u00eda, Conocimiento e Innovaci\u00f3n y su ejecuci\u00f3n est\u00e1 a cargo de la Universidad Cat\u00f3lica del Norte. <\/p>\n","protected":false},"excerpt":{"rendered":"<p>El Proyecto Asociativo Regional Explora nuevamente trabajar\u00e1 este 2023 con educadoras de p\u00e1rvulos, t\u00e9cnicos de educaci\u00f3n parvularia y profesionales que se desempe\u00f1an en este segmento educativo de modalidades convencionales y no convencionales que pertenecen a establecimientos educacionales municipales, subvencionados, de Integra o JUNJI y que se emplacen en zonas preferentemente rurales de la regi\u00f3n de [&hellip;]<\/p>\n","protected":false},"author":19,"featured_media":41962,"comment_status":"open","ping_status":"open","sticky":false,"template":"","format":"standard","meta":{"_acf_changed":false,"_exactmetrics_skip_tracking":false,"_exactmetrics_sitenote_active":false,"_exactmetrics_sitenote_note":"","_exactmetrics_sitenote_category":0,"footnotes":"","_links_to":"","_links_to_target":""},"categories":[4,116,126],"tags":[],"class_list":["post-41996","post","type-post","status-publish","format-standard","has-post-thumbnail","hentry","category-noticias","category-para-comunidad-escolar","category-para-publico-general"],"acf":[],"yoast_head":"<!-- This site is optimized with the Yoast SEO plugin v26.7 - https:\/\/yoast.com\/wordpress\/plugins\/seo\/ -->\n<title>Explora Antofagasta vuelve con PIPE - Antofagasta<\/title>\n<meta name=\"robots\" content=\"index, follow, max-snippet:-1, max-image-preview:large, max-video-preview:-1\" \/>\n<link rel=\"canonical\" href=\"https:\/\/dev.explora.cl\/antofagasta\/explora-antofagasta-vuelve-con-pipe\/\" class=\"yoast-seo-meta-tag\" \/>\n<meta property=\"og:locale\" content=\"es_ES\" class=\"yoast-seo-meta-tag\" \/>\n<meta property=\"og:type\" content=\"article\" class=\"yoast-seo-meta-tag\" \/>\n<meta property=\"og:title\" content=\"Explora Antofagasta vuelve con PIPE - Antofagasta\" class=\"yoast-seo-meta-tag\" \/>\n<meta property=\"og:description\" content=\"El Proyecto Asociativo Regional Explora nuevamente trabajar\u00e1 este 2023 con educadoras de p\u00e1rvulos, t\u00e9cnicos de educaci\u00f3n parvularia y profesionales que se desempe\u00f1an en este segmento educativo de modalidades convencionales y no convencionales que pertenecen a establecimientos educacionales municipales, subvencionados, de Integra o JUNJI y que se emplacen en zonas preferentemente rurales de la regi\u00f3n de [&hellip;]\" class=\"yoast-seo-meta-tag\" \/>\n<meta property=\"og:url\" content=\"https:\/\/dev.explora.cl\/antofagasta\/explora-antofagasta-vuelve-con-pipe\/\" class=\"yoast-seo-meta-tag\" \/>\n<meta property=\"og:site_name\" content=\"Antofagasta\" class=\"yoast-seo-meta-tag\" \/>\n<meta property=\"article:published_time\" content=\"2023-08-28T15:58:45+00:00\" class=\"yoast-seo-meta-tag\" \/>\n<meta property=\"article:modified_time\" content=\"2023-10-23T19:04:40+00:00\" class=\"yoast-seo-meta-tag\" \/>\n<meta property=\"og:image\" content=\"https:\/\/dev.explora.cl\/antofagasta\/wp-content\/uploads\/sites\/4\/2023\/10\/Encuentro-Explora-Afta-4.jpg\" class=\"yoast-seo-meta-tag\" \/>\n\t<meta property=\"og:image:width\" content=\"1280\" class=\"yoast-seo-meta-tag\" \/>\n\t<meta property=\"og:image:height\" content=\"720\" class=\"yoast-seo-meta-tag\" \/>\n\t<meta property=\"og:image:type\" content=\"image\/jpeg\" class=\"yoast-seo-meta-tag\" \/>\n<meta name=\"author\" content=\"cgomez\" class=\"yoast-seo-meta-tag\" \/>\n<meta name=\"twitter:card\" content=\"summary_large_image\" class=\"yoast-seo-meta-tag\" \/>\n<meta name=\"twitter:label1\" content=\"Escrito por\" class=\"yoast-seo-meta-tag\" \/>\n\t<meta name=\"twitter:data1\" content=\"cgomez\" class=\"yoast-seo-meta-tag\" \/>\n\t<meta name=\"twitter:label2\" content=\"Tiempo estimado de lectura\" class=\"yoast-seo-meta-tag\" \/>\n\t<meta name=\"twitter:data2\" content=\"1 minuto\" class=\"yoast-seo-meta-tag\" \/>\n<script type=\"application\/ld+json\" class=\"yoast-schema-graph\">{\"@context\":\"https:\/\/schema.org\",\"@graph\":[{\"@type\":\"Article\",\"@id\":\"https:\/\/dev.explora.cl\/antofagasta\/explora-antofagasta-vuelve-con-pipe\/#article\",\"isPartOf\":{\"@id\":\"https:\/\/dev.explora.cl\/antofagasta\/explora-antofagasta-vuelve-con-pipe\/\"},\"author\":{\"name\":\"cgomez\",\"@id\":\"https:\/\/dev.explora.cl\/antofagasta\/#\/schema\/person\/71eda950cf8b3d75ad6c50a4d2179bcd\"},\"headline\":\"Explora Antofagasta vuelve con PIPE\",\"datePublished\":\"2023-08-28T15:58:45+00:00\",\"dateModified\":\"2023-10-23T19:04:40+00:00\",\"mainEntityOfPage\":{\"@id\":\"https:\/\/dev.explora.cl\/antofagasta\/explora-antofagasta-vuelve-con-pipe\/\"},\"wordCount\":233,\"commentCount\":0,\"image\":{\"@id\":\"https:\/\/dev.explora.cl\/antofagasta\/explora-antofagasta-vuelve-con-pipe\/#primaryimage\"},\"thumbnailUrl\":\"https:\/\/dev.explora.cl\/antofagasta\/wp-content\/uploads\/sites\/4\/2023\/10\/Encuentro-Explora-Afta-4.jpg\",\"articleSection\":[\"Noticias\",\"Para Comunidad Escolar\",\"Para P\u00fablico General\"],\"inLanguage\":\"es-CL\",\"potentialAction\":[{\"@type\":\"CommentAction\",\"name\":\"Comment\",\"target\":[\"https:\/\/dev.explora.cl\/antofagasta\/explora-antofagasta-vuelve-con-pipe\/#respond\"]}]},{\"@type\":\"WebPage\",\"@id\":\"https:\/\/dev.explora.cl\/antofagasta\/explora-antofagasta-vuelve-con-pipe\/\",\"url\":\"https:\/\/dev.explora.cl\/antofagasta\/explora-antofagasta-vuelve-con-pipe\/\",\"name\":\"Explora Antofagasta vuelve con PIPE - Antofagasta\",\"isPartOf\":{\"@id\":\"https:\/\/dev.explora.cl\/antofagasta\/#website\"},\"primaryImageOfPage\":{\"@id\":\"https:\/\/dev.explora.cl\/antofagasta\/explora-antofagasta-vuelve-con-pipe\/#primaryimage\"},\"image\":{\"@id\":\"https:\/\/dev.explora.cl\/antofagasta\/explora-antofagasta-vuelve-con-pipe\/#primaryimage\"},\"thumbnailUrl\":\"https:\/\/dev.explora.cl\/antofagasta\/wp-content\/uploads\/sites\/4\/2023\/10\/Encuentro-Explora-Afta-4.jpg\",\"datePublished\":\"2023-08-28T15:58:45+00:00\",\"dateModified\":\"2023-10-23T19:04:40+00:00\",\"author\":{\"@id\":\"https:\/\/dev.explora.cl\/antofagasta\/#\/schema\/person\/71eda950cf8b3d75ad6c50a4d2179bcd\"},\"breadcrumb\":{\"@id\":\"https:\/\/dev.explora.cl\/antofagasta\/explora-antofagasta-vuelve-con-pipe\/#breadcrumb\"},\"inLanguage\":\"es-CL\",\"potentialAction\":[{\"@type\":\"ReadAction\",\"target\":[\"https:\/\/dev.explora.cl\/antofagasta\/explora-antofagasta-vuelve-con-pipe\/\"]}]},{\"@type\":\"ImageObject\",\"inLanguage\":\"es-CL\",\"@id\":\"https:\/\/dev.explora.cl\/antofagasta\/explora-antofagasta-vuelve-con-pipe\/#primaryimage\",\"url\":\"https:\/\/dev.explora.cl\/antofagasta\/wp-content\/uploads\/sites\/4\/2023\/10\/Encuentro-Explora-Afta-4.jpg\",\"contentUrl\":\"https:\/\/dev.explora.cl\/antofagasta\/wp-content\/uploads\/sites\/4\/2023\/10\/Encuentro-Explora-Afta-4.jpg\",\"width\":1280,\"height\":720},{\"@type\":\"BreadcrumbList\",\"@id\":\"https:\/\/dev.explora.cl\/antofagasta\/explora-antofagasta-vuelve-con-pipe\/#breadcrumb\",\"itemListElement\":[{\"@type\":\"ListItem\",\"position\":1,\"name\":\"Portada\",\"item\":\"https:\/\/dev.explora.cl\/antofagasta\/\"},{\"@type\":\"ListItem\",\"position\":2,\"name\":\"Explora Antofagasta vuelve con PIPE\"}]},{\"@type\":\"WebSite\",\"@id\":\"https:\/\/dev.explora.cl\/antofagasta\/#website\",\"url\":\"https:\/\/dev.explora.cl\/antofagasta\/\",\"name\":\"Antofagasta\",\"description\":\"Otro sitio m\u00e1s de dev.explora.cl\",\"potentialAction\":[{\"@type\":\"SearchAction\",\"target\":{\"@type\":\"EntryPoint\",\"urlTemplate\":\"https:\/\/dev.explora.cl\/antofagasta\/?s={search_term_string}\"},\"query-input\":{\"@type\":\"PropertyValueSpecification\",\"valueRequired\":true,\"valueName\":\"search_term_string\"}}],\"inLanguage\":\"es-CL\"},{\"@type\":\"Person\",\"@id\":\"https:\/\/dev.explora.cl\/antofagasta\/#\/schema\/person\/71eda950cf8b3d75ad6c50a4d2179bcd\",\"name\":\"cgomez\",\"image\":{\"@type\":\"ImageObject\",\"inLanguage\":\"es-CL\",\"@id\":\"https:\/\/dev.explora.cl\/antofagasta\/#\/schema\/person\/image\/\",\"url\":\"https:\/\/secure.gravatar.com\/avatar\/0c1e119225e98dd5c5a5a0d26c2bd2448642e86ce4fece294b57037090af5dd6?s=96&d=mm&r=g\",\"contentUrl\":\"https:\/\/secure.gravatar.com\/avatar\/0c1e119225e98dd5c5a5a0d26c2bd2448642e86ce4fece294b57037090af5dd6?s=96&d=mm&r=g\",\"caption\":\"cgomez\"},\"url\":\"https:\/\/dev.explora.cl\/antofagasta\/author\/cgomez\/\"}]}<\/script>\n<!-- \/ Yoast SEO plugin. -->","yoast_head_json":{"title":"Explora Antofagasta vuelve con PIPE - Antofagasta","robots":{"index":"index","follow":"follow","max-snippet":"max-snippet:-1","max-image-preview":"max-image-preview:large","max-video-preview":"max-video-preview:-1"},"canonical":"https:\/\/dev.explora.cl\/antofagasta\/explora-antofagasta-vuelve-con-pipe\/","og_locale":"es_ES","og_type":"article","og_title":"Explora Antofagasta vuelve con PIPE - Antofagasta","og_description":"El Proyecto Asociativo Regional Explora nuevamente trabajar\u00e1 este 2023 con educadoras de p\u00e1rvulos, t\u00e9cnicos de educaci\u00f3n parvularia y profesionales que se desempe\u00f1an en este segmento educativo de modalidades convencionales y no convencionales que pertenecen a establecimientos educacionales municipales, subvencionados, de Integra o JUNJI y que se emplacen en zonas preferentemente rurales de la regi\u00f3n de [&hellip;]","og_url":"https:\/\/dev.explora.cl\/antofagasta\/explora-antofagasta-vuelve-con-pipe\/","og_site_name":"Antofagasta","article_published_time":"2023-08-28T15:58:45+00:00","article_modified_time":"2023-10-23T19:04:40+00:00","og_image":[{"width":1280,"height":720,"url":"https:\/\/dev.explora.cl\/antofagasta\/wp-content\/uploads\/sites\/4\/2023\/10\/Encuentro-Explora-Afta-4.jpg","type":"image\/jpeg"}],"author":"cgomez","twitter_card":"summary_large_image","twitter_misc":{"Escrito por":"cgomez","Tiempo estimado de lectura":"1 minuto"},"schema":{"@context":"https:\/\/schema.org","@graph":[{"@type":"Article","@id":"https:\/\/dev.explora.cl\/antofagasta\/explora-antofagasta-vuelve-con-pipe\/#article","isPartOf":{"@id":"https:\/\/dev.explora.cl\/antofagasta\/explora-antofagasta-vuelve-con-pipe\/"},"author":{"name":"cgomez","@id":"https:\/\/dev.explora.cl\/antofagasta\/#\/schema\/person\/71eda950cf8b3d75ad6c50a4d2179bcd"},"headline":"Explora Antofagasta vuelve con PIPE","datePublished":"2023-08-28T15:58:45+00:00","dateModified":"2023-10-23T19:04:40+00:00","mainEntityOfPage":{"@id":"https:\/\/dev.explora.cl\/antofagasta\/explora-antofagasta-vuelve-con-pipe\/"},"wordCount":233,"commentCount":0,"image":{"@id":"https:\/\/dev.explora.cl\/antofagasta\/explora-antofagasta-vuelve-con-pipe\/#primaryimage"},"thumbnailUrl":"https:\/\/dev.explora.cl\/antofagasta\/wp-content\/uploads\/sites\/4\/2023\/10\/Encuentro-Explora-Afta-4.jpg","articleSection":["Noticias","Para Comunidad Escolar","Para P\u00fablico General"],"inLanguage":"es-CL","potentialAction":[{"@type":"CommentAction","name":"Comment","target":["https:\/\/dev.explora.cl\/antofagasta\/explora-antofagasta-vuelve-con-pipe\/#respond"]}]},{"@type":"WebPage","@id":"https:\/\/dev.explora.cl\/antofagasta\/explora-antofagasta-vuelve-con-pipe\/","url":"https:\/\/dev.explora.cl\/antofagasta\/explora-antofagasta-vuelve-con-pipe\/","name":"Explora Antofagasta vuelve con PIPE - Antofagasta","isPartOf":{"@id":"https:\/\/dev.explora.cl\/antofagasta\/#website"},"primaryImageOfPage":{"@id":"https:\/\/dev.explora.cl\/antofagasta\/explora-antofagasta-vuelve-con-pipe\/#primaryimage"},"image":{"@id":"https:\/\/dev.explora.cl\/antofagasta\/explora-antofagasta-vuelve-con-pipe\/#primaryimage"},"thumbnailUrl":"https:\/\/dev.explora.cl\/antofagasta\/wp-content\/uploads\/sites\/4\/2023\/10\/Encuentro-Explora-Afta-4.jpg","datePublished":"2023-08-28T15:58:45+00:00","dateModified":"2023-10-23T19:04:40+00:00","author":{"@id":"https:\/\/dev.explora.cl\/antofagasta\/#\/schema\/person\/71eda950cf8b3d75ad6c50a4d2179bcd"},"breadcrumb":{"@id":"https:\/\/dev.explora.cl\/antofagasta\/explora-antofagasta-vuelve-con-pipe\/#breadcrumb"},"inLanguage":"es-CL","potentialAction":[{"@type":"ReadAction","target":["https:\/\/dev.explora.cl\/antofagasta\/explora-antofagasta-vuelve-con-pipe\/"]}]},{"@type":"ImageObject","inLanguage":"es-CL","@id":"https:\/\/dev.explora.cl\/antofagasta\/explora-antofagasta-vuelve-con-pipe\/#primaryimage","url":"https:\/\/dev.explora.cl\/antofagasta\/wp-content\/uploads\/sites\/4\/2023\/10\/Encuentro-Explora-Afta-4.jpg","contentUrl":"https:\/\/dev.explora.cl\/antofagasta\/wp-content\/uploads\/sites\/4\/2023\/10\/Encuentro-Explora-Afta-4.jpg","width":1280,"height":720},{"@type":"BreadcrumbList","@id":"https:\/\/dev.explora.cl\/antofagasta\/explora-antofagasta-vuelve-con-pipe\/#breadcrumb","itemListElement":[{"@type":"ListItem","position":1,"name":"Portada","item":"https:\/\/dev.explora.cl\/antofagasta\/"},{"@type":"ListItem","position":2,"name":"Explora Antofagasta vuelve con PIPE"}]},{"@type":"WebSite","@id":"https:\/\/dev.explora.cl\/antofagasta\/#website","url":"https:\/\/dev.explora.cl\/antofagasta\/","name":"Antofagasta","description":"Otro sitio m\u00e1s de dev.explora.cl","potentialAction":[{"@type":"SearchAction","target":{"@type":"EntryPoint","urlTemplate":"https:\/\/dev.explora.cl\/antofagasta\/?s={search_term_string}"},"query-input":{"@type":"PropertyValueSpecification","valueRequired":true,"valueName":"search_term_string"}}],"inLanguage":"es-CL"},{"@type":"Person","@id":"https:\/\/dev.explora.cl\/antofagasta\/#\/schema\/person\/71eda950cf8b3d75ad6c50a4d2179bcd","name":"cgomez","image":{"@type":"ImageObject","inLanguage":"es-CL","@id":"https:\/\/dev.explora.cl\/antofagasta\/#\/schema\/person\/image\/","url":"https:\/\/secure.gravatar.com\/avatar\/0c1e119225e98dd5c5a5a0d26c2bd2448642e86ce4fece294b57037090af5dd6?s=96&d=mm&r=g","contentUrl":"https:\/\/secure.gravatar.com\/avatar\/0c1e119225e98dd5c5a5a0d26c2bd2448642e86ce4fece294b57037090af5dd6?s=96&d=mm&r=g","caption":"cgomez"},"url":"https:\/\/dev.explora.cl\/antofagasta\/author\/cgomez\/"}]}},"_links":{"self":[{"href":"https:\/\/dev.explora.cl\/antofagasta\/wp-json\/wp\/v2\/posts\/41996","targetHints":{"allow":["GET"]}}],"collection":[{"href":"https:\/\/dev.explora.cl\/antofagasta\/wp-json\/wp\/v2\/posts"}],"about":[{"href":"https:\/\/dev.explora.cl\/antofagasta\/wp-json\/wp\/v2\/types\/post"}],"author":[{"embeddable":true,"href":"https:\/\/dev.explora.cl\/antofagasta\/wp-json\/wp\/v2\/users\/19"}],"replies":[{"embeddable":true,"href":"https:\/\/dev.explora.cl\/antofagasta\/wp-json\/wp\/v2\/comments?post=41996"}],"version-history":[{"count":1,"href":"https:\/\/dev.explora.cl\/antofagasta\/wp-json\/wp\/v2\/posts\/41996\/revisions"}],"predecessor-version":[{"id":41999,"href":"https:\/\/dev.explora.cl\/antofagasta\/wp-json\/wp\/v2\/posts\/41996\/revisions\/41999"}],"wp:featuredmedia":[{"embeddable":true,"href":"https:\/\/dev.explora.cl\/antofagasta\/wp-json\/wp\/v2\/media\/41962"}],"wp:attachment":[{"href":"https:\/\/dev.explora.cl\/antofagasta\/wp-json\/wp\/v2\/media?parent=41996"}],"wp:term":[{"taxonomy":"category","embeddable":true,"href":"https:\/\/dev.explora.cl\/antofagasta\/wp-json\/wp\/v2\/categories?post=41996"},{"taxonomy":"post_tag","embeddable":true,"href":"https:\/\/dev.explora.cl\/antofagasta\/wp-json\/wp\/v2\/tags?post=41996"}],"curies":[{"name":"wp","href":"https:\/\/api.w.org\/{rel}","templated":true}]}}