{"id":41976,"date":"2023-10-19T17:57:15","date_gmt":"2023-10-19T20:57:15","guid":{"rendered":"https:\/\/dev.explora.cl\/antofagasta\/?p=41976"},"modified":"2023-12-13T16:06:07","modified_gmt":"2023-12-13T19:06:07","slug":"mas-de-500-estudiantes-participaron-de-gira-regional-derribando-estereotipos-de-explora-antofagasta","status":"publish","type":"post","link":"https:\/\/dev.explora.cl\/antofagasta\/mas-de-500-estudiantes-participaron-de-gira-regional-derribando-estereotipos-de-explora-antofagasta\/","title":{"rendered":"M\u00e1s de 500 estudiantes participaron de gira regional \u201cDerribando Estereotipos de Explora Antofagasta"},"content":{"rendered":"<p>La ciencia fue la protagonista de la gira denominada \u201c<em>Derribando Estereotipos<\/em>\u201d la cual estuvo dirigida a m\u00e1s de 500 estudiantes de la regi\u00f3n de Antofagasta, quienes se encuentran participando del Programa de Investigaci\u00f3n e Innovaci\u00f3n Escolar (IIE) impulsado por Explora Antofagasta.<\/p>\n<p>En total fueron once las localidades recorridas por el equipo, siendo Antofagasta, Taltal, Paposo, Mejillones, Michilla, Tocopilla, Calama, Sierra Gorda, Chiu-Chiu, Mar\u00eda Elena y San Pedro de Atacama parte de este trabajo territorial donde ni\u00f1as, ni\u00f1os y adolescentes aprendieron a identificar las barreras asociadas a la diversidad cultural y  equidad de g\u00e9nero para el desarrollo de competencias cient\u00edficas, as\u00ed como a desarrollar la creatividad y el pensamiento cr\u00edtico para trabajar las CTCI (Ciencia, Tecnolog\u00eda, Comunicaci\u00f3n e Innovaci\u00f3n).<\/p>\n<p>La gira regional trabaj\u00f3 tanto de forma experiencial, construyendo propuestas con los y las estudiantes de quinto a cuarto medio, como a trav\u00e9s de din\u00e1micas exponenciales por medio de un show de t\u00edteres llamado <em>\u201cMateo y Emma: Una aventura en el desierto<\/em>\u201d donde los m\u00e1s peque\u00f1os de primero a cuarto b\u00e1sico pudieron despertar el sentido de la curiosidad en compa\u00f1\u00eda de nuestras especies caracter\u00edsticas de las rutas formativas Flamenco, Zorro y Chungungo. <\/p>\n<p>La directora del Proyecto Explora Antofagasta Olga Hern\u00e1ndez indic\u00f3 que \u201cesta ha sido una gran oportunidad para que ni\u00f1as, ni\u00f1os y j\u00f3venes compartan experiencias y logren romper los estereotipos de g\u00e9nero y de diversidad cultural que los cooptan al momento de desarrollar competencias cient\u00edficas\u201d<\/p>\n<p>En el caso de los y las estudiantes, Krisbet Capote del Liceo Domingo Latrille de Tocopilla coment\u00f3 que \u201c<em>Me encant\u00f3 la actividad, fue algo que me sorprendi\u00f3. Ten\u00eda una idea de lo que era, pero m\u00e1s no sab\u00eda que era y me encant\u00f3 hasta ahora, espero que se repita y poder seguir con el proyecto\u201d. Por su parte Santiago Gonz\u00e1lez del Complejo Educacional de Mejillones, indic\u00f3 que \u201cme pareci\u00f3 muy interesante todo lo que hablamos en esta charla. Aparte con el grupo que nos toc\u00f3 y el profesor, verdaderamente fue emocionante que cada uno ten\u00eda diferentes puntos de vista y fue una charla no tan callada, si no que cada uno verdaderamente expresaba lo que sent\u00eda<\/em>\u201d. <\/p>\n<p>En tanto Yuliana Cuello del Liceo Polit\u00e9cnico Jos\u00e9 Miguel Quiroz Taltal agreg\u00f3 \u201c<em>aunque estemos m\u00e1s actualizados hoy en d\u00eda, siempre han existido estos estereotipos de \u201ct\u00fa no puedes hacer esto porque eres mujer\u201d, no creo que sea as\u00ed porque nuestras capacidades f\u00edsicas y nuestras capacidades psicol\u00f3gicas no van en nuestro g\u00e9nero, si no en las mismas capacidades y que no existe ese estereotipo, porque al final toda mujer y todo hombre tienen las mismas capacidades y pueden hacer lo mismo<\/em>\u201d.<\/p>\n<p>El Proyecto Asociativo Regional Explora del Ministerio de Ciencia, Tecnolog\u00eda, Conocimiento e Innovaci\u00f3n y ejecutado por la Universidad Cat\u00f3lica del Norte, continuar\u00e1 todo este semestre trabajando con estudiantes y educadores de toda la regi\u00f3n para desarrollar proyectos, investigaciones y capacitaciones. <\/p>\n<div id='gallery-1' class='gallery galleryid-41976 gallery-columns-3 gallery-size-thumbnail'><figure class='gallery-item'>\n\t\t\t<div class='gallery-icon landscape'>\n\t\t\t\t<a href='https:\/\/dev.explora.cl\/antofagasta\/mas-de-500-estudiantes-participaron-de-gira-regional-derribando-estereotipos-de-explora-antofagasta\/taller-estudiantes-explora-04\/'><img loading=\"lazy\" decoding=\"async\" width=\"150\" height=\"150\" src=\"https:\/\/dev.explora.cl\/antofagasta\/wp-content\/uploads\/sites\/4\/2023\/10\/TALLER-ESTUDIANTES-EXPLORA-04-150x150.jpeg\" class=\"attachment-thumbnail size-thumbnail\" alt=\"\" srcset=\"https:\/\/dev.explora.cl\/antofagasta\/wp-content\/uploads\/sites\/4\/2023\/10\/TALLER-ESTUDIANTES-EXPLORA-04-150x150.jpeg 150w, https:\/\/dev.explora.cl\/antofagasta\/wp-content\/uploads\/sites\/4\/2023\/10\/TALLER-ESTUDIANTES-EXPLORA-04-300x300.jpeg 300w, https:\/\/dev.explora.cl\/antofagasta\/wp-content\/uploads\/sites\/4\/2023\/10\/TALLER-ESTUDIANTES-EXPLORA-04-60x60.jpeg 60w\" sizes=\"auto, (max-width: 150px) 100vw, 150px\" \/><\/a>\n\t\t\t<\/div><\/figure><figure class='gallery-item'>\n\t\t\t<div class='gallery-icon landscape'>\n\t\t\t\t<a href='https:\/\/dev.explora.cl\/antofagasta\/mas-de-500-estudiantes-participaron-de-gira-regional-derribando-estereotipos-de-explora-antofagasta\/taller-estudiantes-explora-05\/'><img loading=\"lazy\" decoding=\"async\" width=\"150\" height=\"150\" src=\"https:\/\/dev.explora.cl\/antofagasta\/wp-content\/uploads\/sites\/4\/2023\/10\/TALLER-ESTUDIANTES-EXPLORA-05-150x150.jpeg\" class=\"attachment-thumbnail size-thumbnail\" alt=\"\" srcset=\"https:\/\/dev.explora.cl\/antofagasta\/wp-content\/uploads\/sites\/4\/2023\/10\/TALLER-ESTUDIANTES-EXPLORA-05-150x150.jpeg 150w, https:\/\/dev.explora.cl\/antofagasta\/wp-content\/uploads\/sites\/4\/2023\/10\/TALLER-ESTUDIANTES-EXPLORA-05-300x300.jpeg 300w, https:\/\/dev.explora.cl\/antofagasta\/wp-content\/uploads\/sites\/4\/2023\/10\/TALLER-ESTUDIANTES-EXPLORA-05-60x60.jpeg 60w\" sizes=\"auto, (max-width: 150px) 100vw, 150px\" \/><\/a>\n\t\t\t<\/div><\/figure>\n\t\t<\/div>\n\n","protected":false},"excerpt":{"rendered":"<p>M\u00e1s de 500 estudiantes participaron de gira regional \u201cDerribando Estereotipos de Explora Antofagasta<\/p>\n","protected":false},"author":19,"featured_media":41978,"comment_status":"open","ping_status":"open","sticky":false,"template":"","format":"standard","meta":{"_acf_changed":false,"_exactmetrics_skip_tracking":false,"_exactmetrics_sitenote_active":false,"_exactmetrics_sitenote_note":"","_exactmetrics_sitenote_category":0,"footnotes":"","_links_to":"","_links_to_target":""},"categories":[4,116,126,196],"tags":[],"class_list":["post-41976","post","type-post","status-publish","format-standard","has-post-thumbnail","hentry","category-noticias","category-para-comunidad-escolar","category-para-publico-general","category-quienes-somos-antofagasta"],"acf":[],"yoast_head":"<!-- This site is optimized with the Yoast SEO plugin v26.7 - https:\/\/yoast.com\/wordpress\/plugins\/seo\/ -->\n<title>M\u00e1s de 500 estudiantes participaron de gira regional \u201cDerribando Estereotipos de Explora Antofagasta - Antofagasta<\/title>\n<meta name=\"robots\" content=\"index, follow, max-snippet:-1, max-image-preview:large, max-video-preview:-1\" \/>\n<link rel=\"canonical\" href=\"https:\/\/dev.explora.cl\/antofagasta\/mas-de-500-estudiantes-participaron-de-gira-regional-derribando-estereotipos-de-explora-antofagasta\/\" class=\"yoast-seo-meta-tag\" \/>\n<meta property=\"og:locale\" content=\"es_ES\" class=\"yoast-seo-meta-tag\" \/>\n<meta property=\"og:type\" content=\"article\" class=\"yoast-seo-meta-tag\" \/>\n<meta property=\"og:title\" content=\"M\u00e1s de 500 estudiantes participaron de gira regional \u201cDerribando Estereotipos de Explora Antofagasta - Antofagasta\" class=\"yoast-seo-meta-tag\" \/>\n<meta property=\"og:description\" content=\"M\u00e1s de 500 estudiantes participaron de gira regional \u201cDerribando Estereotipos de Explora Antofagasta\" class=\"yoast-seo-meta-tag\" \/>\n<meta property=\"og:url\" content=\"https:\/\/dev.explora.cl\/antofagasta\/mas-de-500-estudiantes-participaron-de-gira-regional-derribando-estereotipos-de-explora-antofagasta\/\" class=\"yoast-seo-meta-tag\" \/>\n<meta property=\"og:site_name\" content=\"Antofagasta\" class=\"yoast-seo-meta-tag\" \/>\n<meta property=\"article:published_time\" content=\"2023-10-19T20:57:15+00:00\" class=\"yoast-seo-meta-tag\" \/>\n<meta property=\"article:modified_time\" content=\"2023-12-13T19:06:07+00:00\" class=\"yoast-seo-meta-tag\" \/>\n<meta property=\"og:image\" content=\"https:\/\/dev.explora.cl\/antofagasta\/wp-content\/uploads\/sites\/4\/2023\/10\/TALLER-ESTUDIANTES-EXPLORA-02.jpeg\" class=\"yoast-seo-meta-tag\" \/>\n\t<meta property=\"og:image:width\" content=\"1600\" class=\"yoast-seo-meta-tag\" \/>\n\t<meta property=\"og:image:height\" content=\"1148\" class=\"yoast-seo-meta-tag\" \/>\n\t<meta property=\"og:image:type\" content=\"image\/jpeg\" class=\"yoast-seo-meta-tag\" \/>\n<meta name=\"author\" content=\"cgomez\" class=\"yoast-seo-meta-tag\" \/>\n<meta name=\"twitter:card\" content=\"summary_large_image\" class=\"yoast-seo-meta-tag\" \/>\n<meta name=\"twitter:label1\" content=\"Escrito por\" class=\"yoast-seo-meta-tag\" \/>\n\t<meta name=\"twitter:data1\" content=\"cgomez\" class=\"yoast-seo-meta-tag\" \/>\n\t<meta name=\"twitter:label2\" content=\"Tiempo estimado de lectura\" class=\"yoast-seo-meta-tag\" \/>\n\t<meta name=\"twitter:data2\" content=\"3 minutos\" class=\"yoast-seo-meta-tag\" \/>\n<script type=\"application\/ld+json\" class=\"yoast-schema-graph\">{\"@context\":\"https:\/\/schema.org\",\"@graph\":[{\"@type\":\"Article\",\"@id\":\"https:\/\/dev.explora.cl\/antofagasta\/mas-de-500-estudiantes-participaron-de-gira-regional-derribando-estereotipos-de-explora-antofagasta\/#article\",\"isPartOf\":{\"@id\":\"https:\/\/dev.explora.cl\/antofagasta\/mas-de-500-estudiantes-participaron-de-gira-regional-derribando-estereotipos-de-explora-antofagasta\/\"},\"author\":{\"name\":\"cgomez\",\"@id\":\"https:\/\/dev.explora.cl\/antofagasta\/#\/schema\/person\/71eda950cf8b3d75ad6c50a4d2179bcd\"},\"headline\":\"M\u00e1s de 500 estudiantes participaron de gira regional \u201cDerribando Estereotipos de Explora Antofagasta\",\"datePublished\":\"2023-10-19T20:57:15+00:00\",\"dateModified\":\"2023-12-13T19:06:07+00:00\",\"mainEntityOfPage\":{\"@id\":\"https:\/\/dev.explora.cl\/antofagasta\/mas-de-500-estudiantes-participaron-de-gira-regional-derribando-estereotipos-de-explora-antofagasta\/\"},\"wordCount\":527,\"commentCount\":0,\"image\":{\"@id\":\"https:\/\/dev.explora.cl\/antofagasta\/mas-de-500-estudiantes-participaron-de-gira-regional-derribando-estereotipos-de-explora-antofagasta\/#primaryimage\"},\"thumbnailUrl\":\"https:\/\/dev.explora.cl\/antofagasta\/wp-content\/uploads\/sites\/4\/2023\/10\/TALLER-ESTUDIANTES-EXPLORA-02.jpeg\",\"articleSection\":[\"Noticias\",\"Para Comunidad Escolar\",\"Para P\u00fablico General\",\"Quienes Somos Antofagasta\"],\"inLanguage\":\"es-CL\",\"potentialAction\":[{\"@type\":\"CommentAction\",\"name\":\"Comment\",\"target\":[\"https:\/\/dev.explora.cl\/antofagasta\/mas-de-500-estudiantes-participaron-de-gira-regional-derribando-estereotipos-de-explora-antofagasta\/#respond\"]}]},{\"@type\":\"WebPage\",\"@id\":\"https:\/\/dev.explora.cl\/antofagasta\/mas-de-500-estudiantes-participaron-de-gira-regional-derribando-estereotipos-de-explora-antofagasta\/\",\"url\":\"https:\/\/dev.explora.cl\/antofagasta\/mas-de-500-estudiantes-participaron-de-gira-regional-derribando-estereotipos-de-explora-antofagasta\/\",\"name\":\"M\u00e1s de 500 estudiantes participaron de gira regional \u201cDerribando Estereotipos de Explora Antofagasta - Antofagasta\",\"isPartOf\":{\"@id\":\"https:\/\/dev.explora.cl\/antofagasta\/#website\"},\"primaryImageOfPage\":{\"@id\":\"https:\/\/dev.explora.cl\/antofagasta\/mas-de-500-estudiantes-participaron-de-gira-regional-derribando-estereotipos-de-explora-antofagasta\/#primaryimage\"},\"image\":{\"@id\":\"https:\/\/dev.explora.cl\/antofagasta\/mas-de-500-estudiantes-participaron-de-gira-regional-derribando-estereotipos-de-explora-antofagasta\/#primaryimage\"},\"thumbnailUrl\":\"https:\/\/dev.explora.cl\/antofagasta\/wp-content\/uploads\/sites\/4\/2023\/10\/TALLER-ESTUDIANTES-EXPLORA-02.jpeg\",\"datePublished\":\"2023-10-19T20:57:15+00:00\",\"dateModified\":\"2023-12-13T19:06:07+00:00\",\"author\":{\"@id\":\"https:\/\/dev.explora.cl\/antofagasta\/#\/schema\/person\/71eda950cf8b3d75ad6c50a4d2179bcd\"},\"breadcrumb\":{\"@id\":\"https:\/\/dev.explora.cl\/antofagasta\/mas-de-500-estudiantes-participaron-de-gira-regional-derribando-estereotipos-de-explora-antofagasta\/#breadcrumb\"},\"inLanguage\":\"es-CL\",\"potentialAction\":[{\"@type\":\"ReadAction\",\"target\":[\"https:\/\/dev.explora.cl\/antofagasta\/mas-de-500-estudiantes-participaron-de-gira-regional-derribando-estereotipos-de-explora-antofagasta\/\"]}]},{\"@type\":\"ImageObject\",\"inLanguage\":\"es-CL\",\"@id\":\"https:\/\/dev.explora.cl\/antofagasta\/mas-de-500-estudiantes-participaron-de-gira-regional-derribando-estereotipos-de-explora-antofagasta\/#primaryimage\",\"url\":\"https:\/\/dev.explora.cl\/antofagasta\/wp-content\/uploads\/sites\/4\/2023\/10\/TALLER-ESTUDIANTES-EXPLORA-02.jpeg\",\"contentUrl\":\"https:\/\/dev.explora.cl\/antofagasta\/wp-content\/uploads\/sites\/4\/2023\/10\/TALLER-ESTUDIANTES-EXPLORA-02.jpeg\",\"width\":1600,\"height\":1148},{\"@type\":\"BreadcrumbList\",\"@id\":\"https:\/\/dev.explora.cl\/antofagasta\/mas-de-500-estudiantes-participaron-de-gira-regional-derribando-estereotipos-de-explora-antofagasta\/#breadcrumb\",\"itemListElement\":[{\"@type\":\"ListItem\",\"position\":1,\"name\":\"Portada\",\"item\":\"https:\/\/dev.explora.cl\/antofagasta\/\"},{\"@type\":\"ListItem\",\"position\":2,\"name\":\"M\u00e1s de 500 estudiantes participaron de gira regional \u201cDerribando Estereotipos de Explora Antofagasta\"}]},{\"@type\":\"WebSite\",\"@id\":\"https:\/\/dev.explora.cl\/antofagasta\/#website\",\"url\":\"https:\/\/dev.explora.cl\/antofagasta\/\",\"name\":\"Antofagasta\",\"description\":\"Otro sitio m\u00e1s de dev.explora.cl\",\"potentialAction\":[{\"@type\":\"SearchAction\",\"target\":{\"@type\":\"EntryPoint\",\"urlTemplate\":\"https:\/\/dev.explora.cl\/antofagasta\/?s={search_term_string}\"},\"query-input\":{\"@type\":\"PropertyValueSpecification\",\"valueRequired\":true,\"valueName\":\"search_term_string\"}}],\"inLanguage\":\"es-CL\"},{\"@type\":\"Person\",\"@id\":\"https:\/\/dev.explora.cl\/antofagasta\/#\/schema\/person\/71eda950cf8b3d75ad6c50a4d2179bcd\",\"name\":\"cgomez\",\"image\":{\"@type\":\"ImageObject\",\"inLanguage\":\"es-CL\",\"@id\":\"https:\/\/dev.explora.cl\/antofagasta\/#\/schema\/person\/image\/\",\"url\":\"https:\/\/secure.gravatar.com\/avatar\/0c1e119225e98dd5c5a5a0d26c2bd2448642e86ce4fece294b57037090af5dd6?s=96&d=mm&r=g\",\"contentUrl\":\"https:\/\/secure.gravatar.com\/avatar\/0c1e119225e98dd5c5a5a0d26c2bd2448642e86ce4fece294b57037090af5dd6?s=96&d=mm&r=g\",\"caption\":\"cgomez\"},\"url\":\"https:\/\/dev.explora.cl\/antofagasta\/author\/cgomez\/\"}]}<\/script>\n<!-- \/ Yoast SEO plugin. -->","yoast_head_json":{"title":"M\u00e1s de 500 estudiantes participaron de gira regional \u201cDerribando Estereotipos de Explora Antofagasta - Antofagasta","robots":{"index":"index","follow":"follow","max-snippet":"max-snippet:-1","max-image-preview":"max-image-preview:large","max-video-preview":"max-video-preview:-1"},"canonical":"https:\/\/dev.explora.cl\/antofagasta\/mas-de-500-estudiantes-participaron-de-gira-regional-derribando-estereotipos-de-explora-antofagasta\/","og_locale":"es_ES","og_type":"article","og_title":"M\u00e1s de 500 estudiantes participaron de gira regional \u201cDerribando Estereotipos de Explora Antofagasta - Antofagasta","og_description":"M\u00e1s de 500 estudiantes participaron de gira regional \u201cDerribando Estereotipos de Explora Antofagasta","og_url":"https:\/\/dev.explora.cl\/antofagasta\/mas-de-500-estudiantes-participaron-de-gira-regional-derribando-estereotipos-de-explora-antofagasta\/","og_site_name":"Antofagasta","article_published_time":"2023-10-19T20:57:15+00:00","article_modified_time":"2023-12-13T19:06:07+00:00","og_image":[{"width":1600,"height":1148,"url":"https:\/\/dev.explora.cl\/antofagasta\/wp-content\/uploads\/sites\/4\/2023\/10\/TALLER-ESTUDIANTES-EXPLORA-02.jpeg","type":"image\/jpeg"}],"author":"cgomez","twitter_card":"summary_large_image","twitter_misc":{"Escrito por":"cgomez","Tiempo estimado de lectura":"3 minutos"},"schema":{"@context":"https:\/\/schema.org","@graph":[{"@type":"Article","@id":"https:\/\/dev.explora.cl\/antofagasta\/mas-de-500-estudiantes-participaron-de-gira-regional-derribando-estereotipos-de-explora-antofagasta\/#article","isPartOf":{"@id":"https:\/\/dev.explora.cl\/antofagasta\/mas-de-500-estudiantes-participaron-de-gira-regional-derribando-estereotipos-de-explora-antofagasta\/"},"author":{"name":"cgomez","@id":"https:\/\/dev.explora.cl\/antofagasta\/#\/schema\/person\/71eda950cf8b3d75ad6c50a4d2179bcd"},"headline":"M\u00e1s de 500 estudiantes participaron de gira regional \u201cDerribando Estereotipos de Explora Antofagasta","datePublished":"2023-10-19T20:57:15+00:00","dateModified":"2023-12-13T19:06:07+00:00","mainEntityOfPage":{"@id":"https:\/\/dev.explora.cl\/antofagasta\/mas-de-500-estudiantes-participaron-de-gira-regional-derribando-estereotipos-de-explora-antofagasta\/"},"wordCount":527,"commentCount":0,"image":{"@id":"https:\/\/dev.explora.cl\/antofagasta\/mas-de-500-estudiantes-participaron-de-gira-regional-derribando-estereotipos-de-explora-antofagasta\/#primaryimage"},"thumbnailUrl":"https:\/\/dev.explora.cl\/antofagasta\/wp-content\/uploads\/sites\/4\/2023\/10\/TALLER-ESTUDIANTES-EXPLORA-02.jpeg","articleSection":["Noticias","Para Comunidad Escolar","Para P\u00fablico General","Quienes Somos Antofagasta"],"inLanguage":"es-CL","potentialAction":[{"@type":"CommentAction","name":"Comment","target":["https:\/\/dev.explora.cl\/antofagasta\/mas-de-500-estudiantes-participaron-de-gira-regional-derribando-estereotipos-de-explora-antofagasta\/#respond"]}]},{"@type":"WebPage","@id":"https:\/\/dev.explora.cl\/antofagasta\/mas-de-500-estudiantes-participaron-de-gira-regional-derribando-estereotipos-de-explora-antofagasta\/","url":"https:\/\/dev.explora.cl\/antofagasta\/mas-de-500-estudiantes-participaron-de-gira-regional-derribando-estereotipos-de-explora-antofagasta\/","name":"M\u00e1s de 500 estudiantes participaron de gira regional \u201cDerribando Estereotipos de Explora Antofagasta - Antofagasta","isPartOf":{"@id":"https:\/\/dev.explora.cl\/antofagasta\/#website"},"primaryImageOfPage":{"@id":"https:\/\/dev.explora.cl\/antofagasta\/mas-de-500-estudiantes-participaron-de-gira-regional-derribando-estereotipos-de-explora-antofagasta\/#primaryimage"},"image":{"@id":"https:\/\/dev.explora.cl\/antofagasta\/mas-de-500-estudiantes-participaron-de-gira-regional-derribando-estereotipos-de-explora-antofagasta\/#primaryimage"},"thumbnailUrl":"https:\/\/dev.explora.cl\/antofagasta\/wp-content\/uploads\/sites\/4\/2023\/10\/TALLER-ESTUDIANTES-EXPLORA-02.jpeg","datePublished":"2023-10-19T20:57:15+00:00","dateModified":"2023-12-13T19:06:07+00:00","author":{"@id":"https:\/\/dev.explora.cl\/antofagasta\/#\/schema\/person\/71eda950cf8b3d75ad6c50a4d2179bcd"},"breadcrumb":{"@id":"https:\/\/dev.explora.cl\/antofagasta\/mas-de-500-estudiantes-participaron-de-gira-regional-derribando-estereotipos-de-explora-antofagasta\/#breadcrumb"},"inLanguage":"es-CL","potentialAction":[{"@type":"ReadAction","target":["https:\/\/dev.explora.cl\/antofagasta\/mas-de-500-estudiantes-participaron-de-gira-regional-derribando-estereotipos-de-explora-antofagasta\/"]}]},{"@type":"ImageObject","inLanguage":"es-CL","@id":"https:\/\/dev.explora.cl\/antofagasta\/mas-de-500-estudiantes-participaron-de-gira-regional-derribando-estereotipos-de-explora-antofagasta\/#primaryimage","url":"https:\/\/dev.explora.cl\/antofagasta\/wp-content\/uploads\/sites\/4\/2023\/10\/TALLER-ESTUDIANTES-EXPLORA-02.jpeg","contentUrl":"https:\/\/dev.explora.cl\/antofagasta\/wp-content\/uploads\/sites\/4\/2023\/10\/TALLER-ESTUDIANTES-EXPLORA-02.jpeg","width":1600,"height":1148},{"@type":"BreadcrumbList","@id":"https:\/\/dev.explora.cl\/antofagasta\/mas-de-500-estudiantes-participaron-de-gira-regional-derribando-estereotipos-de-explora-antofagasta\/#breadcrumb","itemListElement":[{"@type":"ListItem","position":1,"name":"Portada","item":"https:\/\/dev.explora.cl\/antofagasta\/"},{"@type":"ListItem","position":2,"name":"M\u00e1s de 500 estudiantes participaron de gira regional \u201cDerribando Estereotipos de Explora Antofagasta"}]},{"@type":"WebSite","@id":"https:\/\/dev.explora.cl\/antofagasta\/#website","url":"https:\/\/dev.explora.cl\/antofagasta\/","name":"Antofagasta","description":"Otro sitio m\u00e1s de dev.explora.cl","potentialAction":[{"@type":"SearchAction","target":{"@type":"EntryPoint","urlTemplate":"https:\/\/dev.explora.cl\/antofagasta\/?s={search_term_string}"},"query-input":{"@type":"PropertyValueSpecification","valueRequired":true,"valueName":"search_term_string"}}],"inLanguage":"es-CL"},{"@type":"Person","@id":"https:\/\/dev.explora.cl\/antofagasta\/#\/schema\/person\/71eda950cf8b3d75ad6c50a4d2179bcd","name":"cgomez","image":{"@type":"ImageObject","inLanguage":"es-CL","@id":"https:\/\/dev.explora.cl\/antofagasta\/#\/schema\/person\/image\/","url":"https:\/\/secure.gravatar.com\/avatar\/0c1e119225e98dd5c5a5a0d26c2bd2448642e86ce4fece294b57037090af5dd6?s=96&d=mm&r=g","contentUrl":"https:\/\/secure.gravatar.com\/avatar\/0c1e119225e98dd5c5a5a0d26c2bd2448642e86ce4fece294b57037090af5dd6?s=96&d=mm&r=g","caption":"cgomez"},"url":"https:\/\/dev.explora.cl\/antofagasta\/author\/cgomez\/"}]}},"_links":{"self":[{"href":"https:\/\/dev.explora.cl\/antofagasta\/wp-json\/wp\/v2\/posts\/41976","targetHints":{"allow":["GET"]}}],"collection":[{"href":"https:\/\/dev.explora.cl\/antofagasta\/wp-json\/wp\/v2\/posts"}],"about":[{"href":"https:\/\/dev.explora.cl\/antofagasta\/wp-json\/wp\/v2\/types\/post"}],"author":[{"embeddable":true,"href":"https:\/\/dev.explora.cl\/antofagasta\/wp-json\/wp\/v2\/users\/19"}],"replies":[{"embeddable":true,"href":"https:\/\/dev.explora.cl\/antofagasta\/wp-json\/wp\/v2\/comments?post=41976"}],"version-history":[{"count":4,"href":"https:\/\/dev.explora.cl\/antofagasta\/wp-json\/wp\/v2\/posts\/41976\/revisions"}],"predecessor-version":[{"id":41991,"href":"https:\/\/dev.explora.cl\/antofagasta\/wp-json\/wp\/v2\/posts\/41976\/revisions\/41991"}],"wp:featuredmedia":[{"embeddable":true,"href":"https:\/\/dev.explora.cl\/antofagasta\/wp-json\/wp\/v2\/media\/41978"}],"wp:attachment":[{"href":"https:\/\/dev.explora.cl\/antofagasta\/wp-json\/wp\/v2\/media?parent=41976"}],"wp:term":[{"taxonomy":"category","embeddable":true,"href":"https:\/\/dev.explora.cl\/antofagasta\/wp-json\/wp\/v2\/categories?post=41976"},{"taxonomy":"post_tag","embeddable":true,"href":"https:\/\/dev.explora.cl\/antofagasta\/wp-json\/wp\/v2\/tags?post=41976"}],"curies":[{"name":"wp","href":"https:\/\/api.w.org\/{rel}","templated":true}]}}