{"id":41818,"date":"2022-11-30T19:29:08","date_gmt":"2022-11-30T22:29:08","guid":{"rendered":"https:\/\/dev.explora.cl\/antofagasta\/?p=41818"},"modified":"2023-01-24T12:30:52","modified_gmt":"2023-01-24T15:30:52","slug":"educadoras-de-parvulos-cerraron-el-ano-realizando-expo-de-ciencias-en-primera","status":"publish","type":"post","link":"https:\/\/dev.explora.cl\/antofagasta\/educadoras-de-parvulos-cerraron-el-ano-realizando-expo-de-ciencias-en-primera\/","title":{"rendered":"Educadoras de p\u00e1rvulos cerraron el a\u00f1o realizando Expo de ciencias en primera"},"content":{"rendered":"<p>&nbsp;<\/p>\n<p><i><span style=\"font-weight: 400\">La actividad se enmarca dentro del Programa de Indagaci\u00f3n para Primeras Edades, PIPE 2022, del Explora Antofagasta.<\/span><\/i><\/p>\n<p>&nbsp;<\/p>\n<p><span style=\"font-weight: 400\">Desde diferentes provincias de la Regi\u00f3n de Antofagasta, llegaron hasta la Universidad Cat\u00f3lica del Norte, las participantes del PIPE 2022, iniciativa desarrollada por el Proyecto Explora Antofagasta, del Ministerio de Ciencia y ejecutado por la Universidad Cat\u00f3lica del Norte, que busca potenciar las habilidades cient\u00edficas de educadoras\/es de p\u00e1rvulos, para potenciar la curiosidad en ni\u00f1os y ni\u00f1as.<\/span><\/p>\n<p><span style=\"font-weight: 400\">Durante meses, las educadoras de la regi\u00f3n han participado en los talleres de este instrumento, donde han adquirido herramientas para aplicar sus nuevos conocimientos en la aulas.<\/span><\/p>\n<p><span style=\"font-weight: 400\">La Expo PIPE que tuvo lugar en la Escuela de arquitectura de la UCN, fue el segundo punto de encuentro presencial en el a\u00f1o, donde las profesionales pudieron compartir sus experiencias aplicando PIPE con sus estudiantes.<\/span><\/p>\n<p><span style=\"font-weight: 400\">Para Ximena Mu\u00f1oz, del Jard\u00edn Infantil Sue\u00f1itos de Colores de Calama, \u2018\u2019esta expo me permiti\u00f3 conocer las perspectivas de otras colegas y pudimos plasmar una mirada distinta de lo que cada una pudo hacer en aula, de c\u00f3mo generaron una lista de aprendizajes y c\u00f3mo la llevaron a cabo. A cada una le entreg\u00f3 algo distinto que nos favorece a las que fuimos oyentes y podremos aplicarlo en el aula\u2019\u2019.<\/span><\/p>\n","protected":false},"excerpt":{"rendered":"<p>&nbsp; La actividad se enmarca dentro del Programa de Indagaci\u00f3n para Primeras Edades, PIPE 2022, del Explora Antofagasta. &nbsp; Desde diferentes provincias de la Regi\u00f3n de Antofagasta, llegaron hasta la Universidad Cat\u00f3lica del Norte, las participantes del PIPE 2022, iniciativa desarrollada por el Proyecto Explora Antofagasta, del Ministerio de Ciencia y ejecutado por la Universidad [&hellip;]<\/p>\n","protected":false},"author":19,"featured_media":41819,"comment_status":"open","ping_status":"open","sticky":false,"template":"","format":"standard","meta":{"_acf_changed":false,"_exactmetrics_skip_tracking":false,"_exactmetrics_sitenote_active":false,"_exactmetrics_sitenote_note":"","_exactmetrics_sitenote_category":0,"footnotes":"","_links_to":"","_links_to_target":""},"categories":[4,116,126],"tags":[264],"class_list":["post-41818","post","type-post","status-publish","format-standard","has-post-thumbnail","hentry","category-noticias","category-para-comunidad-escolar","category-para-publico-general","tag-pipe"],"acf":[],"yoast_head":"<!-- This site is optimized with the Yoast SEO plugin v26.7 - https:\/\/yoast.com\/wordpress\/plugins\/seo\/ -->\n<title>Educadoras de p\u00e1rvulos cerraron el a\u00f1o realizando Expo de ciencias en primera - Antofagasta<\/title>\n<meta name=\"robots\" content=\"index, follow, max-snippet:-1, max-image-preview:large, max-video-preview:-1\" \/>\n<link rel=\"canonical\" href=\"https:\/\/dev.explora.cl\/antofagasta\/educadoras-de-parvulos-cerraron-el-ano-realizando-expo-de-ciencias-en-primera\/\" class=\"yoast-seo-meta-tag\" \/>\n<meta property=\"og:locale\" content=\"es_ES\" class=\"yoast-seo-meta-tag\" \/>\n<meta property=\"og:type\" content=\"article\" class=\"yoast-seo-meta-tag\" \/>\n<meta property=\"og:title\" content=\"Educadoras de p\u00e1rvulos cerraron el a\u00f1o realizando Expo de ciencias en primera - Antofagasta\" class=\"yoast-seo-meta-tag\" \/>\n<meta property=\"og:description\" content=\"&nbsp; La actividad se enmarca dentro del Programa de Indagaci\u00f3n para Primeras Edades, PIPE 2022, del Explora Antofagasta. &nbsp; Desde diferentes provincias de la Regi\u00f3n de Antofagasta, llegaron hasta la Universidad Cat\u00f3lica del Norte, las participantes del PIPE 2022, iniciativa desarrollada por el Proyecto Explora Antofagasta, del Ministerio de Ciencia y ejecutado por la Universidad [&hellip;]\" class=\"yoast-seo-meta-tag\" \/>\n<meta property=\"og:url\" content=\"https:\/\/dev.explora.cl\/antofagasta\/educadoras-de-parvulos-cerraron-el-ano-realizando-expo-de-ciencias-en-primera\/\" class=\"yoast-seo-meta-tag\" \/>\n<meta property=\"og:site_name\" content=\"Antofagasta\" class=\"yoast-seo-meta-tag\" \/>\n<meta property=\"article:published_time\" content=\"2022-11-30T22:29:08+00:00\" class=\"yoast-seo-meta-tag\" \/>\n<meta property=\"article:modified_time\" content=\"2023-01-24T15:30:52+00:00\" class=\"yoast-seo-meta-tag\" \/>\n<meta property=\"og:image\" content=\"https:\/\/dev.explora.cl\/antofagasta\/wp-content\/uploads\/sites\/4\/2023\/01\/317643897_545161620955220_1883468863879118243_n.jpg\" class=\"yoast-seo-meta-tag\" \/>\n\t<meta property=\"og:image:width\" content=\"1440\" class=\"yoast-seo-meta-tag\" \/>\n\t<meta property=\"og:image:height\" content=\"1080\" class=\"yoast-seo-meta-tag\" \/>\n\t<meta property=\"og:image:type\" content=\"image\/jpeg\" class=\"yoast-seo-meta-tag\" \/>\n<meta name=\"author\" content=\"cgomez\" class=\"yoast-seo-meta-tag\" \/>\n<meta name=\"twitter:card\" content=\"summary_large_image\" class=\"yoast-seo-meta-tag\" \/>\n<meta name=\"twitter:label1\" content=\"Escrito por\" class=\"yoast-seo-meta-tag\" \/>\n\t<meta name=\"twitter:data1\" content=\"cgomez\" class=\"yoast-seo-meta-tag\" \/>\n\t<meta name=\"twitter:label2\" content=\"Tiempo estimado de lectura\" class=\"yoast-seo-meta-tag\" \/>\n\t<meta name=\"twitter:data2\" content=\"1 minuto\" class=\"yoast-seo-meta-tag\" \/>\n<script type=\"application\/ld+json\" class=\"yoast-schema-graph\">{\"@context\":\"https:\/\/schema.org\",\"@graph\":[{\"@type\":\"Article\",\"@id\":\"https:\/\/dev.explora.cl\/antofagasta\/educadoras-de-parvulos-cerraron-el-ano-realizando-expo-de-ciencias-en-primera\/#article\",\"isPartOf\":{\"@id\":\"https:\/\/dev.explora.cl\/antofagasta\/educadoras-de-parvulos-cerraron-el-ano-realizando-expo-de-ciencias-en-primera\/\"},\"author\":{\"name\":\"cgomez\",\"@id\":\"https:\/\/dev.explora.cl\/antofagasta\/#\/schema\/person\/71eda950cf8b3d75ad6c50a4d2179bcd\"},\"headline\":\"Educadoras de p\u00e1rvulos cerraron el a\u00f1o realizando Expo de ciencias en primera\",\"datePublished\":\"2022-11-30T22:29:08+00:00\",\"dateModified\":\"2023-01-24T15:30:52+00:00\",\"mainEntityOfPage\":{\"@id\":\"https:\/\/dev.explora.cl\/antofagasta\/educadoras-de-parvulos-cerraron-el-ano-realizando-expo-de-ciencias-en-primera\/\"},\"wordCount\":237,\"commentCount\":0,\"image\":{\"@id\":\"https:\/\/dev.explora.cl\/antofagasta\/educadoras-de-parvulos-cerraron-el-ano-realizando-expo-de-ciencias-en-primera\/#primaryimage\"},\"thumbnailUrl\":\"https:\/\/dev.explora.cl\/antofagasta\/wp-content\/uploads\/sites\/4\/2023\/01\/317643897_545161620955220_1883468863879118243_n.jpg\",\"keywords\":[\"PIPE\"],\"articleSection\":[\"Noticias\",\"Para Comunidad Escolar\",\"Para P\u00fablico General\"],\"inLanguage\":\"es-CL\",\"potentialAction\":[{\"@type\":\"CommentAction\",\"name\":\"Comment\",\"target\":[\"https:\/\/dev.explora.cl\/antofagasta\/educadoras-de-parvulos-cerraron-el-ano-realizando-expo-de-ciencias-en-primera\/#respond\"]}]},{\"@type\":\"WebPage\",\"@id\":\"https:\/\/dev.explora.cl\/antofagasta\/educadoras-de-parvulos-cerraron-el-ano-realizando-expo-de-ciencias-en-primera\/\",\"url\":\"https:\/\/dev.explora.cl\/antofagasta\/educadoras-de-parvulos-cerraron-el-ano-realizando-expo-de-ciencias-en-primera\/\",\"name\":\"Educadoras de p\u00e1rvulos cerraron el a\u00f1o realizando Expo de ciencias en primera - Antofagasta\",\"isPartOf\":{\"@id\":\"https:\/\/dev.explora.cl\/antofagasta\/#website\"},\"primaryImageOfPage\":{\"@id\":\"https:\/\/dev.explora.cl\/antofagasta\/educadoras-de-parvulos-cerraron-el-ano-realizando-expo-de-ciencias-en-primera\/#primaryimage\"},\"image\":{\"@id\":\"https:\/\/dev.explora.cl\/antofagasta\/educadoras-de-parvulos-cerraron-el-ano-realizando-expo-de-ciencias-en-primera\/#primaryimage\"},\"thumbnailUrl\":\"https:\/\/dev.explora.cl\/antofagasta\/wp-content\/uploads\/sites\/4\/2023\/01\/317643897_545161620955220_1883468863879118243_n.jpg\",\"datePublished\":\"2022-11-30T22:29:08+00:00\",\"dateModified\":\"2023-01-24T15:30:52+00:00\",\"author\":{\"@id\":\"https:\/\/dev.explora.cl\/antofagasta\/#\/schema\/person\/71eda950cf8b3d75ad6c50a4d2179bcd\"},\"breadcrumb\":{\"@id\":\"https:\/\/dev.explora.cl\/antofagasta\/educadoras-de-parvulos-cerraron-el-ano-realizando-expo-de-ciencias-en-primera\/#breadcrumb\"},\"inLanguage\":\"es-CL\",\"potentialAction\":[{\"@type\":\"ReadAction\",\"target\":[\"https:\/\/dev.explora.cl\/antofagasta\/educadoras-de-parvulos-cerraron-el-ano-realizando-expo-de-ciencias-en-primera\/\"]}]},{\"@type\":\"ImageObject\",\"inLanguage\":\"es-CL\",\"@id\":\"https:\/\/dev.explora.cl\/antofagasta\/educadoras-de-parvulos-cerraron-el-ano-realizando-expo-de-ciencias-en-primera\/#primaryimage\",\"url\":\"https:\/\/dev.explora.cl\/antofagasta\/wp-content\/uploads\/sites\/4\/2023\/01\/317643897_545161620955220_1883468863879118243_n.jpg\",\"contentUrl\":\"https:\/\/dev.explora.cl\/antofagasta\/wp-content\/uploads\/sites\/4\/2023\/01\/317643897_545161620955220_1883468863879118243_n.jpg\",\"width\":1440,\"height\":1080},{\"@type\":\"BreadcrumbList\",\"@id\":\"https:\/\/dev.explora.cl\/antofagasta\/educadoras-de-parvulos-cerraron-el-ano-realizando-expo-de-ciencias-en-primera\/#breadcrumb\",\"itemListElement\":[{\"@type\":\"ListItem\",\"position\":1,\"name\":\"Portada\",\"item\":\"https:\/\/dev.explora.cl\/antofagasta\/\"},{\"@type\":\"ListItem\",\"position\":2,\"name\":\"Educadoras de p\u00e1rvulos cerraron el a\u00f1o realizando Expo de ciencias en primera\"}]},{\"@type\":\"WebSite\",\"@id\":\"https:\/\/dev.explora.cl\/antofagasta\/#website\",\"url\":\"https:\/\/dev.explora.cl\/antofagasta\/\",\"name\":\"Antofagasta\",\"description\":\"Otro sitio m\u00e1s de dev.explora.cl\",\"potentialAction\":[{\"@type\":\"SearchAction\",\"target\":{\"@type\":\"EntryPoint\",\"urlTemplate\":\"https:\/\/dev.explora.cl\/antofagasta\/?s={search_term_string}\"},\"query-input\":{\"@type\":\"PropertyValueSpecification\",\"valueRequired\":true,\"valueName\":\"search_term_string\"}}],\"inLanguage\":\"es-CL\"},{\"@type\":\"Person\",\"@id\":\"https:\/\/dev.explora.cl\/antofagasta\/#\/schema\/person\/71eda950cf8b3d75ad6c50a4d2179bcd\",\"name\":\"cgomez\",\"image\":{\"@type\":\"ImageObject\",\"inLanguage\":\"es-CL\",\"@id\":\"https:\/\/dev.explora.cl\/antofagasta\/#\/schema\/person\/image\/\",\"url\":\"https:\/\/secure.gravatar.com\/avatar\/0c1e119225e98dd5c5a5a0d26c2bd2448642e86ce4fece294b57037090af5dd6?s=96&d=mm&r=g\",\"contentUrl\":\"https:\/\/secure.gravatar.com\/avatar\/0c1e119225e98dd5c5a5a0d26c2bd2448642e86ce4fece294b57037090af5dd6?s=96&d=mm&r=g\",\"caption\":\"cgomez\"},\"url\":\"https:\/\/dev.explora.cl\/antofagasta\/author\/cgomez\/\"}]}<\/script>\n<!-- \/ Yoast SEO plugin. -->","yoast_head_json":{"title":"Educadoras de p\u00e1rvulos cerraron el a\u00f1o realizando Expo de ciencias en primera - Antofagasta","robots":{"index":"index","follow":"follow","max-snippet":"max-snippet:-1","max-image-preview":"max-image-preview:large","max-video-preview":"max-video-preview:-1"},"canonical":"https:\/\/dev.explora.cl\/antofagasta\/educadoras-de-parvulos-cerraron-el-ano-realizando-expo-de-ciencias-en-primera\/","og_locale":"es_ES","og_type":"article","og_title":"Educadoras de p\u00e1rvulos cerraron el a\u00f1o realizando Expo de ciencias en primera - Antofagasta","og_description":"&nbsp; La actividad se enmarca dentro del Programa de Indagaci\u00f3n para Primeras Edades, PIPE 2022, del Explora Antofagasta. &nbsp; Desde diferentes provincias de la Regi\u00f3n de Antofagasta, llegaron hasta la Universidad Cat\u00f3lica del Norte, las participantes del PIPE 2022, iniciativa desarrollada por el Proyecto Explora Antofagasta, del Ministerio de Ciencia y ejecutado por la Universidad [&hellip;]","og_url":"https:\/\/dev.explora.cl\/antofagasta\/educadoras-de-parvulos-cerraron-el-ano-realizando-expo-de-ciencias-en-primera\/","og_site_name":"Antofagasta","article_published_time":"2022-11-30T22:29:08+00:00","article_modified_time":"2023-01-24T15:30:52+00:00","og_image":[{"width":1440,"height":1080,"url":"https:\/\/dev.explora.cl\/antofagasta\/wp-content\/uploads\/sites\/4\/2023\/01\/317643897_545161620955220_1883468863879118243_n.jpg","type":"image\/jpeg"}],"author":"cgomez","twitter_card":"summary_large_image","twitter_misc":{"Escrito por":"cgomez","Tiempo estimado de lectura":"1 minuto"},"schema":{"@context":"https:\/\/schema.org","@graph":[{"@type":"Article","@id":"https:\/\/dev.explora.cl\/antofagasta\/educadoras-de-parvulos-cerraron-el-ano-realizando-expo-de-ciencias-en-primera\/#article","isPartOf":{"@id":"https:\/\/dev.explora.cl\/antofagasta\/educadoras-de-parvulos-cerraron-el-ano-realizando-expo-de-ciencias-en-primera\/"},"author":{"name":"cgomez","@id":"https:\/\/dev.explora.cl\/antofagasta\/#\/schema\/person\/71eda950cf8b3d75ad6c50a4d2179bcd"},"headline":"Educadoras de p\u00e1rvulos cerraron el a\u00f1o realizando Expo de ciencias en primera","datePublished":"2022-11-30T22:29:08+00:00","dateModified":"2023-01-24T15:30:52+00:00","mainEntityOfPage":{"@id":"https:\/\/dev.explora.cl\/antofagasta\/educadoras-de-parvulos-cerraron-el-ano-realizando-expo-de-ciencias-en-primera\/"},"wordCount":237,"commentCount":0,"image":{"@id":"https:\/\/dev.explora.cl\/antofagasta\/educadoras-de-parvulos-cerraron-el-ano-realizando-expo-de-ciencias-en-primera\/#primaryimage"},"thumbnailUrl":"https:\/\/dev.explora.cl\/antofagasta\/wp-content\/uploads\/sites\/4\/2023\/01\/317643897_545161620955220_1883468863879118243_n.jpg","keywords":["PIPE"],"articleSection":["Noticias","Para Comunidad Escolar","Para P\u00fablico General"],"inLanguage":"es-CL","potentialAction":[{"@type":"CommentAction","name":"Comment","target":["https:\/\/dev.explora.cl\/antofagasta\/educadoras-de-parvulos-cerraron-el-ano-realizando-expo-de-ciencias-en-primera\/#respond"]}]},{"@type":"WebPage","@id":"https:\/\/dev.explora.cl\/antofagasta\/educadoras-de-parvulos-cerraron-el-ano-realizando-expo-de-ciencias-en-primera\/","url":"https:\/\/dev.explora.cl\/antofagasta\/educadoras-de-parvulos-cerraron-el-ano-realizando-expo-de-ciencias-en-primera\/","name":"Educadoras de p\u00e1rvulos cerraron el a\u00f1o realizando Expo de ciencias en primera - Antofagasta","isPartOf":{"@id":"https:\/\/dev.explora.cl\/antofagasta\/#website"},"primaryImageOfPage":{"@id":"https:\/\/dev.explora.cl\/antofagasta\/educadoras-de-parvulos-cerraron-el-ano-realizando-expo-de-ciencias-en-primera\/#primaryimage"},"image":{"@id":"https:\/\/dev.explora.cl\/antofagasta\/educadoras-de-parvulos-cerraron-el-ano-realizando-expo-de-ciencias-en-primera\/#primaryimage"},"thumbnailUrl":"https:\/\/dev.explora.cl\/antofagasta\/wp-content\/uploads\/sites\/4\/2023\/01\/317643897_545161620955220_1883468863879118243_n.jpg","datePublished":"2022-11-30T22:29:08+00:00","dateModified":"2023-01-24T15:30:52+00:00","author":{"@id":"https:\/\/dev.explora.cl\/antofagasta\/#\/schema\/person\/71eda950cf8b3d75ad6c50a4d2179bcd"},"breadcrumb":{"@id":"https:\/\/dev.explora.cl\/antofagasta\/educadoras-de-parvulos-cerraron-el-ano-realizando-expo-de-ciencias-en-primera\/#breadcrumb"},"inLanguage":"es-CL","potentialAction":[{"@type":"ReadAction","target":["https:\/\/dev.explora.cl\/antofagasta\/educadoras-de-parvulos-cerraron-el-ano-realizando-expo-de-ciencias-en-primera\/"]}]},{"@type":"ImageObject","inLanguage":"es-CL","@id":"https:\/\/dev.explora.cl\/antofagasta\/educadoras-de-parvulos-cerraron-el-ano-realizando-expo-de-ciencias-en-primera\/#primaryimage","url":"https:\/\/dev.explora.cl\/antofagasta\/wp-content\/uploads\/sites\/4\/2023\/01\/317643897_545161620955220_1883468863879118243_n.jpg","contentUrl":"https:\/\/dev.explora.cl\/antofagasta\/wp-content\/uploads\/sites\/4\/2023\/01\/317643897_545161620955220_1883468863879118243_n.jpg","width":1440,"height":1080},{"@type":"BreadcrumbList","@id":"https:\/\/dev.explora.cl\/antofagasta\/educadoras-de-parvulos-cerraron-el-ano-realizando-expo-de-ciencias-en-primera\/#breadcrumb","itemListElement":[{"@type":"ListItem","position":1,"name":"Portada","item":"https:\/\/dev.explora.cl\/antofagasta\/"},{"@type":"ListItem","position":2,"name":"Educadoras de p\u00e1rvulos cerraron el a\u00f1o realizando Expo de ciencias en primera"}]},{"@type":"WebSite","@id":"https:\/\/dev.explora.cl\/antofagasta\/#website","url":"https:\/\/dev.explora.cl\/antofagasta\/","name":"Antofagasta","description":"Otro sitio m\u00e1s de dev.explora.cl","potentialAction":[{"@type":"SearchAction","target":{"@type":"EntryPoint","urlTemplate":"https:\/\/dev.explora.cl\/antofagasta\/?s={search_term_string}"},"query-input":{"@type":"PropertyValueSpecification","valueRequired":true,"valueName":"search_term_string"}}],"inLanguage":"es-CL"},{"@type":"Person","@id":"https:\/\/dev.explora.cl\/antofagasta\/#\/schema\/person\/71eda950cf8b3d75ad6c50a4d2179bcd","name":"cgomez","image":{"@type":"ImageObject","inLanguage":"es-CL","@id":"https:\/\/dev.explora.cl\/antofagasta\/#\/schema\/person\/image\/","url":"https:\/\/secure.gravatar.com\/avatar\/0c1e119225e98dd5c5a5a0d26c2bd2448642e86ce4fece294b57037090af5dd6?s=96&d=mm&r=g","contentUrl":"https:\/\/secure.gravatar.com\/avatar\/0c1e119225e98dd5c5a5a0d26c2bd2448642e86ce4fece294b57037090af5dd6?s=96&d=mm&r=g","caption":"cgomez"},"url":"https:\/\/dev.explora.cl\/antofagasta\/author\/cgomez\/"}]}},"_links":{"self":[{"href":"https:\/\/dev.explora.cl\/antofagasta\/wp-json\/wp\/v2\/posts\/41818","targetHints":{"allow":["GET"]}}],"collection":[{"href":"https:\/\/dev.explora.cl\/antofagasta\/wp-json\/wp\/v2\/posts"}],"about":[{"href":"https:\/\/dev.explora.cl\/antofagasta\/wp-json\/wp\/v2\/types\/post"}],"author":[{"embeddable":true,"href":"https:\/\/dev.explora.cl\/antofagasta\/wp-json\/wp\/v2\/users\/19"}],"replies":[{"embeddable":true,"href":"https:\/\/dev.explora.cl\/antofagasta\/wp-json\/wp\/v2\/comments?post=41818"}],"version-history":[{"count":1,"href":"https:\/\/dev.explora.cl\/antofagasta\/wp-json\/wp\/v2\/posts\/41818\/revisions"}],"predecessor-version":[{"id":41820,"href":"https:\/\/dev.explora.cl\/antofagasta\/wp-json\/wp\/v2\/posts\/41818\/revisions\/41820"}],"wp:featuredmedia":[{"embeddable":true,"href":"https:\/\/dev.explora.cl\/antofagasta\/wp-json\/wp\/v2\/media\/41819"}],"wp:attachment":[{"href":"https:\/\/dev.explora.cl\/antofagasta\/wp-json\/wp\/v2\/media?parent=41818"}],"wp:term":[{"taxonomy":"category","embeddable":true,"href":"https:\/\/dev.explora.cl\/antofagasta\/wp-json\/wp\/v2\/categories?post=41818"},{"taxonomy":"post_tag","embeddable":true,"href":"https:\/\/dev.explora.cl\/antofagasta\/wp-json\/wp\/v2\/tags?post=41818"}],"curies":[{"name":"wp","href":"https:\/\/api.w.org\/{rel}","templated":true}]}}