{"id":41806,"date":"2022-11-10T16:41:28","date_gmt":"2022-11-10T19:41:28","guid":{"rendered":"https:\/\/dev.explora.cl\/antofagasta\/?p=41806"},"modified":"2023-01-19T16:43:21","modified_gmt":"2023-01-19T19:43:21","slug":"congreso-regional-de-explora-finalizo-con-cuatro-proyectos-seleccionados-para-el-evento-nacional","status":"publish","type":"post","link":"https:\/\/dev.explora.cl\/antofagasta\/congreso-regional-de-explora-finalizo-con-cuatro-proyectos-seleccionados-para-el-evento-nacional\/","title":{"rendered":"Congreso Regional de Explora finaliz\u00f3 con cuatro proyectos seleccionados para el evento nacional"},"content":{"rendered":"<p><i><span style=\"font-weight: 400\">De Antofagasta y San Pedro de Atacama, son los estudiantes cuyas investigaciones e innovaciones fueron las ganadoras en este encuentro presencial.<\/span><\/i><\/p>\n<p>&nbsp;<\/p>\n<p><span style=\"font-weight: 400\">Luego de dos a\u00f1os de pandemia, la explanada de las \u2018\u2019R\u2019\u2019 dentro de la Universidad Cat\u00f3lica del Norte, fue el punto de encuentro donde 20 equipos de alumnos y alumnas de toda la Regi\u00f3n de Antofagasta, pudieron socializar sus proyectos de investigaci\u00f3n o innovaci\u00f3n, en el Congreso Regional Explora 2022.<\/span><\/p>\n<p><span style=\"font-weight: 400\">Antes de la gran presentaci\u00f3n final, los grupos expusieron de manera virtual ante un Comit\u00e9 Cient\u00edfico Evaluador compuesto por profesionales y expertos en diferentes \u00e1reas de las ciencias, con el objetivo de prepararse y empoderarse sobre sus tem\u00e1ticas seleccionadas.<\/span><\/p>\n<p><span style=\"font-weight: 400\">Durante el d\u00eda de este gran evento, los ni\u00f1os, ni\u00f1as y j\u00f3venes, tuvieron la oportunidad de dar a conocer sus inventos e investigaciones, ante autoridades regionales, universitarias y estudiantes de la misma casa de estudios.<\/span><\/p>\n<p><span style=\"font-weight: 400\">Luego, participaron en la actividad \u2018\u2019Almuerza con un cient\u00edfico\/a\u2019\u2019 para compartir de una manera diferente, con profesionales de las \u00e1reas de geolog\u00eda, biolog\u00eda, cultura y ciencias en general.<\/span><\/p>\n<p>&nbsp;<\/p>\n<p><b>Proyectos seleccionados\u00a0<\/b><\/p>\n<p>&nbsp;<\/p>\n<p><span style=\"font-weight: 400\">Este a\u00f1o los las investigaciones que ir\u00e1n al Congreso Nacional Explora son; \u2018\u2019Implementaci\u00f3n de motobombas solares para el riego de terrazas en el Sector de Soncor\u2019\u2019, de Molti Espinoza Cruz y Millaray Barboza Gavia, ambas del Complejo Educacional Toconao de la comuna de San Pedro de Atacama,\u00a0 \u2018\u2019Comparando la presencia de metales en la caleta Coloso con otras playa de Antofagasta\u2019\u2019, de Constanza Mart\u00ednez S\u00e1nchez y Javiera Delgado Flores, del ICEDUC de Antofagasta.<\/span><\/p>\n<p><span style=\"font-weight: 400\">En el caso de los proyectos de innovaci\u00f3n, fueron seleccionados; \u201cBioproductos alimentarios y cosm\u00e9ticos a partir de c\u00e1scara de papa, Solanum tuberosum, para mejorar la nutrici\u00f3n infantil en la regi\u00f3n de Antofagasta\u201d de las alumnas Dafne Contuliano Araya y Sof\u00eda Bra\u00f1a Cort\u00e9s, del Colegio Harvest Christian Schoo de Antofagasta l y \u2018\u2019Fitorremediaci\u00f3n en la sala de clases n\u00b027 , para mejora ambiental y psicoemocional\u2019\u2019 de Carolina N\u00fa\u00f1ez Zambra y su compa\u00f1era Mariana Montalv\u00e1n Rodr\u00edguez, del Complejo Juan Jos\u00e9 Latorre de Mejillones.\u00a0<\/span><\/p>\n","protected":false},"excerpt":{"rendered":"<p>De Antofagasta y San Pedro de Atacama, son los estudiantes cuyas investigaciones e innovaciones fueron las ganadoras en este encuentro presencial.<\/p>\n","protected":false},"author":19,"featured_media":41807,"comment_status":"open","ping_status":"open","sticky":false,"template":"","format":"standard","meta":{"_acf_changed":false,"_exactmetrics_skip_tracking":false,"_exactmetrics_sitenote_active":false,"_exactmetrics_sitenote_note":"","_exactmetrics_sitenote_category":0,"footnotes":"","_links_to":"","_links_to_target":""},"categories":[4,116,126],"tags":[],"class_list":["post-41806","post","type-post","status-publish","format-standard","has-post-thumbnail","hentry","category-noticias","category-para-comunidad-escolar","category-para-publico-general"],"acf":[],"yoast_head":"<!-- This site is optimized with the Yoast SEO plugin v26.7 - https:\/\/yoast.com\/wordpress\/plugins\/seo\/ -->\n<title>Congreso Regional de Explora finaliz\u00f3 con cuatro proyectos seleccionados para el evento nacional - Antofagasta<\/title>\n<meta name=\"robots\" content=\"index, follow, max-snippet:-1, max-image-preview:large, max-video-preview:-1\" \/>\n<link rel=\"canonical\" href=\"https:\/\/dev.explora.cl\/antofagasta\/congreso-regional-de-explora-finalizo-con-cuatro-proyectos-seleccionados-para-el-evento-nacional\/\" class=\"yoast-seo-meta-tag\" \/>\n<meta property=\"og:locale\" content=\"es_ES\" class=\"yoast-seo-meta-tag\" \/>\n<meta property=\"og:type\" content=\"article\" class=\"yoast-seo-meta-tag\" \/>\n<meta property=\"og:title\" content=\"Congreso Regional de Explora finaliz\u00f3 con cuatro proyectos seleccionados para el evento nacional - Antofagasta\" class=\"yoast-seo-meta-tag\" \/>\n<meta property=\"og:description\" content=\"De Antofagasta y San Pedro de Atacama, son los estudiantes cuyas investigaciones e innovaciones fueron las ganadoras en este encuentro presencial.\" class=\"yoast-seo-meta-tag\" \/>\n<meta property=\"og:url\" content=\"https:\/\/dev.explora.cl\/antofagasta\/congreso-regional-de-explora-finalizo-con-cuatro-proyectos-seleccionados-para-el-evento-nacional\/\" class=\"yoast-seo-meta-tag\" \/>\n<meta property=\"og:site_name\" content=\"Antofagasta\" class=\"yoast-seo-meta-tag\" \/>\n<meta property=\"article:published_time\" content=\"2022-11-10T19:41:28+00:00\" class=\"yoast-seo-meta-tag\" \/>\n<meta property=\"article:modified_time\" content=\"2023-01-19T19:43:21+00:00\" class=\"yoast-seo-meta-tag\" \/>\n<meta property=\"og:image\" content=\"https:\/\/dev.explora.cl\/antofagasta\/wp-content\/uploads\/sites\/4\/2023\/01\/IMG_7645-1024x575.jpg\" class=\"yoast-seo-meta-tag\" \/>\n\t<meta property=\"og:image:width\" content=\"1024\" class=\"yoast-seo-meta-tag\" \/>\n\t<meta property=\"og:image:height\" content=\"575\" class=\"yoast-seo-meta-tag\" \/>\n\t<meta property=\"og:image:type\" content=\"image\/jpeg\" class=\"yoast-seo-meta-tag\" \/>\n<meta name=\"author\" content=\"cgomez\" class=\"yoast-seo-meta-tag\" \/>\n<meta name=\"twitter:card\" content=\"summary_large_image\" class=\"yoast-seo-meta-tag\" \/>\n<meta name=\"twitter:label1\" content=\"Escrito por\" class=\"yoast-seo-meta-tag\" \/>\n\t<meta name=\"twitter:data1\" content=\"cgomez\" class=\"yoast-seo-meta-tag\" \/>\n\t<meta name=\"twitter:label2\" content=\"Tiempo estimado de lectura\" class=\"yoast-seo-meta-tag\" \/>\n\t<meta name=\"twitter:data2\" content=\"2 minutos\" class=\"yoast-seo-meta-tag\" \/>\n<script type=\"application\/ld+json\" class=\"yoast-schema-graph\">{\"@context\":\"https:\/\/schema.org\",\"@graph\":[{\"@type\":\"Article\",\"@id\":\"https:\/\/dev.explora.cl\/antofagasta\/congreso-regional-de-explora-finalizo-con-cuatro-proyectos-seleccionados-para-el-evento-nacional\/#article\",\"isPartOf\":{\"@id\":\"https:\/\/dev.explora.cl\/antofagasta\/congreso-regional-de-explora-finalizo-con-cuatro-proyectos-seleccionados-para-el-evento-nacional\/\"},\"author\":{\"name\":\"cgomez\",\"@id\":\"https:\/\/dev.explora.cl\/antofagasta\/#\/schema\/person\/71eda950cf8b3d75ad6c50a4d2179bcd\"},\"headline\":\"Congreso Regional de Explora finaliz\u00f3 con cuatro proyectos seleccionados para el evento nacional\",\"datePublished\":\"2022-11-10T19:41:28+00:00\",\"dateModified\":\"2023-01-19T19:43:21+00:00\",\"mainEntityOfPage\":{\"@id\":\"https:\/\/dev.explora.cl\/antofagasta\/congreso-regional-de-explora-finalizo-con-cuatro-proyectos-seleccionados-para-el-evento-nacional\/\"},\"wordCount\":376,\"commentCount\":0,\"image\":{\"@id\":\"https:\/\/dev.explora.cl\/antofagasta\/congreso-regional-de-explora-finalizo-con-cuatro-proyectos-seleccionados-para-el-evento-nacional\/#primaryimage\"},\"thumbnailUrl\":\"https:\/\/dev.explora.cl\/antofagasta\/wp-content\/uploads\/sites\/4\/2023\/01\/IMG_7645.jpg\",\"articleSection\":[\"Noticias\",\"Para Comunidad Escolar\",\"Para P\u00fablico General\"],\"inLanguage\":\"es-CL\",\"potentialAction\":[{\"@type\":\"CommentAction\",\"name\":\"Comment\",\"target\":[\"https:\/\/dev.explora.cl\/antofagasta\/congreso-regional-de-explora-finalizo-con-cuatro-proyectos-seleccionados-para-el-evento-nacional\/#respond\"]}]},{\"@type\":\"WebPage\",\"@id\":\"https:\/\/dev.explora.cl\/antofagasta\/congreso-regional-de-explora-finalizo-con-cuatro-proyectos-seleccionados-para-el-evento-nacional\/\",\"url\":\"https:\/\/dev.explora.cl\/antofagasta\/congreso-regional-de-explora-finalizo-con-cuatro-proyectos-seleccionados-para-el-evento-nacional\/\",\"name\":\"Congreso Regional de Explora finaliz\u00f3 con cuatro proyectos seleccionados para el evento nacional - Antofagasta\",\"isPartOf\":{\"@id\":\"https:\/\/dev.explora.cl\/antofagasta\/#website\"},\"primaryImageOfPage\":{\"@id\":\"https:\/\/dev.explora.cl\/antofagasta\/congreso-regional-de-explora-finalizo-con-cuatro-proyectos-seleccionados-para-el-evento-nacional\/#primaryimage\"},\"image\":{\"@id\":\"https:\/\/dev.explora.cl\/antofagasta\/congreso-regional-de-explora-finalizo-con-cuatro-proyectos-seleccionados-para-el-evento-nacional\/#primaryimage\"},\"thumbnailUrl\":\"https:\/\/dev.explora.cl\/antofagasta\/wp-content\/uploads\/sites\/4\/2023\/01\/IMG_7645.jpg\",\"datePublished\":\"2022-11-10T19:41:28+00:00\",\"dateModified\":\"2023-01-19T19:43:21+00:00\",\"author\":{\"@id\":\"https:\/\/dev.explora.cl\/antofagasta\/#\/schema\/person\/71eda950cf8b3d75ad6c50a4d2179bcd\"},\"breadcrumb\":{\"@id\":\"https:\/\/dev.explora.cl\/antofagasta\/congreso-regional-de-explora-finalizo-con-cuatro-proyectos-seleccionados-para-el-evento-nacional\/#breadcrumb\"},\"inLanguage\":\"es-CL\",\"potentialAction\":[{\"@type\":\"ReadAction\",\"target\":[\"https:\/\/dev.explora.cl\/antofagasta\/congreso-regional-de-explora-finalizo-con-cuatro-proyectos-seleccionados-para-el-evento-nacional\/\"]}]},{\"@type\":\"ImageObject\",\"inLanguage\":\"es-CL\",\"@id\":\"https:\/\/dev.explora.cl\/antofagasta\/congreso-regional-de-explora-finalizo-con-cuatro-proyectos-seleccionados-para-el-evento-nacional\/#primaryimage\",\"url\":\"https:\/\/dev.explora.cl\/antofagasta\/wp-content\/uploads\/sites\/4\/2023\/01\/IMG_7645.jpg\",\"contentUrl\":\"https:\/\/dev.explora.cl\/antofagasta\/wp-content\/uploads\/sites\/4\/2023\/01\/IMG_7645.jpg\",\"width\":5184,\"height\":2912},{\"@type\":\"BreadcrumbList\",\"@id\":\"https:\/\/dev.explora.cl\/antofagasta\/congreso-regional-de-explora-finalizo-con-cuatro-proyectos-seleccionados-para-el-evento-nacional\/#breadcrumb\",\"itemListElement\":[{\"@type\":\"ListItem\",\"position\":1,\"name\":\"Portada\",\"item\":\"https:\/\/dev.explora.cl\/antofagasta\/\"},{\"@type\":\"ListItem\",\"position\":2,\"name\":\"Congreso Regional de Explora finaliz\u00f3 con cuatro proyectos seleccionados para el evento nacional\"}]},{\"@type\":\"WebSite\",\"@id\":\"https:\/\/dev.explora.cl\/antofagasta\/#website\",\"url\":\"https:\/\/dev.explora.cl\/antofagasta\/\",\"name\":\"Antofagasta\",\"description\":\"Otro sitio m\u00e1s de dev.explora.cl\",\"potentialAction\":[{\"@type\":\"SearchAction\",\"target\":{\"@type\":\"EntryPoint\",\"urlTemplate\":\"https:\/\/dev.explora.cl\/antofagasta\/?s={search_term_string}\"},\"query-input\":{\"@type\":\"PropertyValueSpecification\",\"valueRequired\":true,\"valueName\":\"search_term_string\"}}],\"inLanguage\":\"es-CL\"},{\"@type\":\"Person\",\"@id\":\"https:\/\/dev.explora.cl\/antofagasta\/#\/schema\/person\/71eda950cf8b3d75ad6c50a4d2179bcd\",\"name\":\"cgomez\",\"image\":{\"@type\":\"ImageObject\",\"inLanguage\":\"es-CL\",\"@id\":\"https:\/\/dev.explora.cl\/antofagasta\/#\/schema\/person\/image\/\",\"url\":\"https:\/\/secure.gravatar.com\/avatar\/0c1e119225e98dd5c5a5a0d26c2bd2448642e86ce4fece294b57037090af5dd6?s=96&d=mm&r=g\",\"contentUrl\":\"https:\/\/secure.gravatar.com\/avatar\/0c1e119225e98dd5c5a5a0d26c2bd2448642e86ce4fece294b57037090af5dd6?s=96&d=mm&r=g\",\"caption\":\"cgomez\"},\"url\":\"https:\/\/dev.explora.cl\/antofagasta\/author\/cgomez\/\"}]}<\/script>\n<!-- \/ Yoast SEO plugin. -->","yoast_head_json":{"title":"Congreso Regional de Explora finaliz\u00f3 con cuatro proyectos seleccionados para el evento nacional - Antofagasta","robots":{"index":"index","follow":"follow","max-snippet":"max-snippet:-1","max-image-preview":"max-image-preview:large","max-video-preview":"max-video-preview:-1"},"canonical":"https:\/\/dev.explora.cl\/antofagasta\/congreso-regional-de-explora-finalizo-con-cuatro-proyectos-seleccionados-para-el-evento-nacional\/","og_locale":"es_ES","og_type":"article","og_title":"Congreso Regional de Explora finaliz\u00f3 con cuatro proyectos seleccionados para el evento nacional - Antofagasta","og_description":"De Antofagasta y San Pedro de Atacama, son los estudiantes cuyas investigaciones e innovaciones fueron las ganadoras en este encuentro presencial.","og_url":"https:\/\/dev.explora.cl\/antofagasta\/congreso-regional-de-explora-finalizo-con-cuatro-proyectos-seleccionados-para-el-evento-nacional\/","og_site_name":"Antofagasta","article_published_time":"2022-11-10T19:41:28+00:00","article_modified_time":"2023-01-19T19:43:21+00:00","og_image":[{"width":1024,"height":575,"url":"https:\/\/dev.explora.cl\/antofagasta\/wp-content\/uploads\/sites\/4\/2023\/01\/IMG_7645-1024x575.jpg","type":"image\/jpeg"}],"author":"cgomez","twitter_card":"summary_large_image","twitter_misc":{"Escrito por":"cgomez","Tiempo estimado de lectura":"2 minutos"},"schema":{"@context":"https:\/\/schema.org","@graph":[{"@type":"Article","@id":"https:\/\/dev.explora.cl\/antofagasta\/congreso-regional-de-explora-finalizo-con-cuatro-proyectos-seleccionados-para-el-evento-nacional\/#article","isPartOf":{"@id":"https:\/\/dev.explora.cl\/antofagasta\/congreso-regional-de-explora-finalizo-con-cuatro-proyectos-seleccionados-para-el-evento-nacional\/"},"author":{"name":"cgomez","@id":"https:\/\/dev.explora.cl\/antofagasta\/#\/schema\/person\/71eda950cf8b3d75ad6c50a4d2179bcd"},"headline":"Congreso Regional de Explora finaliz\u00f3 con cuatro proyectos seleccionados para el evento nacional","datePublished":"2022-11-10T19:41:28+00:00","dateModified":"2023-01-19T19:43:21+00:00","mainEntityOfPage":{"@id":"https:\/\/dev.explora.cl\/antofagasta\/congreso-regional-de-explora-finalizo-con-cuatro-proyectos-seleccionados-para-el-evento-nacional\/"},"wordCount":376,"commentCount":0,"image":{"@id":"https:\/\/dev.explora.cl\/antofagasta\/congreso-regional-de-explora-finalizo-con-cuatro-proyectos-seleccionados-para-el-evento-nacional\/#primaryimage"},"thumbnailUrl":"https:\/\/dev.explora.cl\/antofagasta\/wp-content\/uploads\/sites\/4\/2023\/01\/IMG_7645.jpg","articleSection":["Noticias","Para Comunidad Escolar","Para P\u00fablico General"],"inLanguage":"es-CL","potentialAction":[{"@type":"CommentAction","name":"Comment","target":["https:\/\/dev.explora.cl\/antofagasta\/congreso-regional-de-explora-finalizo-con-cuatro-proyectos-seleccionados-para-el-evento-nacional\/#respond"]}]},{"@type":"WebPage","@id":"https:\/\/dev.explora.cl\/antofagasta\/congreso-regional-de-explora-finalizo-con-cuatro-proyectos-seleccionados-para-el-evento-nacional\/","url":"https:\/\/dev.explora.cl\/antofagasta\/congreso-regional-de-explora-finalizo-con-cuatro-proyectos-seleccionados-para-el-evento-nacional\/","name":"Congreso Regional de Explora finaliz\u00f3 con cuatro proyectos seleccionados para el evento nacional - Antofagasta","isPartOf":{"@id":"https:\/\/dev.explora.cl\/antofagasta\/#website"},"primaryImageOfPage":{"@id":"https:\/\/dev.explora.cl\/antofagasta\/congreso-regional-de-explora-finalizo-con-cuatro-proyectos-seleccionados-para-el-evento-nacional\/#primaryimage"},"image":{"@id":"https:\/\/dev.explora.cl\/antofagasta\/congreso-regional-de-explora-finalizo-con-cuatro-proyectos-seleccionados-para-el-evento-nacional\/#primaryimage"},"thumbnailUrl":"https:\/\/dev.explora.cl\/antofagasta\/wp-content\/uploads\/sites\/4\/2023\/01\/IMG_7645.jpg","datePublished":"2022-11-10T19:41:28+00:00","dateModified":"2023-01-19T19:43:21+00:00","author":{"@id":"https:\/\/dev.explora.cl\/antofagasta\/#\/schema\/person\/71eda950cf8b3d75ad6c50a4d2179bcd"},"breadcrumb":{"@id":"https:\/\/dev.explora.cl\/antofagasta\/congreso-regional-de-explora-finalizo-con-cuatro-proyectos-seleccionados-para-el-evento-nacional\/#breadcrumb"},"inLanguage":"es-CL","potentialAction":[{"@type":"ReadAction","target":["https:\/\/dev.explora.cl\/antofagasta\/congreso-regional-de-explora-finalizo-con-cuatro-proyectos-seleccionados-para-el-evento-nacional\/"]}]},{"@type":"ImageObject","inLanguage":"es-CL","@id":"https:\/\/dev.explora.cl\/antofagasta\/congreso-regional-de-explora-finalizo-con-cuatro-proyectos-seleccionados-para-el-evento-nacional\/#primaryimage","url":"https:\/\/dev.explora.cl\/antofagasta\/wp-content\/uploads\/sites\/4\/2023\/01\/IMG_7645.jpg","contentUrl":"https:\/\/dev.explora.cl\/antofagasta\/wp-content\/uploads\/sites\/4\/2023\/01\/IMG_7645.jpg","width":5184,"height":2912},{"@type":"BreadcrumbList","@id":"https:\/\/dev.explora.cl\/antofagasta\/congreso-regional-de-explora-finalizo-con-cuatro-proyectos-seleccionados-para-el-evento-nacional\/#breadcrumb","itemListElement":[{"@type":"ListItem","position":1,"name":"Portada","item":"https:\/\/dev.explora.cl\/antofagasta\/"},{"@type":"ListItem","position":2,"name":"Congreso Regional de Explora finaliz\u00f3 con cuatro proyectos seleccionados para el evento nacional"}]},{"@type":"WebSite","@id":"https:\/\/dev.explora.cl\/antofagasta\/#website","url":"https:\/\/dev.explora.cl\/antofagasta\/","name":"Antofagasta","description":"Otro sitio m\u00e1s de dev.explora.cl","potentialAction":[{"@type":"SearchAction","target":{"@type":"EntryPoint","urlTemplate":"https:\/\/dev.explora.cl\/antofagasta\/?s={search_term_string}"},"query-input":{"@type":"PropertyValueSpecification","valueRequired":true,"valueName":"search_term_string"}}],"inLanguage":"es-CL"},{"@type":"Person","@id":"https:\/\/dev.explora.cl\/antofagasta\/#\/schema\/person\/71eda950cf8b3d75ad6c50a4d2179bcd","name":"cgomez","image":{"@type":"ImageObject","inLanguage":"es-CL","@id":"https:\/\/dev.explora.cl\/antofagasta\/#\/schema\/person\/image\/","url":"https:\/\/secure.gravatar.com\/avatar\/0c1e119225e98dd5c5a5a0d26c2bd2448642e86ce4fece294b57037090af5dd6?s=96&d=mm&r=g","contentUrl":"https:\/\/secure.gravatar.com\/avatar\/0c1e119225e98dd5c5a5a0d26c2bd2448642e86ce4fece294b57037090af5dd6?s=96&d=mm&r=g","caption":"cgomez"},"url":"https:\/\/dev.explora.cl\/antofagasta\/author\/cgomez\/"}]}},"_links":{"self":[{"href":"https:\/\/dev.explora.cl\/antofagasta\/wp-json\/wp\/v2\/posts\/41806","targetHints":{"allow":["GET"]}}],"collection":[{"href":"https:\/\/dev.explora.cl\/antofagasta\/wp-json\/wp\/v2\/posts"}],"about":[{"href":"https:\/\/dev.explora.cl\/antofagasta\/wp-json\/wp\/v2\/types\/post"}],"author":[{"embeddable":true,"href":"https:\/\/dev.explora.cl\/antofagasta\/wp-json\/wp\/v2\/users\/19"}],"replies":[{"embeddable":true,"href":"https:\/\/dev.explora.cl\/antofagasta\/wp-json\/wp\/v2\/comments?post=41806"}],"version-history":[{"count":1,"href":"https:\/\/dev.explora.cl\/antofagasta\/wp-json\/wp\/v2\/posts\/41806\/revisions"}],"predecessor-version":[{"id":41808,"href":"https:\/\/dev.explora.cl\/antofagasta\/wp-json\/wp\/v2\/posts\/41806\/revisions\/41808"}],"wp:featuredmedia":[{"embeddable":true,"href":"https:\/\/dev.explora.cl\/antofagasta\/wp-json\/wp\/v2\/media\/41807"}],"wp:attachment":[{"href":"https:\/\/dev.explora.cl\/antofagasta\/wp-json\/wp\/v2\/media?parent=41806"}],"wp:term":[{"taxonomy":"category","embeddable":true,"href":"https:\/\/dev.explora.cl\/antofagasta\/wp-json\/wp\/v2\/categories?post=41806"},{"taxonomy":"post_tag","embeddable":true,"href":"https:\/\/dev.explora.cl\/antofagasta\/wp-json\/wp\/v2\/tags?post=41806"}],"curies":[{"name":"wp","href":"https:\/\/api.w.org\/{rel}","templated":true}]}}