{"id":41491,"date":"2022-05-26T14:53:46","date_gmt":"2022-05-26T18:53:46","guid":{"rendered":"https:\/\/dev.explora.cl\/antofagasta\/?p=41491"},"modified":"2022-06-24T16:24:36","modified_gmt":"2022-06-24T20:24:36","slug":"academico-de-la-u-de-talca-dictara-tercera-charla-de-salud-mental-de-explora-antofagasta","status":"publish","type":"post","link":"https:\/\/dev.explora.cl\/antofagasta\/academico-de-la-u-de-talca-dictara-tercera-charla-de-salud-mental-de-explora-antofagasta\/","title":{"rendered":"Acad\u00e9mico de la U. de Talca dictar\u00e1 tercera charla de salud mental de Explora Antofagasta"},"content":{"rendered":"<p><span style=\"font-weight: 400\">El destacado investigador y acad\u00e9mico de la Escuela de Terapia Ocupacional de la Universidad de Talca, Roberto L\u00f3pez Andaur, ser\u00e1 el encargado de dictar la tercera charla del ciclo de Salud Mental organizado por el Proyecto Explora Antofagasta, del Ministerio de Ciencia, Tecnolog\u00eda, Conocimiento e Innovaci\u00f3n, ejecutado por la Universidad Cat\u00f3lica del Norte.<\/span><\/p>\n<p><span style=\"font-weight: 400\">En esta ocasi\u00f3n el charlista invitado explicar\u00e1 el trabajo que realizan los terapeutas ocupacionales en pos de la rehabilitaci\u00f3n de las personas, c\u00f3mo emplean la ciencia y la tecnolog\u00eda para desarrollar esa funci\u00f3n, y c\u00f3mo se han debido adaptar tras la pandemia de covid-19.<\/span><\/p>\n<p><span style=\"font-weight: 400\">El acad\u00e9mico de la Universidad de Talca tambi\u00e9n profundizar\u00e1 en los avances que ha tenido la formaci\u00f3n de terapeutas ocupacionales en dicha casa de estudios y responder\u00e1 preguntas del p\u00fablico al final de su intervenci\u00f3n.<\/span><\/p>\n<p><span style=\"font-weight: 400\">La charla se realizar\u00e1 este viernes a las 18:00 horas y se transmitir\u00e1 por la p\u00e1gina de Facebook y canal de Youtube de Explora Antofagasta, pero tambi\u00e9n por las fanpage de la Universidad Cat\u00f3lica del Norte, Biblioteca Regional de Antofagasta, Radio Antofagasta Online y Red Loa de la FM MIX, para as\u00ed llegar a la mayor cantidad posible de auditores y auditoras.<\/span><\/p>\n","protected":false},"excerpt":{"rendered":"<p>El destacado investigador y acad\u00e9mico de la Escuela de Terapia Ocupacional de la Universidad de Talca, Roberto L\u00f3pez Andaur, ser\u00e1 el encargado de dictar la tercera charla del ciclo de Salud Mental organizado por el Proyecto Explora Antofagasta, del Ministerio de Ciencia, Tecnolog\u00eda, Conocimiento e Innovaci\u00f3n, ejecutado por la Universidad Cat\u00f3lica del Norte.<\/p>\n","protected":false},"author":19,"featured_media":41492,"comment_status":"open","ping_status":"open","sticky":false,"template":"","format":"standard","meta":{"_acf_changed":false,"_exactmetrics_skip_tracking":false,"_exactmetrics_sitenote_active":false,"_exactmetrics_sitenote_note":"","_exactmetrics_sitenote_category":0,"footnotes":"","_links_to":"","_links_to_target":""},"categories":[4,126],"tags":[],"class_list":["post-41491","post","type-post","status-publish","format-standard","has-post-thumbnail","hentry","category-noticias","category-para-publico-general"],"acf":[],"yoast_head":"<!-- This site is optimized with the Yoast SEO plugin v26.7 - https:\/\/yoast.com\/wordpress\/plugins\/seo\/ -->\n<title>Acad\u00e9mico de la U. de Talca dictar\u00e1 tercera charla de salud mental de Explora Antofagasta - Antofagasta<\/title>\n<meta name=\"robots\" content=\"index, follow, max-snippet:-1, max-image-preview:large, max-video-preview:-1\" \/>\n<link rel=\"canonical\" href=\"https:\/\/dev.explora.cl\/antofagasta\/academico-de-la-u-de-talca-dictara-tercera-charla-de-salud-mental-de-explora-antofagasta\/\" class=\"yoast-seo-meta-tag\" \/>\n<meta property=\"og:locale\" content=\"es_ES\" class=\"yoast-seo-meta-tag\" \/>\n<meta property=\"og:type\" content=\"article\" class=\"yoast-seo-meta-tag\" \/>\n<meta property=\"og:title\" content=\"Acad\u00e9mico de la U. de Talca dictar\u00e1 tercera charla de salud mental de Explora Antofagasta - Antofagasta\" class=\"yoast-seo-meta-tag\" \/>\n<meta property=\"og:description\" content=\"El destacado investigador y acad\u00e9mico de la Escuela de Terapia Ocupacional de la Universidad de Talca, Roberto L\u00f3pez Andaur, ser\u00e1 el encargado de dictar la tercera charla del ciclo de Salud Mental organizado por el Proyecto Explora Antofagasta, del Ministerio de Ciencia, Tecnolog\u00eda, Conocimiento e Innovaci\u00f3n, ejecutado por la Universidad Cat\u00f3lica del Norte.\" class=\"yoast-seo-meta-tag\" \/>\n<meta property=\"og:url\" content=\"https:\/\/dev.explora.cl\/antofagasta\/academico-de-la-u-de-talca-dictara-tercera-charla-de-salud-mental-de-explora-antofagasta\/\" class=\"yoast-seo-meta-tag\" \/>\n<meta property=\"og:site_name\" content=\"Antofagasta\" class=\"yoast-seo-meta-tag\" \/>\n<meta property=\"article:published_time\" content=\"2022-05-26T18:53:46+00:00\" class=\"yoast-seo-meta-tag\" \/>\n<meta property=\"article:modified_time\" content=\"2022-06-24T20:24:36+00:00\" class=\"yoast-seo-meta-tag\" \/>\n<meta property=\"og:image\" content=\"https:\/\/dev.explora.cl\/antofagasta\/wp-content\/uploads\/sites\/4\/2022\/05\/WhatsApp-Image-2022-05-23-at-11.25.04-AM.jpeg\" class=\"yoast-seo-meta-tag\" \/>\n\t<meta property=\"og:image:width\" content=\"1280\" class=\"yoast-seo-meta-tag\" \/>\n\t<meta property=\"og:image:height\" content=\"1280\" class=\"yoast-seo-meta-tag\" \/>\n\t<meta property=\"og:image:type\" content=\"image\/jpeg\" class=\"yoast-seo-meta-tag\" \/>\n<meta name=\"author\" content=\"cgomez\" class=\"yoast-seo-meta-tag\" \/>\n<meta name=\"twitter:card\" content=\"summary_large_image\" class=\"yoast-seo-meta-tag\" \/>\n<meta name=\"twitter:label1\" content=\"Escrito por\" class=\"yoast-seo-meta-tag\" \/>\n\t<meta name=\"twitter:data1\" content=\"cgomez\" class=\"yoast-seo-meta-tag\" \/>\n\t<meta name=\"twitter:label2\" content=\"Tiempo estimado de lectura\" class=\"yoast-seo-meta-tag\" \/>\n\t<meta name=\"twitter:data2\" content=\"1 minuto\" class=\"yoast-seo-meta-tag\" \/>\n<script type=\"application\/ld+json\" class=\"yoast-schema-graph\">{\"@context\":\"https:\/\/schema.org\",\"@graph\":[{\"@type\":\"Article\",\"@id\":\"https:\/\/dev.explora.cl\/antofagasta\/academico-de-la-u-de-talca-dictara-tercera-charla-de-salud-mental-de-explora-antofagasta\/#article\",\"isPartOf\":{\"@id\":\"https:\/\/dev.explora.cl\/antofagasta\/academico-de-la-u-de-talca-dictara-tercera-charla-de-salud-mental-de-explora-antofagasta\/\"},\"author\":{\"name\":\"cgomez\",\"@id\":\"https:\/\/dev.explora.cl\/antofagasta\/#\/schema\/person\/71eda950cf8b3d75ad6c50a4d2179bcd\"},\"headline\":\"Acad\u00e9mico de la U. de Talca dictar\u00e1 tercera charla de salud mental de Explora Antofagasta\",\"datePublished\":\"2022-05-26T18:53:46+00:00\",\"dateModified\":\"2022-06-24T20:24:36+00:00\",\"mainEntityOfPage\":{\"@id\":\"https:\/\/dev.explora.cl\/antofagasta\/academico-de-la-u-de-talca-dictara-tercera-charla-de-salud-mental-de-explora-antofagasta\/\"},\"wordCount\":228,\"commentCount\":0,\"image\":{\"@id\":\"https:\/\/dev.explora.cl\/antofagasta\/academico-de-la-u-de-talca-dictara-tercera-charla-de-salud-mental-de-explora-antofagasta\/#primaryimage\"},\"thumbnailUrl\":\"https:\/\/dev.explora.cl\/antofagasta\/wp-content\/uploads\/sites\/4\/2022\/05\/WhatsApp-Image-2022-05-23-at-11.25.04-AM.jpeg\",\"articleSection\":[\"Noticias\",\"Para P\u00fablico General\"],\"inLanguage\":\"es-CL\",\"potentialAction\":[{\"@type\":\"CommentAction\",\"name\":\"Comment\",\"target\":[\"https:\/\/dev.explora.cl\/antofagasta\/academico-de-la-u-de-talca-dictara-tercera-charla-de-salud-mental-de-explora-antofagasta\/#respond\"]}]},{\"@type\":\"WebPage\",\"@id\":\"https:\/\/dev.explora.cl\/antofagasta\/academico-de-la-u-de-talca-dictara-tercera-charla-de-salud-mental-de-explora-antofagasta\/\",\"url\":\"https:\/\/dev.explora.cl\/antofagasta\/academico-de-la-u-de-talca-dictara-tercera-charla-de-salud-mental-de-explora-antofagasta\/\",\"name\":\"Acad\u00e9mico de la U. de Talca dictar\u00e1 tercera charla de salud mental de Explora Antofagasta - Antofagasta\",\"isPartOf\":{\"@id\":\"https:\/\/dev.explora.cl\/antofagasta\/#website\"},\"primaryImageOfPage\":{\"@id\":\"https:\/\/dev.explora.cl\/antofagasta\/academico-de-la-u-de-talca-dictara-tercera-charla-de-salud-mental-de-explora-antofagasta\/#primaryimage\"},\"image\":{\"@id\":\"https:\/\/dev.explora.cl\/antofagasta\/academico-de-la-u-de-talca-dictara-tercera-charla-de-salud-mental-de-explora-antofagasta\/#primaryimage\"},\"thumbnailUrl\":\"https:\/\/dev.explora.cl\/antofagasta\/wp-content\/uploads\/sites\/4\/2022\/05\/WhatsApp-Image-2022-05-23-at-11.25.04-AM.jpeg\",\"datePublished\":\"2022-05-26T18:53:46+00:00\",\"dateModified\":\"2022-06-24T20:24:36+00:00\",\"author\":{\"@id\":\"https:\/\/dev.explora.cl\/antofagasta\/#\/schema\/person\/71eda950cf8b3d75ad6c50a4d2179bcd\"},\"breadcrumb\":{\"@id\":\"https:\/\/dev.explora.cl\/antofagasta\/academico-de-la-u-de-talca-dictara-tercera-charla-de-salud-mental-de-explora-antofagasta\/#breadcrumb\"},\"inLanguage\":\"es-CL\",\"potentialAction\":[{\"@type\":\"ReadAction\",\"target\":[\"https:\/\/dev.explora.cl\/antofagasta\/academico-de-la-u-de-talca-dictara-tercera-charla-de-salud-mental-de-explora-antofagasta\/\"]}]},{\"@type\":\"ImageObject\",\"inLanguage\":\"es-CL\",\"@id\":\"https:\/\/dev.explora.cl\/antofagasta\/academico-de-la-u-de-talca-dictara-tercera-charla-de-salud-mental-de-explora-antofagasta\/#primaryimage\",\"url\":\"https:\/\/dev.explora.cl\/antofagasta\/wp-content\/uploads\/sites\/4\/2022\/05\/WhatsApp-Image-2022-05-23-at-11.25.04-AM.jpeg\",\"contentUrl\":\"https:\/\/dev.explora.cl\/antofagasta\/wp-content\/uploads\/sites\/4\/2022\/05\/WhatsApp-Image-2022-05-23-at-11.25.04-AM.jpeg\",\"width\":1280,\"height\":1280},{\"@type\":\"BreadcrumbList\",\"@id\":\"https:\/\/dev.explora.cl\/antofagasta\/academico-de-la-u-de-talca-dictara-tercera-charla-de-salud-mental-de-explora-antofagasta\/#breadcrumb\",\"itemListElement\":[{\"@type\":\"ListItem\",\"position\":1,\"name\":\"Portada\",\"item\":\"https:\/\/dev.explora.cl\/antofagasta\/\"},{\"@type\":\"ListItem\",\"position\":2,\"name\":\"Acad\u00e9mico de la U. de Talca dictar\u00e1 tercera charla de salud mental de Explora Antofagasta\"}]},{\"@type\":\"WebSite\",\"@id\":\"https:\/\/dev.explora.cl\/antofagasta\/#website\",\"url\":\"https:\/\/dev.explora.cl\/antofagasta\/\",\"name\":\"Antofagasta\",\"description\":\"Otro sitio m\u00e1s de dev.explora.cl\",\"potentialAction\":[{\"@type\":\"SearchAction\",\"target\":{\"@type\":\"EntryPoint\",\"urlTemplate\":\"https:\/\/dev.explora.cl\/antofagasta\/?s={search_term_string}\"},\"query-input\":{\"@type\":\"PropertyValueSpecification\",\"valueRequired\":true,\"valueName\":\"search_term_string\"}}],\"inLanguage\":\"es-CL\"},{\"@type\":\"Person\",\"@id\":\"https:\/\/dev.explora.cl\/antofagasta\/#\/schema\/person\/71eda950cf8b3d75ad6c50a4d2179bcd\",\"name\":\"cgomez\",\"image\":{\"@type\":\"ImageObject\",\"inLanguage\":\"es-CL\",\"@id\":\"https:\/\/dev.explora.cl\/antofagasta\/#\/schema\/person\/image\/\",\"url\":\"https:\/\/secure.gravatar.com\/avatar\/0c1e119225e98dd5c5a5a0d26c2bd2448642e86ce4fece294b57037090af5dd6?s=96&d=mm&r=g\",\"contentUrl\":\"https:\/\/secure.gravatar.com\/avatar\/0c1e119225e98dd5c5a5a0d26c2bd2448642e86ce4fece294b57037090af5dd6?s=96&d=mm&r=g\",\"caption\":\"cgomez\"},\"url\":\"https:\/\/dev.explora.cl\/antofagasta\/author\/cgomez\/\"}]}<\/script>\n<!-- \/ Yoast SEO plugin. -->","yoast_head_json":{"title":"Acad\u00e9mico de la U. de Talca dictar\u00e1 tercera charla de salud mental de Explora Antofagasta - Antofagasta","robots":{"index":"index","follow":"follow","max-snippet":"max-snippet:-1","max-image-preview":"max-image-preview:large","max-video-preview":"max-video-preview:-1"},"canonical":"https:\/\/dev.explora.cl\/antofagasta\/academico-de-la-u-de-talca-dictara-tercera-charla-de-salud-mental-de-explora-antofagasta\/","og_locale":"es_ES","og_type":"article","og_title":"Acad\u00e9mico de la U. de Talca dictar\u00e1 tercera charla de salud mental de Explora Antofagasta - Antofagasta","og_description":"El destacado investigador y acad\u00e9mico de la Escuela de Terapia Ocupacional de la Universidad de Talca, Roberto L\u00f3pez Andaur, ser\u00e1 el encargado de dictar la tercera charla del ciclo de Salud Mental organizado por el Proyecto Explora Antofagasta, del Ministerio de Ciencia, Tecnolog\u00eda, Conocimiento e Innovaci\u00f3n, ejecutado por la Universidad Cat\u00f3lica del Norte.","og_url":"https:\/\/dev.explora.cl\/antofagasta\/academico-de-la-u-de-talca-dictara-tercera-charla-de-salud-mental-de-explora-antofagasta\/","og_site_name":"Antofagasta","article_published_time":"2022-05-26T18:53:46+00:00","article_modified_time":"2022-06-24T20:24:36+00:00","og_image":[{"width":1280,"height":1280,"url":"https:\/\/dev.explora.cl\/antofagasta\/wp-content\/uploads\/sites\/4\/2022\/05\/WhatsApp-Image-2022-05-23-at-11.25.04-AM.jpeg","type":"image\/jpeg"}],"author":"cgomez","twitter_card":"summary_large_image","twitter_misc":{"Escrito por":"cgomez","Tiempo estimado de lectura":"1 minuto"},"schema":{"@context":"https:\/\/schema.org","@graph":[{"@type":"Article","@id":"https:\/\/dev.explora.cl\/antofagasta\/academico-de-la-u-de-talca-dictara-tercera-charla-de-salud-mental-de-explora-antofagasta\/#article","isPartOf":{"@id":"https:\/\/dev.explora.cl\/antofagasta\/academico-de-la-u-de-talca-dictara-tercera-charla-de-salud-mental-de-explora-antofagasta\/"},"author":{"name":"cgomez","@id":"https:\/\/dev.explora.cl\/antofagasta\/#\/schema\/person\/71eda950cf8b3d75ad6c50a4d2179bcd"},"headline":"Acad\u00e9mico de la U. de Talca dictar\u00e1 tercera charla de salud mental de Explora Antofagasta","datePublished":"2022-05-26T18:53:46+00:00","dateModified":"2022-06-24T20:24:36+00:00","mainEntityOfPage":{"@id":"https:\/\/dev.explora.cl\/antofagasta\/academico-de-la-u-de-talca-dictara-tercera-charla-de-salud-mental-de-explora-antofagasta\/"},"wordCount":228,"commentCount":0,"image":{"@id":"https:\/\/dev.explora.cl\/antofagasta\/academico-de-la-u-de-talca-dictara-tercera-charla-de-salud-mental-de-explora-antofagasta\/#primaryimage"},"thumbnailUrl":"https:\/\/dev.explora.cl\/antofagasta\/wp-content\/uploads\/sites\/4\/2022\/05\/WhatsApp-Image-2022-05-23-at-11.25.04-AM.jpeg","articleSection":["Noticias","Para P\u00fablico General"],"inLanguage":"es-CL","potentialAction":[{"@type":"CommentAction","name":"Comment","target":["https:\/\/dev.explora.cl\/antofagasta\/academico-de-la-u-de-talca-dictara-tercera-charla-de-salud-mental-de-explora-antofagasta\/#respond"]}]},{"@type":"WebPage","@id":"https:\/\/dev.explora.cl\/antofagasta\/academico-de-la-u-de-talca-dictara-tercera-charla-de-salud-mental-de-explora-antofagasta\/","url":"https:\/\/dev.explora.cl\/antofagasta\/academico-de-la-u-de-talca-dictara-tercera-charla-de-salud-mental-de-explora-antofagasta\/","name":"Acad\u00e9mico de la U. de Talca dictar\u00e1 tercera charla de salud mental de Explora Antofagasta - Antofagasta","isPartOf":{"@id":"https:\/\/dev.explora.cl\/antofagasta\/#website"},"primaryImageOfPage":{"@id":"https:\/\/dev.explora.cl\/antofagasta\/academico-de-la-u-de-talca-dictara-tercera-charla-de-salud-mental-de-explora-antofagasta\/#primaryimage"},"image":{"@id":"https:\/\/dev.explora.cl\/antofagasta\/academico-de-la-u-de-talca-dictara-tercera-charla-de-salud-mental-de-explora-antofagasta\/#primaryimage"},"thumbnailUrl":"https:\/\/dev.explora.cl\/antofagasta\/wp-content\/uploads\/sites\/4\/2022\/05\/WhatsApp-Image-2022-05-23-at-11.25.04-AM.jpeg","datePublished":"2022-05-26T18:53:46+00:00","dateModified":"2022-06-24T20:24:36+00:00","author":{"@id":"https:\/\/dev.explora.cl\/antofagasta\/#\/schema\/person\/71eda950cf8b3d75ad6c50a4d2179bcd"},"breadcrumb":{"@id":"https:\/\/dev.explora.cl\/antofagasta\/academico-de-la-u-de-talca-dictara-tercera-charla-de-salud-mental-de-explora-antofagasta\/#breadcrumb"},"inLanguage":"es-CL","potentialAction":[{"@type":"ReadAction","target":["https:\/\/dev.explora.cl\/antofagasta\/academico-de-la-u-de-talca-dictara-tercera-charla-de-salud-mental-de-explora-antofagasta\/"]}]},{"@type":"ImageObject","inLanguage":"es-CL","@id":"https:\/\/dev.explora.cl\/antofagasta\/academico-de-la-u-de-talca-dictara-tercera-charla-de-salud-mental-de-explora-antofagasta\/#primaryimage","url":"https:\/\/dev.explora.cl\/antofagasta\/wp-content\/uploads\/sites\/4\/2022\/05\/WhatsApp-Image-2022-05-23-at-11.25.04-AM.jpeg","contentUrl":"https:\/\/dev.explora.cl\/antofagasta\/wp-content\/uploads\/sites\/4\/2022\/05\/WhatsApp-Image-2022-05-23-at-11.25.04-AM.jpeg","width":1280,"height":1280},{"@type":"BreadcrumbList","@id":"https:\/\/dev.explora.cl\/antofagasta\/academico-de-la-u-de-talca-dictara-tercera-charla-de-salud-mental-de-explora-antofagasta\/#breadcrumb","itemListElement":[{"@type":"ListItem","position":1,"name":"Portada","item":"https:\/\/dev.explora.cl\/antofagasta\/"},{"@type":"ListItem","position":2,"name":"Acad\u00e9mico de la U. de Talca dictar\u00e1 tercera charla de salud mental de Explora Antofagasta"}]},{"@type":"WebSite","@id":"https:\/\/dev.explora.cl\/antofagasta\/#website","url":"https:\/\/dev.explora.cl\/antofagasta\/","name":"Antofagasta","description":"Otro sitio m\u00e1s de dev.explora.cl","potentialAction":[{"@type":"SearchAction","target":{"@type":"EntryPoint","urlTemplate":"https:\/\/dev.explora.cl\/antofagasta\/?s={search_term_string}"},"query-input":{"@type":"PropertyValueSpecification","valueRequired":true,"valueName":"search_term_string"}}],"inLanguage":"es-CL"},{"@type":"Person","@id":"https:\/\/dev.explora.cl\/antofagasta\/#\/schema\/person\/71eda950cf8b3d75ad6c50a4d2179bcd","name":"cgomez","image":{"@type":"ImageObject","inLanguage":"es-CL","@id":"https:\/\/dev.explora.cl\/antofagasta\/#\/schema\/person\/image\/","url":"https:\/\/secure.gravatar.com\/avatar\/0c1e119225e98dd5c5a5a0d26c2bd2448642e86ce4fece294b57037090af5dd6?s=96&d=mm&r=g","contentUrl":"https:\/\/secure.gravatar.com\/avatar\/0c1e119225e98dd5c5a5a0d26c2bd2448642e86ce4fece294b57037090af5dd6?s=96&d=mm&r=g","caption":"cgomez"},"url":"https:\/\/dev.explora.cl\/antofagasta\/author\/cgomez\/"}]}},"_links":{"self":[{"href":"https:\/\/dev.explora.cl\/antofagasta\/wp-json\/wp\/v2\/posts\/41491","targetHints":{"allow":["GET"]}}],"collection":[{"href":"https:\/\/dev.explora.cl\/antofagasta\/wp-json\/wp\/v2\/posts"}],"about":[{"href":"https:\/\/dev.explora.cl\/antofagasta\/wp-json\/wp\/v2\/types\/post"}],"author":[{"embeddable":true,"href":"https:\/\/dev.explora.cl\/antofagasta\/wp-json\/wp\/v2\/users\/19"}],"replies":[{"embeddable":true,"href":"https:\/\/dev.explora.cl\/antofagasta\/wp-json\/wp\/v2\/comments?post=41491"}],"version-history":[{"count":1,"href":"https:\/\/dev.explora.cl\/antofagasta\/wp-json\/wp\/v2\/posts\/41491\/revisions"}],"predecessor-version":[{"id":41493,"href":"https:\/\/dev.explora.cl\/antofagasta\/wp-json\/wp\/v2\/posts\/41491\/revisions\/41493"}],"wp:featuredmedia":[{"embeddable":true,"href":"https:\/\/dev.explora.cl\/antofagasta\/wp-json\/wp\/v2\/media\/41492"}],"wp:attachment":[{"href":"https:\/\/dev.explora.cl\/antofagasta\/wp-json\/wp\/v2\/media?parent=41491"}],"wp:term":[{"taxonomy":"category","embeddable":true,"href":"https:\/\/dev.explora.cl\/antofagasta\/wp-json\/wp\/v2\/categories?post=41491"},{"taxonomy":"post_tag","embeddable":true,"href":"https:\/\/dev.explora.cl\/antofagasta\/wp-json\/wp\/v2\/tags?post=41491"}],"curies":[{"name":"wp","href":"https:\/\/api.w.org\/{rel}","templated":true}]}}