{"id":41223,"date":"2022-01-17T11:39:07","date_gmt":"2022-01-17T14:39:07","guid":{"rendered":"https:\/\/dev.explora.cl\/antofagasta\/?p=41223"},"modified":"2022-01-17T11:39:07","modified_gmt":"2022-01-17T14:39:07","slug":"la-importancia-de-la-vinculacion-entre-la-academia-y-el-territorio","status":"publish","type":"post","link":"https:\/\/dev.explora.cl\/antofagasta\/la-importancia-de-la-vinculacion-entre-la-academia-y-el-territorio\/","title":{"rendered":"La importancia de la vinculaci\u00f3n entre la academia y el territorio"},"content":{"rendered":"<p><span style=\"font-weight: 400\">\u2018\u2019La ciencia, la tecnolog\u00eda, el conocimiento y la innovaci\u00f3n son agentes transformadores claves para que Chile alcance un desarrollo sostenible e integral. Contribuyen a trazar un camino propio que mejora la calidad de vida de las personas y aporta al desarrollo de los territorios\u2019\u2019, es parte de la visi\u00f3n que tiene el Ministerio de Ciencia, Tecnolog\u00eda, Conocimiento e Innovaci\u00f3n. Sin embargo, esto no ser\u00eda posible si en parte no se realiza un trabajo desde la base y con todos los actores que puedan hacerlo realidad.\u00a0<\/span><\/p>\n<p><span style=\"font-weight: 400\">Por esa raz\u00f3n, es importante que la ciencia y la tecnolog\u00eda sean herramientas que est\u00e9n al alcance del ser humano desde que comienza su desarrollo. En este caso, el Programa Explora y Ciencia P\u00fablica, se encargan de dar el primer paso, acerc\u00e1ndolas mediante la vinculaci\u00f3n entre investigadores\/as y cient\u00edficos\/as con establecimientos educacionales y el p\u00fablico en general.\u00a0<\/span><\/p>\n<p><span style=\"font-weight: 400\">Entre los instrumentos que cuentan con un alcance m\u00e1s masivo, se encuentra el Festival de la Ciencia, FECI. Esta \u00faltima actividad, cont\u00f3 con la participaci\u00f3n de diferentes instituciones como la Universidad de Chile, el Instituto Ant\u00e1rtico Chileno, la Universidad Arturo Prat, entre otras.<\/span><\/p>\n<p><span style=\"font-weight: 400\">En esta \u00faltima, la jefa de Vinculaci\u00f3n con el Medio de la UNAP Antofagasta, Carla Napoletani Ram\u00edrez, destaca la importancia del v\u00ednculo entre universidades, como ocurri\u00f3 en el desarrollo del FECI 2021. \u2018\u2019Nos ha permitido poder intercambiar experiencias y promover la ciencia. Por otro lado, nos ha permitido mostrar y difundir a la comunidad antofagastina los proyectos cient\u00edficos, nuestros investigadores y todo el aporte y quehacer que est\u00e1n haciendo con el desarrollo de proyectos de investigaci\u00f3n en la segunda regi\u00f3n y en la macro zona norte\u2019\u2019 coment\u00f3.<\/span><\/p>\n<p><span style=\"font-weight: 400\">Adem\u00e1s, agrega que \u2018\u2019el trabajo colaborativo de la academia es tremendamente importante para poder acercar la ciencia, el conocimiento y la innovaci\u00f3n a la comunidad. Hoy en d\u00eda las personas deben ser part\u00edcipes de todos los avances en esa materia. El trabajar en forma colaborativa entre las universidades y las instituciones, donde cada vez debe haber un mayor compromiso con bajar la ciencia y poder llegar a la comunidad, al territorio, sobre todo con el trabajo de investigaciones aplicadas que permitan realizar la transferencia tecnol\u00f3gica y de conocimiento para instalarla en la comunidad\u2019\u2019.<\/span><\/p>\n<p><span style=\"font-weight: 400\">El FECI 2021, fue un ejemplo de esta vinculaci\u00f3n, logrando en su segunda versi\u00f3n online, la participaci\u00f3n de m\u00e1s de 29 mil espectadores de todas las regiones del pa\u00eds. La actividad fue realizada durante el mes de octubre por el Explora Regi\u00f3n Antofagasta, del Ministerio de Ciencia y ejecutado por la Universidad Cat\u00f3lica del Norte.<\/span><\/p>\n","protected":false},"excerpt":{"rendered":"<p>\u2018\u2019La ciencia, la tecnolog\u00eda, el conocimiento y la innovaci\u00f3n son agentes transformadores claves para que Chile alcance un desarrollo sostenible e integral. Contribuyen a trazar un camino propio que mejora la calidad de vida de las personas y aporta al desarrollo de los territorios\u2019\u2019, es parte de la visi\u00f3n que tiene el Ministerio de Ciencia, Tecnolog\u00eda, Conocimiento e Innovaci\u00f3n. Sin embargo, esto no ser\u00eda posible si en parte no se realiza un trabajo desde la base y con todos los actores que puedan hacerlo realidad. <\/p>\n","protected":false},"author":19,"featured_media":41226,"comment_status":"open","ping_status":"open","sticky":false,"template":"","format":"standard","meta":{"_acf_changed":false,"_exactmetrics_skip_tracking":false,"_exactmetrics_sitenote_active":false,"_exactmetrics_sitenote_note":"","_exactmetrics_sitenote_category":0,"footnotes":"","_links_to":"","_links_to_target":""},"categories":[137,4,121,126],"tags":[195,334,148,107,262,329],"class_list":["post-41223","post","type-post","status-publish","format-standard","has-post-thumbnail","hentry","category-lugar-2","category-noticias","category-para-divulgadores","category-para-publico-general","tag-antofagasta","tag-charla","tag-charlas-cientificas","tag-ciencia","tag-comunidad-escolar","tag-region-de-antofagasta"],"acf":[],"yoast_head":"<!-- This site is optimized with the Yoast SEO plugin v26.7 - https:\/\/yoast.com\/wordpress\/plugins\/seo\/ -->\n<title>La importancia de la vinculaci\u00f3n entre la academia y el territorio - Antofagasta<\/title>\n<meta name=\"robots\" content=\"index, follow, max-snippet:-1, max-image-preview:large, max-video-preview:-1\" \/>\n<link rel=\"canonical\" href=\"https:\/\/dev.explora.cl\/antofagasta\/la-importancia-de-la-vinculacion-entre-la-academia-y-el-territorio\/\" class=\"yoast-seo-meta-tag\" \/>\n<meta property=\"og:locale\" content=\"es_ES\" class=\"yoast-seo-meta-tag\" \/>\n<meta property=\"og:type\" content=\"article\" class=\"yoast-seo-meta-tag\" \/>\n<meta property=\"og:title\" content=\"La importancia de la vinculaci\u00f3n entre la academia y el territorio - Antofagasta\" class=\"yoast-seo-meta-tag\" \/>\n<meta property=\"og:description\" content=\"\u2018\u2019La ciencia, la tecnolog\u00eda, el conocimiento y la innovaci\u00f3n son agentes transformadores claves para que Chile alcance un desarrollo sostenible e integral. Contribuyen a trazar un camino propio que mejora la calidad de vida de las personas y aporta al desarrollo de los territorios\u2019\u2019, es parte de la visi\u00f3n que tiene el Ministerio de Ciencia, Tecnolog\u00eda, Conocimiento e Innovaci\u00f3n. Sin embargo, esto no ser\u00eda posible si en parte no se realiza un trabajo desde la base y con todos los actores que puedan hacerlo realidad.\" class=\"yoast-seo-meta-tag\" \/>\n<meta property=\"og:url\" content=\"https:\/\/dev.explora.cl\/antofagasta\/la-importancia-de-la-vinculacion-entre-la-academia-y-el-territorio\/\" class=\"yoast-seo-meta-tag\" \/>\n<meta property=\"og:site_name\" content=\"Antofagasta\" class=\"yoast-seo-meta-tag\" \/>\n<meta property=\"article:published_time\" content=\"2022-01-17T14:39:07+00:00\" class=\"yoast-seo-meta-tag\" \/>\n<meta property=\"og:image\" content=\"https:\/\/dev.explora.cl\/antofagasta\/wp-content\/uploads\/sites\/4\/2022\/01\/nota-feci1.png\" class=\"yoast-seo-meta-tag\" \/>\n\t<meta property=\"og:image:width\" content=\"1251\" class=\"yoast-seo-meta-tag\" \/>\n\t<meta property=\"og:image:height\" content=\"701\" class=\"yoast-seo-meta-tag\" \/>\n\t<meta property=\"og:image:type\" content=\"image\/png\" class=\"yoast-seo-meta-tag\" \/>\n<meta name=\"author\" content=\"cgomez\" class=\"yoast-seo-meta-tag\" \/>\n<meta name=\"twitter:card\" content=\"summary_large_image\" class=\"yoast-seo-meta-tag\" \/>\n<meta name=\"twitter:label1\" content=\"Escrito por\" class=\"yoast-seo-meta-tag\" \/>\n\t<meta name=\"twitter:data1\" content=\"cgomez\" class=\"yoast-seo-meta-tag\" \/>\n\t<meta name=\"twitter:label2\" content=\"Tiempo estimado de lectura\" class=\"yoast-seo-meta-tag\" \/>\n\t<meta name=\"twitter:data2\" content=\"2 minutos\" class=\"yoast-seo-meta-tag\" \/>\n<script type=\"application\/ld+json\" class=\"yoast-schema-graph\">{\"@context\":\"https:\/\/schema.org\",\"@graph\":[{\"@type\":\"Article\",\"@id\":\"https:\/\/dev.explora.cl\/antofagasta\/la-importancia-de-la-vinculacion-entre-la-academia-y-el-territorio\/#article\",\"isPartOf\":{\"@id\":\"https:\/\/dev.explora.cl\/antofagasta\/la-importancia-de-la-vinculacion-entre-la-academia-y-el-territorio\/\"},\"author\":{\"name\":\"cgomez\",\"@id\":\"https:\/\/dev.explora.cl\/antofagasta\/#\/schema\/person\/71eda950cf8b3d75ad6c50a4d2179bcd\"},\"headline\":\"La importancia de la vinculaci\u00f3n entre la academia y el territorio\",\"datePublished\":\"2022-01-17T14:39:07+00:00\",\"mainEntityOfPage\":{\"@id\":\"https:\/\/dev.explora.cl\/antofagasta\/la-importancia-de-la-vinculacion-entre-la-academia-y-el-territorio\/\"},\"wordCount\":467,\"commentCount\":0,\"image\":{\"@id\":\"https:\/\/dev.explora.cl\/antofagasta\/la-importancia-de-la-vinculacion-entre-la-academia-y-el-territorio\/#primaryimage\"},\"thumbnailUrl\":\"https:\/\/dev.explora.cl\/antofagasta\/wp-content\/uploads\/sites\/4\/2022\/01\/nota-feci1.png\",\"keywords\":[\"Antofagasta\",\"Charla\",\"charlas cient\u00edficas\",\"ciencia\",\"Comunidad Escolar\",\"Regi\u00f3n de Antofagasta\"],\"articleSection\":[\"Lugar 2\",\"Noticias\",\"Para Divulgadores\",\"Para P\u00fablico General\"],\"inLanguage\":\"es-CL\",\"potentialAction\":[{\"@type\":\"CommentAction\",\"name\":\"Comment\",\"target\":[\"https:\/\/dev.explora.cl\/antofagasta\/la-importancia-de-la-vinculacion-entre-la-academia-y-el-territorio\/#respond\"]}]},{\"@type\":\"WebPage\",\"@id\":\"https:\/\/dev.explora.cl\/antofagasta\/la-importancia-de-la-vinculacion-entre-la-academia-y-el-territorio\/\",\"url\":\"https:\/\/dev.explora.cl\/antofagasta\/la-importancia-de-la-vinculacion-entre-la-academia-y-el-territorio\/\",\"name\":\"La importancia de la vinculaci\u00f3n entre la academia y el territorio - Antofagasta\",\"isPartOf\":{\"@id\":\"https:\/\/dev.explora.cl\/antofagasta\/#website\"},\"primaryImageOfPage\":{\"@id\":\"https:\/\/dev.explora.cl\/antofagasta\/la-importancia-de-la-vinculacion-entre-la-academia-y-el-territorio\/#primaryimage\"},\"image\":{\"@id\":\"https:\/\/dev.explora.cl\/antofagasta\/la-importancia-de-la-vinculacion-entre-la-academia-y-el-territorio\/#primaryimage\"},\"thumbnailUrl\":\"https:\/\/dev.explora.cl\/antofagasta\/wp-content\/uploads\/sites\/4\/2022\/01\/nota-feci1.png\",\"datePublished\":\"2022-01-17T14:39:07+00:00\",\"author\":{\"@id\":\"https:\/\/dev.explora.cl\/antofagasta\/#\/schema\/person\/71eda950cf8b3d75ad6c50a4d2179bcd\"},\"breadcrumb\":{\"@id\":\"https:\/\/dev.explora.cl\/antofagasta\/la-importancia-de-la-vinculacion-entre-la-academia-y-el-territorio\/#breadcrumb\"},\"inLanguage\":\"es-CL\",\"potentialAction\":[{\"@type\":\"ReadAction\",\"target\":[\"https:\/\/dev.explora.cl\/antofagasta\/la-importancia-de-la-vinculacion-entre-la-academia-y-el-territorio\/\"]}]},{\"@type\":\"ImageObject\",\"inLanguage\":\"es-CL\",\"@id\":\"https:\/\/dev.explora.cl\/antofagasta\/la-importancia-de-la-vinculacion-entre-la-academia-y-el-territorio\/#primaryimage\",\"url\":\"https:\/\/dev.explora.cl\/antofagasta\/wp-content\/uploads\/sites\/4\/2022\/01\/nota-feci1.png\",\"contentUrl\":\"https:\/\/dev.explora.cl\/antofagasta\/wp-content\/uploads\/sites\/4\/2022\/01\/nota-feci1.png\",\"width\":1251,\"height\":701},{\"@type\":\"BreadcrumbList\",\"@id\":\"https:\/\/dev.explora.cl\/antofagasta\/la-importancia-de-la-vinculacion-entre-la-academia-y-el-territorio\/#breadcrumb\",\"itemListElement\":[{\"@type\":\"ListItem\",\"position\":1,\"name\":\"Portada\",\"item\":\"https:\/\/dev.explora.cl\/antofagasta\/\"},{\"@type\":\"ListItem\",\"position\":2,\"name\":\"La importancia de la vinculaci\u00f3n entre la academia y el territorio\"}]},{\"@type\":\"WebSite\",\"@id\":\"https:\/\/dev.explora.cl\/antofagasta\/#website\",\"url\":\"https:\/\/dev.explora.cl\/antofagasta\/\",\"name\":\"Antofagasta\",\"description\":\"Otro sitio m\u00e1s de dev.explora.cl\",\"potentialAction\":[{\"@type\":\"SearchAction\",\"target\":{\"@type\":\"EntryPoint\",\"urlTemplate\":\"https:\/\/dev.explora.cl\/antofagasta\/?s={search_term_string}\"},\"query-input\":{\"@type\":\"PropertyValueSpecification\",\"valueRequired\":true,\"valueName\":\"search_term_string\"}}],\"inLanguage\":\"es-CL\"},{\"@type\":\"Person\",\"@id\":\"https:\/\/dev.explora.cl\/antofagasta\/#\/schema\/person\/71eda950cf8b3d75ad6c50a4d2179bcd\",\"name\":\"cgomez\",\"image\":{\"@type\":\"ImageObject\",\"inLanguage\":\"es-CL\",\"@id\":\"https:\/\/dev.explora.cl\/antofagasta\/#\/schema\/person\/image\/\",\"url\":\"https:\/\/secure.gravatar.com\/avatar\/0c1e119225e98dd5c5a5a0d26c2bd2448642e86ce4fece294b57037090af5dd6?s=96&d=mm&r=g\",\"contentUrl\":\"https:\/\/secure.gravatar.com\/avatar\/0c1e119225e98dd5c5a5a0d26c2bd2448642e86ce4fece294b57037090af5dd6?s=96&d=mm&r=g\",\"caption\":\"cgomez\"},\"url\":\"https:\/\/dev.explora.cl\/antofagasta\/author\/cgomez\/\"}]}<\/script>\n<!-- \/ Yoast SEO plugin. -->","yoast_head_json":{"title":"La importancia de la vinculaci\u00f3n entre la academia y el territorio - Antofagasta","robots":{"index":"index","follow":"follow","max-snippet":"max-snippet:-1","max-image-preview":"max-image-preview:large","max-video-preview":"max-video-preview:-1"},"canonical":"https:\/\/dev.explora.cl\/antofagasta\/la-importancia-de-la-vinculacion-entre-la-academia-y-el-territorio\/","og_locale":"es_ES","og_type":"article","og_title":"La importancia de la vinculaci\u00f3n entre la academia y el territorio - Antofagasta","og_description":"\u2018\u2019La ciencia, la tecnolog\u00eda, el conocimiento y la innovaci\u00f3n son agentes transformadores claves para que Chile alcance un desarrollo sostenible e integral. Contribuyen a trazar un camino propio que mejora la calidad de vida de las personas y aporta al desarrollo de los territorios\u2019\u2019, es parte de la visi\u00f3n que tiene el Ministerio de Ciencia, Tecnolog\u00eda, Conocimiento e Innovaci\u00f3n. Sin embargo, esto no ser\u00eda posible si en parte no se realiza un trabajo desde la base y con todos los actores que puedan hacerlo realidad.","og_url":"https:\/\/dev.explora.cl\/antofagasta\/la-importancia-de-la-vinculacion-entre-la-academia-y-el-territorio\/","og_site_name":"Antofagasta","article_published_time":"2022-01-17T14:39:07+00:00","og_image":[{"width":1251,"height":701,"url":"https:\/\/dev.explora.cl\/antofagasta\/wp-content\/uploads\/sites\/4\/2022\/01\/nota-feci1.png","type":"image\/png"}],"author":"cgomez","twitter_card":"summary_large_image","twitter_misc":{"Escrito por":"cgomez","Tiempo estimado de lectura":"2 minutos"},"schema":{"@context":"https:\/\/schema.org","@graph":[{"@type":"Article","@id":"https:\/\/dev.explora.cl\/antofagasta\/la-importancia-de-la-vinculacion-entre-la-academia-y-el-territorio\/#article","isPartOf":{"@id":"https:\/\/dev.explora.cl\/antofagasta\/la-importancia-de-la-vinculacion-entre-la-academia-y-el-territorio\/"},"author":{"name":"cgomez","@id":"https:\/\/dev.explora.cl\/antofagasta\/#\/schema\/person\/71eda950cf8b3d75ad6c50a4d2179bcd"},"headline":"La importancia de la vinculaci\u00f3n entre la academia y el territorio","datePublished":"2022-01-17T14:39:07+00:00","mainEntityOfPage":{"@id":"https:\/\/dev.explora.cl\/antofagasta\/la-importancia-de-la-vinculacion-entre-la-academia-y-el-territorio\/"},"wordCount":467,"commentCount":0,"image":{"@id":"https:\/\/dev.explora.cl\/antofagasta\/la-importancia-de-la-vinculacion-entre-la-academia-y-el-territorio\/#primaryimage"},"thumbnailUrl":"https:\/\/dev.explora.cl\/antofagasta\/wp-content\/uploads\/sites\/4\/2022\/01\/nota-feci1.png","keywords":["Antofagasta","Charla","charlas cient\u00edficas","ciencia","Comunidad Escolar","Regi\u00f3n de Antofagasta"],"articleSection":["Lugar 2","Noticias","Para Divulgadores","Para P\u00fablico General"],"inLanguage":"es-CL","potentialAction":[{"@type":"CommentAction","name":"Comment","target":["https:\/\/dev.explora.cl\/antofagasta\/la-importancia-de-la-vinculacion-entre-la-academia-y-el-territorio\/#respond"]}]},{"@type":"WebPage","@id":"https:\/\/dev.explora.cl\/antofagasta\/la-importancia-de-la-vinculacion-entre-la-academia-y-el-territorio\/","url":"https:\/\/dev.explora.cl\/antofagasta\/la-importancia-de-la-vinculacion-entre-la-academia-y-el-territorio\/","name":"La importancia de la vinculaci\u00f3n entre la academia y el territorio - Antofagasta","isPartOf":{"@id":"https:\/\/dev.explora.cl\/antofagasta\/#website"},"primaryImageOfPage":{"@id":"https:\/\/dev.explora.cl\/antofagasta\/la-importancia-de-la-vinculacion-entre-la-academia-y-el-territorio\/#primaryimage"},"image":{"@id":"https:\/\/dev.explora.cl\/antofagasta\/la-importancia-de-la-vinculacion-entre-la-academia-y-el-territorio\/#primaryimage"},"thumbnailUrl":"https:\/\/dev.explora.cl\/antofagasta\/wp-content\/uploads\/sites\/4\/2022\/01\/nota-feci1.png","datePublished":"2022-01-17T14:39:07+00:00","author":{"@id":"https:\/\/dev.explora.cl\/antofagasta\/#\/schema\/person\/71eda950cf8b3d75ad6c50a4d2179bcd"},"breadcrumb":{"@id":"https:\/\/dev.explora.cl\/antofagasta\/la-importancia-de-la-vinculacion-entre-la-academia-y-el-territorio\/#breadcrumb"},"inLanguage":"es-CL","potentialAction":[{"@type":"ReadAction","target":["https:\/\/dev.explora.cl\/antofagasta\/la-importancia-de-la-vinculacion-entre-la-academia-y-el-territorio\/"]}]},{"@type":"ImageObject","inLanguage":"es-CL","@id":"https:\/\/dev.explora.cl\/antofagasta\/la-importancia-de-la-vinculacion-entre-la-academia-y-el-territorio\/#primaryimage","url":"https:\/\/dev.explora.cl\/antofagasta\/wp-content\/uploads\/sites\/4\/2022\/01\/nota-feci1.png","contentUrl":"https:\/\/dev.explora.cl\/antofagasta\/wp-content\/uploads\/sites\/4\/2022\/01\/nota-feci1.png","width":1251,"height":701},{"@type":"BreadcrumbList","@id":"https:\/\/dev.explora.cl\/antofagasta\/la-importancia-de-la-vinculacion-entre-la-academia-y-el-territorio\/#breadcrumb","itemListElement":[{"@type":"ListItem","position":1,"name":"Portada","item":"https:\/\/dev.explora.cl\/antofagasta\/"},{"@type":"ListItem","position":2,"name":"La importancia de la vinculaci\u00f3n entre la academia y el territorio"}]},{"@type":"WebSite","@id":"https:\/\/dev.explora.cl\/antofagasta\/#website","url":"https:\/\/dev.explora.cl\/antofagasta\/","name":"Antofagasta","description":"Otro sitio m\u00e1s de dev.explora.cl","potentialAction":[{"@type":"SearchAction","target":{"@type":"EntryPoint","urlTemplate":"https:\/\/dev.explora.cl\/antofagasta\/?s={search_term_string}"},"query-input":{"@type":"PropertyValueSpecification","valueRequired":true,"valueName":"search_term_string"}}],"inLanguage":"es-CL"},{"@type":"Person","@id":"https:\/\/dev.explora.cl\/antofagasta\/#\/schema\/person\/71eda950cf8b3d75ad6c50a4d2179bcd","name":"cgomez","image":{"@type":"ImageObject","inLanguage":"es-CL","@id":"https:\/\/dev.explora.cl\/antofagasta\/#\/schema\/person\/image\/","url":"https:\/\/secure.gravatar.com\/avatar\/0c1e119225e98dd5c5a5a0d26c2bd2448642e86ce4fece294b57037090af5dd6?s=96&d=mm&r=g","contentUrl":"https:\/\/secure.gravatar.com\/avatar\/0c1e119225e98dd5c5a5a0d26c2bd2448642e86ce4fece294b57037090af5dd6?s=96&d=mm&r=g","caption":"cgomez"},"url":"https:\/\/dev.explora.cl\/antofagasta\/author\/cgomez\/"}]}},"_links":{"self":[{"href":"https:\/\/dev.explora.cl\/antofagasta\/wp-json\/wp\/v2\/posts\/41223","targetHints":{"allow":["GET"]}}],"collection":[{"href":"https:\/\/dev.explora.cl\/antofagasta\/wp-json\/wp\/v2\/posts"}],"about":[{"href":"https:\/\/dev.explora.cl\/antofagasta\/wp-json\/wp\/v2\/types\/post"}],"author":[{"embeddable":true,"href":"https:\/\/dev.explora.cl\/antofagasta\/wp-json\/wp\/v2\/users\/19"}],"replies":[{"embeddable":true,"href":"https:\/\/dev.explora.cl\/antofagasta\/wp-json\/wp\/v2\/comments?post=41223"}],"version-history":[{"count":1,"href":"https:\/\/dev.explora.cl\/antofagasta\/wp-json\/wp\/v2\/posts\/41223\/revisions"}],"predecessor-version":[{"id":41225,"href":"https:\/\/dev.explora.cl\/antofagasta\/wp-json\/wp\/v2\/posts\/41223\/revisions\/41225"}],"wp:featuredmedia":[{"embeddable":true,"href":"https:\/\/dev.explora.cl\/antofagasta\/wp-json\/wp\/v2\/media\/41226"}],"wp:attachment":[{"href":"https:\/\/dev.explora.cl\/antofagasta\/wp-json\/wp\/v2\/media?parent=41223"}],"wp:term":[{"taxonomy":"category","embeddable":true,"href":"https:\/\/dev.explora.cl\/antofagasta\/wp-json\/wp\/v2\/categories?post=41223"},{"taxonomy":"post_tag","embeddable":true,"href":"https:\/\/dev.explora.cl\/antofagasta\/wp-json\/wp\/v2\/tags?post=41223"}],"curies":[{"name":"wp","href":"https:\/\/api.w.org\/{rel}","templated":true}]}}