{"id":41142,"date":"2021-11-24T08:38:05","date_gmt":"2021-11-24T11:38:05","guid":{"rendered":"https:\/\/dev.explora.cl\/antofagasta\/?p=41142"},"modified":"2021-11-26T08:45:37","modified_gmt":"2021-11-26T11:45:37","slug":"patrimonio-ambiental-es-eje-central-en-nuevo-ciclo-de-charlas-de-explora-antofagasta","status":"publish","type":"post","link":"https:\/\/dev.explora.cl\/antofagasta\/patrimonio-ambiental-es-eje-central-en-nuevo-ciclo-de-charlas-de-explora-antofagasta\/","title":{"rendered":"Patrimonio Ambiental es eje central en nuevo ciclo de charlas de Explora Antofagasta"},"content":{"rendered":"<p>Con 5 interesantes charlas relacionadas con el cuidado de los ecosistemas y la preservaci\u00f3n de nuestro patrimonio ambiental, ha comenzado el quinto ciclo de Ciencia Abierta, una actividad nacional del Programa Explora creada con el fin de acercar a la ciudadan\u00eda a temas cient\u00edficos, a trav\u00e9s de formatos l\u00fadicos y participativos.<\/p>\n<p>&nbsp;<\/p>\n<p>En esta ocasi\u00f3n son cinco destacadas y destacados investigadores quienes exponen sobre temas relacionados con la conservaci\u00f3n de los ecosistemas y la importancia de su biodiversidad, y que ya comenz\u00f3 el viernes pasado con la primera charla.<\/p>\n<p>Esta presentaci\u00f3n estuvo a cargo del psic\u00f3logo y doctor en Antropolog\u00eda, Crist\u00f3bal Bonelli, quien es investigador de la Universidad de Amsterdam y quien expuso \u2018Salares en peligro de extinci\u00f3n\u2019, que es parte de una extensa investigaci\u00f3n realizada a cabo en terreno en algunos salares de la regi\u00f3n, gracias a los aportes de las comunidades locales y de microbi\u00f3logos como la doctora Cristina Dorador, que es colaboradora del estudio.<\/p>\n<p>Mientras, este viernes 26, ser\u00e1 el turno de la segunda charla, a cargo de Paula Medina, doctora en Ciencias del Mar y directora de Metro Ciencia, quien expondr\u00e1 sobre la importancia de la conservaci\u00f3n de los ecosistemas y de la biodiversidad en las distintas zonas de nuestra regi\u00f3n.<\/p>\n<p>Luego, el viernes 3 de diciembre, expondr\u00e1 Pilar Irribarren, ingeniero en acuicultura, diplomado en gesti\u00f3n ambiental y encargada de la Reserva Marina La Rinconada de la Direcci\u00f3n Regional de SERNAPESCA, para explicar c\u00f3mo se preserva el ecosistema en esta reserva y d\u00f3nde radica la importancia de cuidar la biodiversidad de nuestra regi\u00f3n.<\/p>\n<p>Posteriormente, el viernes 10, presentar\u00e1 Rodrigo Guti\u00e9rrez, doctor en Ciencias Biol\u00f3gicas de la Pontificia Universidad Cat\u00f3lica de Chile, quien ha realizado diversos estudios relacionados con algunas plantas del desierto de Atacama y quien nos contar\u00e1 cu\u00e1les son sus caracter\u00edsticas y relevancia para el medio ambiente.<\/p>\n<p>Finalmente, el viernes 17 de diciembre, tendr\u00e1 lugar la quinta charla, esta vez a cargo de B\u00e1rbara Saavedra, doctora en Ecolog\u00eda y Biolog\u00eda Evolutiva, y directora de la Sociedad de Conservaci\u00f3n de la Vida Silvestre (WCS, en ingl\u00e9s) para Chile, quien expondr\u00e1 sobre las necesidades de considerar la preservaci\u00f3n de los ecosistemas en un nuevo marco jur\u00eddico y cu\u00e1les son los fundamentos cient\u00edficos que lo validan.<\/p>\n<p>Como se puede apreciar un panel de primer nivel para conocer de primera fuente las \u00e1reas y aspectos que se deben proteger de nuestro ecosistema y una interesante discusi\u00f3n con datos investigados sobre la importancia de la preservaci\u00f3n y conservaci\u00f3n de la biodiversidad, revalorizando el patrimonio ambiental y favoreciendo la apropiaci\u00f3n del conocimiento en esta \u00e1rea.<\/p>\n<p>Todas las charlas son transmitidas a las 12 horas, por nuestra p\u00e1gina de Facebook y canal de Youtube, y por el Facebook de la Universidad Cat\u00f3lica del Norte, la Biblioteca Regional de Antofagasta y Radio Antofagasta Online, por donde el p\u00fablico puede realizar comentarios y preguntas, adem\u00e1s de evaluar la actividad contestando una encuesta.<\/p>\n<p>Para m\u00e1s informaci\u00f3n acerca del quinto ciclo de Ciencia Abierta, o de las otras actividades que desarrolla el proyecto Explora Regi\u00f3n de Antofagasta, dependiente del Ministerio de Ciencia, Tecnolog\u00eda, Conocimiento e Innovaci\u00f3n, y ejecutado por la Universidad Cat\u00f3lica del Norte (UCN), pueden visitar las redes sociales.<\/p>\n","protected":false},"excerpt":{"rendered":"<p>Con 5 interesantes charlas relacionadas con el cuidado de los ecosistemas y la preservaci\u00f3n de nuestro patrimonio ambiental, ha comenzado el quinto ciclo de Ciencia Abierta, una actividad nacional del Programa Explora creada con el fin de acercar a la ciudadan\u00eda a temas cient\u00edficos, a trav\u00e9s de formatos l\u00fadicos y participativos. &nbsp; En esta ocasi\u00f3n [&hellip;]<\/p>\n","protected":false},"author":19,"featured_media":41143,"comment_status":"open","ping_status":"open","sticky":false,"template":"","format":"standard","meta":{"_acf_changed":false,"_exactmetrics_skip_tracking":false,"_exactmetrics_sitenote_active":false,"_exactmetrics_sitenote_note":"","_exactmetrics_sitenote_category":0,"footnotes":"","_links_to":"","_links_to_target":""},"categories":[136,4],"tags":[195,81,148,107,169,94],"class_list":["post-41142","post","type-post","status-publish","format-standard","has-post-thumbnail","hentry","category-lugar-1","category-noticias","tag-antofagasta","tag-biodiversidad","tag-charlas-cientificas","tag-ciencia","tag-desierto","tag-patrimonio"],"acf":[],"yoast_head":"<!-- This site is optimized with the Yoast SEO plugin v26.7 - https:\/\/yoast.com\/wordpress\/plugins\/seo\/ -->\n<title>Patrimonio Ambiental es eje central en nuevo ciclo de charlas de Explora Antofagasta - Antofagasta<\/title>\n<meta name=\"robots\" content=\"index, follow, max-snippet:-1, max-image-preview:large, max-video-preview:-1\" \/>\n<link rel=\"canonical\" href=\"https:\/\/dev.explora.cl\/antofagasta\/patrimonio-ambiental-es-eje-central-en-nuevo-ciclo-de-charlas-de-explora-antofagasta\/\" class=\"yoast-seo-meta-tag\" \/>\n<meta property=\"og:locale\" content=\"es_ES\" class=\"yoast-seo-meta-tag\" \/>\n<meta property=\"og:type\" content=\"article\" class=\"yoast-seo-meta-tag\" \/>\n<meta property=\"og:title\" content=\"Patrimonio Ambiental es eje central en nuevo ciclo de charlas de Explora Antofagasta - Antofagasta\" class=\"yoast-seo-meta-tag\" \/>\n<meta property=\"og:description\" content=\"Con 5 interesantes charlas relacionadas con el cuidado de los ecosistemas y la preservaci\u00f3n de nuestro patrimonio ambiental, ha comenzado el quinto ciclo de Ciencia Abierta, una actividad nacional del Programa Explora creada con el fin de acercar a la ciudadan\u00eda a temas cient\u00edficos, a trav\u00e9s de formatos l\u00fadicos y participativos. &nbsp; En esta ocasi\u00f3n [&hellip;]\" class=\"yoast-seo-meta-tag\" \/>\n<meta property=\"og:url\" content=\"https:\/\/dev.explora.cl\/antofagasta\/patrimonio-ambiental-es-eje-central-en-nuevo-ciclo-de-charlas-de-explora-antofagasta\/\" class=\"yoast-seo-meta-tag\" \/>\n<meta property=\"og:site_name\" content=\"Antofagasta\" class=\"yoast-seo-meta-tag\" \/>\n<meta property=\"article:published_time\" content=\"2021-11-24T11:38:05+00:00\" class=\"yoast-seo-meta-tag\" \/>\n<meta property=\"article:modified_time\" content=\"2021-11-26T11:45:37+00:00\" class=\"yoast-seo-meta-tag\" \/>\n<meta property=\"og:image\" content=\"https:\/\/dev.explora.cl\/antofagasta\/wp-content\/uploads\/sites\/4\/2021\/11\/WhatsApp-Image-2021-11-25-at-19.44.19.jpeg\" class=\"yoast-seo-meta-tag\" \/>\n\t<meta property=\"og:image:width\" content=\"1152\" class=\"yoast-seo-meta-tag\" \/>\n\t<meta property=\"og:image:height\" content=\"645\" class=\"yoast-seo-meta-tag\" \/>\n\t<meta property=\"og:image:type\" content=\"image\/jpeg\" class=\"yoast-seo-meta-tag\" \/>\n<meta name=\"author\" content=\"cgomez\" class=\"yoast-seo-meta-tag\" \/>\n<meta name=\"twitter:card\" content=\"summary_large_image\" class=\"yoast-seo-meta-tag\" \/>\n<meta name=\"twitter:label1\" content=\"Escrito por\" class=\"yoast-seo-meta-tag\" \/>\n\t<meta name=\"twitter:data1\" content=\"cgomez\" class=\"yoast-seo-meta-tag\" \/>\n\t<meta name=\"twitter:label2\" content=\"Tiempo estimado de lectura\" class=\"yoast-seo-meta-tag\" \/>\n\t<meta name=\"twitter:data2\" content=\"3 minutos\" class=\"yoast-seo-meta-tag\" \/>\n<script type=\"application\/ld+json\" class=\"yoast-schema-graph\">{\"@context\":\"https:\/\/schema.org\",\"@graph\":[{\"@type\":\"Article\",\"@id\":\"https:\/\/dev.explora.cl\/antofagasta\/patrimonio-ambiental-es-eje-central-en-nuevo-ciclo-de-charlas-de-explora-antofagasta\/#article\",\"isPartOf\":{\"@id\":\"https:\/\/dev.explora.cl\/antofagasta\/patrimonio-ambiental-es-eje-central-en-nuevo-ciclo-de-charlas-de-explora-antofagasta\/\"},\"author\":{\"name\":\"cgomez\",\"@id\":\"https:\/\/dev.explora.cl\/antofagasta\/#\/schema\/person\/71eda950cf8b3d75ad6c50a4d2179bcd\"},\"headline\":\"Patrimonio Ambiental es eje central en nuevo ciclo de charlas de Explora Antofagasta\",\"datePublished\":\"2021-11-24T11:38:05+00:00\",\"dateModified\":\"2021-11-26T11:45:37+00:00\",\"mainEntityOfPage\":{\"@id\":\"https:\/\/dev.explora.cl\/antofagasta\/patrimonio-ambiental-es-eje-central-en-nuevo-ciclo-de-charlas-de-explora-antofagasta\/\"},\"wordCount\":581,\"commentCount\":0,\"image\":{\"@id\":\"https:\/\/dev.explora.cl\/antofagasta\/patrimonio-ambiental-es-eje-central-en-nuevo-ciclo-de-charlas-de-explora-antofagasta\/#primaryimage\"},\"thumbnailUrl\":\"https:\/\/dev.explora.cl\/antofagasta\/wp-content\/uploads\/sites\/4\/2021\/11\/WhatsApp-Image-2021-11-25-at-19.44.19.jpeg\",\"keywords\":[\"Antofagasta\",\"biodiversidad\",\"charlas cient\u00edficas\",\"ciencia\",\"desierto\",\"patrimonio\"],\"articleSection\":[\"Lugar 1\",\"Noticias\"],\"inLanguage\":\"es-CL\",\"potentialAction\":[{\"@type\":\"CommentAction\",\"name\":\"Comment\",\"target\":[\"https:\/\/dev.explora.cl\/antofagasta\/patrimonio-ambiental-es-eje-central-en-nuevo-ciclo-de-charlas-de-explora-antofagasta\/#respond\"]}]},{\"@type\":\"WebPage\",\"@id\":\"https:\/\/dev.explora.cl\/antofagasta\/patrimonio-ambiental-es-eje-central-en-nuevo-ciclo-de-charlas-de-explora-antofagasta\/\",\"url\":\"https:\/\/dev.explora.cl\/antofagasta\/patrimonio-ambiental-es-eje-central-en-nuevo-ciclo-de-charlas-de-explora-antofagasta\/\",\"name\":\"Patrimonio Ambiental es eje central en nuevo ciclo de charlas de Explora Antofagasta - Antofagasta\",\"isPartOf\":{\"@id\":\"https:\/\/dev.explora.cl\/antofagasta\/#website\"},\"primaryImageOfPage\":{\"@id\":\"https:\/\/dev.explora.cl\/antofagasta\/patrimonio-ambiental-es-eje-central-en-nuevo-ciclo-de-charlas-de-explora-antofagasta\/#primaryimage\"},\"image\":{\"@id\":\"https:\/\/dev.explora.cl\/antofagasta\/patrimonio-ambiental-es-eje-central-en-nuevo-ciclo-de-charlas-de-explora-antofagasta\/#primaryimage\"},\"thumbnailUrl\":\"https:\/\/dev.explora.cl\/antofagasta\/wp-content\/uploads\/sites\/4\/2021\/11\/WhatsApp-Image-2021-11-25-at-19.44.19.jpeg\",\"datePublished\":\"2021-11-24T11:38:05+00:00\",\"dateModified\":\"2021-11-26T11:45:37+00:00\",\"author\":{\"@id\":\"https:\/\/dev.explora.cl\/antofagasta\/#\/schema\/person\/71eda950cf8b3d75ad6c50a4d2179bcd\"},\"breadcrumb\":{\"@id\":\"https:\/\/dev.explora.cl\/antofagasta\/patrimonio-ambiental-es-eje-central-en-nuevo-ciclo-de-charlas-de-explora-antofagasta\/#breadcrumb\"},\"inLanguage\":\"es-CL\",\"potentialAction\":[{\"@type\":\"ReadAction\",\"target\":[\"https:\/\/dev.explora.cl\/antofagasta\/patrimonio-ambiental-es-eje-central-en-nuevo-ciclo-de-charlas-de-explora-antofagasta\/\"]}]},{\"@type\":\"ImageObject\",\"inLanguage\":\"es-CL\",\"@id\":\"https:\/\/dev.explora.cl\/antofagasta\/patrimonio-ambiental-es-eje-central-en-nuevo-ciclo-de-charlas-de-explora-antofagasta\/#primaryimage\",\"url\":\"https:\/\/dev.explora.cl\/antofagasta\/wp-content\/uploads\/sites\/4\/2021\/11\/WhatsApp-Image-2021-11-25-at-19.44.19.jpeg\",\"contentUrl\":\"https:\/\/dev.explora.cl\/antofagasta\/wp-content\/uploads\/sites\/4\/2021\/11\/WhatsApp-Image-2021-11-25-at-19.44.19.jpeg\",\"width\":1152,\"height\":645},{\"@type\":\"BreadcrumbList\",\"@id\":\"https:\/\/dev.explora.cl\/antofagasta\/patrimonio-ambiental-es-eje-central-en-nuevo-ciclo-de-charlas-de-explora-antofagasta\/#breadcrumb\",\"itemListElement\":[{\"@type\":\"ListItem\",\"position\":1,\"name\":\"Portada\",\"item\":\"https:\/\/dev.explora.cl\/antofagasta\/\"},{\"@type\":\"ListItem\",\"position\":2,\"name\":\"Patrimonio Ambiental es eje central en nuevo ciclo de charlas de Explora Antofagasta\"}]},{\"@type\":\"WebSite\",\"@id\":\"https:\/\/dev.explora.cl\/antofagasta\/#website\",\"url\":\"https:\/\/dev.explora.cl\/antofagasta\/\",\"name\":\"Antofagasta\",\"description\":\"Otro sitio m\u00e1s de dev.explora.cl\",\"potentialAction\":[{\"@type\":\"SearchAction\",\"target\":{\"@type\":\"EntryPoint\",\"urlTemplate\":\"https:\/\/dev.explora.cl\/antofagasta\/?s={search_term_string}\"},\"query-input\":{\"@type\":\"PropertyValueSpecification\",\"valueRequired\":true,\"valueName\":\"search_term_string\"}}],\"inLanguage\":\"es-CL\"},{\"@type\":\"Person\",\"@id\":\"https:\/\/dev.explora.cl\/antofagasta\/#\/schema\/person\/71eda950cf8b3d75ad6c50a4d2179bcd\",\"name\":\"cgomez\",\"image\":{\"@type\":\"ImageObject\",\"inLanguage\":\"es-CL\",\"@id\":\"https:\/\/dev.explora.cl\/antofagasta\/#\/schema\/person\/image\/\",\"url\":\"https:\/\/secure.gravatar.com\/avatar\/0c1e119225e98dd5c5a5a0d26c2bd2448642e86ce4fece294b57037090af5dd6?s=96&d=mm&r=g\",\"contentUrl\":\"https:\/\/secure.gravatar.com\/avatar\/0c1e119225e98dd5c5a5a0d26c2bd2448642e86ce4fece294b57037090af5dd6?s=96&d=mm&r=g\",\"caption\":\"cgomez\"},\"url\":\"https:\/\/dev.explora.cl\/antofagasta\/author\/cgomez\/\"}]}<\/script>\n<!-- \/ Yoast SEO plugin. -->","yoast_head_json":{"title":"Patrimonio Ambiental es eje central en nuevo ciclo de charlas de Explora Antofagasta - Antofagasta","robots":{"index":"index","follow":"follow","max-snippet":"max-snippet:-1","max-image-preview":"max-image-preview:large","max-video-preview":"max-video-preview:-1"},"canonical":"https:\/\/dev.explora.cl\/antofagasta\/patrimonio-ambiental-es-eje-central-en-nuevo-ciclo-de-charlas-de-explora-antofagasta\/","og_locale":"es_ES","og_type":"article","og_title":"Patrimonio Ambiental es eje central en nuevo ciclo de charlas de Explora Antofagasta - Antofagasta","og_description":"Con 5 interesantes charlas relacionadas con el cuidado de los ecosistemas y la preservaci\u00f3n de nuestro patrimonio ambiental, ha comenzado el quinto ciclo de Ciencia Abierta, una actividad nacional del Programa Explora creada con el fin de acercar a la ciudadan\u00eda a temas cient\u00edficos, a trav\u00e9s de formatos l\u00fadicos y participativos. &nbsp; En esta ocasi\u00f3n [&hellip;]","og_url":"https:\/\/dev.explora.cl\/antofagasta\/patrimonio-ambiental-es-eje-central-en-nuevo-ciclo-de-charlas-de-explora-antofagasta\/","og_site_name":"Antofagasta","article_published_time":"2021-11-24T11:38:05+00:00","article_modified_time":"2021-11-26T11:45:37+00:00","og_image":[{"width":1152,"height":645,"url":"https:\/\/dev.explora.cl\/antofagasta\/wp-content\/uploads\/sites\/4\/2021\/11\/WhatsApp-Image-2021-11-25-at-19.44.19.jpeg","type":"image\/jpeg"}],"author":"cgomez","twitter_card":"summary_large_image","twitter_misc":{"Escrito por":"cgomez","Tiempo estimado de lectura":"3 minutos"},"schema":{"@context":"https:\/\/schema.org","@graph":[{"@type":"Article","@id":"https:\/\/dev.explora.cl\/antofagasta\/patrimonio-ambiental-es-eje-central-en-nuevo-ciclo-de-charlas-de-explora-antofagasta\/#article","isPartOf":{"@id":"https:\/\/dev.explora.cl\/antofagasta\/patrimonio-ambiental-es-eje-central-en-nuevo-ciclo-de-charlas-de-explora-antofagasta\/"},"author":{"name":"cgomez","@id":"https:\/\/dev.explora.cl\/antofagasta\/#\/schema\/person\/71eda950cf8b3d75ad6c50a4d2179bcd"},"headline":"Patrimonio Ambiental es eje central en nuevo ciclo de charlas de Explora Antofagasta","datePublished":"2021-11-24T11:38:05+00:00","dateModified":"2021-11-26T11:45:37+00:00","mainEntityOfPage":{"@id":"https:\/\/dev.explora.cl\/antofagasta\/patrimonio-ambiental-es-eje-central-en-nuevo-ciclo-de-charlas-de-explora-antofagasta\/"},"wordCount":581,"commentCount":0,"image":{"@id":"https:\/\/dev.explora.cl\/antofagasta\/patrimonio-ambiental-es-eje-central-en-nuevo-ciclo-de-charlas-de-explora-antofagasta\/#primaryimage"},"thumbnailUrl":"https:\/\/dev.explora.cl\/antofagasta\/wp-content\/uploads\/sites\/4\/2021\/11\/WhatsApp-Image-2021-11-25-at-19.44.19.jpeg","keywords":["Antofagasta","biodiversidad","charlas cient\u00edficas","ciencia","desierto","patrimonio"],"articleSection":["Lugar 1","Noticias"],"inLanguage":"es-CL","potentialAction":[{"@type":"CommentAction","name":"Comment","target":["https:\/\/dev.explora.cl\/antofagasta\/patrimonio-ambiental-es-eje-central-en-nuevo-ciclo-de-charlas-de-explora-antofagasta\/#respond"]}]},{"@type":"WebPage","@id":"https:\/\/dev.explora.cl\/antofagasta\/patrimonio-ambiental-es-eje-central-en-nuevo-ciclo-de-charlas-de-explora-antofagasta\/","url":"https:\/\/dev.explora.cl\/antofagasta\/patrimonio-ambiental-es-eje-central-en-nuevo-ciclo-de-charlas-de-explora-antofagasta\/","name":"Patrimonio Ambiental es eje central en nuevo ciclo de charlas de Explora Antofagasta - Antofagasta","isPartOf":{"@id":"https:\/\/dev.explora.cl\/antofagasta\/#website"},"primaryImageOfPage":{"@id":"https:\/\/dev.explora.cl\/antofagasta\/patrimonio-ambiental-es-eje-central-en-nuevo-ciclo-de-charlas-de-explora-antofagasta\/#primaryimage"},"image":{"@id":"https:\/\/dev.explora.cl\/antofagasta\/patrimonio-ambiental-es-eje-central-en-nuevo-ciclo-de-charlas-de-explora-antofagasta\/#primaryimage"},"thumbnailUrl":"https:\/\/dev.explora.cl\/antofagasta\/wp-content\/uploads\/sites\/4\/2021\/11\/WhatsApp-Image-2021-11-25-at-19.44.19.jpeg","datePublished":"2021-11-24T11:38:05+00:00","dateModified":"2021-11-26T11:45:37+00:00","author":{"@id":"https:\/\/dev.explora.cl\/antofagasta\/#\/schema\/person\/71eda950cf8b3d75ad6c50a4d2179bcd"},"breadcrumb":{"@id":"https:\/\/dev.explora.cl\/antofagasta\/patrimonio-ambiental-es-eje-central-en-nuevo-ciclo-de-charlas-de-explora-antofagasta\/#breadcrumb"},"inLanguage":"es-CL","potentialAction":[{"@type":"ReadAction","target":["https:\/\/dev.explora.cl\/antofagasta\/patrimonio-ambiental-es-eje-central-en-nuevo-ciclo-de-charlas-de-explora-antofagasta\/"]}]},{"@type":"ImageObject","inLanguage":"es-CL","@id":"https:\/\/dev.explora.cl\/antofagasta\/patrimonio-ambiental-es-eje-central-en-nuevo-ciclo-de-charlas-de-explora-antofagasta\/#primaryimage","url":"https:\/\/dev.explora.cl\/antofagasta\/wp-content\/uploads\/sites\/4\/2021\/11\/WhatsApp-Image-2021-11-25-at-19.44.19.jpeg","contentUrl":"https:\/\/dev.explora.cl\/antofagasta\/wp-content\/uploads\/sites\/4\/2021\/11\/WhatsApp-Image-2021-11-25-at-19.44.19.jpeg","width":1152,"height":645},{"@type":"BreadcrumbList","@id":"https:\/\/dev.explora.cl\/antofagasta\/patrimonio-ambiental-es-eje-central-en-nuevo-ciclo-de-charlas-de-explora-antofagasta\/#breadcrumb","itemListElement":[{"@type":"ListItem","position":1,"name":"Portada","item":"https:\/\/dev.explora.cl\/antofagasta\/"},{"@type":"ListItem","position":2,"name":"Patrimonio Ambiental es eje central en nuevo ciclo de charlas de Explora Antofagasta"}]},{"@type":"WebSite","@id":"https:\/\/dev.explora.cl\/antofagasta\/#website","url":"https:\/\/dev.explora.cl\/antofagasta\/","name":"Antofagasta","description":"Otro sitio m\u00e1s de dev.explora.cl","potentialAction":[{"@type":"SearchAction","target":{"@type":"EntryPoint","urlTemplate":"https:\/\/dev.explora.cl\/antofagasta\/?s={search_term_string}"},"query-input":{"@type":"PropertyValueSpecification","valueRequired":true,"valueName":"search_term_string"}}],"inLanguage":"es-CL"},{"@type":"Person","@id":"https:\/\/dev.explora.cl\/antofagasta\/#\/schema\/person\/71eda950cf8b3d75ad6c50a4d2179bcd","name":"cgomez","image":{"@type":"ImageObject","inLanguage":"es-CL","@id":"https:\/\/dev.explora.cl\/antofagasta\/#\/schema\/person\/image\/","url":"https:\/\/secure.gravatar.com\/avatar\/0c1e119225e98dd5c5a5a0d26c2bd2448642e86ce4fece294b57037090af5dd6?s=96&d=mm&r=g","contentUrl":"https:\/\/secure.gravatar.com\/avatar\/0c1e119225e98dd5c5a5a0d26c2bd2448642e86ce4fece294b57037090af5dd6?s=96&d=mm&r=g","caption":"cgomez"},"url":"https:\/\/dev.explora.cl\/antofagasta\/author\/cgomez\/"}]}},"_links":{"self":[{"href":"https:\/\/dev.explora.cl\/antofagasta\/wp-json\/wp\/v2\/posts\/41142","targetHints":{"allow":["GET"]}}],"collection":[{"href":"https:\/\/dev.explora.cl\/antofagasta\/wp-json\/wp\/v2\/posts"}],"about":[{"href":"https:\/\/dev.explora.cl\/antofagasta\/wp-json\/wp\/v2\/types\/post"}],"author":[{"embeddable":true,"href":"https:\/\/dev.explora.cl\/antofagasta\/wp-json\/wp\/v2\/users\/19"}],"replies":[{"embeddable":true,"href":"https:\/\/dev.explora.cl\/antofagasta\/wp-json\/wp\/v2\/comments?post=41142"}],"version-history":[{"count":1,"href":"https:\/\/dev.explora.cl\/antofagasta\/wp-json\/wp\/v2\/posts\/41142\/revisions"}],"predecessor-version":[{"id":41144,"href":"https:\/\/dev.explora.cl\/antofagasta\/wp-json\/wp\/v2\/posts\/41142\/revisions\/41144"}],"wp:featuredmedia":[{"embeddable":true,"href":"https:\/\/dev.explora.cl\/antofagasta\/wp-json\/wp\/v2\/media\/41143"}],"wp:attachment":[{"href":"https:\/\/dev.explora.cl\/antofagasta\/wp-json\/wp\/v2\/media?parent=41142"}],"wp:term":[{"taxonomy":"category","embeddable":true,"href":"https:\/\/dev.explora.cl\/antofagasta\/wp-json\/wp\/v2\/categories?post=41142"},{"taxonomy":"post_tag","embeddable":true,"href":"https:\/\/dev.explora.cl\/antofagasta\/wp-json\/wp\/v2\/tags?post=41142"}],"curies":[{"name":"wp","href":"https:\/\/api.w.org\/{rel}","templated":true}]}}