{"id":41107,"date":"2021-10-17T11:13:58","date_gmt":"2021-10-17T14:13:58","guid":{"rendered":"https:\/\/dev.explora.cl\/antofagasta\/?p=41107"},"modified":"2021-10-20T11:17:42","modified_gmt":"2021-10-20T14:17:42","slug":"festival-de-la-ciencia-feci-2021-trae-la-danza-el-teatro-y-espacio-infantil-en-nutrida-programacion-virtual","status":"publish","type":"post","link":"https:\/\/dev.explora.cl\/antofagasta\/festival-de-la-ciencia-feci-2021-trae-la-danza-el-teatro-y-espacio-infantil-en-nutrida-programacion-virtual\/","title":{"rendered":"FESTIVAL DE LA CIENCIA FECI 2021 TRAE LA DANZA, EL TEATRO Y ESPACIO INFANTIL EN NUTRIDA PROGRAMACI\u00d3N VIRTUAL"},"content":{"rendered":"<p><i><span style=\"font-weight: 400\">Con la participaci\u00f3n de diversas agrupaciones culturales, FECI 2021 incluye en esta in\u00e9dita programaci\u00f3n, diversas disciplinas art\u00edsticas y culturales, demostrando que tambi\u00e9n est\u00e1n presentes en la ciencia.<\/span><\/i><\/p>\n<p><span style=\"font-weight: 400\">Parte de la nutrida programaci\u00f3n que tendr\u00e1 el Festival de la Ciencia 2021, actividad organizada por Explora Antofagasta, ser\u00e1n los espacios destinados al arte, la danza, el teatro y los cuentacuentos, disciplinas que est\u00e1n presentes en la ciencia, la tecnolog\u00eda, el conocimiento e innovaci\u00f3n, a trav\u00e9s de este festival que se realizar\u00e1 entre el 20 al 24 de octubre, en formato virtual a trav\u00e9s de las redes sociales de Explora Antofagasta.<\/span><\/p>\n<p><span style=\"font-weight: 400\">El mi\u00e9rcoles 20 de octubre a las 18:00 horas, abre el espacio de FECI TEATRO, la Compa\u00f1\u00eda Teatro en Tiempos de Guerra, junto a Centro Cultural Casa Azul, quienes presentar\u00e1n la obra \u201cLa Peste Negra\u201d, <\/span><span style=\"font-weight: 400\">una puesta en escena que cuenta el presente desde el pasado. Una historia ambientada en el siglo XVI que habla de cautiverio, peste, pandemia y salvoconductos para revisar y establecer v\u00ednculos con los \u00faltimos meses marcados por el confinamiento.<\/span><\/p>\n<p><span style=\"font-weight: 400\">\u00a0Sebasti\u00e1n Rojas, gestor cultural y director del Centro Cultural Casa Azul, se refiri\u00f3 a esta primera instancia de encuentro en FECI, se\u00f1alando que <\/span><i><span style=\"font-weight: 400\">\u201cSentimos que es sumamente importante que estas fusiones que se est\u00e1n dando entre la tecnolog\u00eda, la ciencia y las artes, generen nuevas posibilidades de abrir el conocimiento y democratizarlo, es por eso que este Festival es un gran aporte a la ciudad para sacar el conocimiento de las instituciones formales y llevarlos hacia otras dimensiones\u201d.<\/span><\/i><\/p>\n<p><span style=\"font-weight: 400\">Continuando, el jueves 21 de octubre es el turno de la Compa\u00f1\u00eda de Danza \u201cCa\u00edda Libre\u201d, quienes de la mano de Casa Azul presentar\u00e1n a las 18:00 horas \u201cOr\u00edgenes\u201d, una interpretaci\u00f3n realizada por diversos artistas, dentro de las dependencias del Centro Cultural. En la oportunidad las y los artistas interpretan desde la danza, las diversas obras e instalaciones expuestas. Mientras que a las 16:00 es el turno del primer Cuentacuentos, con\u00a0 la \u201cReserva Nacional La Chimba\u201d, actividad creada por Explora Antofagasta con el apoyo de distintos asesores y asesoras\u00a0 cient\u00edficos\/as.<\/span><\/p>\n<p><span style=\"font-weight: 400\">Avanzando al viernes 22, es el turno de los ni\u00f1os y ni\u00f1as, porque FECI Teatro Infantil trae a las 09:00 el Cuentacuentos \u201c\u00bfD\u00f3nde est\u00e1n las aves?\u201d, mientras que a las 11:00 es el turno de la obra infantil \u201cEl Profesor Cachibache.<\/span><\/p>\n<p><span style=\"font-weight: 400\">Asimismo el s\u00e1bado 23 a las 09:00 horas contin\u00faa el ciclo de Cuentacuentos, con la transmisi\u00f3n de \u201cD\u00f3nde est\u00e1 el agua m\u00e1s \u00e1rida del mundo?, continuando a las 11:00 con la puesta en escena de la obra de teatro infantil \u201cEl perro sin cola\u201d.<\/span><\/p>\n<p><span style=\"font-weight: 400\">Para concluir con las actividades de FECI Teatro y Danza, el domingo 24 de octubre, a partir de las 09:00 horas es el turno del Cuentacuentos \u201cAlerta, alerta se han perdido los ping\u00fcinos\u201d, finalizando con el in\u00e9dito estreno del montaje \u201cEstados\u201d, de la mano de Centro Cultural Casa Azul, junto a la Agrupaci\u00f3n Ca\u00edda Libre, a partir de las 15:30 horas por las de las redes sociales de Explora Antofagasta.\u00a0<\/span><\/p>\n<p><span style=\"font-weight: 400\">Para saber m\u00e1s de FECI 2021, ingresa al sitio web <\/span><a href=\"https:\/\/festivaldelaciencia.cl\/sitio\/cartelera\/region-region-de-antofagasta\/\"><span style=\"font-weight: 400\">https:\/\/festivaldelaciencia.cl\/sitio\/cartelera\/region-region-de-antofagasta\/<\/span><\/a><\/p>\n","protected":false},"excerpt":{"rendered":"<p>Con la participaci\u00f3n de diversas agrupaciones culturales, FECI 2021 incluye en esta in\u00e9dita programaci\u00f3n, diversas disciplinas art\u00edsticas y culturales, demostrando que tambi\u00e9n est\u00e1n presentes en la ciencia. Parte de la nutrida programaci\u00f3n que tendr\u00e1 el Festival de la Ciencia 2021, actividad organizada por Explora Antofagasta, ser\u00e1n los espacios destinados al arte, la danza, el teatro [&hellip;]<\/p>\n","protected":false},"author":19,"featured_media":41108,"comment_status":"open","ping_status":"open","sticky":false,"template":"","format":"standard","meta":{"_acf_changed":false,"_exactmetrics_skip_tracking":false,"_exactmetrics_sitenote_active":false,"_exactmetrics_sitenote_note":"","_exactmetrics_sitenote_category":0,"footnotes":"","_links_to":"","_links_to_target":""},"categories":[128,4],"tags":[],"class_list":["post-41107","post","type-post","status-publish","format-standard","has-post-thumbnail","hentry","category-eventos_publ_grl","category-noticias"],"acf":[],"yoast_head":"<!-- This site is optimized with the Yoast SEO plugin v26.7 - https:\/\/yoast.com\/wordpress\/plugins\/seo\/ -->\n<title>FESTIVAL DE LA CIENCIA FECI 2021 TRAE LA DANZA, EL TEATRO Y ESPACIO INFANTIL EN NUTRIDA PROGRAMACI\u00d3N VIRTUAL - Antofagasta<\/title>\n<meta name=\"robots\" content=\"index, follow, max-snippet:-1, max-image-preview:large, max-video-preview:-1\" \/>\n<link rel=\"canonical\" href=\"https:\/\/dev.explora.cl\/antofagasta\/festival-de-la-ciencia-feci-2021-trae-la-danza-el-teatro-y-espacio-infantil-en-nutrida-programacion-virtual\/\" class=\"yoast-seo-meta-tag\" \/>\n<meta property=\"og:locale\" content=\"es_ES\" class=\"yoast-seo-meta-tag\" \/>\n<meta property=\"og:type\" content=\"article\" class=\"yoast-seo-meta-tag\" \/>\n<meta property=\"og:title\" content=\"FESTIVAL DE LA CIENCIA FECI 2021 TRAE LA DANZA, EL TEATRO Y ESPACIO INFANTIL EN NUTRIDA PROGRAMACI\u00d3N VIRTUAL - Antofagasta\" class=\"yoast-seo-meta-tag\" \/>\n<meta property=\"og:description\" content=\"Con la participaci\u00f3n de diversas agrupaciones culturales, FECI 2021 incluye en esta in\u00e9dita programaci\u00f3n, diversas disciplinas art\u00edsticas y culturales, demostrando que tambi\u00e9n est\u00e1n presentes en la ciencia. Parte de la nutrida programaci\u00f3n que tendr\u00e1 el Festival de la Ciencia 2021, actividad organizada por Explora Antofagasta, ser\u00e1n los espacios destinados al arte, la danza, el teatro [&hellip;]\" class=\"yoast-seo-meta-tag\" \/>\n<meta property=\"og:url\" content=\"https:\/\/dev.explora.cl\/antofagasta\/festival-de-la-ciencia-feci-2021-trae-la-danza-el-teatro-y-espacio-infantil-en-nutrida-programacion-virtual\/\" class=\"yoast-seo-meta-tag\" \/>\n<meta property=\"og:site_name\" content=\"Antofagasta\" class=\"yoast-seo-meta-tag\" \/>\n<meta property=\"article:published_time\" content=\"2021-10-17T14:13:58+00:00\" class=\"yoast-seo-meta-tag\" \/>\n<meta property=\"article:modified_time\" content=\"2021-10-20T14:17:42+00:00\" class=\"yoast-seo-meta-tag\" \/>\n<meta property=\"og:image\" content=\"https:\/\/dev.explora.cl\/antofagasta\/wp-content\/uploads\/sites\/4\/2021\/10\/teatro-infantil.jpg\" class=\"yoast-seo-meta-tag\" \/>\n\t<meta property=\"og:image:width\" content=\"1280\" class=\"yoast-seo-meta-tag\" \/>\n\t<meta property=\"og:image:height\" content=\"720\" class=\"yoast-seo-meta-tag\" \/>\n\t<meta property=\"og:image:type\" content=\"image\/jpeg\" class=\"yoast-seo-meta-tag\" \/>\n<meta name=\"author\" content=\"cgomez\" class=\"yoast-seo-meta-tag\" \/>\n<meta name=\"twitter:card\" content=\"summary_large_image\" class=\"yoast-seo-meta-tag\" \/>\n<meta name=\"twitter:label1\" content=\"Escrito por\" class=\"yoast-seo-meta-tag\" \/>\n\t<meta name=\"twitter:data1\" content=\"cgomez\" class=\"yoast-seo-meta-tag\" \/>\n\t<meta name=\"twitter:label2\" content=\"Tiempo estimado de lectura\" class=\"yoast-seo-meta-tag\" \/>\n\t<meta name=\"twitter:data2\" content=\"3 minutos\" class=\"yoast-seo-meta-tag\" \/>\n<script type=\"application\/ld+json\" class=\"yoast-schema-graph\">{\"@context\":\"https:\/\/schema.org\",\"@graph\":[{\"@type\":\"Article\",\"@id\":\"https:\/\/dev.explora.cl\/antofagasta\/festival-de-la-ciencia-feci-2021-trae-la-danza-el-teatro-y-espacio-infantil-en-nutrida-programacion-virtual\/#article\",\"isPartOf\":{\"@id\":\"https:\/\/dev.explora.cl\/antofagasta\/festival-de-la-ciencia-feci-2021-trae-la-danza-el-teatro-y-espacio-infantil-en-nutrida-programacion-virtual\/\"},\"author\":{\"name\":\"cgomez\",\"@id\":\"https:\/\/dev.explora.cl\/antofagasta\/#\/schema\/person\/71eda950cf8b3d75ad6c50a4d2179bcd\"},\"headline\":\"FESTIVAL DE LA CIENCIA FECI 2021 TRAE LA DANZA, EL TEATRO Y ESPACIO INFANTIL EN NUTRIDA PROGRAMACI\u00d3N VIRTUAL\",\"datePublished\":\"2021-10-17T14:13:58+00:00\",\"dateModified\":\"2021-10-20T14:17:42+00:00\",\"mainEntityOfPage\":{\"@id\":\"https:\/\/dev.explora.cl\/antofagasta\/festival-de-la-ciencia-feci-2021-trae-la-danza-el-teatro-y-espacio-infantil-en-nutrida-programacion-virtual\/\"},\"wordCount\":552,\"commentCount\":0,\"image\":{\"@id\":\"https:\/\/dev.explora.cl\/antofagasta\/festival-de-la-ciencia-feci-2021-trae-la-danza-el-teatro-y-espacio-infantil-en-nutrida-programacion-virtual\/#primaryimage\"},\"thumbnailUrl\":\"https:\/\/dev.explora.cl\/antofagasta\/wp-content\/uploads\/sites\/4\/2021\/10\/teatro-infantil.jpg\",\"articleSection\":[\"Eventos\",\"Noticias\"],\"inLanguage\":\"es-CL\",\"potentialAction\":[{\"@type\":\"CommentAction\",\"name\":\"Comment\",\"target\":[\"https:\/\/dev.explora.cl\/antofagasta\/festival-de-la-ciencia-feci-2021-trae-la-danza-el-teatro-y-espacio-infantil-en-nutrida-programacion-virtual\/#respond\"]}]},{\"@type\":\"WebPage\",\"@id\":\"https:\/\/dev.explora.cl\/antofagasta\/festival-de-la-ciencia-feci-2021-trae-la-danza-el-teatro-y-espacio-infantil-en-nutrida-programacion-virtual\/\",\"url\":\"https:\/\/dev.explora.cl\/antofagasta\/festival-de-la-ciencia-feci-2021-trae-la-danza-el-teatro-y-espacio-infantil-en-nutrida-programacion-virtual\/\",\"name\":\"FESTIVAL DE LA CIENCIA FECI 2021 TRAE LA DANZA, EL TEATRO Y ESPACIO INFANTIL EN NUTRIDA PROGRAMACI\u00d3N VIRTUAL - Antofagasta\",\"isPartOf\":{\"@id\":\"https:\/\/dev.explora.cl\/antofagasta\/#website\"},\"primaryImageOfPage\":{\"@id\":\"https:\/\/dev.explora.cl\/antofagasta\/festival-de-la-ciencia-feci-2021-trae-la-danza-el-teatro-y-espacio-infantil-en-nutrida-programacion-virtual\/#primaryimage\"},\"image\":{\"@id\":\"https:\/\/dev.explora.cl\/antofagasta\/festival-de-la-ciencia-feci-2021-trae-la-danza-el-teatro-y-espacio-infantil-en-nutrida-programacion-virtual\/#primaryimage\"},\"thumbnailUrl\":\"https:\/\/dev.explora.cl\/antofagasta\/wp-content\/uploads\/sites\/4\/2021\/10\/teatro-infantil.jpg\",\"datePublished\":\"2021-10-17T14:13:58+00:00\",\"dateModified\":\"2021-10-20T14:17:42+00:00\",\"author\":{\"@id\":\"https:\/\/dev.explora.cl\/antofagasta\/#\/schema\/person\/71eda950cf8b3d75ad6c50a4d2179bcd\"},\"breadcrumb\":{\"@id\":\"https:\/\/dev.explora.cl\/antofagasta\/festival-de-la-ciencia-feci-2021-trae-la-danza-el-teatro-y-espacio-infantil-en-nutrida-programacion-virtual\/#breadcrumb\"},\"inLanguage\":\"es-CL\",\"potentialAction\":[{\"@type\":\"ReadAction\",\"target\":[\"https:\/\/dev.explora.cl\/antofagasta\/festival-de-la-ciencia-feci-2021-trae-la-danza-el-teatro-y-espacio-infantil-en-nutrida-programacion-virtual\/\"]}]},{\"@type\":\"ImageObject\",\"inLanguage\":\"es-CL\",\"@id\":\"https:\/\/dev.explora.cl\/antofagasta\/festival-de-la-ciencia-feci-2021-trae-la-danza-el-teatro-y-espacio-infantil-en-nutrida-programacion-virtual\/#primaryimage\",\"url\":\"https:\/\/dev.explora.cl\/antofagasta\/wp-content\/uploads\/sites\/4\/2021\/10\/teatro-infantil.jpg\",\"contentUrl\":\"https:\/\/dev.explora.cl\/antofagasta\/wp-content\/uploads\/sites\/4\/2021\/10\/teatro-infantil.jpg\",\"width\":1280,\"height\":720},{\"@type\":\"BreadcrumbList\",\"@id\":\"https:\/\/dev.explora.cl\/antofagasta\/festival-de-la-ciencia-feci-2021-trae-la-danza-el-teatro-y-espacio-infantil-en-nutrida-programacion-virtual\/#breadcrumb\",\"itemListElement\":[{\"@type\":\"ListItem\",\"position\":1,\"name\":\"Portada\",\"item\":\"https:\/\/dev.explora.cl\/antofagasta\/\"},{\"@type\":\"ListItem\",\"position\":2,\"name\":\"FESTIVAL DE LA CIENCIA FECI 2021 TRAE LA DANZA, EL TEATRO Y ESPACIO INFANTIL EN NUTRIDA PROGRAMACI\u00d3N VIRTUAL\"}]},{\"@type\":\"WebSite\",\"@id\":\"https:\/\/dev.explora.cl\/antofagasta\/#website\",\"url\":\"https:\/\/dev.explora.cl\/antofagasta\/\",\"name\":\"Antofagasta\",\"description\":\"Otro sitio m\u00e1s de dev.explora.cl\",\"potentialAction\":[{\"@type\":\"SearchAction\",\"target\":{\"@type\":\"EntryPoint\",\"urlTemplate\":\"https:\/\/dev.explora.cl\/antofagasta\/?s={search_term_string}\"},\"query-input\":{\"@type\":\"PropertyValueSpecification\",\"valueRequired\":true,\"valueName\":\"search_term_string\"}}],\"inLanguage\":\"es-CL\"},{\"@type\":\"Person\",\"@id\":\"https:\/\/dev.explora.cl\/antofagasta\/#\/schema\/person\/71eda950cf8b3d75ad6c50a4d2179bcd\",\"name\":\"cgomez\",\"image\":{\"@type\":\"ImageObject\",\"inLanguage\":\"es-CL\",\"@id\":\"https:\/\/dev.explora.cl\/antofagasta\/#\/schema\/person\/image\/\",\"url\":\"https:\/\/secure.gravatar.com\/avatar\/0c1e119225e98dd5c5a5a0d26c2bd2448642e86ce4fece294b57037090af5dd6?s=96&d=mm&r=g\",\"contentUrl\":\"https:\/\/secure.gravatar.com\/avatar\/0c1e119225e98dd5c5a5a0d26c2bd2448642e86ce4fece294b57037090af5dd6?s=96&d=mm&r=g\",\"caption\":\"cgomez\"},\"url\":\"https:\/\/dev.explora.cl\/antofagasta\/author\/cgomez\/\"}]}<\/script>\n<!-- \/ Yoast SEO plugin. -->","yoast_head_json":{"title":"FESTIVAL DE LA CIENCIA FECI 2021 TRAE LA DANZA, EL TEATRO Y ESPACIO INFANTIL EN NUTRIDA PROGRAMACI\u00d3N VIRTUAL - Antofagasta","robots":{"index":"index","follow":"follow","max-snippet":"max-snippet:-1","max-image-preview":"max-image-preview:large","max-video-preview":"max-video-preview:-1"},"canonical":"https:\/\/dev.explora.cl\/antofagasta\/festival-de-la-ciencia-feci-2021-trae-la-danza-el-teatro-y-espacio-infantil-en-nutrida-programacion-virtual\/","og_locale":"es_ES","og_type":"article","og_title":"FESTIVAL DE LA CIENCIA FECI 2021 TRAE LA DANZA, EL TEATRO Y ESPACIO INFANTIL EN NUTRIDA PROGRAMACI\u00d3N VIRTUAL - Antofagasta","og_description":"Con la participaci\u00f3n de diversas agrupaciones culturales, FECI 2021 incluye en esta in\u00e9dita programaci\u00f3n, diversas disciplinas art\u00edsticas y culturales, demostrando que tambi\u00e9n est\u00e1n presentes en la ciencia. Parte de la nutrida programaci\u00f3n que tendr\u00e1 el Festival de la Ciencia 2021, actividad organizada por Explora Antofagasta, ser\u00e1n los espacios destinados al arte, la danza, el teatro [&hellip;]","og_url":"https:\/\/dev.explora.cl\/antofagasta\/festival-de-la-ciencia-feci-2021-trae-la-danza-el-teatro-y-espacio-infantil-en-nutrida-programacion-virtual\/","og_site_name":"Antofagasta","article_published_time":"2021-10-17T14:13:58+00:00","article_modified_time":"2021-10-20T14:17:42+00:00","og_image":[{"width":1280,"height":720,"url":"https:\/\/dev.explora.cl\/antofagasta\/wp-content\/uploads\/sites\/4\/2021\/10\/teatro-infantil.jpg","type":"image\/jpeg"}],"author":"cgomez","twitter_card":"summary_large_image","twitter_misc":{"Escrito por":"cgomez","Tiempo estimado de lectura":"3 minutos"},"schema":{"@context":"https:\/\/schema.org","@graph":[{"@type":"Article","@id":"https:\/\/dev.explora.cl\/antofagasta\/festival-de-la-ciencia-feci-2021-trae-la-danza-el-teatro-y-espacio-infantil-en-nutrida-programacion-virtual\/#article","isPartOf":{"@id":"https:\/\/dev.explora.cl\/antofagasta\/festival-de-la-ciencia-feci-2021-trae-la-danza-el-teatro-y-espacio-infantil-en-nutrida-programacion-virtual\/"},"author":{"name":"cgomez","@id":"https:\/\/dev.explora.cl\/antofagasta\/#\/schema\/person\/71eda950cf8b3d75ad6c50a4d2179bcd"},"headline":"FESTIVAL DE LA CIENCIA FECI 2021 TRAE LA DANZA, EL TEATRO Y ESPACIO INFANTIL EN NUTRIDA PROGRAMACI\u00d3N VIRTUAL","datePublished":"2021-10-17T14:13:58+00:00","dateModified":"2021-10-20T14:17:42+00:00","mainEntityOfPage":{"@id":"https:\/\/dev.explora.cl\/antofagasta\/festival-de-la-ciencia-feci-2021-trae-la-danza-el-teatro-y-espacio-infantil-en-nutrida-programacion-virtual\/"},"wordCount":552,"commentCount":0,"image":{"@id":"https:\/\/dev.explora.cl\/antofagasta\/festival-de-la-ciencia-feci-2021-trae-la-danza-el-teatro-y-espacio-infantil-en-nutrida-programacion-virtual\/#primaryimage"},"thumbnailUrl":"https:\/\/dev.explora.cl\/antofagasta\/wp-content\/uploads\/sites\/4\/2021\/10\/teatro-infantil.jpg","articleSection":["Eventos","Noticias"],"inLanguage":"es-CL","potentialAction":[{"@type":"CommentAction","name":"Comment","target":["https:\/\/dev.explora.cl\/antofagasta\/festival-de-la-ciencia-feci-2021-trae-la-danza-el-teatro-y-espacio-infantil-en-nutrida-programacion-virtual\/#respond"]}]},{"@type":"WebPage","@id":"https:\/\/dev.explora.cl\/antofagasta\/festival-de-la-ciencia-feci-2021-trae-la-danza-el-teatro-y-espacio-infantil-en-nutrida-programacion-virtual\/","url":"https:\/\/dev.explora.cl\/antofagasta\/festival-de-la-ciencia-feci-2021-trae-la-danza-el-teatro-y-espacio-infantil-en-nutrida-programacion-virtual\/","name":"FESTIVAL DE LA CIENCIA FECI 2021 TRAE LA DANZA, EL TEATRO Y ESPACIO INFANTIL EN NUTRIDA PROGRAMACI\u00d3N VIRTUAL - Antofagasta","isPartOf":{"@id":"https:\/\/dev.explora.cl\/antofagasta\/#website"},"primaryImageOfPage":{"@id":"https:\/\/dev.explora.cl\/antofagasta\/festival-de-la-ciencia-feci-2021-trae-la-danza-el-teatro-y-espacio-infantil-en-nutrida-programacion-virtual\/#primaryimage"},"image":{"@id":"https:\/\/dev.explora.cl\/antofagasta\/festival-de-la-ciencia-feci-2021-trae-la-danza-el-teatro-y-espacio-infantil-en-nutrida-programacion-virtual\/#primaryimage"},"thumbnailUrl":"https:\/\/dev.explora.cl\/antofagasta\/wp-content\/uploads\/sites\/4\/2021\/10\/teatro-infantil.jpg","datePublished":"2021-10-17T14:13:58+00:00","dateModified":"2021-10-20T14:17:42+00:00","author":{"@id":"https:\/\/dev.explora.cl\/antofagasta\/#\/schema\/person\/71eda950cf8b3d75ad6c50a4d2179bcd"},"breadcrumb":{"@id":"https:\/\/dev.explora.cl\/antofagasta\/festival-de-la-ciencia-feci-2021-trae-la-danza-el-teatro-y-espacio-infantil-en-nutrida-programacion-virtual\/#breadcrumb"},"inLanguage":"es-CL","potentialAction":[{"@type":"ReadAction","target":["https:\/\/dev.explora.cl\/antofagasta\/festival-de-la-ciencia-feci-2021-trae-la-danza-el-teatro-y-espacio-infantil-en-nutrida-programacion-virtual\/"]}]},{"@type":"ImageObject","inLanguage":"es-CL","@id":"https:\/\/dev.explora.cl\/antofagasta\/festival-de-la-ciencia-feci-2021-trae-la-danza-el-teatro-y-espacio-infantil-en-nutrida-programacion-virtual\/#primaryimage","url":"https:\/\/dev.explora.cl\/antofagasta\/wp-content\/uploads\/sites\/4\/2021\/10\/teatro-infantil.jpg","contentUrl":"https:\/\/dev.explora.cl\/antofagasta\/wp-content\/uploads\/sites\/4\/2021\/10\/teatro-infantil.jpg","width":1280,"height":720},{"@type":"BreadcrumbList","@id":"https:\/\/dev.explora.cl\/antofagasta\/festival-de-la-ciencia-feci-2021-trae-la-danza-el-teatro-y-espacio-infantil-en-nutrida-programacion-virtual\/#breadcrumb","itemListElement":[{"@type":"ListItem","position":1,"name":"Portada","item":"https:\/\/dev.explora.cl\/antofagasta\/"},{"@type":"ListItem","position":2,"name":"FESTIVAL DE LA CIENCIA FECI 2021 TRAE LA DANZA, EL TEATRO Y ESPACIO INFANTIL EN NUTRIDA PROGRAMACI\u00d3N VIRTUAL"}]},{"@type":"WebSite","@id":"https:\/\/dev.explora.cl\/antofagasta\/#website","url":"https:\/\/dev.explora.cl\/antofagasta\/","name":"Antofagasta","description":"Otro sitio m\u00e1s de dev.explora.cl","potentialAction":[{"@type":"SearchAction","target":{"@type":"EntryPoint","urlTemplate":"https:\/\/dev.explora.cl\/antofagasta\/?s={search_term_string}"},"query-input":{"@type":"PropertyValueSpecification","valueRequired":true,"valueName":"search_term_string"}}],"inLanguage":"es-CL"},{"@type":"Person","@id":"https:\/\/dev.explora.cl\/antofagasta\/#\/schema\/person\/71eda950cf8b3d75ad6c50a4d2179bcd","name":"cgomez","image":{"@type":"ImageObject","inLanguage":"es-CL","@id":"https:\/\/dev.explora.cl\/antofagasta\/#\/schema\/person\/image\/","url":"https:\/\/secure.gravatar.com\/avatar\/0c1e119225e98dd5c5a5a0d26c2bd2448642e86ce4fece294b57037090af5dd6?s=96&d=mm&r=g","contentUrl":"https:\/\/secure.gravatar.com\/avatar\/0c1e119225e98dd5c5a5a0d26c2bd2448642e86ce4fece294b57037090af5dd6?s=96&d=mm&r=g","caption":"cgomez"},"url":"https:\/\/dev.explora.cl\/antofagasta\/author\/cgomez\/"}]}},"_links":{"self":[{"href":"https:\/\/dev.explora.cl\/antofagasta\/wp-json\/wp\/v2\/posts\/41107","targetHints":{"allow":["GET"]}}],"collection":[{"href":"https:\/\/dev.explora.cl\/antofagasta\/wp-json\/wp\/v2\/posts"}],"about":[{"href":"https:\/\/dev.explora.cl\/antofagasta\/wp-json\/wp\/v2\/types\/post"}],"author":[{"embeddable":true,"href":"https:\/\/dev.explora.cl\/antofagasta\/wp-json\/wp\/v2\/users\/19"}],"replies":[{"embeddable":true,"href":"https:\/\/dev.explora.cl\/antofagasta\/wp-json\/wp\/v2\/comments?post=41107"}],"version-history":[{"count":1,"href":"https:\/\/dev.explora.cl\/antofagasta\/wp-json\/wp\/v2\/posts\/41107\/revisions"}],"predecessor-version":[{"id":41109,"href":"https:\/\/dev.explora.cl\/antofagasta\/wp-json\/wp\/v2\/posts\/41107\/revisions\/41109"}],"wp:featuredmedia":[{"embeddable":true,"href":"https:\/\/dev.explora.cl\/antofagasta\/wp-json\/wp\/v2\/media\/41108"}],"wp:attachment":[{"href":"https:\/\/dev.explora.cl\/antofagasta\/wp-json\/wp\/v2\/media?parent=41107"}],"wp:term":[{"taxonomy":"category","embeddable":true,"href":"https:\/\/dev.explora.cl\/antofagasta\/wp-json\/wp\/v2\/categories?post=41107"},{"taxonomy":"post_tag","embeddable":true,"href":"https:\/\/dev.explora.cl\/antofagasta\/wp-json\/wp\/v2\/tags?post=41107"}],"curies":[{"name":"wp","href":"https:\/\/api.w.org\/{rel}","templated":true}]}}