{"id":40172,"date":"2020-08-31T13:00:56","date_gmt":"2020-08-31T17:00:56","guid":{"rendered":"https:\/\/dev.explora.cl\/antofagasta\/?p=40172"},"modified":"2020-09-12T18:08:36","modified_gmt":"2020-09-12T21:08:36","slug":"charla-en-vivo-bloqueadores-en-la-antartida","status":"publish","type":"post","link":"https:\/\/dev.explora.cl\/antofagasta\/charla-en-vivo-bloqueadores-en-la-antartida\/","title":{"rendered":"Charla en vivo: \u201cBloqueadores solares en la Ant\u00e1rtida: \u00bfuna nueva amenaza para las comunidades microbianas?&#8221;"},"content":{"rendered":"<h3 style=\"text-align: justify\">\u00a1Atenci\u00f3n comunidad de la Regi\u00f3n de Antofagasta y de Chile!<\/h3>\n<p style=\"text-align: justify\">Los\/as invitamos a participar en la<b> Charla en Vivo <\/b><em><b>\u201cBloqueadores solares en la Ant\u00e1rtida: \u00bfuna nueva amenaza para las comunidades microbianas?&#8221;<\/b><\/em>, que se realiza en el marco de la actividad Ciencia Abierta y que ser\u00e1 dictada por Pedro Echeveste, doctor en biolog\u00eda y acad\u00e9mico de la Universidad de Antofagasta.<\/p>\n<p style=\"text-align: justify\">A trav\u00e9s de esta charla online, personas de todas las edades podr\u00e1n conocer y explorar los potenciales impactos de estos contaminantes en las fr\u00e1giles comunidades microbianas ant\u00e1rticas.<\/p>\n<p style=\"text-align: justify\">Asimismo, en esta actividad virtual de ciencia abierta, se podr\u00e1 realizar una conversaci\u00f3n horizontal, de manera directa y clara con el p\u00fablico. Quienes tengan consultas sobre la exposici\u00f3n, pueden hacerlas y estas ser\u00e1n respondidas en directo por los expositores.<\/p>\n<p style=\"text-align: justify\"><strong>\u00bfCu\u00e1ndo?<\/strong><\/p>\n<p style=\"text-align: justify\">Mi\u00e9rcoles 02 de septiembre<\/p>\n<p style=\"text-align: justify\">18:00 horas<\/p>\n<p style=\"text-align: justify\"><strong>\u00bfD\u00f3nde?<\/strong><\/p>\n<p style=\"text-align: justify\">Por<a href=\"https:\/\/www.facebook.com\/PARExploraAntofagasta\/\">\u00a0Facebook Live de PAR Explora Antofagasta<\/a><\/p>\n<p style=\"text-align: justify\"><strong>P\u00fablico objetivo<\/strong><\/p>\n<p style=\"text-align: justify\">Estudiantes de Educaci\u00f3n B\u00e1sica, Media y comunidad general.<\/p>\n<h3 style=\"text-align: justify\">Para consultas env\u00eda un mail a par.antofagasta.explora@gmail.com, o\u00a0 contacta al equipo de PAR Explora Antofagasta, <a href=\"https:\/\/dev.explora.cl\/antofagasta\/quienes-somos\/\">AQU\u00cd.<\/a><\/h3>\n","protected":false},"excerpt":{"rendered":"<p>Los\/as invitamos a participar en la Charla en Vivo \u201cBloqueadores solares en la Ant\u00e1rtida: \u00bfuna nueva amenaza para las comunidades microbianas?&#8221;, que se realiza en el marco de la actividad Ciencia Abierta y que ser\u00e1 dictada por Pedro Echeveste, doctor en biolog\u00eda y acad\u00e9mico de la Universidad de Antofagasta.<\/p>\n","protected":false},"author":19,"featured_media":40173,"comment_status":"closed","ping_status":"closed","sticky":false,"template":"","format":"standard","meta":{"_acf_changed":false,"_exactmetrics_skip_tracking":false,"_exactmetrics_sitenote_active":false,"_exactmetrics_sitenote_note":"","_exactmetrics_sitenote_category":0,"footnotes":"","_links_to":"","_links_to_target":""},"categories":[151],"tags":[342,195,248,334,107,306,30,283,285,286,329,287,288,275,328,284],"class_list":["post-40172","post","type-post","status-publish","format-standard","has-post-thumbnail","hentry","category-banner","tag-antartida","tag-antofagasta","tag-calama","tag-charla","tag-ciencia","tag-el-loa","tag-geologia","tag-maria-elena","tag-mejillones","tag-ollague","tag-region-de-antofagasta","tag-san-pedro-de-atacama","tag-sierra-gorda","tag-taltal","tag-tierra","tag-tocopilla"],"acf":[],"yoast_head":"<!-- This site is optimized with the Yoast SEO plugin v26.7 - https:\/\/yoast.com\/wordpress\/plugins\/seo\/ -->\n<title>Charla en vivo: \u201cBloqueadores solares en la Ant\u00e1rtida: \u00bfuna nueva amenaza para las comunidades microbianas?&quot; - Antofagasta<\/title>\n<meta name=\"robots\" content=\"index, follow, max-snippet:-1, max-image-preview:large, max-video-preview:-1\" \/>\n<link rel=\"canonical\" href=\"https:\/\/dev.explora.cl\/antofagasta\/charla-en-vivo-bloqueadores-en-la-antartida\/\" class=\"yoast-seo-meta-tag\" \/>\n<meta property=\"og:locale\" content=\"es_ES\" class=\"yoast-seo-meta-tag\" \/>\n<meta property=\"og:type\" content=\"article\" class=\"yoast-seo-meta-tag\" \/>\n<meta property=\"og:title\" content=\"Charla en vivo: \u201cBloqueadores solares en la Ant\u00e1rtida: \u00bfuna nueva amenaza para las comunidades microbianas?&quot; - Antofagasta\" class=\"yoast-seo-meta-tag\" \/>\n<meta property=\"og:description\" content=\"Los\/as invitamos a participar en la Charla en Vivo \u201cBloqueadores solares en la Ant\u00e1rtida: \u00bfuna nueva amenaza para las comunidades microbianas?&quot;, que se realiza en el marco de la actividad Ciencia Abierta y que ser\u00e1 dictada por Pedro Echeveste, doctor en biolog\u00eda y acad\u00e9mico de la Universidad de Antofagasta.\" class=\"yoast-seo-meta-tag\" \/>\n<meta property=\"og:url\" content=\"https:\/\/dev.explora.cl\/antofagasta\/charla-en-vivo-bloqueadores-en-la-antartida\/\" class=\"yoast-seo-meta-tag\" \/>\n<meta property=\"og:site_name\" content=\"Antofagasta\" class=\"yoast-seo-meta-tag\" \/>\n<meta property=\"article:published_time\" content=\"2020-08-31T17:00:56+00:00\" class=\"yoast-seo-meta-tag\" \/>\n<meta property=\"article:modified_time\" content=\"2020-09-12T21:08:36+00:00\" class=\"yoast-seo-meta-tag\" \/>\n<meta property=\"og:image\" content=\"https:\/\/dev.explora.cl\/antofagasta\/wp-content\/uploads\/sites\/4\/2020\/08\/SWEB_CA_ANTARTICA.png\" class=\"yoast-seo-meta-tag\" \/>\n\t<meta property=\"og:image:width\" content=\"736\" class=\"yoast-seo-meta-tag\" \/>\n\t<meta property=\"og:image:height\" content=\"420\" class=\"yoast-seo-meta-tag\" \/>\n\t<meta property=\"og:image:type\" content=\"image\/png\" class=\"yoast-seo-meta-tag\" \/>\n<meta name=\"author\" content=\"cgomez\" class=\"yoast-seo-meta-tag\" \/>\n<meta name=\"twitter:card\" content=\"summary_large_image\" class=\"yoast-seo-meta-tag\" \/>\n<meta name=\"twitter:label1\" content=\"Escrito por\" class=\"yoast-seo-meta-tag\" \/>\n\t<meta name=\"twitter:data1\" content=\"cgomez\" class=\"yoast-seo-meta-tag\" \/>\n\t<meta name=\"twitter:label2\" content=\"Tiempo estimado de lectura\" class=\"yoast-seo-meta-tag\" \/>\n\t<meta name=\"twitter:data2\" content=\"1 minuto\" class=\"yoast-seo-meta-tag\" \/>\n<script type=\"application\/ld+json\" class=\"yoast-schema-graph\">{\"@context\":\"https:\/\/schema.org\",\"@graph\":[{\"@type\":\"Article\",\"@id\":\"https:\/\/dev.explora.cl\/antofagasta\/charla-en-vivo-bloqueadores-en-la-antartida\/#article\",\"isPartOf\":{\"@id\":\"https:\/\/dev.explora.cl\/antofagasta\/charla-en-vivo-bloqueadores-en-la-antartida\/\"},\"author\":{\"name\":\"cgomez\",\"@id\":\"https:\/\/dev.explora.cl\/antofagasta\/#\/schema\/person\/71eda950cf8b3d75ad6c50a4d2179bcd\"},\"headline\":\"Charla en vivo: \u201cBloqueadores solares en la Ant\u00e1rtida: \u00bfuna nueva amenaza para las comunidades microbianas?&#8221;\",\"datePublished\":\"2020-08-31T17:00:56+00:00\",\"dateModified\":\"2020-09-12T21:08:36+00:00\",\"mainEntityOfPage\":{\"@id\":\"https:\/\/dev.explora.cl\/antofagasta\/charla-en-vivo-bloqueadores-en-la-antartida\/\"},\"wordCount\":205,\"image\":{\"@id\":\"https:\/\/dev.explora.cl\/antofagasta\/charla-en-vivo-bloqueadores-en-la-antartida\/#primaryimage\"},\"thumbnailUrl\":\"https:\/\/dev.explora.cl\/antofagasta\/wp-content\/uploads\/sites\/4\/2020\/08\/SWEB_CA_ANTARTICA.png\",\"keywords\":[\"Antartida\",\"Antofagasta\",\"Calama\",\"Charla\",\"ciencia\",\"El Loa\",\"geolog\u00eda\",\"Maria Elena\",\"Mejillones\",\"Ollag\u00fce\",\"Regi\u00f3n de Antofagasta\",\"San Pedro de Atacama\",\"Sierra Gorda\",\"Taltal\",\"Tierra\",\"Tocopilla\"],\"articleSection\":[\"Banner\"],\"inLanguage\":\"es-CL\"},{\"@type\":\"WebPage\",\"@id\":\"https:\/\/dev.explora.cl\/antofagasta\/charla-en-vivo-bloqueadores-en-la-antartida\/\",\"url\":\"https:\/\/dev.explora.cl\/antofagasta\/charla-en-vivo-bloqueadores-en-la-antartida\/\",\"name\":\"Charla en vivo: \u201cBloqueadores solares en la Ant\u00e1rtida: \u00bfuna nueva amenaza para las comunidades microbianas?\\\" - Antofagasta\",\"isPartOf\":{\"@id\":\"https:\/\/dev.explora.cl\/antofagasta\/#website\"},\"primaryImageOfPage\":{\"@id\":\"https:\/\/dev.explora.cl\/antofagasta\/charla-en-vivo-bloqueadores-en-la-antartida\/#primaryimage\"},\"image\":{\"@id\":\"https:\/\/dev.explora.cl\/antofagasta\/charla-en-vivo-bloqueadores-en-la-antartida\/#primaryimage\"},\"thumbnailUrl\":\"https:\/\/dev.explora.cl\/antofagasta\/wp-content\/uploads\/sites\/4\/2020\/08\/SWEB_CA_ANTARTICA.png\",\"datePublished\":\"2020-08-31T17:00:56+00:00\",\"dateModified\":\"2020-09-12T21:08:36+00:00\",\"author\":{\"@id\":\"https:\/\/dev.explora.cl\/antofagasta\/#\/schema\/person\/71eda950cf8b3d75ad6c50a4d2179bcd\"},\"breadcrumb\":{\"@id\":\"https:\/\/dev.explora.cl\/antofagasta\/charla-en-vivo-bloqueadores-en-la-antartida\/#breadcrumb\"},\"inLanguage\":\"es-CL\",\"potentialAction\":[{\"@type\":\"ReadAction\",\"target\":[\"https:\/\/dev.explora.cl\/antofagasta\/charla-en-vivo-bloqueadores-en-la-antartida\/\"]}]},{\"@type\":\"ImageObject\",\"inLanguage\":\"es-CL\",\"@id\":\"https:\/\/dev.explora.cl\/antofagasta\/charla-en-vivo-bloqueadores-en-la-antartida\/#primaryimage\",\"url\":\"https:\/\/dev.explora.cl\/antofagasta\/wp-content\/uploads\/sites\/4\/2020\/08\/SWEB_CA_ANTARTICA.png\",\"contentUrl\":\"https:\/\/dev.explora.cl\/antofagasta\/wp-content\/uploads\/sites\/4\/2020\/08\/SWEB_CA_ANTARTICA.png\",\"width\":736,\"height\":420},{\"@type\":\"BreadcrumbList\",\"@id\":\"https:\/\/dev.explora.cl\/antofagasta\/charla-en-vivo-bloqueadores-en-la-antartida\/#breadcrumb\",\"itemListElement\":[{\"@type\":\"ListItem\",\"position\":1,\"name\":\"Portada\",\"item\":\"https:\/\/dev.explora.cl\/antofagasta\/\"},{\"@type\":\"ListItem\",\"position\":2,\"name\":\"Charla en vivo: \u201cBloqueadores solares en la Ant\u00e1rtida: \u00bfuna nueva amenaza para las comunidades microbianas?&#8221;\"}]},{\"@type\":\"WebSite\",\"@id\":\"https:\/\/dev.explora.cl\/antofagasta\/#website\",\"url\":\"https:\/\/dev.explora.cl\/antofagasta\/\",\"name\":\"Antofagasta\",\"description\":\"Otro sitio m\u00e1s de dev.explora.cl\",\"potentialAction\":[{\"@type\":\"SearchAction\",\"target\":{\"@type\":\"EntryPoint\",\"urlTemplate\":\"https:\/\/dev.explora.cl\/antofagasta\/?s={search_term_string}\"},\"query-input\":{\"@type\":\"PropertyValueSpecification\",\"valueRequired\":true,\"valueName\":\"search_term_string\"}}],\"inLanguage\":\"es-CL\"},{\"@type\":\"Person\",\"@id\":\"https:\/\/dev.explora.cl\/antofagasta\/#\/schema\/person\/71eda950cf8b3d75ad6c50a4d2179bcd\",\"name\":\"cgomez\",\"image\":{\"@type\":\"ImageObject\",\"inLanguage\":\"es-CL\",\"@id\":\"https:\/\/dev.explora.cl\/antofagasta\/#\/schema\/person\/image\/\",\"url\":\"https:\/\/secure.gravatar.com\/avatar\/0c1e119225e98dd5c5a5a0d26c2bd2448642e86ce4fece294b57037090af5dd6?s=96&d=mm&r=g\",\"contentUrl\":\"https:\/\/secure.gravatar.com\/avatar\/0c1e119225e98dd5c5a5a0d26c2bd2448642e86ce4fece294b57037090af5dd6?s=96&d=mm&r=g\",\"caption\":\"cgomez\"},\"url\":\"https:\/\/dev.explora.cl\/antofagasta\/author\/cgomez\/\"}]}<\/script>\n<!-- \/ Yoast SEO plugin. -->","yoast_head_json":{"title":"Charla en vivo: \u201cBloqueadores solares en la Ant\u00e1rtida: \u00bfuna nueva amenaza para las comunidades microbianas?\" - Antofagasta","robots":{"index":"index","follow":"follow","max-snippet":"max-snippet:-1","max-image-preview":"max-image-preview:large","max-video-preview":"max-video-preview:-1"},"canonical":"https:\/\/dev.explora.cl\/antofagasta\/charla-en-vivo-bloqueadores-en-la-antartida\/","og_locale":"es_ES","og_type":"article","og_title":"Charla en vivo: \u201cBloqueadores solares en la Ant\u00e1rtida: \u00bfuna nueva amenaza para las comunidades microbianas?\" - Antofagasta","og_description":"Los\/as invitamos a participar en la Charla en Vivo \u201cBloqueadores solares en la Ant\u00e1rtida: \u00bfuna nueva amenaza para las comunidades microbianas?\", que se realiza en el marco de la actividad Ciencia Abierta y que ser\u00e1 dictada por Pedro Echeveste, doctor en biolog\u00eda y acad\u00e9mico de la Universidad de Antofagasta.","og_url":"https:\/\/dev.explora.cl\/antofagasta\/charla-en-vivo-bloqueadores-en-la-antartida\/","og_site_name":"Antofagasta","article_published_time":"2020-08-31T17:00:56+00:00","article_modified_time":"2020-09-12T21:08:36+00:00","og_image":[{"width":736,"height":420,"url":"https:\/\/dev.explora.cl\/antofagasta\/wp-content\/uploads\/sites\/4\/2020\/08\/SWEB_CA_ANTARTICA.png","type":"image\/png"}],"author":"cgomez","twitter_card":"summary_large_image","twitter_misc":{"Escrito por":"cgomez","Tiempo estimado de lectura":"1 minuto"},"schema":{"@context":"https:\/\/schema.org","@graph":[{"@type":"Article","@id":"https:\/\/dev.explora.cl\/antofagasta\/charla-en-vivo-bloqueadores-en-la-antartida\/#article","isPartOf":{"@id":"https:\/\/dev.explora.cl\/antofagasta\/charla-en-vivo-bloqueadores-en-la-antartida\/"},"author":{"name":"cgomez","@id":"https:\/\/dev.explora.cl\/antofagasta\/#\/schema\/person\/71eda950cf8b3d75ad6c50a4d2179bcd"},"headline":"Charla en vivo: \u201cBloqueadores solares en la Ant\u00e1rtida: \u00bfuna nueva amenaza para las comunidades microbianas?&#8221;","datePublished":"2020-08-31T17:00:56+00:00","dateModified":"2020-09-12T21:08:36+00:00","mainEntityOfPage":{"@id":"https:\/\/dev.explora.cl\/antofagasta\/charla-en-vivo-bloqueadores-en-la-antartida\/"},"wordCount":205,"image":{"@id":"https:\/\/dev.explora.cl\/antofagasta\/charla-en-vivo-bloqueadores-en-la-antartida\/#primaryimage"},"thumbnailUrl":"https:\/\/dev.explora.cl\/antofagasta\/wp-content\/uploads\/sites\/4\/2020\/08\/SWEB_CA_ANTARTICA.png","keywords":["Antartida","Antofagasta","Calama","Charla","ciencia","El Loa","geolog\u00eda","Maria Elena","Mejillones","Ollag\u00fce","Regi\u00f3n de Antofagasta","San Pedro de Atacama","Sierra Gorda","Taltal","Tierra","Tocopilla"],"articleSection":["Banner"],"inLanguage":"es-CL"},{"@type":"WebPage","@id":"https:\/\/dev.explora.cl\/antofagasta\/charla-en-vivo-bloqueadores-en-la-antartida\/","url":"https:\/\/dev.explora.cl\/antofagasta\/charla-en-vivo-bloqueadores-en-la-antartida\/","name":"Charla en vivo: \u201cBloqueadores solares en la Ant\u00e1rtida: \u00bfuna nueva amenaza para las comunidades microbianas?\" - Antofagasta","isPartOf":{"@id":"https:\/\/dev.explora.cl\/antofagasta\/#website"},"primaryImageOfPage":{"@id":"https:\/\/dev.explora.cl\/antofagasta\/charla-en-vivo-bloqueadores-en-la-antartida\/#primaryimage"},"image":{"@id":"https:\/\/dev.explora.cl\/antofagasta\/charla-en-vivo-bloqueadores-en-la-antartida\/#primaryimage"},"thumbnailUrl":"https:\/\/dev.explora.cl\/antofagasta\/wp-content\/uploads\/sites\/4\/2020\/08\/SWEB_CA_ANTARTICA.png","datePublished":"2020-08-31T17:00:56+00:00","dateModified":"2020-09-12T21:08:36+00:00","author":{"@id":"https:\/\/dev.explora.cl\/antofagasta\/#\/schema\/person\/71eda950cf8b3d75ad6c50a4d2179bcd"},"breadcrumb":{"@id":"https:\/\/dev.explora.cl\/antofagasta\/charla-en-vivo-bloqueadores-en-la-antartida\/#breadcrumb"},"inLanguage":"es-CL","potentialAction":[{"@type":"ReadAction","target":["https:\/\/dev.explora.cl\/antofagasta\/charla-en-vivo-bloqueadores-en-la-antartida\/"]}]},{"@type":"ImageObject","inLanguage":"es-CL","@id":"https:\/\/dev.explora.cl\/antofagasta\/charla-en-vivo-bloqueadores-en-la-antartida\/#primaryimage","url":"https:\/\/dev.explora.cl\/antofagasta\/wp-content\/uploads\/sites\/4\/2020\/08\/SWEB_CA_ANTARTICA.png","contentUrl":"https:\/\/dev.explora.cl\/antofagasta\/wp-content\/uploads\/sites\/4\/2020\/08\/SWEB_CA_ANTARTICA.png","width":736,"height":420},{"@type":"BreadcrumbList","@id":"https:\/\/dev.explora.cl\/antofagasta\/charla-en-vivo-bloqueadores-en-la-antartida\/#breadcrumb","itemListElement":[{"@type":"ListItem","position":1,"name":"Portada","item":"https:\/\/dev.explora.cl\/antofagasta\/"},{"@type":"ListItem","position":2,"name":"Charla en vivo: \u201cBloqueadores solares en la Ant\u00e1rtida: \u00bfuna nueva amenaza para las comunidades microbianas?&#8221;"}]},{"@type":"WebSite","@id":"https:\/\/dev.explora.cl\/antofagasta\/#website","url":"https:\/\/dev.explora.cl\/antofagasta\/","name":"Antofagasta","description":"Otro sitio m\u00e1s de dev.explora.cl","potentialAction":[{"@type":"SearchAction","target":{"@type":"EntryPoint","urlTemplate":"https:\/\/dev.explora.cl\/antofagasta\/?s={search_term_string}"},"query-input":{"@type":"PropertyValueSpecification","valueRequired":true,"valueName":"search_term_string"}}],"inLanguage":"es-CL"},{"@type":"Person","@id":"https:\/\/dev.explora.cl\/antofagasta\/#\/schema\/person\/71eda950cf8b3d75ad6c50a4d2179bcd","name":"cgomez","image":{"@type":"ImageObject","inLanguage":"es-CL","@id":"https:\/\/dev.explora.cl\/antofagasta\/#\/schema\/person\/image\/","url":"https:\/\/secure.gravatar.com\/avatar\/0c1e119225e98dd5c5a5a0d26c2bd2448642e86ce4fece294b57037090af5dd6?s=96&d=mm&r=g","contentUrl":"https:\/\/secure.gravatar.com\/avatar\/0c1e119225e98dd5c5a5a0d26c2bd2448642e86ce4fece294b57037090af5dd6?s=96&d=mm&r=g","caption":"cgomez"},"url":"https:\/\/dev.explora.cl\/antofagasta\/author\/cgomez\/"}]}},"_links":{"self":[{"href":"https:\/\/dev.explora.cl\/antofagasta\/wp-json\/wp\/v2\/posts\/40172","targetHints":{"allow":["GET"]}}],"collection":[{"href":"https:\/\/dev.explora.cl\/antofagasta\/wp-json\/wp\/v2\/posts"}],"about":[{"href":"https:\/\/dev.explora.cl\/antofagasta\/wp-json\/wp\/v2\/types\/post"}],"author":[{"embeddable":true,"href":"https:\/\/dev.explora.cl\/antofagasta\/wp-json\/wp\/v2\/users\/19"}],"replies":[{"embeddable":true,"href":"https:\/\/dev.explora.cl\/antofagasta\/wp-json\/wp\/v2\/comments?post=40172"}],"version-history":[{"count":1,"href":"https:\/\/dev.explora.cl\/antofagasta\/wp-json\/wp\/v2\/posts\/40172\/revisions"}],"predecessor-version":[{"id":40174,"href":"https:\/\/dev.explora.cl\/antofagasta\/wp-json\/wp\/v2\/posts\/40172\/revisions\/40174"}],"wp:featuredmedia":[{"embeddable":true,"href":"https:\/\/dev.explora.cl\/antofagasta\/wp-json\/wp\/v2\/media\/40173"}],"wp:attachment":[{"href":"https:\/\/dev.explora.cl\/antofagasta\/wp-json\/wp\/v2\/media?parent=40172"}],"wp:term":[{"taxonomy":"category","embeddable":true,"href":"https:\/\/dev.explora.cl\/antofagasta\/wp-json\/wp\/v2\/categories?post=40172"},{"taxonomy":"post_tag","embeddable":true,"href":"https:\/\/dev.explora.cl\/antofagasta\/wp-json\/wp\/v2\/tags?post=40172"}],"curies":[{"name":"wp","href":"https:\/\/api.w.org\/{rel}","templated":true}]}}