{"id":40058,"date":"2020-07-09T18:15:42","date_gmt":"2020-07-09T22:15:42","guid":{"rendered":"https:\/\/dev.explora.cl\/antofagasta\/?p=40058"},"modified":"2020-07-10T23:04:26","modified_gmt":"2020-07-11T03:04:26","slug":"mas-de-100-personas-en-inauguracion-virtual-pipe","status":"publish","type":"post","link":"https:\/\/dev.explora.cl\/antofagasta\/mas-de-100-personas-en-inauguracion-virtual-pipe\/","title":{"rendered":"M\u00e1s de 100 personas en inauguraci\u00f3n virtual del Programa de Ciencias y Tecnolog\u00eda para Primeras Edades (PIPE)"},"content":{"rendered":"<h3 style=\"text-align: justify\"><em>Educadoras y t\u00e9cnicas en educaci\u00f3n parvularia, as\u00ed como educadoras diferenciales de la Regi\u00f3n de Antofagasta, participaron de la iniciativa del PAR Explora Antofagasta que busca desarrollar en ni\u00f1os y ni\u00f1as las competencias necesarias para que conozcan y comprendan el mundo que los rodea. \u00a0\u00a0\u00a0<\/em><\/h3>\n<p style=\"text-align: justify\">M\u00e1s de 100 personas participaron en la Inauguraci\u00f3n y Jornada de Codise\u00f1o del Programa de Ciencias y Tecnolog\u00eda para Primeras Edades (PIPE), evento virtual que realiz\u00f3 el PAR Explora Antofagasta, del Ministerio de Ciencia, Tecnolog\u00eda, Conocimiento e Innovaci\u00f3n, ejecutado por la Universidad Cat\u00f3lica del Norte (UCN), el lunes 6 de julio del presente a\u00f1o.<\/p>\n<p style=\"text-align: justify\">La actividad, que se desarroll\u00f3 a trav\u00e9s de la plataforma Zoom, congreg\u00f3 a educadoras y t\u00e9cnicas en educaci\u00f3n parvularia, as\u00ed como a educadoras diferenciales de los jardines infantiles y establecimientos educacionales de la Regi\u00f3n de Antofagasta, quienes participar\u00e1n del programa PIPE durante su desarrollo.<\/p>\n<p style=\"text-align: justify\">A su vez, tambi\u00e9n estuvieron presentes el jefe de la Divisi\u00f3n Ciencia y Sociedad, del Ministerio de Ciencia, Tecnolog\u00eda, Conocimiento e Innovaci\u00f3n, Rodrigo Tapia; la seremi de Ciencia, Tecnolog\u00eda, Conocimiento e Innovaci\u00f3n de la Macro Zona Norte, Margarita Lay; el seremi de Educaci\u00f3n, Hugo Keith; la vicerrectora de Investigaci\u00f3n y Desarrollo Tecnol\u00f3gico de la UCN, Mar\u00eda Cecilia Hern\u00e1ndez; la directora del Programa Explora, Marcela Colombres; y la directora del PAR Explora Antofagasta, Olga Hern\u00e1ndez; entre otros invitados.<\/p>\n<p style=\"text-align: justify\"><img loading=\"lazy\" decoding=\"async\" class=\"wp-image-40068 alignright\" src=\"https:\/\/dev.explora.cl\/antofagasta\/wp-content\/uploads\/sites\/4\/2020\/07\/12-300x151.png\" alt=\"\" width=\"479\" height=\"241\" srcset=\"https:\/\/dev.explora.cl\/antofagasta\/wp-content\/uploads\/sites\/4\/2020\/07\/12-300x151.png 300w, https:\/\/dev.explora.cl\/antofagasta\/wp-content\/uploads\/sites\/4\/2020\/07\/12-768x387.png 768w, https:\/\/dev.explora.cl\/antofagasta\/wp-content\/uploads\/sites\/4\/2020\/07\/12-1024x515.png 1024w, https:\/\/dev.explora.cl\/antofagasta\/wp-content\/uploads\/sites\/4\/2020\/07\/12.png 1917w\" sizes=\"auto, (max-width: 479px) 100vw, 479px\" \/><\/p>\n<h3 style=\"text-align: justify\">\u201cCuando asociamos a las universidades pareciera que todo tiene que ver con estudiantes ya grandes, de educaci\u00f3n superior, pero lo importante es que estemos juntos desde las primeras etapas, en este intento y un esfuerzo que es comunitario, de todos, el de poder seducir, encantar a nuestros ni\u00f1os desde las m\u00e1s tempranas edades, en lo que es su entorno, las ciencias, en c\u00f3mo hacernos coparticipes de los desaf\u00edos que tiene nuestra regi\u00f3n y nuestro pa\u00eds\u201d, fueron parte de las palabras entregadas por la vicerrectora de Investigaci\u00f3n y Desarrollo Tecnol\u00f3gico de la UCN, Mar\u00eda Cecilia Hern\u00e1ndez.<\/h3>\n<p style=\"text-align: justify\">La seremi de Ciencia, Tecnolog\u00eda, Conocimiento e Innovaci\u00f3n de la Macro Zona Norte, Margarita Lay, expres\u00f3: \u201cQueremos fortalecer, y estamos trabajando para ello, la formaci\u00f3n en las ciencias, tecnolog\u00eda y conocimiento en esta etapa preescolar. Todo ello se est\u00e1 haciendo a trav\u00e9s de la Divisi\u00f3n Ciencia y Sociedad, siendo un trabajo dedicado a los ni\u00f1os y las ni\u00f1as, incentivando a resolver sus preguntas de manera l\u00fadica, apoyando la labor educativa, y a la vez, incentivando que desde muy peque\u00f1os puedan explorar el mundo con herramientas del conocimiento aplicadas en la ciencia y la tecnolog\u00eda\u201d.<\/p>\n<p style=\"text-align: justify\">\u201cFelicitarlos por este evento, por comenzar el programa PIPE con una jornada de codise\u00f1o, algo que representa el esp\u00edritu que tenemos en la Divisi\u00f3n Ciencia y Sociedad y en el Programa Explora, que es trabajar en conjunto para definir las mejores estrategias, las m\u00e1s apropiadas, para poder contribuir a la ense\u00f1anza en ciencias. Es s\u00faper importante para nosotros, adem\u00e1s, valorar el trabajo que est\u00e1 haciendo el PAR Explora Antofagasta, con la construcci\u00f3n de la primera plataforma de PIPE, la que van a poder trabajar en talleres <em>online<\/em>, no s\u00f3lo en la Regi\u00f3n de Antofagasta, sino que tambi\u00e9n contribuyendo al resto de los proyectos regionales del pa\u00eds\u201d, fue parte del mensaje que entreg\u00f3 el jefe de la Divisi\u00f3n Ciencia y Sociedad, del Ministerio de Ciencia, Tecnolog\u00eda, Conocimiento e Innovaci\u00f3n, Rodrigo Tapia.<\/p>\n<p style=\"text-align: justify\"><strong>AULAS VIRTUALES<\/strong><\/p>\n<p style=\"text-align: justify\">La actividad virtual incluy\u00f3 la presentaci\u00f3n del Programa de Ciencias y Tecnolog\u00eda para Primeras Edades (PIPE), a cargo de la directora del PAR Explora Antofagasta, para luego dar paso a la exposici\u00f3n de los Lineamientos del Programa Explora.<\/p>\n<p style=\"text-align: justify\">Posterior a ello, a trav\u00e9s de aulas virtuales en Zoom y de manera simult\u00e1nea, se efectu\u00f3 la jornada de codise\u00f1o dirigida a las educadoras y t\u00e9cnicas en educaci\u00f3n parvularia, y educadoras diferenciales, agrupadas por equipos, quienes fueron guiadas por moderadores conformados por los profesionales del equipo PAR Explora Antofagasta.<\/p>\n<p style=\"text-align: justify\">El objetivo de esta actividad fue que las participantes trabajaran en conjunto para dar respuesta a estas tres preguntas: \u00bfc\u00f3mo trabajar el m\u00e9todo indagatorio desde el Dise\u00f1o Universal de Aprendizaje (DUA)?, \u00bfc\u00f3mo trabajar la metodolog\u00eda activa desde el Dise\u00f1o Universal de Aprendizaje (DUA)?, y \u00bfcu\u00e1les son las fortalezas y debilidades en relaci\u00f3n a las Tecnolog\u00edas de Informaci\u00f3n y Comunicaci\u00f3n (TICS) de mi establecimiento para implementar el programa PIPE?<\/p>\n<p style=\"text-align: justify\"><img loading=\"lazy\" decoding=\"async\" class=\" wp-image-40067 alignleft\" src=\"https:\/\/dev.explora.cl\/antofagasta\/wp-content\/uploads\/sites\/4\/2020\/07\/rosa-300x169.png\" alt=\"\" width=\"395\" height=\"223\" srcset=\"https:\/\/dev.explora.cl\/antofagasta\/wp-content\/uploads\/sites\/4\/2020\/07\/rosa-300x169.png 300w, https:\/\/dev.explora.cl\/antofagasta\/wp-content\/uploads\/sites\/4\/2020\/07\/rosa-768x432.png 768w, https:\/\/dev.explora.cl\/antofagasta\/wp-content\/uploads\/sites\/4\/2020\/07\/rosa-1024x576.png 1024w, https:\/\/dev.explora.cl\/antofagasta\/wp-content\/uploads\/sites\/4\/2020\/07\/rosa.png 1920w\" sizes=\"auto, (max-width: 395px) 100vw, 395px\" \/>Terminado el trabajo en las aulas virtuales, en la sala general del evento virtual, las representantes de cada equipo de trabajo presentaron las conclusiones a las que llegaron.<\/p>\n<p style=\"text-align: justify\">\u201cDestacar, que a pesar de todo lo que est\u00e1 pasando, tengamos esta instancia y este nivel de organizaci\u00f3n porque no es menor. La organizaci\u00f3n que se tuvo para esta capacitaci\u00f3n cumpli\u00f3 el objetivo, porque es como cuando una va a capacitarse a la UCN\u201d, opin\u00f3 Roxana Sierralta, del establecimiento Mi Banderita Chilena, de Antofagasta.<\/p>\n<h3 style=\"text-align: justify\">\u201cCreo que la metodolog\u00eda que usaron fue buena, el formar grupos de trabajo y, de una u otra manera, llevarte a pensar de manera r\u00e1pida, generando ideas fuerza de manera r\u00e1pida y activa, adem\u00e1s de compartir con las compa\u00f1eras en los grupos de lo que se est\u00e1 viviendo. Creo que fue muy positivo\u201d, afirm\u00f3 Lady Sotomayor, de la Escuela R\u00f3mulo Pe\u00f1a Maturana, de Antofagasta.<\/h3>\n<p style=\"text-align: justify\">\u201cMe parece fabuloso que podamos participar de estas instancias, porque en el establecimiento donde yo estoy, eran varias las que quer\u00edamos participar (\u2026) Me siento contenta porque yo soy la educadora de apoyo pedag\u00f3gico, y me gusta participar con cosas concretas y de asombro, ya que encuentro que esas actividades a los ni\u00f1os les ilumina la mente\u201d, expres\u00f3 Juana Miranda, de la Escuela de P\u00e1rvulos Gato con Botas, de Calama.<\/p>\n<p style=\"text-align: justify\">Cabe destacar que el Programa de Ciencias y Tecnolog\u00eda para Primeras Edades (PIPE), entre julio y agosto de 2020, incorpora distintas capacitaciones de manera virtual que est\u00e1n dirigidas a las educadoras y t\u00e9cnicas parvularias, as\u00ed como a las educadoras diferenciales.<\/p>\n<p style=\"text-align: justify\">El objetivo del programa PIPE es desarrollar en ni\u00f1os y ni\u00f1as las competencias necesarias para que conozcan y comprendan el mundo que los rodea, a trav\u00e9s de la capacitaci\u00f3n y el desarrollo de diversas metodolog\u00edas de ense\u00f1anza, las cuales contribuyen a despertar el inter\u00e9s por la ciencia y la tecnolog\u00eda desde edades tempranas de crecimiento.<\/p>\n","protected":false},"excerpt":{"rendered":"<p>Educadoras y t\u00e9cnicas en educaci\u00f3n parvularia, as\u00ed como educadoras diferenciales de la Regi\u00f3n de Antofagasta, participaron de la iniciativa del PAR Explora Antofagasta que busca desarrollar en ni\u00f1os y ni\u00f1as las competencias necesarias para que conozcan y comprendan el mundo que los rodea.<\/p>\n","protected":false},"author":19,"featured_media":40060,"comment_status":"open","ping_status":"open","sticky":false,"template":"","format":"standard","meta":{"_acf_changed":false,"_exactmetrics_skip_tracking":false,"_exactmetrics_sitenote_active":false,"_exactmetrics_sitenote_note":"","_exactmetrics_sitenote_category":0,"footnotes":"","_links_to":"","_links_to_target":""},"categories":[140,4],"tags":[195,248,70,107,319,105,324,333,199,211,100,14,283,286,326,287,288,275,76,284],"class_list":["post-40058","post","type-post","status-publish","format-standard","has-post-thumbnail","hentry","category-lugar-5","category-noticias","tag-antofagasta","tag-calama","tag-chile","tag-ciencia","tag-ciencias","tag-educacion","tag-educacion-parvularia","tag-educadores","tag-ice","tag-innovacion","tag-investigacion","tag-investigacion-cientifica-escolar","tag-maria-elena","tag-ollague","tag-proyectos","tag-san-pedro-de-atacama","tag-sierra-gorda","tag-taltal","tag-tecnologia","tag-tocopilla"],"acf":[],"yoast_head":"<!-- This site is optimized with the Yoast SEO plugin v26.7 - https:\/\/yoast.com\/wordpress\/plugins\/seo\/ -->\n<title>M\u00e1s de 100 personas en inauguraci\u00f3n virtual del Programa de Ciencias y Tecnolog\u00eda para Primeras Edades (PIPE) - Antofagasta<\/title>\n<meta name=\"robots\" content=\"index, follow, max-snippet:-1, max-image-preview:large, max-video-preview:-1\" \/>\n<link rel=\"canonical\" href=\"https:\/\/dev.explora.cl\/antofagasta\/mas-de-100-personas-en-inauguracion-virtual-pipe\/\" class=\"yoast-seo-meta-tag\" \/>\n<meta property=\"og:locale\" content=\"es_ES\" class=\"yoast-seo-meta-tag\" \/>\n<meta property=\"og:type\" content=\"article\" class=\"yoast-seo-meta-tag\" \/>\n<meta property=\"og:title\" content=\"M\u00e1s de 100 personas en inauguraci\u00f3n virtual del Programa de Ciencias y Tecnolog\u00eda para Primeras Edades (PIPE) - Antofagasta\" class=\"yoast-seo-meta-tag\" \/>\n<meta property=\"og:description\" content=\"Educadoras y t\u00e9cnicas en educaci\u00f3n parvularia, as\u00ed como educadoras diferenciales de la Regi\u00f3n de Antofagasta, participaron de la iniciativa del PAR Explora Antofagasta que busca desarrollar en ni\u00f1os y ni\u00f1as las competencias necesarias para que conozcan y comprendan el mundo que los rodea.\" class=\"yoast-seo-meta-tag\" \/>\n<meta property=\"og:url\" content=\"https:\/\/dev.explora.cl\/antofagasta\/mas-de-100-personas-en-inauguracion-virtual-pipe\/\" class=\"yoast-seo-meta-tag\" \/>\n<meta property=\"og:site_name\" content=\"Antofagasta\" class=\"yoast-seo-meta-tag\" \/>\n<meta property=\"article:published_time\" content=\"2020-07-09T22:15:42+00:00\" class=\"yoast-seo-meta-tag\" \/>\n<meta property=\"article:modified_time\" content=\"2020-07-11T03:04:26+00:00\" class=\"yoast-seo-meta-tag\" \/>\n<meta property=\"og:image\" content=\"https:\/\/dev.explora.cl\/antofagasta\/wp-content\/uploads\/sites\/4\/2020\/07\/foto1-1024x581.png\" class=\"yoast-seo-meta-tag\" \/>\n\t<meta property=\"og:image:width\" content=\"1024\" class=\"yoast-seo-meta-tag\" \/>\n\t<meta property=\"og:image:height\" content=\"581\" class=\"yoast-seo-meta-tag\" \/>\n\t<meta property=\"og:image:type\" content=\"image\/png\" class=\"yoast-seo-meta-tag\" \/>\n<meta name=\"author\" content=\"cgomez\" class=\"yoast-seo-meta-tag\" \/>\n<meta name=\"twitter:card\" content=\"summary_large_image\" class=\"yoast-seo-meta-tag\" \/>\n<meta name=\"twitter:label1\" content=\"Escrito por\" class=\"yoast-seo-meta-tag\" \/>\n\t<meta name=\"twitter:data1\" content=\"cgomez\" class=\"yoast-seo-meta-tag\" \/>\n\t<meta name=\"twitter:label2\" content=\"Tiempo estimado de lectura\" class=\"yoast-seo-meta-tag\" \/>\n\t<meta name=\"twitter:data2\" content=\"6 minutos\" class=\"yoast-seo-meta-tag\" \/>\n<script type=\"application\/ld+json\" class=\"yoast-schema-graph\">{\"@context\":\"https:\/\/schema.org\",\"@graph\":[{\"@type\":\"Article\",\"@id\":\"https:\/\/dev.explora.cl\/antofagasta\/mas-de-100-personas-en-inauguracion-virtual-pipe\/#article\",\"isPartOf\":{\"@id\":\"https:\/\/dev.explora.cl\/antofagasta\/mas-de-100-personas-en-inauguracion-virtual-pipe\/\"},\"author\":{\"name\":\"cgomez\",\"@id\":\"https:\/\/dev.explora.cl\/antofagasta\/#\/schema\/person\/71eda950cf8b3d75ad6c50a4d2179bcd\"},\"headline\":\"M\u00e1s de 100 personas en inauguraci\u00f3n virtual del Programa de Ciencias y Tecnolog\u00eda para Primeras Edades (PIPE)\",\"datePublished\":\"2020-07-09T22:15:42+00:00\",\"dateModified\":\"2020-07-11T03:04:26+00:00\",\"mainEntityOfPage\":{\"@id\":\"https:\/\/dev.explora.cl\/antofagasta\/mas-de-100-personas-en-inauguracion-virtual-pipe\/\"},\"wordCount\":1131,\"commentCount\":0,\"image\":{\"@id\":\"https:\/\/dev.explora.cl\/antofagasta\/mas-de-100-personas-en-inauguracion-virtual-pipe\/#primaryimage\"},\"thumbnailUrl\":\"https:\/\/dev.explora.cl\/antofagasta\/wp-content\/uploads\/sites\/4\/2020\/07\/foto1.png\",\"keywords\":[\"Antofagasta\",\"Calama\",\"Chile\",\"ciencia\",\"Ciencias\",\"educaci\u00f3n\",\"Educaci\u00f3n Parvularia\",\"Educadores\",\"ICE\",\"Innovaci\u00f3n\",\"investigaci\u00f3n\",\"investigaci\u00f3n cient\u00edfica escolar\",\"Maria Elena\",\"Ollag\u00fce\",\"proyectos\",\"San Pedro de Atacama\",\"Sierra Gorda\",\"Taltal\",\"tecnolog\u00eda\",\"Tocopilla\"],\"articleSection\":[\"Lugar 5\",\"Noticias\"],\"inLanguage\":\"es-CL\",\"potentialAction\":[{\"@type\":\"CommentAction\",\"name\":\"Comment\",\"target\":[\"https:\/\/dev.explora.cl\/antofagasta\/mas-de-100-personas-en-inauguracion-virtual-pipe\/#respond\"]}]},{\"@type\":\"WebPage\",\"@id\":\"https:\/\/dev.explora.cl\/antofagasta\/mas-de-100-personas-en-inauguracion-virtual-pipe\/\",\"url\":\"https:\/\/dev.explora.cl\/antofagasta\/mas-de-100-personas-en-inauguracion-virtual-pipe\/\",\"name\":\"M\u00e1s de 100 personas en inauguraci\u00f3n virtual del Programa de Ciencias y Tecnolog\u00eda para Primeras Edades (PIPE) - Antofagasta\",\"isPartOf\":{\"@id\":\"https:\/\/dev.explora.cl\/antofagasta\/#website\"},\"primaryImageOfPage\":{\"@id\":\"https:\/\/dev.explora.cl\/antofagasta\/mas-de-100-personas-en-inauguracion-virtual-pipe\/#primaryimage\"},\"image\":{\"@id\":\"https:\/\/dev.explora.cl\/antofagasta\/mas-de-100-personas-en-inauguracion-virtual-pipe\/#primaryimage\"},\"thumbnailUrl\":\"https:\/\/dev.explora.cl\/antofagasta\/wp-content\/uploads\/sites\/4\/2020\/07\/foto1.png\",\"datePublished\":\"2020-07-09T22:15:42+00:00\",\"dateModified\":\"2020-07-11T03:04:26+00:00\",\"author\":{\"@id\":\"https:\/\/dev.explora.cl\/antofagasta\/#\/schema\/person\/71eda950cf8b3d75ad6c50a4d2179bcd\"},\"breadcrumb\":{\"@id\":\"https:\/\/dev.explora.cl\/antofagasta\/mas-de-100-personas-en-inauguracion-virtual-pipe\/#breadcrumb\"},\"inLanguage\":\"es-CL\",\"potentialAction\":[{\"@type\":\"ReadAction\",\"target\":[\"https:\/\/dev.explora.cl\/antofagasta\/mas-de-100-personas-en-inauguracion-virtual-pipe\/\"]}]},{\"@type\":\"ImageObject\",\"inLanguage\":\"es-CL\",\"@id\":\"https:\/\/dev.explora.cl\/antofagasta\/mas-de-100-personas-en-inauguracion-virtual-pipe\/#primaryimage\",\"url\":\"https:\/\/dev.explora.cl\/antofagasta\/wp-content\/uploads\/sites\/4\/2020\/07\/foto1.png\",\"contentUrl\":\"https:\/\/dev.explora.cl\/antofagasta\/wp-content\/uploads\/sites\/4\/2020\/07\/foto1.png\",\"width\":1605,\"height\":911},{\"@type\":\"BreadcrumbList\",\"@id\":\"https:\/\/dev.explora.cl\/antofagasta\/mas-de-100-personas-en-inauguracion-virtual-pipe\/#breadcrumb\",\"itemListElement\":[{\"@type\":\"ListItem\",\"position\":1,\"name\":\"Portada\",\"item\":\"https:\/\/dev.explora.cl\/antofagasta\/\"},{\"@type\":\"ListItem\",\"position\":2,\"name\":\"M\u00e1s de 100 personas en inauguraci\u00f3n virtual del Programa de Ciencias y Tecnolog\u00eda para Primeras Edades (PIPE)\"}]},{\"@type\":\"WebSite\",\"@id\":\"https:\/\/dev.explora.cl\/antofagasta\/#website\",\"url\":\"https:\/\/dev.explora.cl\/antofagasta\/\",\"name\":\"Antofagasta\",\"description\":\"Otro sitio m\u00e1s de dev.explora.cl\",\"potentialAction\":[{\"@type\":\"SearchAction\",\"target\":{\"@type\":\"EntryPoint\",\"urlTemplate\":\"https:\/\/dev.explora.cl\/antofagasta\/?s={search_term_string}\"},\"query-input\":{\"@type\":\"PropertyValueSpecification\",\"valueRequired\":true,\"valueName\":\"search_term_string\"}}],\"inLanguage\":\"es-CL\"},{\"@type\":\"Person\",\"@id\":\"https:\/\/dev.explora.cl\/antofagasta\/#\/schema\/person\/71eda950cf8b3d75ad6c50a4d2179bcd\",\"name\":\"cgomez\",\"image\":{\"@type\":\"ImageObject\",\"inLanguage\":\"es-CL\",\"@id\":\"https:\/\/dev.explora.cl\/antofagasta\/#\/schema\/person\/image\/\",\"url\":\"https:\/\/secure.gravatar.com\/avatar\/0c1e119225e98dd5c5a5a0d26c2bd2448642e86ce4fece294b57037090af5dd6?s=96&d=mm&r=g\",\"contentUrl\":\"https:\/\/secure.gravatar.com\/avatar\/0c1e119225e98dd5c5a5a0d26c2bd2448642e86ce4fece294b57037090af5dd6?s=96&d=mm&r=g\",\"caption\":\"cgomez\"},\"url\":\"https:\/\/dev.explora.cl\/antofagasta\/author\/cgomez\/\"}]}<\/script>\n<!-- \/ Yoast SEO plugin. -->","yoast_head_json":{"title":"M\u00e1s de 100 personas en inauguraci\u00f3n virtual del Programa de Ciencias y Tecnolog\u00eda para Primeras Edades (PIPE) - Antofagasta","robots":{"index":"index","follow":"follow","max-snippet":"max-snippet:-1","max-image-preview":"max-image-preview:large","max-video-preview":"max-video-preview:-1"},"canonical":"https:\/\/dev.explora.cl\/antofagasta\/mas-de-100-personas-en-inauguracion-virtual-pipe\/","og_locale":"es_ES","og_type":"article","og_title":"M\u00e1s de 100 personas en inauguraci\u00f3n virtual del Programa de Ciencias y Tecnolog\u00eda para Primeras Edades (PIPE) - Antofagasta","og_description":"Educadoras y t\u00e9cnicas en educaci\u00f3n parvularia, as\u00ed como educadoras diferenciales de la Regi\u00f3n de Antofagasta, participaron de la iniciativa del PAR Explora Antofagasta que busca desarrollar en ni\u00f1os y ni\u00f1as las competencias necesarias para que conozcan y comprendan el mundo que los rodea.","og_url":"https:\/\/dev.explora.cl\/antofagasta\/mas-de-100-personas-en-inauguracion-virtual-pipe\/","og_site_name":"Antofagasta","article_published_time":"2020-07-09T22:15:42+00:00","article_modified_time":"2020-07-11T03:04:26+00:00","og_image":[{"width":1024,"height":581,"url":"https:\/\/dev.explora.cl\/antofagasta\/wp-content\/uploads\/sites\/4\/2020\/07\/foto1-1024x581.png","type":"image\/png"}],"author":"cgomez","twitter_card":"summary_large_image","twitter_misc":{"Escrito por":"cgomez","Tiempo estimado de lectura":"6 minutos"},"schema":{"@context":"https:\/\/schema.org","@graph":[{"@type":"Article","@id":"https:\/\/dev.explora.cl\/antofagasta\/mas-de-100-personas-en-inauguracion-virtual-pipe\/#article","isPartOf":{"@id":"https:\/\/dev.explora.cl\/antofagasta\/mas-de-100-personas-en-inauguracion-virtual-pipe\/"},"author":{"name":"cgomez","@id":"https:\/\/dev.explora.cl\/antofagasta\/#\/schema\/person\/71eda950cf8b3d75ad6c50a4d2179bcd"},"headline":"M\u00e1s de 100 personas en inauguraci\u00f3n virtual del Programa de Ciencias y Tecnolog\u00eda para Primeras Edades (PIPE)","datePublished":"2020-07-09T22:15:42+00:00","dateModified":"2020-07-11T03:04:26+00:00","mainEntityOfPage":{"@id":"https:\/\/dev.explora.cl\/antofagasta\/mas-de-100-personas-en-inauguracion-virtual-pipe\/"},"wordCount":1131,"commentCount":0,"image":{"@id":"https:\/\/dev.explora.cl\/antofagasta\/mas-de-100-personas-en-inauguracion-virtual-pipe\/#primaryimage"},"thumbnailUrl":"https:\/\/dev.explora.cl\/antofagasta\/wp-content\/uploads\/sites\/4\/2020\/07\/foto1.png","keywords":["Antofagasta","Calama","Chile","ciencia","Ciencias","educaci\u00f3n","Educaci\u00f3n Parvularia","Educadores","ICE","Innovaci\u00f3n","investigaci\u00f3n","investigaci\u00f3n cient\u00edfica escolar","Maria Elena","Ollag\u00fce","proyectos","San Pedro de Atacama","Sierra Gorda","Taltal","tecnolog\u00eda","Tocopilla"],"articleSection":["Lugar 5","Noticias"],"inLanguage":"es-CL","potentialAction":[{"@type":"CommentAction","name":"Comment","target":["https:\/\/dev.explora.cl\/antofagasta\/mas-de-100-personas-en-inauguracion-virtual-pipe\/#respond"]}]},{"@type":"WebPage","@id":"https:\/\/dev.explora.cl\/antofagasta\/mas-de-100-personas-en-inauguracion-virtual-pipe\/","url":"https:\/\/dev.explora.cl\/antofagasta\/mas-de-100-personas-en-inauguracion-virtual-pipe\/","name":"M\u00e1s de 100 personas en inauguraci\u00f3n virtual del Programa de Ciencias y Tecnolog\u00eda para Primeras Edades (PIPE) - Antofagasta","isPartOf":{"@id":"https:\/\/dev.explora.cl\/antofagasta\/#website"},"primaryImageOfPage":{"@id":"https:\/\/dev.explora.cl\/antofagasta\/mas-de-100-personas-en-inauguracion-virtual-pipe\/#primaryimage"},"image":{"@id":"https:\/\/dev.explora.cl\/antofagasta\/mas-de-100-personas-en-inauguracion-virtual-pipe\/#primaryimage"},"thumbnailUrl":"https:\/\/dev.explora.cl\/antofagasta\/wp-content\/uploads\/sites\/4\/2020\/07\/foto1.png","datePublished":"2020-07-09T22:15:42+00:00","dateModified":"2020-07-11T03:04:26+00:00","author":{"@id":"https:\/\/dev.explora.cl\/antofagasta\/#\/schema\/person\/71eda950cf8b3d75ad6c50a4d2179bcd"},"breadcrumb":{"@id":"https:\/\/dev.explora.cl\/antofagasta\/mas-de-100-personas-en-inauguracion-virtual-pipe\/#breadcrumb"},"inLanguage":"es-CL","potentialAction":[{"@type":"ReadAction","target":["https:\/\/dev.explora.cl\/antofagasta\/mas-de-100-personas-en-inauguracion-virtual-pipe\/"]}]},{"@type":"ImageObject","inLanguage":"es-CL","@id":"https:\/\/dev.explora.cl\/antofagasta\/mas-de-100-personas-en-inauguracion-virtual-pipe\/#primaryimage","url":"https:\/\/dev.explora.cl\/antofagasta\/wp-content\/uploads\/sites\/4\/2020\/07\/foto1.png","contentUrl":"https:\/\/dev.explora.cl\/antofagasta\/wp-content\/uploads\/sites\/4\/2020\/07\/foto1.png","width":1605,"height":911},{"@type":"BreadcrumbList","@id":"https:\/\/dev.explora.cl\/antofagasta\/mas-de-100-personas-en-inauguracion-virtual-pipe\/#breadcrumb","itemListElement":[{"@type":"ListItem","position":1,"name":"Portada","item":"https:\/\/dev.explora.cl\/antofagasta\/"},{"@type":"ListItem","position":2,"name":"M\u00e1s de 100 personas en inauguraci\u00f3n virtual del Programa de Ciencias y Tecnolog\u00eda para Primeras Edades (PIPE)"}]},{"@type":"WebSite","@id":"https:\/\/dev.explora.cl\/antofagasta\/#website","url":"https:\/\/dev.explora.cl\/antofagasta\/","name":"Antofagasta","description":"Otro sitio m\u00e1s de dev.explora.cl","potentialAction":[{"@type":"SearchAction","target":{"@type":"EntryPoint","urlTemplate":"https:\/\/dev.explora.cl\/antofagasta\/?s={search_term_string}"},"query-input":{"@type":"PropertyValueSpecification","valueRequired":true,"valueName":"search_term_string"}}],"inLanguage":"es-CL"},{"@type":"Person","@id":"https:\/\/dev.explora.cl\/antofagasta\/#\/schema\/person\/71eda950cf8b3d75ad6c50a4d2179bcd","name":"cgomez","image":{"@type":"ImageObject","inLanguage":"es-CL","@id":"https:\/\/dev.explora.cl\/antofagasta\/#\/schema\/person\/image\/","url":"https:\/\/secure.gravatar.com\/avatar\/0c1e119225e98dd5c5a5a0d26c2bd2448642e86ce4fece294b57037090af5dd6?s=96&d=mm&r=g","contentUrl":"https:\/\/secure.gravatar.com\/avatar\/0c1e119225e98dd5c5a5a0d26c2bd2448642e86ce4fece294b57037090af5dd6?s=96&d=mm&r=g","caption":"cgomez"},"url":"https:\/\/dev.explora.cl\/antofagasta\/author\/cgomez\/"}]}},"_links":{"self":[{"href":"https:\/\/dev.explora.cl\/antofagasta\/wp-json\/wp\/v2\/posts\/40058","targetHints":{"allow":["GET"]}}],"collection":[{"href":"https:\/\/dev.explora.cl\/antofagasta\/wp-json\/wp\/v2\/posts"}],"about":[{"href":"https:\/\/dev.explora.cl\/antofagasta\/wp-json\/wp\/v2\/types\/post"}],"author":[{"embeddable":true,"href":"https:\/\/dev.explora.cl\/antofagasta\/wp-json\/wp\/v2\/users\/19"}],"replies":[{"embeddable":true,"href":"https:\/\/dev.explora.cl\/antofagasta\/wp-json\/wp\/v2\/comments?post=40058"}],"version-history":[{"count":10,"href":"https:\/\/dev.explora.cl\/antofagasta\/wp-json\/wp\/v2\/posts\/40058\/revisions"}],"predecessor-version":[{"id":40076,"href":"https:\/\/dev.explora.cl\/antofagasta\/wp-json\/wp\/v2\/posts\/40058\/revisions\/40076"}],"wp:featuredmedia":[{"embeddable":true,"href":"https:\/\/dev.explora.cl\/antofagasta\/wp-json\/wp\/v2\/media\/40060"}],"wp:attachment":[{"href":"https:\/\/dev.explora.cl\/antofagasta\/wp-json\/wp\/v2\/media?parent=40058"}],"wp:term":[{"taxonomy":"category","embeddable":true,"href":"https:\/\/dev.explora.cl\/antofagasta\/wp-json\/wp\/v2\/categories?post=40058"},{"taxonomy":"post_tag","embeddable":true,"href":"https:\/\/dev.explora.cl\/antofagasta\/wp-json\/wp\/v2\/tags?post=40058"}],"curies":[{"name":"wp","href":"https:\/\/api.w.org\/{rel}","templated":true}]}}