{"id":40043,"date":"2020-07-07T20:57:59","date_gmt":"2020-07-08T00:57:59","guid":{"rendered":"https:\/\/dev.explora.cl\/antofagasta\/?p=40043"},"modified":"2020-07-09T18:24:08","modified_gmt":"2020-07-09T22:24:08","slug":"charla-en-vivo-abordara-las-conexiones-que-tienen-chile-y-el-mundo-con-la-antartica","status":"publish","type":"post","link":"https:\/\/dev.explora.cl\/antofagasta\/charla-en-vivo-abordara-las-conexiones-que-tienen-chile-y-el-mundo-con-la-antartica\/","title":{"rendered":"Charla en vivo abordar\u00e1 las conexiones que tienen Chile y el mundo con la Ant\u00e1rtica"},"content":{"rendered":"<h3 style=\"text-align: justify\"><em>\u201cGlaciolog\u00eda y climatolog\u00eda: \u00bfqu\u00e9 dice la ciencia ant\u00e1rtica?\u201d es el nombre de la conferencia virtual que dictar\u00e1 el Dr. Ricardo Ja\u00f1a, glaci\u00f3logo e investigador del Departamento Cient\u00edfico del Instituto Ant\u00e1rtico Chileno (INACH).<\/em><\/h3>\n<p style=\"text-align: justify\">Conocer los conceptos b\u00e1sicos del estudio de la cri\u00f3sfera -agua en estado s\u00f3lido en la Tierra-, especialmente en la din\u00e1mica de hielo glaciar; entender de primera fuente las preguntas de investigaci\u00f3n y la metodolog\u00eda en este tipo de estudios; y abordar las diversas conexiones que tienen Chile y el planeta con la Ant\u00e1rtica, es lo que permitir\u00e1 una nueva charla en vivo organizada por el PAR Explora Antofagasta, del Ministerio de Ciencia, Tecnolog\u00eda, Conocimiento e Innovaci\u00f3n, ejecutado por la <a href=\"http:\/\/www.ucn.cl\">Universidad Cat\u00f3lica del Norte (UCN).<\/a><\/p>\n<p style=\"text-align: justify\">Esta charla virtual, que se desarrolla en el marco de la iniciativa Ciencia Abierta del PAR Explora Antofagasta, lleva por t\u00edtulo \u201cGlaciolog\u00eda y climatolog\u00eda: \u00bfqu\u00e9 dice la ciencia ant\u00e1rtica?\u201d y ser\u00e1 dictada por el Dr. Ricardo Ja\u00f1a, glaci\u00f3logo e investigador del Departamento Cient\u00edfico del Instituto <a href=\"https:\/\/www.inach.cl\/inach\/\">Ant\u00e1rtico Chileno (INACH)<\/a>, quien estar\u00e1 en directo desde la Estaci\u00f3n Ant\u00e1rtica Virtual de ese organismo.<\/p>\n<p style=\"text-align: justify\">La conferencia online se realizar\u00e1 el pr\u00f3ximo jueves 9 de julio, a las 16:00 horas (Chile continental) y a las 17:00 horas (Regi\u00f3n de Magallanes y Ant\u00e1rtica Chilena), siendo una actividad abierta a toda la comunidad y que ser\u00e1 transmitida a trav\u00e9s de la p\u00e1gina de Facebook del PAR Explora Antofagasta.<\/p>\n<figure id=\"attachment_40045\" aria-describedby=\"caption-attachment-40045\" style=\"width: 424px\" class=\"wp-caption alignleft\"><img loading=\"lazy\" decoding=\"async\" class=\"wp-image-40045\" src=\"https:\/\/dev.explora.cl\/antofagasta\/wp-content\/uploads\/sites\/4\/2020\/07\/Ja\u00f1a-300x168.jpg\" alt=\"\" width=\"424\" height=\"255\" \/><figcaption id=\"caption-attachment-40045\" class=\"wp-caption-text\">Dr. Ricardo Ja\u00f1a, glaci\u00f3logo e investigador del Departamento Cient\u00edfico del Instituto Ant\u00e1rtico Chileno (INACH)<\/figcaption><\/figure>\n<p style=\"text-align: justify\"><strong>IMPORTANCIA DE LA ANT\u00c1RTICA <\/strong><\/p>\n<h3 style=\"text-align: justify\">Respecto a la relaci\u00f3n de la Ant\u00e1rtica con la Regi\u00f3n de Antofagasta y el norte del pa\u00eds, as\u00ed como la importancia de acceder a este tipo de conocimientos, la jefa del Departamento de Comunicaciones y Educaci\u00f3n de INACH, Paulina Rojas, explic\u00f3 que para cualquier ciudadano o ciudadana es de mucha relevancia conocer \u201cla importancia de la Ant\u00e1rtica como regulador del clima planetario\u201d.<\/h3>\n<p style=\"text-align: justify\">\u201cSi ponemos atenci\u00f3n a lo que la ciencia reporta, por ejemplo, que el mes de junio de 2020, se present\u00f3 como el m\u00e1s lluvioso de los \u00faltimos 15 a\u00f1os en la zona central del pa\u00eds, seg\u00fan estad\u00edsticas de la Direcci\u00f3n Meteorol\u00f3gica de Chile (DMC) y al mismo tiempo fue la temporada m\u00e1s \u2018estable\u2019 al norte de la pen\u00ednsula Ant\u00e1rtica. \u00bfSe comienza a vislumbrar la directa relaci\u00f3n? Hay otro ejemplo reciente: en marzo de 2015, en las islas Shetland del Sur, hubo un alza de temperatura que lleg\u00f3 hasta los 17,5 \u00b0C, la m\u00e1s alta medida en Territorio Chileno Ant\u00e1rtico. Cuatro d\u00edas despu\u00e9s se dio una cat\u00e1strofe por las lluvias en Copiap\u00f3 y Vallenar, con p\u00e9rdidas de vidas y cientos de millones en p\u00e9rdidas materiales. Llovi\u00f3 en un d\u00eda lo que llov\u00eda normalmente en 24 a\u00f1os. La evidencia cient\u00edfica, va revelando lo estrecho de estas vinculaciones, y por ello invitamos a todos a conocer un poco m\u00e1s de los esfuerzos pa\u00eds por m\u00e1s y mejor ciencia en el Continente Blanco\u201d, manifest\u00f3.<\/p>\n<p style=\"text-align: justify\">Para conocer las actividades virtuales que desarrolla el PAR Explora Antofagasta, se debe ingresar a las plataformas digitales: PAR Explora Antofagasta (Facebook), parexplora_antofagasta (Instagram), PAR Antofagasta (Twitter), PAR Explora Antofagasta (Youtube) y <a href=\"https:\/\/dev.explora.cl\/antofagasta\">dev.explora.cl\/antofagasta<\/a> (sitio web).<\/p>\n","protected":false},"excerpt":{"rendered":"<p>\u201cGlaciolog\u00eda y climatolog\u00eda: \u00bfqu\u00e9 dice la ciencia ant\u00e1rtica?\u201d es el nombre de la conferencia virtual que dictar\u00e1 el Dr. Ricardo Ja\u00f1a, glaci\u00f3logo e investigador del Departamento Cient\u00edfico del Instituto Ant\u00e1rtico Chileno (INACH).<\/p>\n","protected":false},"author":19,"featured_media":40044,"comment_status":"open","ping_status":"open","sticky":false,"template":"","format":"standard","meta":{"_acf_changed":false,"_exactmetrics_skip_tracking":false,"_exactmetrics_sitenote_active":false,"_exactmetrics_sitenote_note":"","_exactmetrics_sitenote_category":0,"footnotes":"","_links_to":"","_links_to_target":""},"categories":[142,4],"tags":[172,195,248,70,107,331,306,330,283,285,286,287,288,275,284],"class_list":["post-40043","post","type-post","status-publish","format-standard","has-post-thumbnail","hentry","category-lugar-7","category-noticias","tag-antartica","tag-antofagasta","tag-calama","tag-chile","tag-ciencia","tag-climatologia","tag-el-loa","tag-glaciologia","tag-maria-elena","tag-mejillones","tag-ollague","tag-san-pedro-de-atacama","tag-sierra-gorda","tag-taltal","tag-tocopilla"],"acf":[],"yoast_head":"<!-- This site is optimized with the Yoast SEO plugin v26.7 - https:\/\/yoast.com\/wordpress\/plugins\/seo\/ -->\n<title>Charla en vivo abordar\u00e1 las conexiones que tienen Chile y el mundo con la Ant\u00e1rtica - Antofagasta<\/title>\n<meta name=\"robots\" content=\"index, follow, max-snippet:-1, max-image-preview:large, max-video-preview:-1\" \/>\n<link rel=\"canonical\" href=\"https:\/\/dev.explora.cl\/antofagasta\/charla-en-vivo-abordara-las-conexiones-que-tienen-chile-y-el-mundo-con-la-antartica\/\" class=\"yoast-seo-meta-tag\" \/>\n<meta property=\"og:locale\" content=\"es_ES\" class=\"yoast-seo-meta-tag\" \/>\n<meta property=\"og:type\" content=\"article\" class=\"yoast-seo-meta-tag\" \/>\n<meta property=\"og:title\" content=\"Charla en vivo abordar\u00e1 las conexiones que tienen Chile y el mundo con la Ant\u00e1rtica - Antofagasta\" class=\"yoast-seo-meta-tag\" \/>\n<meta property=\"og:description\" content=\"\u201cGlaciolog\u00eda y climatolog\u00eda: \u00bfqu\u00e9 dice la ciencia ant\u00e1rtica?\u201d es el nombre de la conferencia virtual que dictar\u00e1 el Dr. Ricardo Ja\u00f1a, glaci\u00f3logo e investigador del Departamento Cient\u00edfico del Instituto Ant\u00e1rtico Chileno (INACH).\" class=\"yoast-seo-meta-tag\" \/>\n<meta property=\"og:url\" content=\"https:\/\/dev.explora.cl\/antofagasta\/charla-en-vivo-abordara-las-conexiones-que-tienen-chile-y-el-mundo-con-la-antartica\/\" class=\"yoast-seo-meta-tag\" \/>\n<meta property=\"og:site_name\" content=\"Antofagasta\" class=\"yoast-seo-meta-tag\" \/>\n<meta property=\"article:published_time\" content=\"2020-07-08T00:57:59+00:00\" class=\"yoast-seo-meta-tag\" \/>\n<meta property=\"article:modified_time\" content=\"2020-07-09T22:24:08+00:00\" class=\"yoast-seo-meta-tag\" \/>\n<meta property=\"og:image\" content=\"https:\/\/dev.explora.cl\/antofagasta\/wp-content\/uploads\/sites\/4\/2020\/07\/Ricardo-Jan\u0303a-Foto-Felipe-Trueba-3.jpg\" class=\"yoast-seo-meta-tag\" \/>\n\t<meta property=\"og:image:width\" content=\"800\" class=\"yoast-seo-meta-tag\" \/>\n\t<meta property=\"og:image:height\" content=\"516\" class=\"yoast-seo-meta-tag\" \/>\n\t<meta property=\"og:image:type\" content=\"image\/jpeg\" class=\"yoast-seo-meta-tag\" \/>\n<meta name=\"author\" content=\"cgomez\" class=\"yoast-seo-meta-tag\" \/>\n<meta name=\"twitter:card\" content=\"summary_large_image\" class=\"yoast-seo-meta-tag\" \/>\n<meta name=\"twitter:label1\" content=\"Escrito por\" class=\"yoast-seo-meta-tag\" \/>\n\t<meta name=\"twitter:data1\" content=\"cgomez\" class=\"yoast-seo-meta-tag\" \/>\n\t<meta name=\"twitter:label2\" content=\"Tiempo estimado de lectura\" class=\"yoast-seo-meta-tag\" \/>\n\t<meta name=\"twitter:data2\" content=\"3 minutos\" class=\"yoast-seo-meta-tag\" \/>\n<script type=\"application\/ld+json\" class=\"yoast-schema-graph\">{\"@context\":\"https:\/\/schema.org\",\"@graph\":[{\"@type\":\"Article\",\"@id\":\"https:\/\/dev.explora.cl\/antofagasta\/charla-en-vivo-abordara-las-conexiones-que-tienen-chile-y-el-mundo-con-la-antartica\/#article\",\"isPartOf\":{\"@id\":\"https:\/\/dev.explora.cl\/antofagasta\/charla-en-vivo-abordara-las-conexiones-que-tienen-chile-y-el-mundo-con-la-antartica\/\"},\"author\":{\"name\":\"cgomez\",\"@id\":\"https:\/\/dev.explora.cl\/antofagasta\/#\/schema\/person\/71eda950cf8b3d75ad6c50a4d2179bcd\"},\"headline\":\"Charla en vivo abordar\u00e1 las conexiones que tienen Chile y el mundo con la Ant\u00e1rtica\",\"datePublished\":\"2020-07-08T00:57:59+00:00\",\"dateModified\":\"2020-07-09T22:24:08+00:00\",\"mainEntityOfPage\":{\"@id\":\"https:\/\/dev.explora.cl\/antofagasta\/charla-en-vivo-abordara-las-conexiones-que-tienen-chile-y-el-mundo-con-la-antartica\/\"},\"wordCount\":600,\"commentCount\":0,\"image\":{\"@id\":\"https:\/\/dev.explora.cl\/antofagasta\/charla-en-vivo-abordara-las-conexiones-que-tienen-chile-y-el-mundo-con-la-antartica\/#primaryimage\"},\"thumbnailUrl\":\"https:\/\/dev.explora.cl\/antofagasta\/wp-content\/uploads\/sites\/4\/2020\/07\/Ricardo-Jan\u0303a-Foto-Felipe-Trueba-3.jpg\",\"keywords\":[\"Antartica\",\"Antofagasta\",\"Calama\",\"Chile\",\"ciencia\",\"climatolog\u00eda\",\"El Loa\",\"glaciologia\",\"Maria Elena\",\"Mejillones\",\"Ollag\u00fce\",\"San Pedro de Atacama\",\"Sierra Gorda\",\"Taltal\",\"Tocopilla\"],\"articleSection\":[\"Lugar 7\",\"Noticias\"],\"inLanguage\":\"es-CL\",\"potentialAction\":[{\"@type\":\"CommentAction\",\"name\":\"Comment\",\"target\":[\"https:\/\/dev.explora.cl\/antofagasta\/charla-en-vivo-abordara-las-conexiones-que-tienen-chile-y-el-mundo-con-la-antartica\/#respond\"]}]},{\"@type\":\"WebPage\",\"@id\":\"https:\/\/dev.explora.cl\/antofagasta\/charla-en-vivo-abordara-las-conexiones-que-tienen-chile-y-el-mundo-con-la-antartica\/\",\"url\":\"https:\/\/dev.explora.cl\/antofagasta\/charla-en-vivo-abordara-las-conexiones-que-tienen-chile-y-el-mundo-con-la-antartica\/\",\"name\":\"Charla en vivo abordar\u00e1 las conexiones que tienen Chile y el mundo con la Ant\u00e1rtica - Antofagasta\",\"isPartOf\":{\"@id\":\"https:\/\/dev.explora.cl\/antofagasta\/#website\"},\"primaryImageOfPage\":{\"@id\":\"https:\/\/dev.explora.cl\/antofagasta\/charla-en-vivo-abordara-las-conexiones-que-tienen-chile-y-el-mundo-con-la-antartica\/#primaryimage\"},\"image\":{\"@id\":\"https:\/\/dev.explora.cl\/antofagasta\/charla-en-vivo-abordara-las-conexiones-que-tienen-chile-y-el-mundo-con-la-antartica\/#primaryimage\"},\"thumbnailUrl\":\"https:\/\/dev.explora.cl\/antofagasta\/wp-content\/uploads\/sites\/4\/2020\/07\/Ricardo-Jan\u0303a-Foto-Felipe-Trueba-3.jpg\",\"datePublished\":\"2020-07-08T00:57:59+00:00\",\"dateModified\":\"2020-07-09T22:24:08+00:00\",\"author\":{\"@id\":\"https:\/\/dev.explora.cl\/antofagasta\/#\/schema\/person\/71eda950cf8b3d75ad6c50a4d2179bcd\"},\"breadcrumb\":{\"@id\":\"https:\/\/dev.explora.cl\/antofagasta\/charla-en-vivo-abordara-las-conexiones-que-tienen-chile-y-el-mundo-con-la-antartica\/#breadcrumb\"},\"inLanguage\":\"es-CL\",\"potentialAction\":[{\"@type\":\"ReadAction\",\"target\":[\"https:\/\/dev.explora.cl\/antofagasta\/charla-en-vivo-abordara-las-conexiones-que-tienen-chile-y-el-mundo-con-la-antartica\/\"]}]},{\"@type\":\"ImageObject\",\"inLanguage\":\"es-CL\",\"@id\":\"https:\/\/dev.explora.cl\/antofagasta\/charla-en-vivo-abordara-las-conexiones-que-tienen-chile-y-el-mundo-con-la-antartica\/#primaryimage\",\"url\":\"https:\/\/dev.explora.cl\/antofagasta\/wp-content\/uploads\/sites\/4\/2020\/07\/Ricardo-Jan\u0303a-Foto-Felipe-Trueba-3.jpg\",\"contentUrl\":\"https:\/\/dev.explora.cl\/antofagasta\/wp-content\/uploads\/sites\/4\/2020\/07\/Ricardo-Jan\u0303a-Foto-Felipe-Trueba-3.jpg\",\"width\":800,\"height\":516},{\"@type\":\"BreadcrumbList\",\"@id\":\"https:\/\/dev.explora.cl\/antofagasta\/charla-en-vivo-abordara-las-conexiones-que-tienen-chile-y-el-mundo-con-la-antartica\/#breadcrumb\",\"itemListElement\":[{\"@type\":\"ListItem\",\"position\":1,\"name\":\"Portada\",\"item\":\"https:\/\/dev.explora.cl\/antofagasta\/\"},{\"@type\":\"ListItem\",\"position\":2,\"name\":\"Charla en vivo abordar\u00e1 las conexiones que tienen Chile y el mundo con la Ant\u00e1rtica\"}]},{\"@type\":\"WebSite\",\"@id\":\"https:\/\/dev.explora.cl\/antofagasta\/#website\",\"url\":\"https:\/\/dev.explora.cl\/antofagasta\/\",\"name\":\"Antofagasta\",\"description\":\"Otro sitio m\u00e1s de dev.explora.cl\",\"potentialAction\":[{\"@type\":\"SearchAction\",\"target\":{\"@type\":\"EntryPoint\",\"urlTemplate\":\"https:\/\/dev.explora.cl\/antofagasta\/?s={search_term_string}\"},\"query-input\":{\"@type\":\"PropertyValueSpecification\",\"valueRequired\":true,\"valueName\":\"search_term_string\"}}],\"inLanguage\":\"es-CL\"},{\"@type\":\"Person\",\"@id\":\"https:\/\/dev.explora.cl\/antofagasta\/#\/schema\/person\/71eda950cf8b3d75ad6c50a4d2179bcd\",\"name\":\"cgomez\",\"image\":{\"@type\":\"ImageObject\",\"inLanguage\":\"es-CL\",\"@id\":\"https:\/\/dev.explora.cl\/antofagasta\/#\/schema\/person\/image\/\",\"url\":\"https:\/\/secure.gravatar.com\/avatar\/0c1e119225e98dd5c5a5a0d26c2bd2448642e86ce4fece294b57037090af5dd6?s=96&d=mm&r=g\",\"contentUrl\":\"https:\/\/secure.gravatar.com\/avatar\/0c1e119225e98dd5c5a5a0d26c2bd2448642e86ce4fece294b57037090af5dd6?s=96&d=mm&r=g\",\"caption\":\"cgomez\"},\"url\":\"https:\/\/dev.explora.cl\/antofagasta\/author\/cgomez\/\"}]}<\/script>\n<!-- \/ Yoast SEO plugin. -->","yoast_head_json":{"title":"Charla en vivo abordar\u00e1 las conexiones que tienen Chile y el mundo con la Ant\u00e1rtica - Antofagasta","robots":{"index":"index","follow":"follow","max-snippet":"max-snippet:-1","max-image-preview":"max-image-preview:large","max-video-preview":"max-video-preview:-1"},"canonical":"https:\/\/dev.explora.cl\/antofagasta\/charla-en-vivo-abordara-las-conexiones-que-tienen-chile-y-el-mundo-con-la-antartica\/","og_locale":"es_ES","og_type":"article","og_title":"Charla en vivo abordar\u00e1 las conexiones que tienen Chile y el mundo con la Ant\u00e1rtica - Antofagasta","og_description":"\u201cGlaciolog\u00eda y climatolog\u00eda: \u00bfqu\u00e9 dice la ciencia ant\u00e1rtica?\u201d es el nombre de la conferencia virtual que dictar\u00e1 el Dr. Ricardo Ja\u00f1a, glaci\u00f3logo e investigador del Departamento Cient\u00edfico del Instituto Ant\u00e1rtico Chileno (INACH).","og_url":"https:\/\/dev.explora.cl\/antofagasta\/charla-en-vivo-abordara-las-conexiones-que-tienen-chile-y-el-mundo-con-la-antartica\/","og_site_name":"Antofagasta","article_published_time":"2020-07-08T00:57:59+00:00","article_modified_time":"2020-07-09T22:24:08+00:00","og_image":[{"width":800,"height":516,"url":"https:\/\/dev.explora.cl\/antofagasta\/wp-content\/uploads\/sites\/4\/2020\/07\/Ricardo-Jan\u0303a-Foto-Felipe-Trueba-3.jpg","type":"image\/jpeg"}],"author":"cgomez","twitter_card":"summary_large_image","twitter_misc":{"Escrito por":"cgomez","Tiempo estimado de lectura":"3 minutos"},"schema":{"@context":"https:\/\/schema.org","@graph":[{"@type":"Article","@id":"https:\/\/dev.explora.cl\/antofagasta\/charla-en-vivo-abordara-las-conexiones-que-tienen-chile-y-el-mundo-con-la-antartica\/#article","isPartOf":{"@id":"https:\/\/dev.explora.cl\/antofagasta\/charla-en-vivo-abordara-las-conexiones-que-tienen-chile-y-el-mundo-con-la-antartica\/"},"author":{"name":"cgomez","@id":"https:\/\/dev.explora.cl\/antofagasta\/#\/schema\/person\/71eda950cf8b3d75ad6c50a4d2179bcd"},"headline":"Charla en vivo abordar\u00e1 las conexiones que tienen Chile y el mundo con la Ant\u00e1rtica","datePublished":"2020-07-08T00:57:59+00:00","dateModified":"2020-07-09T22:24:08+00:00","mainEntityOfPage":{"@id":"https:\/\/dev.explora.cl\/antofagasta\/charla-en-vivo-abordara-las-conexiones-que-tienen-chile-y-el-mundo-con-la-antartica\/"},"wordCount":600,"commentCount":0,"image":{"@id":"https:\/\/dev.explora.cl\/antofagasta\/charla-en-vivo-abordara-las-conexiones-que-tienen-chile-y-el-mundo-con-la-antartica\/#primaryimage"},"thumbnailUrl":"https:\/\/dev.explora.cl\/antofagasta\/wp-content\/uploads\/sites\/4\/2020\/07\/Ricardo-Jan\u0303a-Foto-Felipe-Trueba-3.jpg","keywords":["Antartica","Antofagasta","Calama","Chile","ciencia","climatolog\u00eda","El Loa","glaciologia","Maria Elena","Mejillones","Ollag\u00fce","San Pedro de Atacama","Sierra Gorda","Taltal","Tocopilla"],"articleSection":["Lugar 7","Noticias"],"inLanguage":"es-CL","potentialAction":[{"@type":"CommentAction","name":"Comment","target":["https:\/\/dev.explora.cl\/antofagasta\/charla-en-vivo-abordara-las-conexiones-que-tienen-chile-y-el-mundo-con-la-antartica\/#respond"]}]},{"@type":"WebPage","@id":"https:\/\/dev.explora.cl\/antofagasta\/charla-en-vivo-abordara-las-conexiones-que-tienen-chile-y-el-mundo-con-la-antartica\/","url":"https:\/\/dev.explora.cl\/antofagasta\/charla-en-vivo-abordara-las-conexiones-que-tienen-chile-y-el-mundo-con-la-antartica\/","name":"Charla en vivo abordar\u00e1 las conexiones que tienen Chile y el mundo con la Ant\u00e1rtica - Antofagasta","isPartOf":{"@id":"https:\/\/dev.explora.cl\/antofagasta\/#website"},"primaryImageOfPage":{"@id":"https:\/\/dev.explora.cl\/antofagasta\/charla-en-vivo-abordara-las-conexiones-que-tienen-chile-y-el-mundo-con-la-antartica\/#primaryimage"},"image":{"@id":"https:\/\/dev.explora.cl\/antofagasta\/charla-en-vivo-abordara-las-conexiones-que-tienen-chile-y-el-mundo-con-la-antartica\/#primaryimage"},"thumbnailUrl":"https:\/\/dev.explora.cl\/antofagasta\/wp-content\/uploads\/sites\/4\/2020\/07\/Ricardo-Jan\u0303a-Foto-Felipe-Trueba-3.jpg","datePublished":"2020-07-08T00:57:59+00:00","dateModified":"2020-07-09T22:24:08+00:00","author":{"@id":"https:\/\/dev.explora.cl\/antofagasta\/#\/schema\/person\/71eda950cf8b3d75ad6c50a4d2179bcd"},"breadcrumb":{"@id":"https:\/\/dev.explora.cl\/antofagasta\/charla-en-vivo-abordara-las-conexiones-que-tienen-chile-y-el-mundo-con-la-antartica\/#breadcrumb"},"inLanguage":"es-CL","potentialAction":[{"@type":"ReadAction","target":["https:\/\/dev.explora.cl\/antofagasta\/charla-en-vivo-abordara-las-conexiones-que-tienen-chile-y-el-mundo-con-la-antartica\/"]}]},{"@type":"ImageObject","inLanguage":"es-CL","@id":"https:\/\/dev.explora.cl\/antofagasta\/charla-en-vivo-abordara-las-conexiones-que-tienen-chile-y-el-mundo-con-la-antartica\/#primaryimage","url":"https:\/\/dev.explora.cl\/antofagasta\/wp-content\/uploads\/sites\/4\/2020\/07\/Ricardo-Jan\u0303a-Foto-Felipe-Trueba-3.jpg","contentUrl":"https:\/\/dev.explora.cl\/antofagasta\/wp-content\/uploads\/sites\/4\/2020\/07\/Ricardo-Jan\u0303a-Foto-Felipe-Trueba-3.jpg","width":800,"height":516},{"@type":"BreadcrumbList","@id":"https:\/\/dev.explora.cl\/antofagasta\/charla-en-vivo-abordara-las-conexiones-que-tienen-chile-y-el-mundo-con-la-antartica\/#breadcrumb","itemListElement":[{"@type":"ListItem","position":1,"name":"Portada","item":"https:\/\/dev.explora.cl\/antofagasta\/"},{"@type":"ListItem","position":2,"name":"Charla en vivo abordar\u00e1 las conexiones que tienen Chile y el mundo con la Ant\u00e1rtica"}]},{"@type":"WebSite","@id":"https:\/\/dev.explora.cl\/antofagasta\/#website","url":"https:\/\/dev.explora.cl\/antofagasta\/","name":"Antofagasta","description":"Otro sitio m\u00e1s de dev.explora.cl","potentialAction":[{"@type":"SearchAction","target":{"@type":"EntryPoint","urlTemplate":"https:\/\/dev.explora.cl\/antofagasta\/?s={search_term_string}"},"query-input":{"@type":"PropertyValueSpecification","valueRequired":true,"valueName":"search_term_string"}}],"inLanguage":"es-CL"},{"@type":"Person","@id":"https:\/\/dev.explora.cl\/antofagasta\/#\/schema\/person\/71eda950cf8b3d75ad6c50a4d2179bcd","name":"cgomez","image":{"@type":"ImageObject","inLanguage":"es-CL","@id":"https:\/\/dev.explora.cl\/antofagasta\/#\/schema\/person\/image\/","url":"https:\/\/secure.gravatar.com\/avatar\/0c1e119225e98dd5c5a5a0d26c2bd2448642e86ce4fece294b57037090af5dd6?s=96&d=mm&r=g","contentUrl":"https:\/\/secure.gravatar.com\/avatar\/0c1e119225e98dd5c5a5a0d26c2bd2448642e86ce4fece294b57037090af5dd6?s=96&d=mm&r=g","caption":"cgomez"},"url":"https:\/\/dev.explora.cl\/antofagasta\/author\/cgomez\/"}]}},"_links":{"self":[{"href":"https:\/\/dev.explora.cl\/antofagasta\/wp-json\/wp\/v2\/posts\/40043","targetHints":{"allow":["GET"]}}],"collection":[{"href":"https:\/\/dev.explora.cl\/antofagasta\/wp-json\/wp\/v2\/posts"}],"about":[{"href":"https:\/\/dev.explora.cl\/antofagasta\/wp-json\/wp\/v2\/types\/post"}],"author":[{"embeddable":true,"href":"https:\/\/dev.explora.cl\/antofagasta\/wp-json\/wp\/v2\/users\/19"}],"replies":[{"embeddable":true,"href":"https:\/\/dev.explora.cl\/antofagasta\/wp-json\/wp\/v2\/comments?post=40043"}],"version-history":[{"count":1,"href":"https:\/\/dev.explora.cl\/antofagasta\/wp-json\/wp\/v2\/posts\/40043\/revisions"}],"predecessor-version":[{"id":40046,"href":"https:\/\/dev.explora.cl\/antofagasta\/wp-json\/wp\/v2\/posts\/40043\/revisions\/40046"}],"wp:featuredmedia":[{"embeddable":true,"href":"https:\/\/dev.explora.cl\/antofagasta\/wp-json\/wp\/v2\/media\/40044"}],"wp:attachment":[{"href":"https:\/\/dev.explora.cl\/antofagasta\/wp-json\/wp\/v2\/media?parent=40043"}],"wp:term":[{"taxonomy":"category","embeddable":true,"href":"https:\/\/dev.explora.cl\/antofagasta\/wp-json\/wp\/v2\/categories?post=40043"},{"taxonomy":"post_tag","embeddable":true,"href":"https:\/\/dev.explora.cl\/antofagasta\/wp-json\/wp\/v2\/tags?post=40043"}],"curies":[{"name":"wp","href":"https:\/\/api.w.org\/{rel}","templated":true}]}}