{"id":40040,"date":"2020-07-07T20:41:38","date_gmt":"2020-07-08T00:41:38","guid":{"rendered":"https:\/\/dev.explora.cl\/antofagasta\/?p=40040"},"modified":"2020-07-10T21:32:30","modified_gmt":"2020-07-11T01:32:30","slug":"charla-en-vivo-glaciologia-y-climatologia","status":"publish","type":"post","link":"https:\/\/dev.explora.cl\/antofagasta\/charla-en-vivo-glaciologia-y-climatologia\/","title":{"rendered":"Charla en Vivo \u201cGlaciolog\u00eda y climatolog\u00eda: \u00bfqu\u00e9 dice la ciencia ant\u00e1rtica?\u201d"},"content":{"rendered":"<h3 style=\"text-align: justify\">\u00a1Atenci\u00f3n comunidad de la Regi\u00f3n de Antofagasta y de Chile!<\/h3>\n<p style=\"text-align: justify\">Los\/as invitamos a participar en la<strong> Charla en Vivo <em>\u201cGlaciolog\u00eda y climatolog\u00eda: \u00bfqu\u00e9 dice la ciencia ant\u00e1rtica?\u201d <\/em><\/strong>, que se realiza en el marco de la actividad Ciencia Abierta y que ser\u00e1 dictada por el Dr. Ricardo Ja\u00f1a, glaci\u00f3logo e investigador del Departamento Cient\u00edfico del <a href=\"https:\/\/www.inach.cl\/inach\/\">Instituto Ant\u00e1rtico Chileno (INACH).<\/a><\/p>\n<p style=\"text-align: justify\">A trav\u00e9s de esta charla online, estudiantes de educaci\u00f3n media y personas de todas las edades podr\u00e1n \u00a0conocer los conceptos b\u00e1sicos del estudio de la cri\u00f3sfera -agua en estado s\u00f3lido en la Tierra-, especialmente en la din\u00e1mica de hielo glaciar; entender de primera fuente las preguntas de investigaci\u00f3n y la metodolog\u00eda en este tipo de estudios; y abordar las diversas conexiones que tienen Chile y el planeta con la Ant\u00e1rtica<\/p>\n<p style=\"text-align: justify\">Asimismo, en esta actividad virtual de ciencia abierta, se podr\u00e1n realizar conversaciones horizontales con el p\u00fablico. Quienes tengan consultas sobre la exposici\u00f3n, pueden hacerlas y el Dr. Ricardo Ja\u00f1a responder\u00e1 en directo las preguntas sobre su presentaci\u00f3n.<\/p>\n<p style=\"text-align: justify\"><strong>\u00bfCu\u00e1ndo?<\/strong><\/p>\n<p style=\"text-align: justify\">Jueves 09 de julio<\/p>\n<p style=\"text-align: justify\">16:00 horas Chile Continental.<\/p>\n<p>17:00 horas (Regi\u00f3n de Magallanes y Ant\u00e1rtica Chilena).<\/p>\n<p style=\"text-align: justify\"><strong>\u00bfD\u00f3nde?<\/strong><\/p>\n<p style=\"text-align: justify\">Por<a href=\"https:\/\/www.facebook.com\/PARExploraAntofagasta\/\">\u00a0Facebook Live de PAR Explora Antofagasta<\/a><\/p>\n<p><strong>P\u00fablico objetivo<\/strong><\/p>\n<p>Estudiantes de Educaci\u00f3n Media y comunidad general.<\/p>\n<h3 style=\"text-align: justify\">Para consultas env\u00eda un mail a par.antofagasta.explora@gmail.com, o\u00a0 contacta al equipo de PAR Explora Antofagasta, <a href=\"https:\/\/dev.explora.cl\/antofagasta\/quienes-somos\/\">AQU\u00cd.<\/a><\/h3>\n","protected":false},"excerpt":{"rendered":"<p>Los\/as invitamos a participar en la Charla en Vivo \u201cGlaciolog\u00eda y climatolog\u00eda: \u00bfqu\u00e9 dice la ciencia ant\u00e1rtica?\u201d , que se realiza en el marco de la actividad Ciencia Abierta y que ser\u00e1 dictada por el Dr. Ricardo Ja\u00f1a, glaci\u00f3logo e investigador del Departamento Cient\u00edfico del Instituto Ant\u00e1rtico Chileno (INACH).<\/p>\n","protected":false},"author":19,"featured_media":40041,"comment_status":"closed","ping_status":"closed","sticky":false,"template":"","format":"standard","meta":{"_acf_changed":false,"_exactmetrics_skip_tracking":false,"_exactmetrics_sitenote_active":false,"_exactmetrics_sitenote_note":"","_exactmetrics_sitenote_category":0,"footnotes":"","_links_to":"","_links_to_target":""},"categories":[151],"tags":[172,195,248,107,331,306,330,100,283,285,286,329,287,288,275,284],"class_list":["post-40040","post","type-post","status-publish","format-standard","has-post-thumbnail","hentry","category-banner","tag-antartica","tag-antofagasta","tag-calama","tag-ciencia","tag-climatologia","tag-el-loa","tag-glaciologia","tag-investigacion","tag-maria-elena","tag-mejillones","tag-ollague","tag-region-de-antofagasta","tag-san-pedro-de-atacama","tag-sierra-gorda","tag-taltal","tag-tocopilla"],"acf":[],"yoast_head":"<!-- This site is optimized with the Yoast SEO plugin v26.7 - https:\/\/yoast.com\/wordpress\/plugins\/seo\/ -->\n<title>Charla en Vivo \u201cGlaciolog\u00eda y climatolog\u00eda: \u00bfqu\u00e9 dice la ciencia ant\u00e1rtica?\u201d - Antofagasta<\/title>\n<meta name=\"robots\" content=\"index, follow, max-snippet:-1, max-image-preview:large, max-video-preview:-1\" \/>\n<link rel=\"canonical\" href=\"https:\/\/dev.explora.cl\/antofagasta\/charla-en-vivo-glaciologia-y-climatologia\/\" class=\"yoast-seo-meta-tag\" \/>\n<meta property=\"og:locale\" content=\"es_ES\" class=\"yoast-seo-meta-tag\" \/>\n<meta property=\"og:type\" content=\"article\" class=\"yoast-seo-meta-tag\" \/>\n<meta property=\"og:title\" content=\"Charla en Vivo \u201cGlaciolog\u00eda y climatolog\u00eda: \u00bfqu\u00e9 dice la ciencia ant\u00e1rtica?\u201d - Antofagasta\" class=\"yoast-seo-meta-tag\" \/>\n<meta property=\"og:description\" content=\"Los\/as invitamos a participar en la Charla en Vivo \u201cGlaciolog\u00eda y climatolog\u00eda: \u00bfqu\u00e9 dice la ciencia ant\u00e1rtica?\u201d , que se realiza en el marco de la actividad Ciencia Abierta y que ser\u00e1 dictada por el Dr. Ricardo Ja\u00f1a, glaci\u00f3logo e investigador del Departamento Cient\u00edfico del Instituto Ant\u00e1rtico Chileno (INACH).\" class=\"yoast-seo-meta-tag\" \/>\n<meta property=\"og:url\" content=\"https:\/\/dev.explora.cl\/antofagasta\/charla-en-vivo-glaciologia-y-climatologia\/\" class=\"yoast-seo-meta-tag\" \/>\n<meta property=\"og:site_name\" content=\"Antofagasta\" class=\"yoast-seo-meta-tag\" \/>\n<meta property=\"article:published_time\" content=\"2020-07-08T00:41:38+00:00\" class=\"yoast-seo-meta-tag\" \/>\n<meta property=\"article:modified_time\" content=\"2020-07-11T01:32:30+00:00\" class=\"yoast-seo-meta-tag\" \/>\n<meta property=\"og:image\" content=\"https:\/\/dev.explora.cl\/antofagasta\/wp-content\/uploads\/sites\/4\/2020\/07\/SWEB_CHARLA7.png\" class=\"yoast-seo-meta-tag\" \/>\n\t<meta property=\"og:image:width\" content=\"736\" class=\"yoast-seo-meta-tag\" \/>\n\t<meta property=\"og:image:height\" content=\"420\" class=\"yoast-seo-meta-tag\" \/>\n\t<meta property=\"og:image:type\" content=\"image\/png\" class=\"yoast-seo-meta-tag\" \/>\n<meta name=\"author\" content=\"cgomez\" class=\"yoast-seo-meta-tag\" \/>\n<meta name=\"twitter:card\" content=\"summary_large_image\" class=\"yoast-seo-meta-tag\" \/>\n<meta name=\"twitter:label1\" content=\"Escrito por\" class=\"yoast-seo-meta-tag\" \/>\n\t<meta name=\"twitter:data1\" content=\"cgomez\" class=\"yoast-seo-meta-tag\" \/>\n\t<meta name=\"twitter:label2\" content=\"Tiempo estimado de lectura\" class=\"yoast-seo-meta-tag\" \/>\n\t<meta name=\"twitter:data2\" content=\"1 minuto\" class=\"yoast-seo-meta-tag\" \/>\n<script type=\"application\/ld+json\" class=\"yoast-schema-graph\">{\"@context\":\"https:\/\/schema.org\",\"@graph\":[{\"@type\":\"Article\",\"@id\":\"https:\/\/dev.explora.cl\/antofagasta\/charla-en-vivo-glaciologia-y-climatologia\/#article\",\"isPartOf\":{\"@id\":\"https:\/\/dev.explora.cl\/antofagasta\/charla-en-vivo-glaciologia-y-climatologia\/\"},\"author\":{\"name\":\"cgomez\",\"@id\":\"https:\/\/dev.explora.cl\/antofagasta\/#\/schema\/person\/71eda950cf8b3d75ad6c50a4d2179bcd\"},\"headline\":\"Charla en Vivo \u201cGlaciolog\u00eda y climatolog\u00eda: \u00bfqu\u00e9 dice la ciencia ant\u00e1rtica?\u201d\",\"datePublished\":\"2020-07-08T00:41:38+00:00\",\"dateModified\":\"2020-07-11T01:32:30+00:00\",\"mainEntityOfPage\":{\"@id\":\"https:\/\/dev.explora.cl\/antofagasta\/charla-en-vivo-glaciologia-y-climatologia\/\"},\"wordCount\":262,\"image\":{\"@id\":\"https:\/\/dev.explora.cl\/antofagasta\/charla-en-vivo-glaciologia-y-climatologia\/#primaryimage\"},\"thumbnailUrl\":\"https:\/\/dev.explora.cl\/antofagasta\/wp-content\/uploads\/sites\/4\/2020\/07\/SWEB_CHARLA7.png\",\"keywords\":[\"Antartica\",\"Antofagasta\",\"Calama\",\"ciencia\",\"climatolog\u00eda\",\"El Loa\",\"glaciologia\",\"investigaci\u00f3n\",\"Maria Elena\",\"Mejillones\",\"Ollag\u00fce\",\"Regi\u00f3n de Antofagasta\",\"San Pedro de Atacama\",\"Sierra Gorda\",\"Taltal\",\"Tocopilla\"],\"articleSection\":[\"Banner\"],\"inLanguage\":\"es-CL\"},{\"@type\":\"WebPage\",\"@id\":\"https:\/\/dev.explora.cl\/antofagasta\/charla-en-vivo-glaciologia-y-climatologia\/\",\"url\":\"https:\/\/dev.explora.cl\/antofagasta\/charla-en-vivo-glaciologia-y-climatologia\/\",\"name\":\"Charla en Vivo \u201cGlaciolog\u00eda y climatolog\u00eda: \u00bfqu\u00e9 dice la ciencia ant\u00e1rtica?\u201d - Antofagasta\",\"isPartOf\":{\"@id\":\"https:\/\/dev.explora.cl\/antofagasta\/#website\"},\"primaryImageOfPage\":{\"@id\":\"https:\/\/dev.explora.cl\/antofagasta\/charla-en-vivo-glaciologia-y-climatologia\/#primaryimage\"},\"image\":{\"@id\":\"https:\/\/dev.explora.cl\/antofagasta\/charla-en-vivo-glaciologia-y-climatologia\/#primaryimage\"},\"thumbnailUrl\":\"https:\/\/dev.explora.cl\/antofagasta\/wp-content\/uploads\/sites\/4\/2020\/07\/SWEB_CHARLA7.png\",\"datePublished\":\"2020-07-08T00:41:38+00:00\",\"dateModified\":\"2020-07-11T01:32:30+00:00\",\"author\":{\"@id\":\"https:\/\/dev.explora.cl\/antofagasta\/#\/schema\/person\/71eda950cf8b3d75ad6c50a4d2179bcd\"},\"breadcrumb\":{\"@id\":\"https:\/\/dev.explora.cl\/antofagasta\/charla-en-vivo-glaciologia-y-climatologia\/#breadcrumb\"},\"inLanguage\":\"es-CL\",\"potentialAction\":[{\"@type\":\"ReadAction\",\"target\":[\"https:\/\/dev.explora.cl\/antofagasta\/charla-en-vivo-glaciologia-y-climatologia\/\"]}]},{\"@type\":\"ImageObject\",\"inLanguage\":\"es-CL\",\"@id\":\"https:\/\/dev.explora.cl\/antofagasta\/charla-en-vivo-glaciologia-y-climatologia\/#primaryimage\",\"url\":\"https:\/\/dev.explora.cl\/antofagasta\/wp-content\/uploads\/sites\/4\/2020\/07\/SWEB_CHARLA7.png\",\"contentUrl\":\"https:\/\/dev.explora.cl\/antofagasta\/wp-content\/uploads\/sites\/4\/2020\/07\/SWEB_CHARLA7.png\",\"width\":736,\"height\":420},{\"@type\":\"BreadcrumbList\",\"@id\":\"https:\/\/dev.explora.cl\/antofagasta\/charla-en-vivo-glaciologia-y-climatologia\/#breadcrumb\",\"itemListElement\":[{\"@type\":\"ListItem\",\"position\":1,\"name\":\"Portada\",\"item\":\"https:\/\/dev.explora.cl\/antofagasta\/\"},{\"@type\":\"ListItem\",\"position\":2,\"name\":\"Charla en Vivo \u201cGlaciolog\u00eda y climatolog\u00eda: \u00bfqu\u00e9 dice la ciencia ant\u00e1rtica?\u201d\"}]},{\"@type\":\"WebSite\",\"@id\":\"https:\/\/dev.explora.cl\/antofagasta\/#website\",\"url\":\"https:\/\/dev.explora.cl\/antofagasta\/\",\"name\":\"Antofagasta\",\"description\":\"Otro sitio m\u00e1s de dev.explora.cl\",\"potentialAction\":[{\"@type\":\"SearchAction\",\"target\":{\"@type\":\"EntryPoint\",\"urlTemplate\":\"https:\/\/dev.explora.cl\/antofagasta\/?s={search_term_string}\"},\"query-input\":{\"@type\":\"PropertyValueSpecification\",\"valueRequired\":true,\"valueName\":\"search_term_string\"}}],\"inLanguage\":\"es-CL\"},{\"@type\":\"Person\",\"@id\":\"https:\/\/dev.explora.cl\/antofagasta\/#\/schema\/person\/71eda950cf8b3d75ad6c50a4d2179bcd\",\"name\":\"cgomez\",\"image\":{\"@type\":\"ImageObject\",\"inLanguage\":\"es-CL\",\"@id\":\"https:\/\/dev.explora.cl\/antofagasta\/#\/schema\/person\/image\/\",\"url\":\"https:\/\/secure.gravatar.com\/avatar\/0c1e119225e98dd5c5a5a0d26c2bd2448642e86ce4fece294b57037090af5dd6?s=96&d=mm&r=g\",\"contentUrl\":\"https:\/\/secure.gravatar.com\/avatar\/0c1e119225e98dd5c5a5a0d26c2bd2448642e86ce4fece294b57037090af5dd6?s=96&d=mm&r=g\",\"caption\":\"cgomez\"},\"url\":\"https:\/\/dev.explora.cl\/antofagasta\/author\/cgomez\/\"}]}<\/script>\n<!-- \/ Yoast SEO plugin. -->","yoast_head_json":{"title":"Charla en Vivo \u201cGlaciolog\u00eda y climatolog\u00eda: \u00bfqu\u00e9 dice la ciencia ant\u00e1rtica?\u201d - Antofagasta","robots":{"index":"index","follow":"follow","max-snippet":"max-snippet:-1","max-image-preview":"max-image-preview:large","max-video-preview":"max-video-preview:-1"},"canonical":"https:\/\/dev.explora.cl\/antofagasta\/charla-en-vivo-glaciologia-y-climatologia\/","og_locale":"es_ES","og_type":"article","og_title":"Charla en Vivo \u201cGlaciolog\u00eda y climatolog\u00eda: \u00bfqu\u00e9 dice la ciencia ant\u00e1rtica?\u201d - Antofagasta","og_description":"Los\/as invitamos a participar en la Charla en Vivo \u201cGlaciolog\u00eda y climatolog\u00eda: \u00bfqu\u00e9 dice la ciencia ant\u00e1rtica?\u201d , que se realiza en el marco de la actividad Ciencia Abierta y que ser\u00e1 dictada por el Dr. Ricardo Ja\u00f1a, glaci\u00f3logo e investigador del Departamento Cient\u00edfico del Instituto Ant\u00e1rtico Chileno (INACH).","og_url":"https:\/\/dev.explora.cl\/antofagasta\/charla-en-vivo-glaciologia-y-climatologia\/","og_site_name":"Antofagasta","article_published_time":"2020-07-08T00:41:38+00:00","article_modified_time":"2020-07-11T01:32:30+00:00","og_image":[{"width":736,"height":420,"url":"https:\/\/dev.explora.cl\/antofagasta\/wp-content\/uploads\/sites\/4\/2020\/07\/SWEB_CHARLA7.png","type":"image\/png"}],"author":"cgomez","twitter_card":"summary_large_image","twitter_misc":{"Escrito por":"cgomez","Tiempo estimado de lectura":"1 minuto"},"schema":{"@context":"https:\/\/schema.org","@graph":[{"@type":"Article","@id":"https:\/\/dev.explora.cl\/antofagasta\/charla-en-vivo-glaciologia-y-climatologia\/#article","isPartOf":{"@id":"https:\/\/dev.explora.cl\/antofagasta\/charla-en-vivo-glaciologia-y-climatologia\/"},"author":{"name":"cgomez","@id":"https:\/\/dev.explora.cl\/antofagasta\/#\/schema\/person\/71eda950cf8b3d75ad6c50a4d2179bcd"},"headline":"Charla en Vivo \u201cGlaciolog\u00eda y climatolog\u00eda: \u00bfqu\u00e9 dice la ciencia ant\u00e1rtica?\u201d","datePublished":"2020-07-08T00:41:38+00:00","dateModified":"2020-07-11T01:32:30+00:00","mainEntityOfPage":{"@id":"https:\/\/dev.explora.cl\/antofagasta\/charla-en-vivo-glaciologia-y-climatologia\/"},"wordCount":262,"image":{"@id":"https:\/\/dev.explora.cl\/antofagasta\/charla-en-vivo-glaciologia-y-climatologia\/#primaryimage"},"thumbnailUrl":"https:\/\/dev.explora.cl\/antofagasta\/wp-content\/uploads\/sites\/4\/2020\/07\/SWEB_CHARLA7.png","keywords":["Antartica","Antofagasta","Calama","ciencia","climatolog\u00eda","El Loa","glaciologia","investigaci\u00f3n","Maria Elena","Mejillones","Ollag\u00fce","Regi\u00f3n de Antofagasta","San Pedro de Atacama","Sierra Gorda","Taltal","Tocopilla"],"articleSection":["Banner"],"inLanguage":"es-CL"},{"@type":"WebPage","@id":"https:\/\/dev.explora.cl\/antofagasta\/charla-en-vivo-glaciologia-y-climatologia\/","url":"https:\/\/dev.explora.cl\/antofagasta\/charla-en-vivo-glaciologia-y-climatologia\/","name":"Charla en Vivo \u201cGlaciolog\u00eda y climatolog\u00eda: \u00bfqu\u00e9 dice la ciencia ant\u00e1rtica?\u201d - Antofagasta","isPartOf":{"@id":"https:\/\/dev.explora.cl\/antofagasta\/#website"},"primaryImageOfPage":{"@id":"https:\/\/dev.explora.cl\/antofagasta\/charla-en-vivo-glaciologia-y-climatologia\/#primaryimage"},"image":{"@id":"https:\/\/dev.explora.cl\/antofagasta\/charla-en-vivo-glaciologia-y-climatologia\/#primaryimage"},"thumbnailUrl":"https:\/\/dev.explora.cl\/antofagasta\/wp-content\/uploads\/sites\/4\/2020\/07\/SWEB_CHARLA7.png","datePublished":"2020-07-08T00:41:38+00:00","dateModified":"2020-07-11T01:32:30+00:00","author":{"@id":"https:\/\/dev.explora.cl\/antofagasta\/#\/schema\/person\/71eda950cf8b3d75ad6c50a4d2179bcd"},"breadcrumb":{"@id":"https:\/\/dev.explora.cl\/antofagasta\/charla-en-vivo-glaciologia-y-climatologia\/#breadcrumb"},"inLanguage":"es-CL","potentialAction":[{"@type":"ReadAction","target":["https:\/\/dev.explora.cl\/antofagasta\/charla-en-vivo-glaciologia-y-climatologia\/"]}]},{"@type":"ImageObject","inLanguage":"es-CL","@id":"https:\/\/dev.explora.cl\/antofagasta\/charla-en-vivo-glaciologia-y-climatologia\/#primaryimage","url":"https:\/\/dev.explora.cl\/antofagasta\/wp-content\/uploads\/sites\/4\/2020\/07\/SWEB_CHARLA7.png","contentUrl":"https:\/\/dev.explora.cl\/antofagasta\/wp-content\/uploads\/sites\/4\/2020\/07\/SWEB_CHARLA7.png","width":736,"height":420},{"@type":"BreadcrumbList","@id":"https:\/\/dev.explora.cl\/antofagasta\/charla-en-vivo-glaciologia-y-climatologia\/#breadcrumb","itemListElement":[{"@type":"ListItem","position":1,"name":"Portada","item":"https:\/\/dev.explora.cl\/antofagasta\/"},{"@type":"ListItem","position":2,"name":"Charla en Vivo \u201cGlaciolog\u00eda y climatolog\u00eda: \u00bfqu\u00e9 dice la ciencia ant\u00e1rtica?\u201d"}]},{"@type":"WebSite","@id":"https:\/\/dev.explora.cl\/antofagasta\/#website","url":"https:\/\/dev.explora.cl\/antofagasta\/","name":"Antofagasta","description":"Otro sitio m\u00e1s de dev.explora.cl","potentialAction":[{"@type":"SearchAction","target":{"@type":"EntryPoint","urlTemplate":"https:\/\/dev.explora.cl\/antofagasta\/?s={search_term_string}"},"query-input":{"@type":"PropertyValueSpecification","valueRequired":true,"valueName":"search_term_string"}}],"inLanguage":"es-CL"},{"@type":"Person","@id":"https:\/\/dev.explora.cl\/antofagasta\/#\/schema\/person\/71eda950cf8b3d75ad6c50a4d2179bcd","name":"cgomez","image":{"@type":"ImageObject","inLanguage":"es-CL","@id":"https:\/\/dev.explora.cl\/antofagasta\/#\/schema\/person\/image\/","url":"https:\/\/secure.gravatar.com\/avatar\/0c1e119225e98dd5c5a5a0d26c2bd2448642e86ce4fece294b57037090af5dd6?s=96&d=mm&r=g","contentUrl":"https:\/\/secure.gravatar.com\/avatar\/0c1e119225e98dd5c5a5a0d26c2bd2448642e86ce4fece294b57037090af5dd6?s=96&d=mm&r=g","caption":"cgomez"},"url":"https:\/\/dev.explora.cl\/antofagasta\/author\/cgomez\/"}]}},"_links":{"self":[{"href":"https:\/\/dev.explora.cl\/antofagasta\/wp-json\/wp\/v2\/posts\/40040","targetHints":{"allow":["GET"]}}],"collection":[{"href":"https:\/\/dev.explora.cl\/antofagasta\/wp-json\/wp\/v2\/posts"}],"about":[{"href":"https:\/\/dev.explora.cl\/antofagasta\/wp-json\/wp\/v2\/types\/post"}],"author":[{"embeddable":true,"href":"https:\/\/dev.explora.cl\/antofagasta\/wp-json\/wp\/v2\/users\/19"}],"replies":[{"embeddable":true,"href":"https:\/\/dev.explora.cl\/antofagasta\/wp-json\/wp\/v2\/comments?post=40040"}],"version-history":[{"count":2,"href":"https:\/\/dev.explora.cl\/antofagasta\/wp-json\/wp\/v2\/posts\/40040\/revisions"}],"predecessor-version":[{"id":40223,"href":"https:\/\/dev.explora.cl\/antofagasta\/wp-json\/wp\/v2\/posts\/40040\/revisions\/40223"}],"wp:featuredmedia":[{"embeddable":true,"href":"https:\/\/dev.explora.cl\/antofagasta\/wp-json\/wp\/v2\/media\/40041"}],"wp:attachment":[{"href":"https:\/\/dev.explora.cl\/antofagasta\/wp-json\/wp\/v2\/media?parent=40040"}],"wp:term":[{"taxonomy":"category","embeddable":true,"href":"https:\/\/dev.explora.cl\/antofagasta\/wp-json\/wp\/v2\/categories?post=40040"},{"taxonomy":"post_tag","embeddable":true,"href":"https:\/\/dev.explora.cl\/antofagasta\/wp-json\/wp\/v2\/tags?post=40040"}],"curies":[{"name":"wp","href":"https:\/\/api.w.org\/{rel}","templated":true}]}}