{"id":39924,"date":"2020-06-05T17:32:57","date_gmt":"2020-06-05T21:32:57","guid":{"rendered":"https:\/\/dev.explora.cl\/antofagasta\/?p=39924"},"modified":"2020-06-11T11:35:53","modified_gmt":"2020-06-11T15:35:53","slug":"charla-en-vivo-analisis-del-covid-19-en-la-region-de-antofagasta","status":"publish","type":"post","link":"https:\/\/dev.explora.cl\/antofagasta\/charla-en-vivo-analisis-del-covid-19-en-la-region-de-antofagasta\/","title":{"rendered":"Charla en Vivo\u00a0\u00a0&#8220;An\u00e1lisis del COVID-19 en la Regi\u00f3n de Antofagasta&#8221;"},"content":{"rendered":"<h3 style=\"text-align: justify\">\u00a1Atenci\u00f3n!<\/h3>\n<p style=\"text-align: justify\">Los\/as invitamos a participar en la\u00a0<strong>Charla en Vivo <b><i>&#8220;An\u00e1lisis del COVID-19 en la Regi\u00f3n de Antofagasta&#8221;<\/i><\/b><b><i>,\u00a0<\/i><\/b><\/strong>que dictar\u00e1 el profesor de la Facultad de Ciencias Qu\u00edmicas y Farmac\u00e9uticas de la<a href=\"https:\/\/www.uchile.cl\/\"> Universidad de Chile<\/a>, director de<a href=\"https:\/\/dev.explora.cl\/rmnorte\/\"> PAR Explora RM Norte<\/a> e investigador <a href=\"https:\/\/www.accdis.cl\/\">ACCDiS<\/a>, Dr. Mario Chiong, el mi\u00e9rcoles 10 de junio, a las 18:00 horas,\u00a0por Facebook Live de PAR Explora Antofagasta (abierta a todo p\u00fablico).<\/p>\n<p style=\"text-align: justify\">A trav\u00e9s de esta charla online organizada por PAR Explora Antofagasta y PAR Explora RM Norte, conoceremos la situaci\u00f3n actual del virus en la zona, qu\u00e9 s\u00edntomas produce, c\u00f3mo se desarrolla la enfermedad y c\u00f3mo podemos detectarla.<\/p>\n<p style=\"text-align: justify\"><strong>\u00bfCu\u00e1ndo?<\/strong><\/p>\n<p style=\"text-align: justify\">Mi\u00e9rcoles 10 de junio, a las 18:00 horas.<\/p>\n<p style=\"text-align: justify\"><strong>\u00bfD\u00f3nde?<\/strong><\/p>\n<p style=\"text-align: justify\">Por Facebook de <a href=\"https:\/\/www.facebook.com\/PARExploraAntofagasta\/?ref=aymt_homepage_panel&amp;eid=ARAE5nXPvRYJFkFhoYWUFhUDVuEz6fjyC0dis7nP0CkD12nAlTxl7v_vGC2HWOSobiGpu4xoIeFKnEJS\">PAR Explora Antofagasta<\/a> y de <a href=\"https:\/\/www.facebook.com\/parexplorarmnorte\/\">PAR Explora RM Norte<\/a><\/p>\n<h3 style=\"text-align: justify\">Para consultas env\u00eda un mail a par.antofagasta.explora@gmail.com, o\u00a0 contacta al equipo de PAR Explora Antofagasta, <a href=\"https:\/\/dev.explora.cl\/antofagasta\/quienes-somos\/\">AQU\u00cd.<\/a><\/h3>\n","protected":false},"excerpt":{"rendered":"<p>Los\/as invitamos a participar en la\u00a0Charla en Vivo &#8220;An\u00e1lisis del COVID-19 en la Regi\u00f3n de Antofagasta&#8221;,\u00a0que dictar\u00e1 el profesor de la Facultad de Ciencias Qu\u00edmicas y Farmac\u00e9uticas de la Universidad de Chile, director de PAR Explora RM Norte e investigador ACCDiS, Dr. Mario Chiong.<\/p>\n","protected":false},"author":19,"featured_media":39925,"comment_status":"closed","ping_status":"closed","sticky":false,"template":"","format":"standard","meta":{"_acf_changed":false,"_exactmetrics_skip_tracking":false,"_exactmetrics_sitenote_active":false,"_exactmetrics_sitenote_note":"","_exactmetrics_sitenote_category":0,"footnotes":"","_links_to":"","_links_to_target":""},"categories":[151],"tags":[195,248,107,303,306,283,285,317,286,287,288,275,284,45],"class_list":["post-39924","post","type-post","status-publish","format-standard","has-post-thumbnail","hentry","category-banner","tag-antofagasta","tag-calama","tag-ciencia","tag-coronavirus-covid-19","tag-el-loa","tag-maria-elena","tag-mejillones","tag-microbiologia","tag-ollague","tag-san-pedro-de-atacama","tag-sierra-gorda","tag-taltal","tag-tocopilla","tag-virus"],"acf":[],"yoast_head":"<!-- This site is optimized with the Yoast SEO plugin v26.7 - https:\/\/yoast.com\/wordpress\/plugins\/seo\/ -->\n<title>Charla en Vivo\u00a0\u00a0&quot;An\u00e1lisis del COVID-19 en la Regi\u00f3n de Antofagasta&quot; - Antofagasta<\/title>\n<meta name=\"robots\" content=\"index, follow, max-snippet:-1, max-image-preview:large, max-video-preview:-1\" \/>\n<link rel=\"canonical\" href=\"https:\/\/dev.explora.cl\/antofagasta\/charla-en-vivo-analisis-del-covid-19-en-la-region-de-antofagasta\/\" class=\"yoast-seo-meta-tag\" \/>\n<meta property=\"og:locale\" content=\"es_ES\" class=\"yoast-seo-meta-tag\" \/>\n<meta property=\"og:type\" content=\"article\" class=\"yoast-seo-meta-tag\" \/>\n<meta property=\"og:title\" content=\"Charla en Vivo\u00a0\u00a0&quot;An\u00e1lisis del COVID-19 en la Regi\u00f3n de Antofagasta&quot; - Antofagasta\" class=\"yoast-seo-meta-tag\" \/>\n<meta property=\"og:description\" content=\"Los\/as invitamos a participar en la\u00a0Charla en Vivo &quot;An\u00e1lisis del COVID-19 en la Regi\u00f3n de Antofagasta&quot;,\u00a0que dictar\u00e1 el profesor de la Facultad de Ciencias Qu\u00edmicas y Farmac\u00e9uticas de la Universidad de Chile, director de PAR Explora RM Norte e investigador ACCDiS, Dr. Mario Chiong.\" class=\"yoast-seo-meta-tag\" \/>\n<meta property=\"og:url\" content=\"https:\/\/dev.explora.cl\/antofagasta\/charla-en-vivo-analisis-del-covid-19-en-la-region-de-antofagasta\/\" class=\"yoast-seo-meta-tag\" \/>\n<meta property=\"og:site_name\" content=\"Antofagasta\" class=\"yoast-seo-meta-tag\" \/>\n<meta property=\"article:published_time\" content=\"2020-06-05T21:32:57+00:00\" class=\"yoast-seo-meta-tag\" \/>\n<meta property=\"article:modified_time\" content=\"2020-06-11T15:35:53+00:00\" class=\"yoast-seo-meta-tag\" \/>\n<meta property=\"og:image\" content=\"https:\/\/dev.explora.cl\/antofagasta\/wp-content\/uploads\/sites\/4\/2020\/06\/SWEB_CHARLA4.png\" class=\"yoast-seo-meta-tag\" \/>\n\t<meta property=\"og:image:width\" content=\"736\" class=\"yoast-seo-meta-tag\" \/>\n\t<meta property=\"og:image:height\" content=\"420\" class=\"yoast-seo-meta-tag\" \/>\n\t<meta property=\"og:image:type\" content=\"image\/png\" class=\"yoast-seo-meta-tag\" \/>\n<meta name=\"author\" content=\"cgomez\" class=\"yoast-seo-meta-tag\" \/>\n<meta name=\"twitter:card\" content=\"summary_large_image\" class=\"yoast-seo-meta-tag\" \/>\n<meta name=\"twitter:label1\" content=\"Escrito por\" class=\"yoast-seo-meta-tag\" \/>\n\t<meta name=\"twitter:data1\" content=\"cgomez\" class=\"yoast-seo-meta-tag\" \/>\n\t<meta name=\"twitter:label2\" content=\"Tiempo estimado de lectura\" class=\"yoast-seo-meta-tag\" \/>\n\t<meta name=\"twitter:data2\" content=\"1 minuto\" class=\"yoast-seo-meta-tag\" \/>\n<script type=\"application\/ld+json\" class=\"yoast-schema-graph\">{\"@context\":\"https:\/\/schema.org\",\"@graph\":[{\"@type\":\"Article\",\"@id\":\"https:\/\/dev.explora.cl\/antofagasta\/charla-en-vivo-analisis-del-covid-19-en-la-region-de-antofagasta\/#article\",\"isPartOf\":{\"@id\":\"https:\/\/dev.explora.cl\/antofagasta\/charla-en-vivo-analisis-del-covid-19-en-la-region-de-antofagasta\/\"},\"author\":{\"name\":\"cgomez\",\"@id\":\"https:\/\/dev.explora.cl\/antofagasta\/#\/schema\/person\/71eda950cf8b3d75ad6c50a4d2179bcd\"},\"headline\":\"Charla en Vivo\u00a0\u00a0&#8220;An\u00e1lisis del COVID-19 en la Regi\u00f3n de Antofagasta&#8221;\",\"datePublished\":\"2020-06-05T21:32:57+00:00\",\"dateModified\":\"2020-06-11T15:35:53+00:00\",\"mainEntityOfPage\":{\"@id\":\"https:\/\/dev.explora.cl\/antofagasta\/charla-en-vivo-analisis-del-covid-19-en-la-region-de-antofagasta\/\"},\"wordCount\":172,\"image\":{\"@id\":\"https:\/\/dev.explora.cl\/antofagasta\/charla-en-vivo-analisis-del-covid-19-en-la-region-de-antofagasta\/#primaryimage\"},\"thumbnailUrl\":\"https:\/\/dev.explora.cl\/antofagasta\/wp-content\/uploads\/sites\/4\/2020\/06\/SWEB_CHARLA4.png\",\"keywords\":[\"Antofagasta\",\"Calama\",\"ciencia\",\"Coronavirus COVID-19\",\"El Loa\",\"Maria Elena\",\"Mejillones\",\"microbiolog\u00eda\",\"Ollag\u00fce\",\"San Pedro de Atacama\",\"Sierra Gorda\",\"Taltal\",\"Tocopilla\",\"virus.\"],\"articleSection\":[\"Banner\"],\"inLanguage\":\"es-CL\"},{\"@type\":\"WebPage\",\"@id\":\"https:\/\/dev.explora.cl\/antofagasta\/charla-en-vivo-analisis-del-covid-19-en-la-region-de-antofagasta\/\",\"url\":\"https:\/\/dev.explora.cl\/antofagasta\/charla-en-vivo-analisis-del-covid-19-en-la-region-de-antofagasta\/\",\"name\":\"Charla en Vivo\u00a0\u00a0\\\"An\u00e1lisis del COVID-19 en la Regi\u00f3n de Antofagasta\\\" - Antofagasta\",\"isPartOf\":{\"@id\":\"https:\/\/dev.explora.cl\/antofagasta\/#website\"},\"primaryImageOfPage\":{\"@id\":\"https:\/\/dev.explora.cl\/antofagasta\/charla-en-vivo-analisis-del-covid-19-en-la-region-de-antofagasta\/#primaryimage\"},\"image\":{\"@id\":\"https:\/\/dev.explora.cl\/antofagasta\/charla-en-vivo-analisis-del-covid-19-en-la-region-de-antofagasta\/#primaryimage\"},\"thumbnailUrl\":\"https:\/\/dev.explora.cl\/antofagasta\/wp-content\/uploads\/sites\/4\/2020\/06\/SWEB_CHARLA4.png\",\"datePublished\":\"2020-06-05T21:32:57+00:00\",\"dateModified\":\"2020-06-11T15:35:53+00:00\",\"author\":{\"@id\":\"https:\/\/dev.explora.cl\/antofagasta\/#\/schema\/person\/71eda950cf8b3d75ad6c50a4d2179bcd\"},\"breadcrumb\":{\"@id\":\"https:\/\/dev.explora.cl\/antofagasta\/charla-en-vivo-analisis-del-covid-19-en-la-region-de-antofagasta\/#breadcrumb\"},\"inLanguage\":\"es-CL\",\"potentialAction\":[{\"@type\":\"ReadAction\",\"target\":[\"https:\/\/dev.explora.cl\/antofagasta\/charla-en-vivo-analisis-del-covid-19-en-la-region-de-antofagasta\/\"]}]},{\"@type\":\"ImageObject\",\"inLanguage\":\"es-CL\",\"@id\":\"https:\/\/dev.explora.cl\/antofagasta\/charla-en-vivo-analisis-del-covid-19-en-la-region-de-antofagasta\/#primaryimage\",\"url\":\"https:\/\/dev.explora.cl\/antofagasta\/wp-content\/uploads\/sites\/4\/2020\/06\/SWEB_CHARLA4.png\",\"contentUrl\":\"https:\/\/dev.explora.cl\/antofagasta\/wp-content\/uploads\/sites\/4\/2020\/06\/SWEB_CHARLA4.png\",\"width\":736,\"height\":420},{\"@type\":\"BreadcrumbList\",\"@id\":\"https:\/\/dev.explora.cl\/antofagasta\/charla-en-vivo-analisis-del-covid-19-en-la-region-de-antofagasta\/#breadcrumb\",\"itemListElement\":[{\"@type\":\"ListItem\",\"position\":1,\"name\":\"Portada\",\"item\":\"https:\/\/dev.explora.cl\/antofagasta\/\"},{\"@type\":\"ListItem\",\"position\":2,\"name\":\"Charla en Vivo\u00a0\u00a0&#8220;An\u00e1lisis del COVID-19 en la Regi\u00f3n de Antofagasta&#8221;\"}]},{\"@type\":\"WebSite\",\"@id\":\"https:\/\/dev.explora.cl\/antofagasta\/#website\",\"url\":\"https:\/\/dev.explora.cl\/antofagasta\/\",\"name\":\"Antofagasta\",\"description\":\"Otro sitio m\u00e1s de dev.explora.cl\",\"potentialAction\":[{\"@type\":\"SearchAction\",\"target\":{\"@type\":\"EntryPoint\",\"urlTemplate\":\"https:\/\/dev.explora.cl\/antofagasta\/?s={search_term_string}\"},\"query-input\":{\"@type\":\"PropertyValueSpecification\",\"valueRequired\":true,\"valueName\":\"search_term_string\"}}],\"inLanguage\":\"es-CL\"},{\"@type\":\"Person\",\"@id\":\"https:\/\/dev.explora.cl\/antofagasta\/#\/schema\/person\/71eda950cf8b3d75ad6c50a4d2179bcd\",\"name\":\"cgomez\",\"image\":{\"@type\":\"ImageObject\",\"inLanguage\":\"es-CL\",\"@id\":\"https:\/\/dev.explora.cl\/antofagasta\/#\/schema\/person\/image\/\",\"url\":\"https:\/\/secure.gravatar.com\/avatar\/0c1e119225e98dd5c5a5a0d26c2bd2448642e86ce4fece294b57037090af5dd6?s=96&d=mm&r=g\",\"contentUrl\":\"https:\/\/secure.gravatar.com\/avatar\/0c1e119225e98dd5c5a5a0d26c2bd2448642e86ce4fece294b57037090af5dd6?s=96&d=mm&r=g\",\"caption\":\"cgomez\"},\"url\":\"https:\/\/dev.explora.cl\/antofagasta\/author\/cgomez\/\"}]}<\/script>\n<!-- \/ Yoast SEO plugin. -->","yoast_head_json":{"title":"Charla en Vivo\u00a0\u00a0\"An\u00e1lisis del COVID-19 en la Regi\u00f3n de Antofagasta\" - Antofagasta","robots":{"index":"index","follow":"follow","max-snippet":"max-snippet:-1","max-image-preview":"max-image-preview:large","max-video-preview":"max-video-preview:-1"},"canonical":"https:\/\/dev.explora.cl\/antofagasta\/charla-en-vivo-analisis-del-covid-19-en-la-region-de-antofagasta\/","og_locale":"es_ES","og_type":"article","og_title":"Charla en Vivo\u00a0\u00a0\"An\u00e1lisis del COVID-19 en la Regi\u00f3n de Antofagasta\" - Antofagasta","og_description":"Los\/as invitamos a participar en la\u00a0Charla en Vivo \"An\u00e1lisis del COVID-19 en la Regi\u00f3n de Antofagasta\",\u00a0que dictar\u00e1 el profesor de la Facultad de Ciencias Qu\u00edmicas y Farmac\u00e9uticas de la Universidad de Chile, director de PAR Explora RM Norte e investigador ACCDiS, Dr. Mario Chiong.","og_url":"https:\/\/dev.explora.cl\/antofagasta\/charla-en-vivo-analisis-del-covid-19-en-la-region-de-antofagasta\/","og_site_name":"Antofagasta","article_published_time":"2020-06-05T21:32:57+00:00","article_modified_time":"2020-06-11T15:35:53+00:00","og_image":[{"width":736,"height":420,"url":"https:\/\/dev.explora.cl\/antofagasta\/wp-content\/uploads\/sites\/4\/2020\/06\/SWEB_CHARLA4.png","type":"image\/png"}],"author":"cgomez","twitter_card":"summary_large_image","twitter_misc":{"Escrito por":"cgomez","Tiempo estimado de lectura":"1 minuto"},"schema":{"@context":"https:\/\/schema.org","@graph":[{"@type":"Article","@id":"https:\/\/dev.explora.cl\/antofagasta\/charla-en-vivo-analisis-del-covid-19-en-la-region-de-antofagasta\/#article","isPartOf":{"@id":"https:\/\/dev.explora.cl\/antofagasta\/charla-en-vivo-analisis-del-covid-19-en-la-region-de-antofagasta\/"},"author":{"name":"cgomez","@id":"https:\/\/dev.explora.cl\/antofagasta\/#\/schema\/person\/71eda950cf8b3d75ad6c50a4d2179bcd"},"headline":"Charla en Vivo\u00a0\u00a0&#8220;An\u00e1lisis del COVID-19 en la Regi\u00f3n de Antofagasta&#8221;","datePublished":"2020-06-05T21:32:57+00:00","dateModified":"2020-06-11T15:35:53+00:00","mainEntityOfPage":{"@id":"https:\/\/dev.explora.cl\/antofagasta\/charla-en-vivo-analisis-del-covid-19-en-la-region-de-antofagasta\/"},"wordCount":172,"image":{"@id":"https:\/\/dev.explora.cl\/antofagasta\/charla-en-vivo-analisis-del-covid-19-en-la-region-de-antofagasta\/#primaryimage"},"thumbnailUrl":"https:\/\/dev.explora.cl\/antofagasta\/wp-content\/uploads\/sites\/4\/2020\/06\/SWEB_CHARLA4.png","keywords":["Antofagasta","Calama","ciencia","Coronavirus COVID-19","El Loa","Maria Elena","Mejillones","microbiolog\u00eda","Ollag\u00fce","San Pedro de Atacama","Sierra Gorda","Taltal","Tocopilla","virus."],"articleSection":["Banner"],"inLanguage":"es-CL"},{"@type":"WebPage","@id":"https:\/\/dev.explora.cl\/antofagasta\/charla-en-vivo-analisis-del-covid-19-en-la-region-de-antofagasta\/","url":"https:\/\/dev.explora.cl\/antofagasta\/charla-en-vivo-analisis-del-covid-19-en-la-region-de-antofagasta\/","name":"Charla en Vivo\u00a0\u00a0\"An\u00e1lisis del COVID-19 en la Regi\u00f3n de Antofagasta\" - Antofagasta","isPartOf":{"@id":"https:\/\/dev.explora.cl\/antofagasta\/#website"},"primaryImageOfPage":{"@id":"https:\/\/dev.explora.cl\/antofagasta\/charla-en-vivo-analisis-del-covid-19-en-la-region-de-antofagasta\/#primaryimage"},"image":{"@id":"https:\/\/dev.explora.cl\/antofagasta\/charla-en-vivo-analisis-del-covid-19-en-la-region-de-antofagasta\/#primaryimage"},"thumbnailUrl":"https:\/\/dev.explora.cl\/antofagasta\/wp-content\/uploads\/sites\/4\/2020\/06\/SWEB_CHARLA4.png","datePublished":"2020-06-05T21:32:57+00:00","dateModified":"2020-06-11T15:35:53+00:00","author":{"@id":"https:\/\/dev.explora.cl\/antofagasta\/#\/schema\/person\/71eda950cf8b3d75ad6c50a4d2179bcd"},"breadcrumb":{"@id":"https:\/\/dev.explora.cl\/antofagasta\/charla-en-vivo-analisis-del-covid-19-en-la-region-de-antofagasta\/#breadcrumb"},"inLanguage":"es-CL","potentialAction":[{"@type":"ReadAction","target":["https:\/\/dev.explora.cl\/antofagasta\/charla-en-vivo-analisis-del-covid-19-en-la-region-de-antofagasta\/"]}]},{"@type":"ImageObject","inLanguage":"es-CL","@id":"https:\/\/dev.explora.cl\/antofagasta\/charla-en-vivo-analisis-del-covid-19-en-la-region-de-antofagasta\/#primaryimage","url":"https:\/\/dev.explora.cl\/antofagasta\/wp-content\/uploads\/sites\/4\/2020\/06\/SWEB_CHARLA4.png","contentUrl":"https:\/\/dev.explora.cl\/antofagasta\/wp-content\/uploads\/sites\/4\/2020\/06\/SWEB_CHARLA4.png","width":736,"height":420},{"@type":"BreadcrumbList","@id":"https:\/\/dev.explora.cl\/antofagasta\/charla-en-vivo-analisis-del-covid-19-en-la-region-de-antofagasta\/#breadcrumb","itemListElement":[{"@type":"ListItem","position":1,"name":"Portada","item":"https:\/\/dev.explora.cl\/antofagasta\/"},{"@type":"ListItem","position":2,"name":"Charla en Vivo\u00a0\u00a0&#8220;An\u00e1lisis del COVID-19 en la Regi\u00f3n de Antofagasta&#8221;"}]},{"@type":"WebSite","@id":"https:\/\/dev.explora.cl\/antofagasta\/#website","url":"https:\/\/dev.explora.cl\/antofagasta\/","name":"Antofagasta","description":"Otro sitio m\u00e1s de dev.explora.cl","potentialAction":[{"@type":"SearchAction","target":{"@type":"EntryPoint","urlTemplate":"https:\/\/dev.explora.cl\/antofagasta\/?s={search_term_string}"},"query-input":{"@type":"PropertyValueSpecification","valueRequired":true,"valueName":"search_term_string"}}],"inLanguage":"es-CL"},{"@type":"Person","@id":"https:\/\/dev.explora.cl\/antofagasta\/#\/schema\/person\/71eda950cf8b3d75ad6c50a4d2179bcd","name":"cgomez","image":{"@type":"ImageObject","inLanguage":"es-CL","@id":"https:\/\/dev.explora.cl\/antofagasta\/#\/schema\/person\/image\/","url":"https:\/\/secure.gravatar.com\/avatar\/0c1e119225e98dd5c5a5a0d26c2bd2448642e86ce4fece294b57037090af5dd6?s=96&d=mm&r=g","contentUrl":"https:\/\/secure.gravatar.com\/avatar\/0c1e119225e98dd5c5a5a0d26c2bd2448642e86ce4fece294b57037090af5dd6?s=96&d=mm&r=g","caption":"cgomez"},"url":"https:\/\/dev.explora.cl\/antofagasta\/author\/cgomez\/"}]}},"_links":{"self":[{"href":"https:\/\/dev.explora.cl\/antofagasta\/wp-json\/wp\/v2\/posts\/39924","targetHints":{"allow":["GET"]}}],"collection":[{"href":"https:\/\/dev.explora.cl\/antofagasta\/wp-json\/wp\/v2\/posts"}],"about":[{"href":"https:\/\/dev.explora.cl\/antofagasta\/wp-json\/wp\/v2\/types\/post"}],"author":[{"embeddable":true,"href":"https:\/\/dev.explora.cl\/antofagasta\/wp-json\/wp\/v2\/users\/19"}],"replies":[{"embeddable":true,"href":"https:\/\/dev.explora.cl\/antofagasta\/wp-json\/wp\/v2\/comments?post=39924"}],"version-history":[{"count":1,"href":"https:\/\/dev.explora.cl\/antofagasta\/wp-json\/wp\/v2\/posts\/39924\/revisions"}],"predecessor-version":[{"id":39926,"href":"https:\/\/dev.explora.cl\/antofagasta\/wp-json\/wp\/v2\/posts\/39924\/revisions\/39926"}],"wp:featuredmedia":[{"embeddable":true,"href":"https:\/\/dev.explora.cl\/antofagasta\/wp-json\/wp\/v2\/media\/39925"}],"wp:attachment":[{"href":"https:\/\/dev.explora.cl\/antofagasta\/wp-json\/wp\/v2\/media?parent=39924"}],"wp:term":[{"taxonomy":"category","embeddable":true,"href":"https:\/\/dev.explora.cl\/antofagasta\/wp-json\/wp\/v2\/categories?post=39924"},{"taxonomy":"post_tag","embeddable":true,"href":"https:\/\/dev.explora.cl\/antofagasta\/wp-json\/wp\/v2\/tags?post=39924"}],"curies":[{"name":"wp","href":"https:\/\/api.w.org\/{rel}","templated":true}]}}