{"id":39899,"date":"2020-05-18T18:14:43","date_gmt":"2020-05-18T22:14:43","guid":{"rendered":"https:\/\/dev.explora.cl\/antofagasta\/?p=39899"},"modified":"2020-05-29T18:44:16","modified_gmt":"2020-05-29T22:44:16","slug":"xvi-congreso-regional-escolar-virtual-antofagasta","status":"publish","type":"post","link":"https:\/\/dev.explora.cl\/antofagasta\/xvi-congreso-regional-escolar-virtual-antofagasta\/","title":{"rendered":"XVI Congreso Regional Escolar de las Ciencias y la Tecnolog\u00eda 2019 Regi\u00f3n de Antofagasta Virtual"},"content":{"rendered":"<h3 style=\"text-align: justify\">\u00a1Atenci\u00f3n comunidad de la Regi\u00f3n de Antofagasta!<\/h3>\n<p style=\"text-align: justify\">Los\/as invitamos a estar atentos y atentas a nuestro sitio web y redes sociales, pues prontamente subiremos el video de registro del <strong>XVI Congreso Regional Escolar de las Ciencias y la Tecnolog\u00eda 2019 Regi\u00f3n de Antofagasta<\/strong>, realizado de manera virtual.<\/p>\n<p>En esta oportunidad, estudiantes de distintas localidades de la regi\u00f3n presentar\u00e1n sus investigaciones cient\u00edficas desarrolladas durante 2019 en distintas \u00e1reas de las ciencias.<\/p>\n<h3 style=\"text-align: justify\">Para ver el video de CRECyT 2019, visita nuestro sitio web.<\/h3>\n<h3 style=\"text-align: justify\">\u00a1Pronto lo compartiremos!<\/h3>\n","protected":false},"excerpt":{"rendered":"<p>\u00a1Atenci\u00f3n comunidad de la Regi\u00f3n de Antofagasta!  Est\u00e9n atentos\/as a nuestro sitio web y redes sociales, pues pronto compartiremos el video del XVI Congreso Regional Escolar de las Ciencias y la Tecnolog\u00eda 2019, realizado de manera virtual.<\/p>\n","protected":false},"author":19,"featured_media":39900,"comment_status":"closed","ping_status":"closed","sticky":false,"template":"","format":"standard","meta":{"_acf_changed":false,"_exactmetrics_skip_tracking":false,"_exactmetrics_sitenote_active":false,"_exactmetrics_sitenote_note":"","_exactmetrics_sitenote_category":0,"footnotes":"","_links_to":"","_links_to_target":""},"categories":[151],"tags":[172,195,248,319,265,266,306,283,285,286,287,288,275,76,284],"class_list":["post-39899","post","type-post","status-publish","format-standard","has-post-thumbnail","hentry","category-banner","tag-antartica","tag-antofagasta","tag-calama","tag-ciencias","tag-congreso-regional-escolar","tag-crecyt","tag-el-loa","tag-maria-elena","tag-mejillones","tag-ollague","tag-san-pedro-de-atacama","tag-sierra-gorda","tag-taltal","tag-tecnologia","tag-tocopilla"],"acf":[],"yoast_head":"<!-- This site is optimized with the Yoast SEO plugin v26.7 - https:\/\/yoast.com\/wordpress\/plugins\/seo\/ -->\n<title>XVI Congreso Regional Escolar de las Ciencias y la Tecnolog\u00eda 2019 Regi\u00f3n de Antofagasta Virtual - Antofagasta<\/title>\n<meta name=\"robots\" content=\"index, follow, max-snippet:-1, max-image-preview:large, max-video-preview:-1\" \/>\n<link rel=\"canonical\" href=\"https:\/\/dev.explora.cl\/antofagasta\/xvi-congreso-regional-escolar-virtual-antofagasta\/\" class=\"yoast-seo-meta-tag\" \/>\n<meta property=\"og:locale\" content=\"es_ES\" class=\"yoast-seo-meta-tag\" \/>\n<meta property=\"og:type\" content=\"article\" class=\"yoast-seo-meta-tag\" \/>\n<meta property=\"og:title\" content=\"XVI Congreso Regional Escolar de las Ciencias y la Tecnolog\u00eda 2019 Regi\u00f3n de Antofagasta Virtual - Antofagasta\" class=\"yoast-seo-meta-tag\" \/>\n<meta property=\"og:description\" content=\"\u00a1Atenci\u00f3n comunidad de la Regi\u00f3n de Antofagasta! Est\u00e9n atentos\/as a nuestro sitio web y redes sociales, pues pronto compartiremos el video del XVI Congreso Regional Escolar de las Ciencias y la Tecnolog\u00eda 2019, realizado de manera virtual.\" class=\"yoast-seo-meta-tag\" \/>\n<meta property=\"og:url\" content=\"https:\/\/dev.explora.cl\/antofagasta\/xvi-congreso-regional-escolar-virtual-antofagasta\/\" class=\"yoast-seo-meta-tag\" \/>\n<meta property=\"og:site_name\" content=\"Antofagasta\" class=\"yoast-seo-meta-tag\" \/>\n<meta property=\"article:published_time\" content=\"2020-05-18T22:14:43+00:00\" class=\"yoast-seo-meta-tag\" \/>\n<meta property=\"article:modified_time\" content=\"2020-05-29T22:44:16+00:00\" class=\"yoast-seo-meta-tag\" \/>\n<meta property=\"og:image\" content=\"https:\/\/dev.explora.cl\/antofagasta\/wp-content\/uploads\/sites\/4\/2020\/05\/SWEB_CONGRESO.png\" class=\"yoast-seo-meta-tag\" \/>\n\t<meta property=\"og:image:width\" content=\"736\" class=\"yoast-seo-meta-tag\" \/>\n\t<meta property=\"og:image:height\" content=\"420\" class=\"yoast-seo-meta-tag\" \/>\n\t<meta property=\"og:image:type\" content=\"image\/png\" class=\"yoast-seo-meta-tag\" \/>\n<meta name=\"author\" content=\"cgomez\" class=\"yoast-seo-meta-tag\" \/>\n<meta name=\"twitter:card\" content=\"summary_large_image\" class=\"yoast-seo-meta-tag\" \/>\n<meta name=\"twitter:label1\" content=\"Escrito por\" class=\"yoast-seo-meta-tag\" \/>\n\t<meta name=\"twitter:data1\" content=\"cgomez\" class=\"yoast-seo-meta-tag\" \/>\n<script type=\"application\/ld+json\" class=\"yoast-schema-graph\">{\"@context\":\"https:\/\/schema.org\",\"@graph\":[{\"@type\":\"Article\",\"@id\":\"https:\/\/dev.explora.cl\/antofagasta\/xvi-congreso-regional-escolar-virtual-antofagasta\/#article\",\"isPartOf\":{\"@id\":\"https:\/\/dev.explora.cl\/antofagasta\/xvi-congreso-regional-escolar-virtual-antofagasta\/\"},\"author\":{\"name\":\"cgomez\",\"@id\":\"https:\/\/dev.explora.cl\/antofagasta\/#\/schema\/person\/71eda950cf8b3d75ad6c50a4d2179bcd\"},\"headline\":\"XVI Congreso Regional Escolar de las Ciencias y la Tecnolog\u00eda 2019 Regi\u00f3n de Antofagasta Virtual\",\"datePublished\":\"2020-05-18T22:14:43+00:00\",\"dateModified\":\"2020-05-29T22:44:16+00:00\",\"mainEntityOfPage\":{\"@id\":\"https:\/\/dev.explora.cl\/antofagasta\/xvi-congreso-regional-escolar-virtual-antofagasta\/\"},\"wordCount\":105,\"image\":{\"@id\":\"https:\/\/dev.explora.cl\/antofagasta\/xvi-congreso-regional-escolar-virtual-antofagasta\/#primaryimage\"},\"thumbnailUrl\":\"https:\/\/dev.explora.cl\/antofagasta\/wp-content\/uploads\/sites\/4\/2020\/05\/SWEB_CONGRESO.png\",\"keywords\":[\"Antartica\",\"Antofagasta\",\"Calama\",\"Ciencias\",\"Congreso Regional Escolar\",\"CRECYT\",\"El Loa\",\"Maria Elena\",\"Mejillones\",\"Ollag\u00fce\",\"San Pedro de Atacama\",\"Sierra Gorda\",\"Taltal\",\"tecnolog\u00eda\",\"Tocopilla\"],\"articleSection\":[\"Banner\"],\"inLanguage\":\"es-CL\"},{\"@type\":\"WebPage\",\"@id\":\"https:\/\/dev.explora.cl\/antofagasta\/xvi-congreso-regional-escolar-virtual-antofagasta\/\",\"url\":\"https:\/\/dev.explora.cl\/antofagasta\/xvi-congreso-regional-escolar-virtual-antofagasta\/\",\"name\":\"XVI Congreso Regional Escolar de las Ciencias y la Tecnolog\u00eda 2019 Regi\u00f3n de Antofagasta Virtual - Antofagasta\",\"isPartOf\":{\"@id\":\"https:\/\/dev.explora.cl\/antofagasta\/#website\"},\"primaryImageOfPage\":{\"@id\":\"https:\/\/dev.explora.cl\/antofagasta\/xvi-congreso-regional-escolar-virtual-antofagasta\/#primaryimage\"},\"image\":{\"@id\":\"https:\/\/dev.explora.cl\/antofagasta\/xvi-congreso-regional-escolar-virtual-antofagasta\/#primaryimage\"},\"thumbnailUrl\":\"https:\/\/dev.explora.cl\/antofagasta\/wp-content\/uploads\/sites\/4\/2020\/05\/SWEB_CONGRESO.png\",\"datePublished\":\"2020-05-18T22:14:43+00:00\",\"dateModified\":\"2020-05-29T22:44:16+00:00\",\"author\":{\"@id\":\"https:\/\/dev.explora.cl\/antofagasta\/#\/schema\/person\/71eda950cf8b3d75ad6c50a4d2179bcd\"},\"breadcrumb\":{\"@id\":\"https:\/\/dev.explora.cl\/antofagasta\/xvi-congreso-regional-escolar-virtual-antofagasta\/#breadcrumb\"},\"inLanguage\":\"es-CL\",\"potentialAction\":[{\"@type\":\"ReadAction\",\"target\":[\"https:\/\/dev.explora.cl\/antofagasta\/xvi-congreso-regional-escolar-virtual-antofagasta\/\"]}]},{\"@type\":\"ImageObject\",\"inLanguage\":\"es-CL\",\"@id\":\"https:\/\/dev.explora.cl\/antofagasta\/xvi-congreso-regional-escolar-virtual-antofagasta\/#primaryimage\",\"url\":\"https:\/\/dev.explora.cl\/antofagasta\/wp-content\/uploads\/sites\/4\/2020\/05\/SWEB_CONGRESO.png\",\"contentUrl\":\"https:\/\/dev.explora.cl\/antofagasta\/wp-content\/uploads\/sites\/4\/2020\/05\/SWEB_CONGRESO.png\",\"width\":736,\"height\":420},{\"@type\":\"BreadcrumbList\",\"@id\":\"https:\/\/dev.explora.cl\/antofagasta\/xvi-congreso-regional-escolar-virtual-antofagasta\/#breadcrumb\",\"itemListElement\":[{\"@type\":\"ListItem\",\"position\":1,\"name\":\"Portada\",\"item\":\"https:\/\/dev.explora.cl\/antofagasta\/\"},{\"@type\":\"ListItem\",\"position\":2,\"name\":\"XVI Congreso Regional Escolar de las Ciencias y la Tecnolog\u00eda 2019 Regi\u00f3n de Antofagasta Virtual\"}]},{\"@type\":\"WebSite\",\"@id\":\"https:\/\/dev.explora.cl\/antofagasta\/#website\",\"url\":\"https:\/\/dev.explora.cl\/antofagasta\/\",\"name\":\"Antofagasta\",\"description\":\"Otro sitio m\u00e1s de dev.explora.cl\",\"potentialAction\":[{\"@type\":\"SearchAction\",\"target\":{\"@type\":\"EntryPoint\",\"urlTemplate\":\"https:\/\/dev.explora.cl\/antofagasta\/?s={search_term_string}\"},\"query-input\":{\"@type\":\"PropertyValueSpecification\",\"valueRequired\":true,\"valueName\":\"search_term_string\"}}],\"inLanguage\":\"es-CL\"},{\"@type\":\"Person\",\"@id\":\"https:\/\/dev.explora.cl\/antofagasta\/#\/schema\/person\/71eda950cf8b3d75ad6c50a4d2179bcd\",\"name\":\"cgomez\",\"image\":{\"@type\":\"ImageObject\",\"inLanguage\":\"es-CL\",\"@id\":\"https:\/\/dev.explora.cl\/antofagasta\/#\/schema\/person\/image\/\",\"url\":\"https:\/\/secure.gravatar.com\/avatar\/0c1e119225e98dd5c5a5a0d26c2bd2448642e86ce4fece294b57037090af5dd6?s=96&d=mm&r=g\",\"contentUrl\":\"https:\/\/secure.gravatar.com\/avatar\/0c1e119225e98dd5c5a5a0d26c2bd2448642e86ce4fece294b57037090af5dd6?s=96&d=mm&r=g\",\"caption\":\"cgomez\"},\"url\":\"https:\/\/dev.explora.cl\/antofagasta\/author\/cgomez\/\"}]}<\/script>\n<!-- \/ Yoast SEO plugin. -->","yoast_head_json":{"title":"XVI Congreso Regional Escolar de las Ciencias y la Tecnolog\u00eda 2019 Regi\u00f3n de Antofagasta Virtual - Antofagasta","robots":{"index":"index","follow":"follow","max-snippet":"max-snippet:-1","max-image-preview":"max-image-preview:large","max-video-preview":"max-video-preview:-1"},"canonical":"https:\/\/dev.explora.cl\/antofagasta\/xvi-congreso-regional-escolar-virtual-antofagasta\/","og_locale":"es_ES","og_type":"article","og_title":"XVI Congreso Regional Escolar de las Ciencias y la Tecnolog\u00eda 2019 Regi\u00f3n de Antofagasta Virtual - Antofagasta","og_description":"\u00a1Atenci\u00f3n comunidad de la Regi\u00f3n de Antofagasta! Est\u00e9n atentos\/as a nuestro sitio web y redes sociales, pues pronto compartiremos el video del XVI Congreso Regional Escolar de las Ciencias y la Tecnolog\u00eda 2019, realizado de manera virtual.","og_url":"https:\/\/dev.explora.cl\/antofagasta\/xvi-congreso-regional-escolar-virtual-antofagasta\/","og_site_name":"Antofagasta","article_published_time":"2020-05-18T22:14:43+00:00","article_modified_time":"2020-05-29T22:44:16+00:00","og_image":[{"width":736,"height":420,"url":"https:\/\/dev.explora.cl\/antofagasta\/wp-content\/uploads\/sites\/4\/2020\/05\/SWEB_CONGRESO.png","type":"image\/png"}],"author":"cgomez","twitter_card":"summary_large_image","twitter_misc":{"Escrito por":"cgomez"},"schema":{"@context":"https:\/\/schema.org","@graph":[{"@type":"Article","@id":"https:\/\/dev.explora.cl\/antofagasta\/xvi-congreso-regional-escolar-virtual-antofagasta\/#article","isPartOf":{"@id":"https:\/\/dev.explora.cl\/antofagasta\/xvi-congreso-regional-escolar-virtual-antofagasta\/"},"author":{"name":"cgomez","@id":"https:\/\/dev.explora.cl\/antofagasta\/#\/schema\/person\/71eda950cf8b3d75ad6c50a4d2179bcd"},"headline":"XVI Congreso Regional Escolar de las Ciencias y la Tecnolog\u00eda 2019 Regi\u00f3n de Antofagasta Virtual","datePublished":"2020-05-18T22:14:43+00:00","dateModified":"2020-05-29T22:44:16+00:00","mainEntityOfPage":{"@id":"https:\/\/dev.explora.cl\/antofagasta\/xvi-congreso-regional-escolar-virtual-antofagasta\/"},"wordCount":105,"image":{"@id":"https:\/\/dev.explora.cl\/antofagasta\/xvi-congreso-regional-escolar-virtual-antofagasta\/#primaryimage"},"thumbnailUrl":"https:\/\/dev.explora.cl\/antofagasta\/wp-content\/uploads\/sites\/4\/2020\/05\/SWEB_CONGRESO.png","keywords":["Antartica","Antofagasta","Calama","Ciencias","Congreso Regional Escolar","CRECYT","El Loa","Maria Elena","Mejillones","Ollag\u00fce","San Pedro de Atacama","Sierra Gorda","Taltal","tecnolog\u00eda","Tocopilla"],"articleSection":["Banner"],"inLanguage":"es-CL"},{"@type":"WebPage","@id":"https:\/\/dev.explora.cl\/antofagasta\/xvi-congreso-regional-escolar-virtual-antofagasta\/","url":"https:\/\/dev.explora.cl\/antofagasta\/xvi-congreso-regional-escolar-virtual-antofagasta\/","name":"XVI Congreso Regional Escolar de las Ciencias y la Tecnolog\u00eda 2019 Regi\u00f3n de Antofagasta Virtual - Antofagasta","isPartOf":{"@id":"https:\/\/dev.explora.cl\/antofagasta\/#website"},"primaryImageOfPage":{"@id":"https:\/\/dev.explora.cl\/antofagasta\/xvi-congreso-regional-escolar-virtual-antofagasta\/#primaryimage"},"image":{"@id":"https:\/\/dev.explora.cl\/antofagasta\/xvi-congreso-regional-escolar-virtual-antofagasta\/#primaryimage"},"thumbnailUrl":"https:\/\/dev.explora.cl\/antofagasta\/wp-content\/uploads\/sites\/4\/2020\/05\/SWEB_CONGRESO.png","datePublished":"2020-05-18T22:14:43+00:00","dateModified":"2020-05-29T22:44:16+00:00","author":{"@id":"https:\/\/dev.explora.cl\/antofagasta\/#\/schema\/person\/71eda950cf8b3d75ad6c50a4d2179bcd"},"breadcrumb":{"@id":"https:\/\/dev.explora.cl\/antofagasta\/xvi-congreso-regional-escolar-virtual-antofagasta\/#breadcrumb"},"inLanguage":"es-CL","potentialAction":[{"@type":"ReadAction","target":["https:\/\/dev.explora.cl\/antofagasta\/xvi-congreso-regional-escolar-virtual-antofagasta\/"]}]},{"@type":"ImageObject","inLanguage":"es-CL","@id":"https:\/\/dev.explora.cl\/antofagasta\/xvi-congreso-regional-escolar-virtual-antofagasta\/#primaryimage","url":"https:\/\/dev.explora.cl\/antofagasta\/wp-content\/uploads\/sites\/4\/2020\/05\/SWEB_CONGRESO.png","contentUrl":"https:\/\/dev.explora.cl\/antofagasta\/wp-content\/uploads\/sites\/4\/2020\/05\/SWEB_CONGRESO.png","width":736,"height":420},{"@type":"BreadcrumbList","@id":"https:\/\/dev.explora.cl\/antofagasta\/xvi-congreso-regional-escolar-virtual-antofagasta\/#breadcrumb","itemListElement":[{"@type":"ListItem","position":1,"name":"Portada","item":"https:\/\/dev.explora.cl\/antofagasta\/"},{"@type":"ListItem","position":2,"name":"XVI Congreso Regional Escolar de las Ciencias y la Tecnolog\u00eda 2019 Regi\u00f3n de Antofagasta Virtual"}]},{"@type":"WebSite","@id":"https:\/\/dev.explora.cl\/antofagasta\/#website","url":"https:\/\/dev.explora.cl\/antofagasta\/","name":"Antofagasta","description":"Otro sitio m\u00e1s de dev.explora.cl","potentialAction":[{"@type":"SearchAction","target":{"@type":"EntryPoint","urlTemplate":"https:\/\/dev.explora.cl\/antofagasta\/?s={search_term_string}"},"query-input":{"@type":"PropertyValueSpecification","valueRequired":true,"valueName":"search_term_string"}}],"inLanguage":"es-CL"},{"@type":"Person","@id":"https:\/\/dev.explora.cl\/antofagasta\/#\/schema\/person\/71eda950cf8b3d75ad6c50a4d2179bcd","name":"cgomez","image":{"@type":"ImageObject","inLanguage":"es-CL","@id":"https:\/\/dev.explora.cl\/antofagasta\/#\/schema\/person\/image\/","url":"https:\/\/secure.gravatar.com\/avatar\/0c1e119225e98dd5c5a5a0d26c2bd2448642e86ce4fece294b57037090af5dd6?s=96&d=mm&r=g","contentUrl":"https:\/\/secure.gravatar.com\/avatar\/0c1e119225e98dd5c5a5a0d26c2bd2448642e86ce4fece294b57037090af5dd6?s=96&d=mm&r=g","caption":"cgomez"},"url":"https:\/\/dev.explora.cl\/antofagasta\/author\/cgomez\/"}]}},"_links":{"self":[{"href":"https:\/\/dev.explora.cl\/antofagasta\/wp-json\/wp\/v2\/posts\/39899","targetHints":{"allow":["GET"]}}],"collection":[{"href":"https:\/\/dev.explora.cl\/antofagasta\/wp-json\/wp\/v2\/posts"}],"about":[{"href":"https:\/\/dev.explora.cl\/antofagasta\/wp-json\/wp\/v2\/types\/post"}],"author":[{"embeddable":true,"href":"https:\/\/dev.explora.cl\/antofagasta\/wp-json\/wp\/v2\/users\/19"}],"replies":[{"embeddable":true,"href":"https:\/\/dev.explora.cl\/antofagasta\/wp-json\/wp\/v2\/comments?post=39899"}],"version-history":[{"count":4,"href":"https:\/\/dev.explora.cl\/antofagasta\/wp-json\/wp\/v2\/posts\/39899\/revisions"}],"predecessor-version":[{"id":39904,"href":"https:\/\/dev.explora.cl\/antofagasta\/wp-json\/wp\/v2\/posts\/39899\/revisions\/39904"}],"wp:featuredmedia":[{"embeddable":true,"href":"https:\/\/dev.explora.cl\/antofagasta\/wp-json\/wp\/v2\/media\/39900"}],"wp:attachment":[{"href":"https:\/\/dev.explora.cl\/antofagasta\/wp-json\/wp\/v2\/media?parent=39899"}],"wp:term":[{"taxonomy":"category","embeddable":true,"href":"https:\/\/dev.explora.cl\/antofagasta\/wp-json\/wp\/v2\/categories?post=39899"},{"taxonomy":"post_tag","embeddable":true,"href":"https:\/\/dev.explora.cl\/antofagasta\/wp-json\/wp\/v2\/tags?post=39899"}],"curies":[{"name":"wp","href":"https:\/\/api.w.org\/{rel}","templated":true}]}}