{"id":39333,"date":"2019-08-12T14:08:06","date_gmt":"2019-08-12T18:08:06","guid":{"rendered":"https:\/\/dev.explora.cl\/antofagasta\/?p=39333"},"modified":"2020-05-20T13:17:01","modified_gmt":"2020-05-20T17:17:01","slug":"congreso-regional-escolar-de-la-ciencia-y-tecbologia","status":"publish","type":"post","link":"https:\/\/dev.explora.cl\/antofagasta\/congreso-regional-escolar-de-la-ciencia-y-tecbologia\/","title":{"rendered":"\u00a1Postula al XVI Congreso Regional Escolar de las Ciencias y Tecnolog\u00eda!"},"content":{"rendered":"<h3 style=\"font-weight: 400\"><strong>XVI Congreso Regional Escolar de la Ciencia y la Tecnolog\u00eda<\/strong><\/h3>\n<p><b>El PAR Explora de CONICYT Regi\u00f3n de Antofagasta, <\/b>ejecutado por la Universidad Cat\u00f3lica del Norte, convoca a los establecimientos educacionales a participar en el<strong> XVI Congreso Regional Escolar de las Ciencias y la Tecnolog\u00eda (CRECyT), <\/strong>que se realizar\u00e1 el <strong>martes 22 de octubre<\/strong>, a las <strong>09:00 horas<\/strong>, <strong>en calle Prat con San Mart\u00edn<\/strong>, a un costado de la Plaza Col\u00f3n de la ciudad de Antofagasta. En este encuentro de divulgaci\u00f3n de las ciencias y la tecnolog\u00eda, se compartir\u00e1n conocimientos y experiencias de las distintas comunas de la regi\u00f3n.<\/p>\n<p>Pueden participar equipos de estudiantes que cursen entre 5\u00b0 a\u00f1o de Educaci\u00f3n B\u00e1sica y 4\u00b0 a\u00f1o de Educaci\u00f3n Media, quienes mostrar\u00e1n a la comunidad el trabajo realizado en sus Investigaciones Cient\u00edficas Escolares, a trav\u00e9s de stands. Las investigaciones mejor evaluadas podr\u00e1n ser parte del Congreso Nacional Escolar de Ciencia y Tecnolog\u00eda, a efectuarse el martes 26, mi\u00e9rcoles 27 y jueves 28 de noviembre, en Santiago.<\/p>\n<p>La\u00a0 apertura de <strong>recepci\u00f3n de los proyectos de investigaci\u00f3n<\/strong> de la regi\u00f3n de Antofagasta ser\u00e1 desde el<strong> lunes 12 de agosto.<\/strong><\/p>\n<p>La fecha de<b> cierre de recepci\u00f3n de los proyectos,<\/b> ser\u00e1 el<b> viernes 06 de septiembre.<\/b><\/p>\n<p>Los <strong>trabajos seleccionado<\/strong>s ser\u00e1n notificados el <strong>viernes 27 de septiembre.<\/strong><\/p>\n<div><\/div>\n<h3><strong>Bases y anexos<\/strong><\/h3>\n<p>Las Bases del Congreso Regional Escolar de la Ciencia y la Tecnolog\u00eda ,puedes verlas\u00a0 <a href=\"https:\/\/drive.google.com\/open?id=15XyZfzFKCkAjbzGqqKD3PsB4PgHT9gxd\"><strong>AQU\u00cd<\/strong><\/a><\/p>\n<p>Para ver los anexos,pincha <a href=\"https:\/\/drive.google.com\/open?id=1_7gFLIxCcnnuPsEWK1HG1jQPpIFnp6pK\"><strong>AQU\u00cd<\/strong><\/a><\/p>\n<h3><strong>Para postular, completa los formularios seg\u00fan el \u00e1rea de investigaci\u00f3n<\/strong><\/h3>\n<p>Formulario Investigaci\u00f3n Ciencias Naturales, <a href=\"https:\/\/drive.google.com\/open?id=1tfojAJsHurnrE63zhyO2VWmPn1kiX3T3\"><strong>AQU\u00cd<\/strong><\/a><\/p>\n<p>Formulario Investigaci\u00f3n Ciencias Sociales, <a href=\"https:\/\/drive.google.com\/open?id=1xvAsSOzhdDLjXCjYr-_C0lXjf3SHYlcE\"><strong>AQU\u00cd<\/strong><\/a><\/p>\n<p>Formulario Ingenier\u00eda y Tecnolog\u00eda, <a href=\"https:\/\/drive.google.com\/open?id=14BeO6DbQ_S3R4sp8wWYFmrOE4B0Gt1V7\"><strong>AQU\u00cd<\/strong><\/a><\/p>\n<p>Los proyectos de investigaci\u00f3n se recibir\u00e1n en las dependencias del PAR Explora de CONICYT Regi\u00f3n de Antofagasta, pabell\u00f3n E-2 de la Universidad Cat\u00f3lica del Norte, ubicada en Avenida Angamos 0610, Antofagasta.<\/p>\n<h3><strong>Contacto<\/strong><\/h3>\n<p style=\"font-weight: 400\">Para entrega de los documentos y obtener mayor informaci\u00f3n sobre el XVI Congreso Regional Escolar de la Ciencia y\u00a0 Tecnolog\u00eda (CRECyT) o consultas, puedes comunicarte con <strong>Susana Vega<\/strong>, <strong>Encargada de Divulgaci\u00f3n y Vinculaci\u00f3n Educaci\u00f3n B\u00e1sica y Media<\/strong>, enviando un mail a <strong>suvega@ucn.cl<\/strong> o llamando a<strong> 55 &#8211; 2355044.<\/strong><\/p>\n<div><\/div>\n","protected":false},"excerpt":{"rendered":"<p>El PAR Explora de CONICYT Regi\u00f3n de Antofagasta, ejecutado por la Universidad Cat\u00f3lica del Norte, convoca a los establecimientos educacionales a participar en el\u00a0XVI Congreso Regional Escolar de la Ciencia y\u00a0 Tecnolog\u00eda (CRECyT), que se realizar\u00e1 el martes 22 de octubre, a las 09:00 horas, en calle Prat con San Mart\u00edn, a un costado de la Plaza Col\u00f3n de la ciudad de Antofagasta. En este encuentro de divulgaci\u00f3n de las ciencias y la tecnolog\u00eda, se compartir\u00e1n conocimientos y experiencias de las distintas comunas de la regi\u00f3n.<\/p>\n","protected":false},"author":19,"featured_media":39375,"comment_status":"closed","ping_status":"closed","sticky":false,"template":"","format":"standard","meta":{"_acf_changed":false,"_exactmetrics_skip_tracking":false,"_exactmetrics_sitenote_active":false,"_exactmetrics_sitenote_note":"","_exactmetrics_sitenote_category":0,"footnotes":"","_links_to":"","_links_to_target":""},"categories":[151],"tags":[148,107,101,21,199,14,76],"class_list":["post-39333","post","type-post","status-publish","format-standard","has-post-thumbnail","hentry","category-banner","tag-charlas-cientificas","tag-ciencia","tag-congreso-regional","tag-explora-conicyt","tag-ice","tag-investigacion-cientifica-escolar","tag-tecnologia"],"acf":[],"yoast_head":"<!-- This site is optimized with the Yoast SEO plugin v26.7 - https:\/\/yoast.com\/wordpress\/plugins\/seo\/ -->\n<title>\u00a1Postula al XVI Congreso Regional Escolar de las Ciencias y Tecnolog\u00eda! - Antofagasta<\/title>\n<meta name=\"robots\" content=\"index, follow, max-snippet:-1, max-image-preview:large, max-video-preview:-1\" \/>\n<link rel=\"canonical\" href=\"https:\/\/dev.explora.cl\/antofagasta\/congreso-regional-escolar-de-la-ciencia-y-tecbologia\/\" class=\"yoast-seo-meta-tag\" \/>\n<meta property=\"og:locale\" content=\"es_ES\" class=\"yoast-seo-meta-tag\" \/>\n<meta property=\"og:type\" content=\"article\" class=\"yoast-seo-meta-tag\" \/>\n<meta property=\"og:title\" content=\"\u00a1Postula al XVI Congreso Regional Escolar de las Ciencias y Tecnolog\u00eda! - Antofagasta\" class=\"yoast-seo-meta-tag\" \/>\n<meta property=\"og:description\" content=\"El PAR Explora de CONICYT Regi\u00f3n de Antofagasta, ejecutado por la Universidad Cat\u00f3lica del Norte, convoca a los establecimientos educacionales a participar en el\u00a0XVI Congreso Regional Escolar de la Ciencia y\u00a0 Tecnolog\u00eda (CRECyT), que se realizar\u00e1 el martes 22 de octubre, a las 09:00 horas, en calle Prat con San Mart\u00edn, a un costado de la Plaza Col\u00f3n de la ciudad de Antofagasta. En este encuentro de divulgaci\u00f3n de las ciencias y la tecnolog\u00eda, se compartir\u00e1n conocimientos y experiencias de las distintas comunas de la regi\u00f3n.\" class=\"yoast-seo-meta-tag\" \/>\n<meta property=\"og:url\" content=\"https:\/\/dev.explora.cl\/antofagasta\/congreso-regional-escolar-de-la-ciencia-y-tecbologia\/\" class=\"yoast-seo-meta-tag\" \/>\n<meta property=\"og:site_name\" content=\"Antofagasta\" class=\"yoast-seo-meta-tag\" \/>\n<meta property=\"article:published_time\" content=\"2019-08-12T18:08:06+00:00\" class=\"yoast-seo-meta-tag\" \/>\n<meta property=\"article:modified_time\" content=\"2020-05-20T17:17:01+00:00\" class=\"yoast-seo-meta-tag\" \/>\n<meta property=\"og:image\" content=\"https:\/\/dev.explora.cl\/antofagasta\/wp-content\/uploads\/sites\/4\/2019\/08\/BANNERWEB_CONGRESO.png\" class=\"yoast-seo-meta-tag\" \/>\n\t<meta property=\"og:image:width\" content=\"736\" class=\"yoast-seo-meta-tag\" \/>\n\t<meta property=\"og:image:height\" content=\"420\" class=\"yoast-seo-meta-tag\" \/>\n\t<meta property=\"og:image:type\" content=\"image\/png\" class=\"yoast-seo-meta-tag\" \/>\n<meta name=\"author\" content=\"cgomez\" class=\"yoast-seo-meta-tag\" \/>\n<meta name=\"twitter:card\" content=\"summary_large_image\" class=\"yoast-seo-meta-tag\" \/>\n<meta name=\"twitter:label1\" content=\"Escrito por\" class=\"yoast-seo-meta-tag\" \/>\n\t<meta name=\"twitter:data1\" content=\"cgomez\" class=\"yoast-seo-meta-tag\" \/>\n\t<meta name=\"twitter:label2\" content=\"Tiempo estimado de lectura\" class=\"yoast-seo-meta-tag\" \/>\n\t<meta name=\"twitter:data2\" content=\"2 minutos\" class=\"yoast-seo-meta-tag\" \/>\n<script type=\"application\/ld+json\" class=\"yoast-schema-graph\">{\"@context\":\"https:\/\/schema.org\",\"@graph\":[{\"@type\":\"Article\",\"@id\":\"https:\/\/dev.explora.cl\/antofagasta\/congreso-regional-escolar-de-la-ciencia-y-tecbologia\/#article\",\"isPartOf\":{\"@id\":\"https:\/\/dev.explora.cl\/antofagasta\/congreso-regional-escolar-de-la-ciencia-y-tecbologia\/\"},\"author\":{\"name\":\"cgomez\",\"@id\":\"https:\/\/dev.explora.cl\/antofagasta\/#\/schema\/person\/71eda950cf8b3d75ad6c50a4d2179bcd\"},\"headline\":\"\u00a1Postula al XVI Congreso Regional Escolar de las Ciencias y Tecnolog\u00eda!\",\"datePublished\":\"2019-08-12T18:08:06+00:00\",\"dateModified\":\"2020-05-20T17:17:01+00:00\",\"mainEntityOfPage\":{\"@id\":\"https:\/\/dev.explora.cl\/antofagasta\/congreso-regional-escolar-de-la-ciencia-y-tecbologia\/\"},\"wordCount\":383,\"image\":{\"@id\":\"https:\/\/dev.explora.cl\/antofagasta\/congreso-regional-escolar-de-la-ciencia-y-tecbologia\/#primaryimage\"},\"thumbnailUrl\":\"https:\/\/dev.explora.cl\/antofagasta\/wp-content\/uploads\/sites\/4\/2019\/08\/BANNERWEB_CONGRESO.png\",\"keywords\":[\"charlas cient\u00edficas\",\"ciencia\",\"Congreso Regional\",\"Explora Conicyt\",\"ICE\",\"investigaci\u00f3n cient\u00edfica escolar\",\"tecnolog\u00eda\"],\"articleSection\":[\"Banner\"],\"inLanguage\":\"es-CL\"},{\"@type\":\"WebPage\",\"@id\":\"https:\/\/dev.explora.cl\/antofagasta\/congreso-regional-escolar-de-la-ciencia-y-tecbologia\/\",\"url\":\"https:\/\/dev.explora.cl\/antofagasta\/congreso-regional-escolar-de-la-ciencia-y-tecbologia\/\",\"name\":\"\u00a1Postula al XVI Congreso Regional Escolar de las Ciencias y Tecnolog\u00eda! - Antofagasta\",\"isPartOf\":{\"@id\":\"https:\/\/dev.explora.cl\/antofagasta\/#website\"},\"primaryImageOfPage\":{\"@id\":\"https:\/\/dev.explora.cl\/antofagasta\/congreso-regional-escolar-de-la-ciencia-y-tecbologia\/#primaryimage\"},\"image\":{\"@id\":\"https:\/\/dev.explora.cl\/antofagasta\/congreso-regional-escolar-de-la-ciencia-y-tecbologia\/#primaryimage\"},\"thumbnailUrl\":\"https:\/\/dev.explora.cl\/antofagasta\/wp-content\/uploads\/sites\/4\/2019\/08\/BANNERWEB_CONGRESO.png\",\"datePublished\":\"2019-08-12T18:08:06+00:00\",\"dateModified\":\"2020-05-20T17:17:01+00:00\",\"author\":{\"@id\":\"https:\/\/dev.explora.cl\/antofagasta\/#\/schema\/person\/71eda950cf8b3d75ad6c50a4d2179bcd\"},\"breadcrumb\":{\"@id\":\"https:\/\/dev.explora.cl\/antofagasta\/congreso-regional-escolar-de-la-ciencia-y-tecbologia\/#breadcrumb\"},\"inLanguage\":\"es-CL\",\"potentialAction\":[{\"@type\":\"ReadAction\",\"target\":[\"https:\/\/dev.explora.cl\/antofagasta\/congreso-regional-escolar-de-la-ciencia-y-tecbologia\/\"]}]},{\"@type\":\"ImageObject\",\"inLanguage\":\"es-CL\",\"@id\":\"https:\/\/dev.explora.cl\/antofagasta\/congreso-regional-escolar-de-la-ciencia-y-tecbologia\/#primaryimage\",\"url\":\"https:\/\/dev.explora.cl\/antofagasta\/wp-content\/uploads\/sites\/4\/2019\/08\/BANNERWEB_CONGRESO.png\",\"contentUrl\":\"https:\/\/dev.explora.cl\/antofagasta\/wp-content\/uploads\/sites\/4\/2019\/08\/BANNERWEB_CONGRESO.png\",\"width\":736,\"height\":420},{\"@type\":\"BreadcrumbList\",\"@id\":\"https:\/\/dev.explora.cl\/antofagasta\/congreso-regional-escolar-de-la-ciencia-y-tecbologia\/#breadcrumb\",\"itemListElement\":[{\"@type\":\"ListItem\",\"position\":1,\"name\":\"Portada\",\"item\":\"https:\/\/dev.explora.cl\/antofagasta\/\"},{\"@type\":\"ListItem\",\"position\":2,\"name\":\"\u00a1Postula al XVI Congreso Regional Escolar de las Ciencias y Tecnolog\u00eda!\"}]},{\"@type\":\"WebSite\",\"@id\":\"https:\/\/dev.explora.cl\/antofagasta\/#website\",\"url\":\"https:\/\/dev.explora.cl\/antofagasta\/\",\"name\":\"Antofagasta\",\"description\":\"Otro sitio m\u00e1s de dev.explora.cl\",\"potentialAction\":[{\"@type\":\"SearchAction\",\"target\":{\"@type\":\"EntryPoint\",\"urlTemplate\":\"https:\/\/dev.explora.cl\/antofagasta\/?s={search_term_string}\"},\"query-input\":{\"@type\":\"PropertyValueSpecification\",\"valueRequired\":true,\"valueName\":\"search_term_string\"}}],\"inLanguage\":\"es-CL\"},{\"@type\":\"Person\",\"@id\":\"https:\/\/dev.explora.cl\/antofagasta\/#\/schema\/person\/71eda950cf8b3d75ad6c50a4d2179bcd\",\"name\":\"cgomez\",\"image\":{\"@type\":\"ImageObject\",\"inLanguage\":\"es-CL\",\"@id\":\"https:\/\/dev.explora.cl\/antofagasta\/#\/schema\/person\/image\/\",\"url\":\"https:\/\/secure.gravatar.com\/avatar\/0c1e119225e98dd5c5a5a0d26c2bd2448642e86ce4fece294b57037090af5dd6?s=96&d=mm&r=g\",\"contentUrl\":\"https:\/\/secure.gravatar.com\/avatar\/0c1e119225e98dd5c5a5a0d26c2bd2448642e86ce4fece294b57037090af5dd6?s=96&d=mm&r=g\",\"caption\":\"cgomez\"},\"url\":\"https:\/\/dev.explora.cl\/antofagasta\/author\/cgomez\/\"}]}<\/script>\n<!-- \/ Yoast SEO plugin. -->","yoast_head_json":{"title":"\u00a1Postula al XVI Congreso Regional Escolar de las Ciencias y Tecnolog\u00eda! - Antofagasta","robots":{"index":"index","follow":"follow","max-snippet":"max-snippet:-1","max-image-preview":"max-image-preview:large","max-video-preview":"max-video-preview:-1"},"canonical":"https:\/\/dev.explora.cl\/antofagasta\/congreso-regional-escolar-de-la-ciencia-y-tecbologia\/","og_locale":"es_ES","og_type":"article","og_title":"\u00a1Postula al XVI Congreso Regional Escolar de las Ciencias y Tecnolog\u00eda! - Antofagasta","og_description":"El PAR Explora de CONICYT Regi\u00f3n de Antofagasta, ejecutado por la Universidad Cat\u00f3lica del Norte, convoca a los establecimientos educacionales a participar en el\u00a0XVI Congreso Regional Escolar de la Ciencia y\u00a0 Tecnolog\u00eda (CRECyT), que se realizar\u00e1 el martes 22 de octubre, a las 09:00 horas, en calle Prat con San Mart\u00edn, a un costado de la Plaza Col\u00f3n de la ciudad de Antofagasta. En este encuentro de divulgaci\u00f3n de las ciencias y la tecnolog\u00eda, se compartir\u00e1n conocimientos y experiencias de las distintas comunas de la regi\u00f3n.","og_url":"https:\/\/dev.explora.cl\/antofagasta\/congreso-regional-escolar-de-la-ciencia-y-tecbologia\/","og_site_name":"Antofagasta","article_published_time":"2019-08-12T18:08:06+00:00","article_modified_time":"2020-05-20T17:17:01+00:00","og_image":[{"width":736,"height":420,"url":"https:\/\/dev.explora.cl\/antofagasta\/wp-content\/uploads\/sites\/4\/2019\/08\/BANNERWEB_CONGRESO.png","type":"image\/png"}],"author":"cgomez","twitter_card":"summary_large_image","twitter_misc":{"Escrito por":"cgomez","Tiempo estimado de lectura":"2 minutos"},"schema":{"@context":"https:\/\/schema.org","@graph":[{"@type":"Article","@id":"https:\/\/dev.explora.cl\/antofagasta\/congreso-regional-escolar-de-la-ciencia-y-tecbologia\/#article","isPartOf":{"@id":"https:\/\/dev.explora.cl\/antofagasta\/congreso-regional-escolar-de-la-ciencia-y-tecbologia\/"},"author":{"name":"cgomez","@id":"https:\/\/dev.explora.cl\/antofagasta\/#\/schema\/person\/71eda950cf8b3d75ad6c50a4d2179bcd"},"headline":"\u00a1Postula al XVI Congreso Regional Escolar de las Ciencias y Tecnolog\u00eda!","datePublished":"2019-08-12T18:08:06+00:00","dateModified":"2020-05-20T17:17:01+00:00","mainEntityOfPage":{"@id":"https:\/\/dev.explora.cl\/antofagasta\/congreso-regional-escolar-de-la-ciencia-y-tecbologia\/"},"wordCount":383,"image":{"@id":"https:\/\/dev.explora.cl\/antofagasta\/congreso-regional-escolar-de-la-ciencia-y-tecbologia\/#primaryimage"},"thumbnailUrl":"https:\/\/dev.explora.cl\/antofagasta\/wp-content\/uploads\/sites\/4\/2019\/08\/BANNERWEB_CONGRESO.png","keywords":["charlas cient\u00edficas","ciencia","Congreso Regional","Explora Conicyt","ICE","investigaci\u00f3n cient\u00edfica escolar","tecnolog\u00eda"],"articleSection":["Banner"],"inLanguage":"es-CL"},{"@type":"WebPage","@id":"https:\/\/dev.explora.cl\/antofagasta\/congreso-regional-escolar-de-la-ciencia-y-tecbologia\/","url":"https:\/\/dev.explora.cl\/antofagasta\/congreso-regional-escolar-de-la-ciencia-y-tecbologia\/","name":"\u00a1Postula al XVI Congreso Regional Escolar de las Ciencias y Tecnolog\u00eda! - Antofagasta","isPartOf":{"@id":"https:\/\/dev.explora.cl\/antofagasta\/#website"},"primaryImageOfPage":{"@id":"https:\/\/dev.explora.cl\/antofagasta\/congreso-regional-escolar-de-la-ciencia-y-tecbologia\/#primaryimage"},"image":{"@id":"https:\/\/dev.explora.cl\/antofagasta\/congreso-regional-escolar-de-la-ciencia-y-tecbologia\/#primaryimage"},"thumbnailUrl":"https:\/\/dev.explora.cl\/antofagasta\/wp-content\/uploads\/sites\/4\/2019\/08\/BANNERWEB_CONGRESO.png","datePublished":"2019-08-12T18:08:06+00:00","dateModified":"2020-05-20T17:17:01+00:00","author":{"@id":"https:\/\/dev.explora.cl\/antofagasta\/#\/schema\/person\/71eda950cf8b3d75ad6c50a4d2179bcd"},"breadcrumb":{"@id":"https:\/\/dev.explora.cl\/antofagasta\/congreso-regional-escolar-de-la-ciencia-y-tecbologia\/#breadcrumb"},"inLanguage":"es-CL","potentialAction":[{"@type":"ReadAction","target":["https:\/\/dev.explora.cl\/antofagasta\/congreso-regional-escolar-de-la-ciencia-y-tecbologia\/"]}]},{"@type":"ImageObject","inLanguage":"es-CL","@id":"https:\/\/dev.explora.cl\/antofagasta\/congreso-regional-escolar-de-la-ciencia-y-tecbologia\/#primaryimage","url":"https:\/\/dev.explora.cl\/antofagasta\/wp-content\/uploads\/sites\/4\/2019\/08\/BANNERWEB_CONGRESO.png","contentUrl":"https:\/\/dev.explora.cl\/antofagasta\/wp-content\/uploads\/sites\/4\/2019\/08\/BANNERWEB_CONGRESO.png","width":736,"height":420},{"@type":"BreadcrumbList","@id":"https:\/\/dev.explora.cl\/antofagasta\/congreso-regional-escolar-de-la-ciencia-y-tecbologia\/#breadcrumb","itemListElement":[{"@type":"ListItem","position":1,"name":"Portada","item":"https:\/\/dev.explora.cl\/antofagasta\/"},{"@type":"ListItem","position":2,"name":"\u00a1Postula al XVI Congreso Regional Escolar de las Ciencias y Tecnolog\u00eda!"}]},{"@type":"WebSite","@id":"https:\/\/dev.explora.cl\/antofagasta\/#website","url":"https:\/\/dev.explora.cl\/antofagasta\/","name":"Antofagasta","description":"Otro sitio m\u00e1s de dev.explora.cl","potentialAction":[{"@type":"SearchAction","target":{"@type":"EntryPoint","urlTemplate":"https:\/\/dev.explora.cl\/antofagasta\/?s={search_term_string}"},"query-input":{"@type":"PropertyValueSpecification","valueRequired":true,"valueName":"search_term_string"}}],"inLanguage":"es-CL"},{"@type":"Person","@id":"https:\/\/dev.explora.cl\/antofagasta\/#\/schema\/person\/71eda950cf8b3d75ad6c50a4d2179bcd","name":"cgomez","image":{"@type":"ImageObject","inLanguage":"es-CL","@id":"https:\/\/dev.explora.cl\/antofagasta\/#\/schema\/person\/image\/","url":"https:\/\/secure.gravatar.com\/avatar\/0c1e119225e98dd5c5a5a0d26c2bd2448642e86ce4fece294b57037090af5dd6?s=96&d=mm&r=g","contentUrl":"https:\/\/secure.gravatar.com\/avatar\/0c1e119225e98dd5c5a5a0d26c2bd2448642e86ce4fece294b57037090af5dd6?s=96&d=mm&r=g","caption":"cgomez"},"url":"https:\/\/dev.explora.cl\/antofagasta\/author\/cgomez\/"}]}},"_links":{"self":[{"href":"https:\/\/dev.explora.cl\/antofagasta\/wp-json\/wp\/v2\/posts\/39333","targetHints":{"allow":["GET"]}}],"collection":[{"href":"https:\/\/dev.explora.cl\/antofagasta\/wp-json\/wp\/v2\/posts"}],"about":[{"href":"https:\/\/dev.explora.cl\/antofagasta\/wp-json\/wp\/v2\/types\/post"}],"author":[{"embeddable":true,"href":"https:\/\/dev.explora.cl\/antofagasta\/wp-json\/wp\/v2\/users\/19"}],"replies":[{"embeddable":true,"href":"https:\/\/dev.explora.cl\/antofagasta\/wp-json\/wp\/v2\/comments?post=39333"}],"version-history":[{"count":14,"href":"https:\/\/dev.explora.cl\/antofagasta\/wp-json\/wp\/v2\/posts\/39333\/revisions"}],"predecessor-version":[{"id":39910,"href":"https:\/\/dev.explora.cl\/antofagasta\/wp-json\/wp\/v2\/posts\/39333\/revisions\/39910"}],"wp:featuredmedia":[{"embeddable":true,"href":"https:\/\/dev.explora.cl\/antofagasta\/wp-json\/wp\/v2\/media\/39375"}],"wp:attachment":[{"href":"https:\/\/dev.explora.cl\/antofagasta\/wp-json\/wp\/v2\/media?parent=39333"}],"wp:term":[{"taxonomy":"category","embeddable":true,"href":"https:\/\/dev.explora.cl\/antofagasta\/wp-json\/wp\/v2\/categories?post=39333"},{"taxonomy":"post_tag","embeddable":true,"href":"https:\/\/dev.explora.cl\/antofagasta\/wp-json\/wp\/v2\/tags?post=39333"}],"curies":[{"name":"wp","href":"https:\/\/api.w.org\/{rel}","templated":true}]}}