{"id":38306,"date":"2014-10-28T14:21:09","date_gmt":"2014-10-28T14:21:09","guid":{"rendered":"https:\/\/dev.explora.cl\/antofagasta\/blog\/2014\/10\/28\/parvulos-exponen-trabajos-cientificos\/"},"modified":"2019-05-16T03:21:51","modified_gmt":"2019-05-16T03:21:51","slug":"parvulos-exponen-trabajos-cientificos","status":"publish","type":"post","link":"https:\/\/dev.explora.cl\/antofagasta\/parvulos-exponen-trabajos-cientificos\/","title":{"rendered":"P\u00e1rvulos exponen trabajos cient\u00edficos"},"content":{"rendered":"<p><img loading=\"lazy\" decoding=\"async\" class=\" size-full wp-image-6605\" src=\"http:\/\/ec2-34-218-253-251.us-west-2.compute.amazonaws.com\/wp-content\/uploads\/2014\/10\/459eebd620c8a74d21de4cae2a5c425f.jpg\" alt=\"\" width=\"250\" height=\"376\" \/><\/p>\n<p>Presentar los resultados obtenidos durante el proceso de capacitaci\u00f3n a Educadoras de P\u00e1rvulo en el marco del proyecto \u201cFomento de las Ciencias en Educaci\u00f3n Parvularia\u201d, impulsado por el Proyecto Asociativo Regional EXPLORA de la Universidad de Antofagasta, es el objetivo de la Feria Congreso de Proyectos Cient\u00edficos de Educaci\u00f3n Parvularia que se realizar\u00e1 este mi\u00e9rcoles 5 de noviembre a las 10 horas en la Biblioteca Regional de Antofagasta.<\/p>\n<p>En la feria participar\u00e1n los p\u00e1rvulos de los niveles de las educadoras de la Escuela de P\u00e1rvulos Semillita y el Jard\u00edn Infantil Perlitas del Desierto y Ping\u00fcinitos, que participaron\u00a0 de los talleres te\u00f3rico-pr\u00e1cticos para realizar su actualizaci\u00f3n en ciencias.<\/p>\n<p>Los talleres fueron parte del proyecto \u00a0\u201cFomento de las Ciencias en Educaci\u00f3n Parvularia\u201d, impulsado por el Proyecto Asociativo Regional EXPLORA de la Universidad de Antofagasta, que busca promover el desarrollo de habilidades de pensamiento y aprendizaje de las ciencias en la Educaci\u00f3n Parvularia.<\/p>\n<p>Adem\u00e1s de la capacitaci\u00f3n a educadoras de p\u00e1rvulos, el proyecto consider\u00f3 la creaci\u00f3n de mini academias cient\u00edficas en dos jardines infantiles de Antofagasta, y la presentaci\u00f3n de los resultados de esas academias en esta Feria Congreso, organizada como actividad de cierre de la XX Semana Nacional de la Ciencia y Tecnolog\u00eda.<\/p>\n<p>\u00a0<\/p>\n<p>\u00a0<\/p>\n","protected":false},"excerpt":{"rendered":"<p>Presentar los resultados obtenidos durante el proceso de capacitaci\u00f3n a Educadoras de P\u00e1rvulo en el marco del proyecto \u201cFomento de las Ciencias en Educaci\u00f3n Parvularia\u201d, impulsado por el Proyecto Asociativo Regional EXPLORA de la Universidad de Antofagasta, es el objetivo de la Feria Congreso de Proyectos Cient\u00edficos de Educaci\u00f3n Parvularia que se realizar\u00e1 este mi\u00e9rcoles [&hellip;]<\/p>\n","protected":false},"author":2,"featured_media":6605,"comment_status":"closed","ping_status":"open","sticky":false,"template":"","format":"standard","meta":{"_acf_changed":false,"_exactmetrics_skip_tracking":false,"_exactmetrics_sitenote_active":false,"_exactmetrics_sitenote_note":"","_exactmetrics_sitenote_category":0,"footnotes":"","_links_to":"","_links_to_target":""},"categories":[4],"tags":[],"class_list":["post-38306","post","type-post","status-publish","format-standard","has-post-thumbnail","hentry","category-noticias"],"acf":[],"yoast_head":"<!-- This site is optimized with the Yoast SEO plugin v26.7 - https:\/\/yoast.com\/wordpress\/plugins\/seo\/ -->\n<title>P\u00e1rvulos exponen trabajos cient\u00edficos - Antofagasta<\/title>\n<meta name=\"robots\" content=\"index, follow, max-snippet:-1, max-image-preview:large, max-video-preview:-1\" \/>\n<link rel=\"canonical\" href=\"https:\/\/dev.explora.cl\/antofagasta\/parvulos-exponen-trabajos-cientificos\/\" class=\"yoast-seo-meta-tag\" \/>\n<meta property=\"og:locale\" content=\"es_ES\" class=\"yoast-seo-meta-tag\" \/>\n<meta property=\"og:type\" content=\"article\" class=\"yoast-seo-meta-tag\" \/>\n<meta property=\"og:title\" content=\"P\u00e1rvulos exponen trabajos cient\u00edficos - Antofagasta\" class=\"yoast-seo-meta-tag\" \/>\n<meta property=\"og:description\" content=\"Presentar los resultados obtenidos durante el proceso de capacitaci\u00f3n a Educadoras de P\u00e1rvulo en el marco del proyecto \u201cFomento de las Ciencias en Educaci\u00f3n Parvularia\u201d, impulsado por el Proyecto Asociativo Regional EXPLORA de la Universidad de Antofagasta, es el objetivo de la Feria Congreso de Proyectos Cient\u00edficos de Educaci\u00f3n Parvularia que se realizar\u00e1 este mi\u00e9rcoles [&hellip;]\" class=\"yoast-seo-meta-tag\" \/>\n<meta property=\"og:url\" content=\"https:\/\/dev.explora.cl\/antofagasta\/parvulos-exponen-trabajos-cientificos\/\" class=\"yoast-seo-meta-tag\" \/>\n<meta property=\"og:site_name\" content=\"Antofagasta\" class=\"yoast-seo-meta-tag\" \/>\n<meta property=\"article:published_time\" content=\"2014-10-28T14:21:09+00:00\" class=\"yoast-seo-meta-tag\" \/>\n<meta property=\"article:modified_time\" content=\"2019-05-16T03:21:51+00:00\" class=\"yoast-seo-meta-tag\" \/>\n<meta name=\"author\" content=\"webman\" class=\"yoast-seo-meta-tag\" \/>\n<meta name=\"twitter:card\" content=\"summary_large_image\" class=\"yoast-seo-meta-tag\" \/>\n<meta name=\"twitter:label1\" content=\"Escrito por\" class=\"yoast-seo-meta-tag\" \/>\n\t<meta name=\"twitter:data1\" content=\"webman\" class=\"yoast-seo-meta-tag\" \/>\n\t<meta name=\"twitter:label2\" content=\"Tiempo estimado de lectura\" class=\"yoast-seo-meta-tag\" \/>\n\t<meta name=\"twitter:data2\" content=\"1 minuto\" class=\"yoast-seo-meta-tag\" \/>\n<script type=\"application\/ld+json\" class=\"yoast-schema-graph\">{\"@context\":\"https:\/\/schema.org\",\"@graph\":[{\"@type\":\"Article\",\"@id\":\"https:\/\/dev.explora.cl\/antofagasta\/parvulos-exponen-trabajos-cientificos\/#article\",\"isPartOf\":{\"@id\":\"https:\/\/dev.explora.cl\/antofagasta\/parvulos-exponen-trabajos-cientificos\/\"},\"author\":{\"name\":\"webman\",\"@id\":\"https:\/\/dev.explora.cl\/antofagasta\/#\/schema\/person\/cb8349c13ea2d324080adf8480d7ba5d\"},\"headline\":\"P\u00e1rvulos exponen trabajos cient\u00edficos\",\"datePublished\":\"2014-10-28T14:21:09+00:00\",\"dateModified\":\"2019-05-16T03:21:51+00:00\",\"mainEntityOfPage\":{\"@id\":\"https:\/\/dev.explora.cl\/antofagasta\/parvulos-exponen-trabajos-cientificos\/\"},\"wordCount\":228,\"image\":{\"@id\":\"https:\/\/dev.explora.cl\/antofagasta\/parvulos-exponen-trabajos-cientificos\/#primaryimage\"},\"thumbnailUrl\":\"\",\"articleSection\":[\"Noticias\"],\"inLanguage\":\"es-CL\"},{\"@type\":\"WebPage\",\"@id\":\"https:\/\/dev.explora.cl\/antofagasta\/parvulos-exponen-trabajos-cientificos\/\",\"url\":\"https:\/\/dev.explora.cl\/antofagasta\/parvulos-exponen-trabajos-cientificos\/\",\"name\":\"P\u00e1rvulos exponen trabajos cient\u00edficos - Antofagasta\",\"isPartOf\":{\"@id\":\"https:\/\/dev.explora.cl\/antofagasta\/#website\"},\"primaryImageOfPage\":{\"@id\":\"https:\/\/dev.explora.cl\/antofagasta\/parvulos-exponen-trabajos-cientificos\/#primaryimage\"},\"image\":{\"@id\":\"https:\/\/dev.explora.cl\/antofagasta\/parvulos-exponen-trabajos-cientificos\/#primaryimage\"},\"thumbnailUrl\":\"\",\"datePublished\":\"2014-10-28T14:21:09+00:00\",\"dateModified\":\"2019-05-16T03:21:51+00:00\",\"author\":{\"@id\":\"https:\/\/dev.explora.cl\/antofagasta\/#\/schema\/person\/cb8349c13ea2d324080adf8480d7ba5d\"},\"breadcrumb\":{\"@id\":\"https:\/\/dev.explora.cl\/antofagasta\/parvulos-exponen-trabajos-cientificos\/#breadcrumb\"},\"inLanguage\":\"es-CL\",\"potentialAction\":[{\"@type\":\"ReadAction\",\"target\":[\"https:\/\/dev.explora.cl\/antofagasta\/parvulos-exponen-trabajos-cientificos\/\"]}]},{\"@type\":\"ImageObject\",\"inLanguage\":\"es-CL\",\"@id\":\"https:\/\/dev.explora.cl\/antofagasta\/parvulos-exponen-trabajos-cientificos\/#primaryimage\",\"url\":\"\",\"contentUrl\":\"\"},{\"@type\":\"BreadcrumbList\",\"@id\":\"https:\/\/dev.explora.cl\/antofagasta\/parvulos-exponen-trabajos-cientificos\/#breadcrumb\",\"itemListElement\":[{\"@type\":\"ListItem\",\"position\":1,\"name\":\"Portada\",\"item\":\"https:\/\/dev.explora.cl\/antofagasta\/\"},{\"@type\":\"ListItem\",\"position\":2,\"name\":\"P\u00e1rvulos exponen trabajos cient\u00edficos\"}]},{\"@type\":\"WebSite\",\"@id\":\"https:\/\/dev.explora.cl\/antofagasta\/#website\",\"url\":\"https:\/\/dev.explora.cl\/antofagasta\/\",\"name\":\"Antofagasta\",\"description\":\"Otro sitio m\u00e1s de dev.explora.cl\",\"potentialAction\":[{\"@type\":\"SearchAction\",\"target\":{\"@type\":\"EntryPoint\",\"urlTemplate\":\"https:\/\/dev.explora.cl\/antofagasta\/?s={search_term_string}\"},\"query-input\":{\"@type\":\"PropertyValueSpecification\",\"valueRequired\":true,\"valueName\":\"search_term_string\"}}],\"inLanguage\":\"es-CL\"},{\"@type\":\"Person\",\"@id\":\"https:\/\/dev.explora.cl\/antofagasta\/#\/schema\/person\/cb8349c13ea2d324080adf8480d7ba5d\",\"name\":\"webman\",\"image\":{\"@type\":\"ImageObject\",\"inLanguage\":\"es-CL\",\"@id\":\"https:\/\/dev.explora.cl\/antofagasta\/#\/schema\/person\/image\/\",\"url\":\"https:\/\/secure.gravatar.com\/avatar\/eeff3c82f2c02f7177d13663b7e6f890e9a6a0647ce9bb29cae02dcb094c7312?s=96&d=mm&r=g\",\"contentUrl\":\"https:\/\/secure.gravatar.com\/avatar\/eeff3c82f2c02f7177d13663b7e6f890e9a6a0647ce9bb29cae02dcb094c7312?s=96&d=mm&r=g\",\"caption\":\"webman\"},\"url\":\"https:\/\/dev.explora.cl\/antofagasta\/author\/webman\/\"}]}<\/script>\n<!-- \/ Yoast SEO plugin. -->","yoast_head_json":{"title":"P\u00e1rvulos exponen trabajos cient\u00edficos - Antofagasta","robots":{"index":"index","follow":"follow","max-snippet":"max-snippet:-1","max-image-preview":"max-image-preview:large","max-video-preview":"max-video-preview:-1"},"canonical":"https:\/\/dev.explora.cl\/antofagasta\/parvulos-exponen-trabajos-cientificos\/","og_locale":"es_ES","og_type":"article","og_title":"P\u00e1rvulos exponen trabajos cient\u00edficos - Antofagasta","og_description":"Presentar los resultados obtenidos durante el proceso de capacitaci\u00f3n a Educadoras de P\u00e1rvulo en el marco del proyecto \u201cFomento de las Ciencias en Educaci\u00f3n Parvularia\u201d, impulsado por el Proyecto Asociativo Regional EXPLORA de la Universidad de Antofagasta, es el objetivo de la Feria Congreso de Proyectos Cient\u00edficos de Educaci\u00f3n Parvularia que se realizar\u00e1 este mi\u00e9rcoles [&hellip;]","og_url":"https:\/\/dev.explora.cl\/antofagasta\/parvulos-exponen-trabajos-cientificos\/","og_site_name":"Antofagasta","article_published_time":"2014-10-28T14:21:09+00:00","article_modified_time":"2019-05-16T03:21:51+00:00","author":"webman","twitter_card":"summary_large_image","twitter_misc":{"Escrito por":"webman","Tiempo estimado de lectura":"1 minuto"},"schema":{"@context":"https:\/\/schema.org","@graph":[{"@type":"Article","@id":"https:\/\/dev.explora.cl\/antofagasta\/parvulos-exponen-trabajos-cientificos\/#article","isPartOf":{"@id":"https:\/\/dev.explora.cl\/antofagasta\/parvulos-exponen-trabajos-cientificos\/"},"author":{"name":"webman","@id":"https:\/\/dev.explora.cl\/antofagasta\/#\/schema\/person\/cb8349c13ea2d324080adf8480d7ba5d"},"headline":"P\u00e1rvulos exponen trabajos cient\u00edficos","datePublished":"2014-10-28T14:21:09+00:00","dateModified":"2019-05-16T03:21:51+00:00","mainEntityOfPage":{"@id":"https:\/\/dev.explora.cl\/antofagasta\/parvulos-exponen-trabajos-cientificos\/"},"wordCount":228,"image":{"@id":"https:\/\/dev.explora.cl\/antofagasta\/parvulos-exponen-trabajos-cientificos\/#primaryimage"},"thumbnailUrl":"","articleSection":["Noticias"],"inLanguage":"es-CL"},{"@type":"WebPage","@id":"https:\/\/dev.explora.cl\/antofagasta\/parvulos-exponen-trabajos-cientificos\/","url":"https:\/\/dev.explora.cl\/antofagasta\/parvulos-exponen-trabajos-cientificos\/","name":"P\u00e1rvulos exponen trabajos cient\u00edficos - Antofagasta","isPartOf":{"@id":"https:\/\/dev.explora.cl\/antofagasta\/#website"},"primaryImageOfPage":{"@id":"https:\/\/dev.explora.cl\/antofagasta\/parvulos-exponen-trabajos-cientificos\/#primaryimage"},"image":{"@id":"https:\/\/dev.explora.cl\/antofagasta\/parvulos-exponen-trabajos-cientificos\/#primaryimage"},"thumbnailUrl":"","datePublished":"2014-10-28T14:21:09+00:00","dateModified":"2019-05-16T03:21:51+00:00","author":{"@id":"https:\/\/dev.explora.cl\/antofagasta\/#\/schema\/person\/cb8349c13ea2d324080adf8480d7ba5d"},"breadcrumb":{"@id":"https:\/\/dev.explora.cl\/antofagasta\/parvulos-exponen-trabajos-cientificos\/#breadcrumb"},"inLanguage":"es-CL","potentialAction":[{"@type":"ReadAction","target":["https:\/\/dev.explora.cl\/antofagasta\/parvulos-exponen-trabajos-cientificos\/"]}]},{"@type":"ImageObject","inLanguage":"es-CL","@id":"https:\/\/dev.explora.cl\/antofagasta\/parvulos-exponen-trabajos-cientificos\/#primaryimage","url":"","contentUrl":""},{"@type":"BreadcrumbList","@id":"https:\/\/dev.explora.cl\/antofagasta\/parvulos-exponen-trabajos-cientificos\/#breadcrumb","itemListElement":[{"@type":"ListItem","position":1,"name":"Portada","item":"https:\/\/dev.explora.cl\/antofagasta\/"},{"@type":"ListItem","position":2,"name":"P\u00e1rvulos exponen trabajos cient\u00edficos"}]},{"@type":"WebSite","@id":"https:\/\/dev.explora.cl\/antofagasta\/#website","url":"https:\/\/dev.explora.cl\/antofagasta\/","name":"Antofagasta","description":"Otro sitio m\u00e1s de dev.explora.cl","potentialAction":[{"@type":"SearchAction","target":{"@type":"EntryPoint","urlTemplate":"https:\/\/dev.explora.cl\/antofagasta\/?s={search_term_string}"},"query-input":{"@type":"PropertyValueSpecification","valueRequired":true,"valueName":"search_term_string"}}],"inLanguage":"es-CL"},{"@type":"Person","@id":"https:\/\/dev.explora.cl\/antofagasta\/#\/schema\/person\/cb8349c13ea2d324080adf8480d7ba5d","name":"webman","image":{"@type":"ImageObject","inLanguage":"es-CL","@id":"https:\/\/dev.explora.cl\/antofagasta\/#\/schema\/person\/image\/","url":"https:\/\/secure.gravatar.com\/avatar\/eeff3c82f2c02f7177d13663b7e6f890e9a6a0647ce9bb29cae02dcb094c7312?s=96&d=mm&r=g","contentUrl":"https:\/\/secure.gravatar.com\/avatar\/eeff3c82f2c02f7177d13663b7e6f890e9a6a0647ce9bb29cae02dcb094c7312?s=96&d=mm&r=g","caption":"webman"},"url":"https:\/\/dev.explora.cl\/antofagasta\/author\/webman\/"}]}},"_links":{"self":[{"href":"https:\/\/dev.explora.cl\/antofagasta\/wp-json\/wp\/v2\/posts\/38306","targetHints":{"allow":["GET"]}}],"collection":[{"href":"https:\/\/dev.explora.cl\/antofagasta\/wp-json\/wp\/v2\/posts"}],"about":[{"href":"https:\/\/dev.explora.cl\/antofagasta\/wp-json\/wp\/v2\/types\/post"}],"author":[{"embeddable":true,"href":"https:\/\/dev.explora.cl\/antofagasta\/wp-json\/wp\/v2\/users\/2"}],"replies":[{"embeddable":true,"href":"https:\/\/dev.explora.cl\/antofagasta\/wp-json\/wp\/v2\/comments?post=38306"}],"version-history":[{"count":1,"href":"https:\/\/dev.explora.cl\/antofagasta\/wp-json\/wp\/v2\/posts\/38306\/revisions"}],"predecessor-version":[{"id":38829,"href":"https:\/\/dev.explora.cl\/antofagasta\/wp-json\/wp\/v2\/posts\/38306\/revisions\/38829"}],"wp:featuredmedia":[{"embeddable":true,"href":"https:\/\/dev.explora.cl\/antofagasta\/wp-json\/"}],"wp:attachment":[{"href":"https:\/\/dev.explora.cl\/antofagasta\/wp-json\/wp\/v2\/media?parent=38306"}],"wp:term":[{"taxonomy":"category","embeddable":true,"href":"https:\/\/dev.explora.cl\/antofagasta\/wp-json\/wp\/v2\/categories?post=38306"},{"taxonomy":"post_tag","embeddable":true,"href":"https:\/\/dev.explora.cl\/antofagasta\/wp-json\/wp\/v2\/tags?post=38306"}],"curies":[{"name":"wp","href":"https:\/\/api.w.org\/{rel}","templated":true}]}}