{"id":38297,"date":"2014-06-12T16:00:02","date_gmt":"2014-06-12T16:00:02","guid":{"rendered":"https:\/\/dev.explora.cl\/antofagasta\/blog\/2014\/06\/12\/proyecto-explora-conicyt-antofagasta-realizara-videoconferencia-sobre-energia-fotovoltaica\/"},"modified":"2019-05-16T03:22:47","modified_gmt":"2019-05-16T03:22:47","slug":"proyecto-explora-conicyt-antofagasta-realizara-videoconferencia-sobre-energia-fotovoltaica","status":"publish","type":"post","link":"https:\/\/dev.explora.cl\/antofagasta\/proyecto-explora-conicyt-antofagasta-realizara-videoconferencia-sobre-energia-fotovoltaica\/","title":{"rendered":"Proyecto EXPLORA CONICYT Antofagasta realizar\u00e1 videoconferencia sobre Energ\u00eda Fotovoltaica."},"content":{"rendered":"<p><img loading=\"lazy\" decoding=\"async\" class=\" size-full wp-image-3111\" src=\"http:\/\/ec2-34-218-253-251.us-west-2.compute.amazonaws.com\/wp-content\/uploads\/2014\/06\/bf0a58b987aa7318ac88de52f64c5fa6.jpg\" alt=\"\" width=\"200\" height=\"150\" \/><\/p>\n<div style=\"color: #555555;font-family: Arial, sans-serif;font-size: 14px;line-height: 23px\">\n<div class=\"entry\" style=\"padding: 0px;margin: 0px;border: 0px none;line-height: 1.5;font-family: Raleway;font-size: 12px\">\n<div style=\"color: #444444;font-family: 'Trebuchet MS', sans-serif;font-size: 12px;line-height: 16px;text-align: justify\">\n<p style=\"margin-top: 1px;margin-bottom: 1px;color: #444444;font-family: 'Trebuchet MS', sans-serif;font-size: 12px;line-height: 16px\">La charla ser\u00e1 dictada por Edward Fuentealba Vidal, director del Centro de Desarrollo Energ\u00e9tico de la Universidad de Antofagasta, a trav\u00e9s de la sala Reuna de la UA. En ella se abordar\u00e1 la tem\u00e1tica de la energ\u00eda solar y de la capacidad que poseen algunos materiales de producir electricidad al ser expuestos a la radiaci\u00f3n solar.<\/p>\n<p style=\"margin-top: 1px;margin-bottom: 1px;color: #444444;font-family: 'Trebuchet MS', sans-serif;font-size: 12px;line-height: 16px\">Dirigida a escolares, profesores y la comunidad en general de las 9 comunas de la Segunda Regi\u00f3n, el ciclo de 4 video conferencias pretende acercar la ciencia y tecnolog\u00eda a escolares que por nuestra geograf\u00eda, con distancias significativas entre comunas, no acceden a charlas y actividades de divulgaci\u00f3n cient\u00edfica que se realizan en la capital regional.<\/p>\n<p style=\"margin-top: 1px;margin-bottom: 1px;color: #444444;font-family: 'Trebuchet MS', sans-serif;font-size: 12px;line-height: 16px\">Para la realizaci\u00f3n de esta videoconferencia, EXPLORA CONICYT cuenta con la colaboraci\u00f3n del Centro de Desarrollo Energ\u00e9tico y del Departamento de Inform\u00e1tica de la Universidad de Antofagasta.<\/p>\n<p style=\"margin-top: 1px;margin-bottom: 1px;color: #444444;font-family: 'Trebuchet MS', sans-serif;font-size: 12px;line-height: 16px\">ANTECEDENTES T\u00c9CNICOS<\/p>\n<p style=\"margin-top: 1px;margin-bottom: 1px;color: #444444;font-family: 'Trebuchet MS', sans-serif;font-size: 12px;line-height: 16px\">Existen dos formas de participar de la videoconferencia. La primera es presencial. Tiene cupos limitados, por lo que se debe reservar el cupo. La segunda opci\u00f3n es v\u00eda internet, y se aconseja tener dos computadores para participar. Uno de ellos para ver la videoconferencia a trav\u00e9s de&nbsp;<a style=\"color: #007399\" href=\"http:\/\/www.reuna.cl\/\">www.reuna.cl<\/a>&nbsp;y el otro para la realizaci\u00f3n de preguntas.<\/p>\n<p style=\"margin-top: 1px;margin-bottom: 1px;color: #444444;font-family: 'Trebuchet MS', sans-serif;font-size: 12px;line-height: 16px\">Para las preguntas es necesario crear una cuenta de facebook con el nombre de la escuela participante y solicitar la incorporaci\u00f3n al mail&nbsp;<a style=\"color: #007399\" href=\"mailto:exploraantofagasta@gmail.com\">exploraantofagasta@gmail.com<\/a><\/p>\n<p style=\"margin-top: 1px;margin-bottom: 1px;color: #444444;font-family: 'Trebuchet MS', sans-serif;font-size: 12px;line-height: 16px\"><a style=\"color: #007399\" href=\"https:\/\/dev.explora.cl\/index.php?option=com_docman&amp;task=doc_download&amp;gid=2154\">Descargar Ficha de Inscripci\u00f3n<\/a><\/p>\n<\/p><\/div>\n<\/p><\/div>\n<\/p><\/div>\n","protected":false},"excerpt":{"rendered":"<p>La charla ser\u00e1 dictada por Edward Fuentealba Vidal, director del Centro de Desarrollo Energ\u00e9tico de la Universidad de Antofagasta, a trav\u00e9s de la sala Reuna de la UA. En ella se abordar\u00e1 la tem\u00e1tica de la energ\u00eda solar y de la capacidad que poseen algunos materiales de producir electricidad al ser expuestos a la radiaci\u00f3n [&hellip;]<\/p>\n","protected":false},"author":2,"featured_media":3111,"comment_status":"closed","ping_status":"open","sticky":false,"template":"","format":"standard","meta":{"_acf_changed":false,"_exactmetrics_skip_tracking":false,"_exactmetrics_sitenote_active":false,"_exactmetrics_sitenote_note":"","_exactmetrics_sitenote_category":0,"footnotes":"","_links_to":"","_links_to_target":""},"categories":[4],"tags":[],"class_list":["post-38297","post","type-post","status-publish","format-standard","has-post-thumbnail","hentry","category-noticias"],"acf":[],"yoast_head":"<!-- This site is optimized with the Yoast SEO plugin v26.7 - https:\/\/yoast.com\/wordpress\/plugins\/seo\/ -->\n<title>Proyecto EXPLORA CONICYT Antofagasta realizar\u00e1 videoconferencia sobre Energ\u00eda Fotovoltaica. - Antofagasta<\/title>\n<meta name=\"robots\" content=\"index, follow, max-snippet:-1, max-image-preview:large, max-video-preview:-1\" \/>\n<link rel=\"canonical\" href=\"https:\/\/dev.explora.cl\/antofagasta\/proyecto-explora-conicyt-antofagasta-realizara-videoconferencia-sobre-energia-fotovoltaica\/\" class=\"yoast-seo-meta-tag\" \/>\n<meta property=\"og:locale\" content=\"es_ES\" class=\"yoast-seo-meta-tag\" \/>\n<meta property=\"og:type\" content=\"article\" class=\"yoast-seo-meta-tag\" \/>\n<meta property=\"og:title\" content=\"Proyecto EXPLORA CONICYT Antofagasta realizar\u00e1 videoconferencia sobre Energ\u00eda Fotovoltaica. - Antofagasta\" class=\"yoast-seo-meta-tag\" \/>\n<meta property=\"og:description\" content=\"La charla ser\u00e1 dictada por Edward Fuentealba Vidal, director del Centro de Desarrollo Energ\u00e9tico de la Universidad de Antofagasta, a trav\u00e9s de la sala Reuna de la UA. En ella se abordar\u00e1 la tem\u00e1tica de la energ\u00eda solar y de la capacidad que poseen algunos materiales de producir electricidad al ser expuestos a la radiaci\u00f3n [&hellip;]\" class=\"yoast-seo-meta-tag\" \/>\n<meta property=\"og:url\" content=\"https:\/\/dev.explora.cl\/antofagasta\/proyecto-explora-conicyt-antofagasta-realizara-videoconferencia-sobre-energia-fotovoltaica\/\" class=\"yoast-seo-meta-tag\" \/>\n<meta property=\"og:site_name\" content=\"Antofagasta\" class=\"yoast-seo-meta-tag\" \/>\n<meta property=\"article:published_time\" content=\"2014-06-12T16:00:02+00:00\" class=\"yoast-seo-meta-tag\" \/>\n<meta property=\"article:modified_time\" content=\"2019-05-16T03:22:47+00:00\" class=\"yoast-seo-meta-tag\" \/>\n<meta name=\"author\" content=\"webman\" class=\"yoast-seo-meta-tag\" \/>\n<meta name=\"twitter:card\" content=\"summary_large_image\" class=\"yoast-seo-meta-tag\" \/>\n<meta name=\"twitter:label1\" content=\"Escrito por\" class=\"yoast-seo-meta-tag\" \/>\n\t<meta name=\"twitter:data1\" content=\"webman\" class=\"yoast-seo-meta-tag\" \/>\n\t<meta name=\"twitter:label2\" content=\"Tiempo estimado de lectura\" class=\"yoast-seo-meta-tag\" \/>\n\t<meta name=\"twitter:data2\" content=\"1 minuto\" class=\"yoast-seo-meta-tag\" \/>\n<script type=\"application\/ld+json\" class=\"yoast-schema-graph\">{\"@context\":\"https:\/\/schema.org\",\"@graph\":[{\"@type\":\"Article\",\"@id\":\"https:\/\/dev.explora.cl\/antofagasta\/proyecto-explora-conicyt-antofagasta-realizara-videoconferencia-sobre-energia-fotovoltaica\/#article\",\"isPartOf\":{\"@id\":\"https:\/\/dev.explora.cl\/antofagasta\/proyecto-explora-conicyt-antofagasta-realizara-videoconferencia-sobre-energia-fotovoltaica\/\"},\"author\":{\"name\":\"webman\",\"@id\":\"https:\/\/dev.explora.cl\/antofagasta\/#\/schema\/person\/cb8349c13ea2d324080adf8480d7ba5d\"},\"headline\":\"Proyecto EXPLORA CONICYT Antofagasta realizar\u00e1 videoconferencia sobre Energ\u00eda Fotovoltaica.\",\"datePublished\":\"2014-06-12T16:00:02+00:00\",\"dateModified\":\"2019-05-16T03:22:47+00:00\",\"mainEntityOfPage\":{\"@id\":\"https:\/\/dev.explora.cl\/antofagasta\/proyecto-explora-conicyt-antofagasta-realizara-videoconferencia-sobre-energia-fotovoltaica\/\"},\"wordCount\":261,\"image\":{\"@id\":\"https:\/\/dev.explora.cl\/antofagasta\/proyecto-explora-conicyt-antofagasta-realizara-videoconferencia-sobre-energia-fotovoltaica\/#primaryimage\"},\"thumbnailUrl\":\"\",\"articleSection\":[\"Noticias\"],\"inLanguage\":\"es-CL\"},{\"@type\":\"WebPage\",\"@id\":\"https:\/\/dev.explora.cl\/antofagasta\/proyecto-explora-conicyt-antofagasta-realizara-videoconferencia-sobre-energia-fotovoltaica\/\",\"url\":\"https:\/\/dev.explora.cl\/antofagasta\/proyecto-explora-conicyt-antofagasta-realizara-videoconferencia-sobre-energia-fotovoltaica\/\",\"name\":\"Proyecto EXPLORA CONICYT Antofagasta realizar\u00e1 videoconferencia sobre Energ\u00eda Fotovoltaica. - Antofagasta\",\"isPartOf\":{\"@id\":\"https:\/\/dev.explora.cl\/antofagasta\/#website\"},\"primaryImageOfPage\":{\"@id\":\"https:\/\/dev.explora.cl\/antofagasta\/proyecto-explora-conicyt-antofagasta-realizara-videoconferencia-sobre-energia-fotovoltaica\/#primaryimage\"},\"image\":{\"@id\":\"https:\/\/dev.explora.cl\/antofagasta\/proyecto-explora-conicyt-antofagasta-realizara-videoconferencia-sobre-energia-fotovoltaica\/#primaryimage\"},\"thumbnailUrl\":\"\",\"datePublished\":\"2014-06-12T16:00:02+00:00\",\"dateModified\":\"2019-05-16T03:22:47+00:00\",\"author\":{\"@id\":\"https:\/\/dev.explora.cl\/antofagasta\/#\/schema\/person\/cb8349c13ea2d324080adf8480d7ba5d\"},\"breadcrumb\":{\"@id\":\"https:\/\/dev.explora.cl\/antofagasta\/proyecto-explora-conicyt-antofagasta-realizara-videoconferencia-sobre-energia-fotovoltaica\/#breadcrumb\"},\"inLanguage\":\"es-CL\",\"potentialAction\":[{\"@type\":\"ReadAction\",\"target\":[\"https:\/\/dev.explora.cl\/antofagasta\/proyecto-explora-conicyt-antofagasta-realizara-videoconferencia-sobre-energia-fotovoltaica\/\"]}]},{\"@type\":\"ImageObject\",\"inLanguage\":\"es-CL\",\"@id\":\"https:\/\/dev.explora.cl\/antofagasta\/proyecto-explora-conicyt-antofagasta-realizara-videoconferencia-sobre-energia-fotovoltaica\/#primaryimage\",\"url\":\"\",\"contentUrl\":\"\"},{\"@type\":\"BreadcrumbList\",\"@id\":\"https:\/\/dev.explora.cl\/antofagasta\/proyecto-explora-conicyt-antofagasta-realizara-videoconferencia-sobre-energia-fotovoltaica\/#breadcrumb\",\"itemListElement\":[{\"@type\":\"ListItem\",\"position\":1,\"name\":\"Portada\",\"item\":\"https:\/\/dev.explora.cl\/antofagasta\/\"},{\"@type\":\"ListItem\",\"position\":2,\"name\":\"Proyecto EXPLORA CONICYT Antofagasta realizar\u00e1 videoconferencia sobre Energ\u00eda Fotovoltaica.\"}]},{\"@type\":\"WebSite\",\"@id\":\"https:\/\/dev.explora.cl\/antofagasta\/#website\",\"url\":\"https:\/\/dev.explora.cl\/antofagasta\/\",\"name\":\"Antofagasta\",\"description\":\"Otro sitio m\u00e1s de dev.explora.cl\",\"potentialAction\":[{\"@type\":\"SearchAction\",\"target\":{\"@type\":\"EntryPoint\",\"urlTemplate\":\"https:\/\/dev.explora.cl\/antofagasta\/?s={search_term_string}\"},\"query-input\":{\"@type\":\"PropertyValueSpecification\",\"valueRequired\":true,\"valueName\":\"search_term_string\"}}],\"inLanguage\":\"es-CL\"},{\"@type\":\"Person\",\"@id\":\"https:\/\/dev.explora.cl\/antofagasta\/#\/schema\/person\/cb8349c13ea2d324080adf8480d7ba5d\",\"name\":\"webman\",\"image\":{\"@type\":\"ImageObject\",\"inLanguage\":\"es-CL\",\"@id\":\"https:\/\/dev.explora.cl\/antofagasta\/#\/schema\/person\/image\/\",\"url\":\"https:\/\/secure.gravatar.com\/avatar\/eeff3c82f2c02f7177d13663b7e6f890e9a6a0647ce9bb29cae02dcb094c7312?s=96&d=mm&r=g\",\"contentUrl\":\"https:\/\/secure.gravatar.com\/avatar\/eeff3c82f2c02f7177d13663b7e6f890e9a6a0647ce9bb29cae02dcb094c7312?s=96&d=mm&r=g\",\"caption\":\"webman\"},\"url\":\"https:\/\/dev.explora.cl\/antofagasta\/author\/webman\/\"}]}<\/script>\n<!-- \/ Yoast SEO plugin. -->","yoast_head_json":{"title":"Proyecto EXPLORA CONICYT Antofagasta realizar\u00e1 videoconferencia sobre Energ\u00eda Fotovoltaica. - Antofagasta","robots":{"index":"index","follow":"follow","max-snippet":"max-snippet:-1","max-image-preview":"max-image-preview:large","max-video-preview":"max-video-preview:-1"},"canonical":"https:\/\/dev.explora.cl\/antofagasta\/proyecto-explora-conicyt-antofagasta-realizara-videoconferencia-sobre-energia-fotovoltaica\/","og_locale":"es_ES","og_type":"article","og_title":"Proyecto EXPLORA CONICYT Antofagasta realizar\u00e1 videoconferencia sobre Energ\u00eda Fotovoltaica. - Antofagasta","og_description":"La charla ser\u00e1 dictada por Edward Fuentealba Vidal, director del Centro de Desarrollo Energ\u00e9tico de la Universidad de Antofagasta, a trav\u00e9s de la sala Reuna de la UA. En ella se abordar\u00e1 la tem\u00e1tica de la energ\u00eda solar y de la capacidad que poseen algunos materiales de producir electricidad al ser expuestos a la radiaci\u00f3n [&hellip;]","og_url":"https:\/\/dev.explora.cl\/antofagasta\/proyecto-explora-conicyt-antofagasta-realizara-videoconferencia-sobre-energia-fotovoltaica\/","og_site_name":"Antofagasta","article_published_time":"2014-06-12T16:00:02+00:00","article_modified_time":"2019-05-16T03:22:47+00:00","author":"webman","twitter_card":"summary_large_image","twitter_misc":{"Escrito por":"webman","Tiempo estimado de lectura":"1 minuto"},"schema":{"@context":"https:\/\/schema.org","@graph":[{"@type":"Article","@id":"https:\/\/dev.explora.cl\/antofagasta\/proyecto-explora-conicyt-antofagasta-realizara-videoconferencia-sobre-energia-fotovoltaica\/#article","isPartOf":{"@id":"https:\/\/dev.explora.cl\/antofagasta\/proyecto-explora-conicyt-antofagasta-realizara-videoconferencia-sobre-energia-fotovoltaica\/"},"author":{"name":"webman","@id":"https:\/\/dev.explora.cl\/antofagasta\/#\/schema\/person\/cb8349c13ea2d324080adf8480d7ba5d"},"headline":"Proyecto EXPLORA CONICYT Antofagasta realizar\u00e1 videoconferencia sobre Energ\u00eda Fotovoltaica.","datePublished":"2014-06-12T16:00:02+00:00","dateModified":"2019-05-16T03:22:47+00:00","mainEntityOfPage":{"@id":"https:\/\/dev.explora.cl\/antofagasta\/proyecto-explora-conicyt-antofagasta-realizara-videoconferencia-sobre-energia-fotovoltaica\/"},"wordCount":261,"image":{"@id":"https:\/\/dev.explora.cl\/antofagasta\/proyecto-explora-conicyt-antofagasta-realizara-videoconferencia-sobre-energia-fotovoltaica\/#primaryimage"},"thumbnailUrl":"","articleSection":["Noticias"],"inLanguage":"es-CL"},{"@type":"WebPage","@id":"https:\/\/dev.explora.cl\/antofagasta\/proyecto-explora-conicyt-antofagasta-realizara-videoconferencia-sobre-energia-fotovoltaica\/","url":"https:\/\/dev.explora.cl\/antofagasta\/proyecto-explora-conicyt-antofagasta-realizara-videoconferencia-sobre-energia-fotovoltaica\/","name":"Proyecto EXPLORA CONICYT Antofagasta realizar\u00e1 videoconferencia sobre Energ\u00eda Fotovoltaica. - Antofagasta","isPartOf":{"@id":"https:\/\/dev.explora.cl\/antofagasta\/#website"},"primaryImageOfPage":{"@id":"https:\/\/dev.explora.cl\/antofagasta\/proyecto-explora-conicyt-antofagasta-realizara-videoconferencia-sobre-energia-fotovoltaica\/#primaryimage"},"image":{"@id":"https:\/\/dev.explora.cl\/antofagasta\/proyecto-explora-conicyt-antofagasta-realizara-videoconferencia-sobre-energia-fotovoltaica\/#primaryimage"},"thumbnailUrl":"","datePublished":"2014-06-12T16:00:02+00:00","dateModified":"2019-05-16T03:22:47+00:00","author":{"@id":"https:\/\/dev.explora.cl\/antofagasta\/#\/schema\/person\/cb8349c13ea2d324080adf8480d7ba5d"},"breadcrumb":{"@id":"https:\/\/dev.explora.cl\/antofagasta\/proyecto-explora-conicyt-antofagasta-realizara-videoconferencia-sobre-energia-fotovoltaica\/#breadcrumb"},"inLanguage":"es-CL","potentialAction":[{"@type":"ReadAction","target":["https:\/\/dev.explora.cl\/antofagasta\/proyecto-explora-conicyt-antofagasta-realizara-videoconferencia-sobre-energia-fotovoltaica\/"]}]},{"@type":"ImageObject","inLanguage":"es-CL","@id":"https:\/\/dev.explora.cl\/antofagasta\/proyecto-explora-conicyt-antofagasta-realizara-videoconferencia-sobre-energia-fotovoltaica\/#primaryimage","url":"","contentUrl":""},{"@type":"BreadcrumbList","@id":"https:\/\/dev.explora.cl\/antofagasta\/proyecto-explora-conicyt-antofagasta-realizara-videoconferencia-sobre-energia-fotovoltaica\/#breadcrumb","itemListElement":[{"@type":"ListItem","position":1,"name":"Portada","item":"https:\/\/dev.explora.cl\/antofagasta\/"},{"@type":"ListItem","position":2,"name":"Proyecto EXPLORA CONICYT Antofagasta realizar\u00e1 videoconferencia sobre Energ\u00eda Fotovoltaica."}]},{"@type":"WebSite","@id":"https:\/\/dev.explora.cl\/antofagasta\/#website","url":"https:\/\/dev.explora.cl\/antofagasta\/","name":"Antofagasta","description":"Otro sitio m\u00e1s de dev.explora.cl","potentialAction":[{"@type":"SearchAction","target":{"@type":"EntryPoint","urlTemplate":"https:\/\/dev.explora.cl\/antofagasta\/?s={search_term_string}"},"query-input":{"@type":"PropertyValueSpecification","valueRequired":true,"valueName":"search_term_string"}}],"inLanguage":"es-CL"},{"@type":"Person","@id":"https:\/\/dev.explora.cl\/antofagasta\/#\/schema\/person\/cb8349c13ea2d324080adf8480d7ba5d","name":"webman","image":{"@type":"ImageObject","inLanguage":"es-CL","@id":"https:\/\/dev.explora.cl\/antofagasta\/#\/schema\/person\/image\/","url":"https:\/\/secure.gravatar.com\/avatar\/eeff3c82f2c02f7177d13663b7e6f890e9a6a0647ce9bb29cae02dcb094c7312?s=96&d=mm&r=g","contentUrl":"https:\/\/secure.gravatar.com\/avatar\/eeff3c82f2c02f7177d13663b7e6f890e9a6a0647ce9bb29cae02dcb094c7312?s=96&d=mm&r=g","caption":"webman"},"url":"https:\/\/dev.explora.cl\/antofagasta\/author\/webman\/"}]}},"_links":{"self":[{"href":"https:\/\/dev.explora.cl\/antofagasta\/wp-json\/wp\/v2\/posts\/38297","targetHints":{"allow":["GET"]}}],"collection":[{"href":"https:\/\/dev.explora.cl\/antofagasta\/wp-json\/wp\/v2\/posts"}],"about":[{"href":"https:\/\/dev.explora.cl\/antofagasta\/wp-json\/wp\/v2\/types\/post"}],"author":[{"embeddable":true,"href":"https:\/\/dev.explora.cl\/antofagasta\/wp-json\/wp\/v2\/users\/2"}],"replies":[{"embeddable":true,"href":"https:\/\/dev.explora.cl\/antofagasta\/wp-json\/wp\/v2\/comments?post=38297"}],"version-history":[{"count":1,"href":"https:\/\/dev.explora.cl\/antofagasta\/wp-json\/wp\/v2\/posts\/38297\/revisions"}],"predecessor-version":[{"id":38897,"href":"https:\/\/dev.explora.cl\/antofagasta\/wp-json\/wp\/v2\/posts\/38297\/revisions\/38897"}],"wp:featuredmedia":[{"embeddable":true,"href":"https:\/\/dev.explora.cl\/antofagasta\/wp-json\/"}],"wp:attachment":[{"href":"https:\/\/dev.explora.cl\/antofagasta\/wp-json\/wp\/v2\/media?parent=38297"}],"wp:term":[{"taxonomy":"category","embeddable":true,"href":"https:\/\/dev.explora.cl\/antofagasta\/wp-json\/wp\/v2\/categories?post=38297"},{"taxonomy":"post_tag","embeddable":true,"href":"https:\/\/dev.explora.cl\/antofagasta\/wp-json\/wp\/v2\/tags?post=38297"}],"curies":[{"name":"wp","href":"https:\/\/api.w.org\/{rel}","templated":true}]}}