{"id":32661,"date":"2014-06-12T15:55:04","date_gmt":"2014-06-12T15:55:04","guid":{"rendered":"https:\/\/dev.explora.cl\/antofagasta\/blog\/2014\/06\/12\/ya-estan-abiertas-las-postulaciones-para-la-xi-feria-antartica-escolar\/"},"modified":"2019-05-16T03:22:48","modified_gmt":"2019-05-16T03:22:48","slug":"ya-estan-abiertas-las-postulaciones-para-la-xi-feria-antartica-escolar","status":"publish","type":"post","link":"https:\/\/dev.explora.cl\/antofagasta\/ya-estan-abiertas-las-postulaciones-para-la-xi-feria-antartica-escolar\/","title":{"rendered":"Ya est\u00e1n abiertas las postulaciones para la XI Feria Ant\u00e1rtica Escolar"},"content":{"rendered":"<p><img loading=\"lazy\" decoding=\"async\" class=\" size-full wp-image-3109\" src=\"http:\/\/ec2-34-218-253-251.us-west-2.compute.amazonaws.com\/wp-content\/uploads\/2014\/06\/0a2da575867a6a40e5b18b1844c561af.jpg\" alt=\"\" width=\"200\" height=\"113\" \/><\/p>\n<div style=\"color: #555555;font-family: Arial, sans-serif;font-size: 14px;line-height: 23px\">\n<div class=\"entry\" style=\"padding: 0px;margin: 0px;border: 0px none;line-height: 1.5;font-family: Raleway;font-size: 12px\">\n<div style=\"color: #444444;font-family: 'Trebuchet MS', sans-serif;font-size: 12px;line-height: 16px;text-align: justify\">\n<p style=\"margin-top: 1px;margin-bottom: 1px;color: #444444;font-family: 'Trebuchet MS', sans-serif;font-size: 12px;line-height: 16px\">Ya est\u00e1 abierta la convocatoria para que los estudiantes de ense\u00f1anza media de la regi\u00f3n puedan participar en la XI Feria Ant\u00e1rtica Escolar, evento que reunir\u00e1&nbsp; a los 25 mejores trabajos del pa\u00eds en torno al tema de la Ant\u00e1rtica y que se realizar\u00e1 en Punta Arenas.<\/p>\n<p style=\"margin-top: 1px;margin-bottom: 1px;color: #444444;font-family: 'Trebuchet MS', sans-serif;font-size: 12px;line-height: 16px\">Quienes deseen participar deben realizar una investigaci\u00f3n referente a la Ant\u00e1rtica en dos categor\u00edas: Trabajo Experimental&nbsp; o Investigaci\u00f3n Bibliogr\u00e1fica. Para llevar adelante esas investigaciones recibir\u00e1n el apoyo del Proyecto Asociativo Regional EXPLORA CONICYT de la Universidad de Antofagasta, quienes han servido de contacto entre los estudiantes y cient\u00edficos que act\u00faan como asesores en las investigaciones en las versiones anteriores de este concurso. Las bases ya est\u00e1n publicadas en&nbsp;<a style=\"color: #007399\" href=\"http:\/\/www.inach.cl\/fae\">www.inach.cl\/fae<\/a>.<\/p>\n<p style=\"margin-top: 1px;margin-bottom: 1px;color: #444444;font-family: 'Trebuchet MS', sans-serif;font-size: 12px;line-height: 16px\"><strong>COMO PARTICIPAR<\/strong><\/p>\n<p style=\"margin-top: 1px;margin-bottom: 1px;color: #444444;font-family: 'Trebuchet MS', sans-serif;font-size: 12px;line-height: 16px\">Para participar en esta Feria, los interesados deber\u00e1n cursar de 1\u00b0 a 3\u00b0 a\u00f1o de ense\u00f1anza media de los establecimientos educacionales cient\u00edfico humanista y t\u00e9cnico profesionales de todo el pa\u00eds. Podr\u00e1n hacerlo de forma individual o en grupos de dos o tres estudiantes.<\/p>\n<p style=\"margin-top: 1px;margin-bottom: 1px;color: #444444;font-family: 'Trebuchet MS', sans-serif;font-size: 12px;line-height: 16px\">Estos grupos de estudiantes deben generar un proyecto de investigaci\u00f3n que se enmarque dentro de cinco l\u00edneas de investigaci\u00f3n propuestas por el Instituto Ant\u00e1rtico Chileno (INACH) que son: Relaciones entre Sudam\u00e9rica y Ant\u00e1rtica, Adaptaciones al medio ant\u00e1rtico y sus biorrecursos, Abundancia y diversidad de organismos ant\u00e1rticos, Calentamiento global y evoluci\u00f3n del clima, y Medio Ambiente.<\/p>\n<p style=\"margin-top: 1px;margin-bottom: 1px;color: #444444;font-family: 'Trebuchet MS', sans-serif;font-size: 12px;line-height: 16px\">S\u00f3lo los 25 mejores trabajos de todo Chile son seleccionados para participar en el encuentro. Los estudiantes presentan sus trabajos en stand y en forma oral en la FAE, los dos equipos ganadores tendr\u00e1n la posibilidad de integrar la Expedici\u00f3n Ant\u00e1rtica Escolar 2015, donde acompa\u00f1ados de sus profesores gu\u00edas,&nbsp; profesionales y cient\u00edficos de la INACH desarrollar\u00e1n un programa de actividades cient\u00edficas especialmente dise\u00f1adas para ellos.<\/p>\n<p style=\"margin-top: 1px;margin-bottom: 1px;color: #444444;font-family: 'Trebuchet MS', sans-serif;font-size: 12px;line-height: 16px\">Cabe destacar que en la anterior versi\u00f3n de la FAE, nuestra regi\u00f3n logr\u00f3 la clasificaci\u00f3n de dos trabajos que viajaron a Punta Arenas, y en la versi\u00f3n 2012 ambos ganadores en la categor\u00eda Trabajo Bibliogr\u00e1fico fueron antofagastinos.<\/p>\n<\/p><\/div>\n<\/p><\/div>\n<\/p><\/div>\n","protected":false},"excerpt":{"rendered":"<p>Ya est\u00e1 abierta la convocatoria para que los estudiantes de ense\u00f1anza media de la regi\u00f3n puedan participar en la XI Feria Ant\u00e1rtica Escolar, evento que reunir\u00e1&nbsp; a los 25 mejores trabajos del pa\u00eds en torno al tema de la Ant\u00e1rtica y que se realizar\u00e1 en Punta Arenas. Quienes deseen participar deben realizar una investigaci\u00f3n referente [&hellip;]<\/p>\n","protected":false},"author":2,"featured_media":3109,"comment_status":"closed","ping_status":"open","sticky":false,"template":"","format":"standard","meta":{"_acf_changed":false,"_exactmetrics_skip_tracking":false,"_exactmetrics_sitenote_active":false,"_exactmetrics_sitenote_note":"","_exactmetrics_sitenote_category":0,"footnotes":"","_links_to":"","_links_to_target":""},"categories":[4],"tags":[],"class_list":["post-32661","post","type-post","status-publish","format-standard","has-post-thumbnail","hentry","category-noticias"],"acf":[],"yoast_head":"<!-- This site is optimized with the Yoast SEO plugin v26.7 - https:\/\/yoast.com\/wordpress\/plugins\/seo\/ -->\n<title>Ya est\u00e1n abiertas las postulaciones para la XI Feria Ant\u00e1rtica Escolar - Antofagasta<\/title>\n<meta name=\"robots\" content=\"index, follow, max-snippet:-1, max-image-preview:large, max-video-preview:-1\" \/>\n<link rel=\"canonical\" href=\"https:\/\/dev.explora.cl\/antofagasta\/ya-estan-abiertas-las-postulaciones-para-la-xi-feria-antartica-escolar\/\" class=\"yoast-seo-meta-tag\" \/>\n<meta property=\"og:locale\" content=\"es_ES\" class=\"yoast-seo-meta-tag\" \/>\n<meta property=\"og:type\" content=\"article\" class=\"yoast-seo-meta-tag\" \/>\n<meta property=\"og:title\" content=\"Ya est\u00e1n abiertas las postulaciones para la XI Feria Ant\u00e1rtica Escolar - Antofagasta\" class=\"yoast-seo-meta-tag\" \/>\n<meta property=\"og:description\" content=\"Ya est\u00e1 abierta la convocatoria para que los estudiantes de ense\u00f1anza media de la regi\u00f3n puedan participar en la XI Feria Ant\u00e1rtica Escolar, evento que reunir\u00e1&nbsp; a los 25 mejores trabajos del pa\u00eds en torno al tema de la Ant\u00e1rtica y que se realizar\u00e1 en Punta Arenas. Quienes deseen participar deben realizar una investigaci\u00f3n referente [&hellip;]\" class=\"yoast-seo-meta-tag\" \/>\n<meta property=\"og:url\" content=\"https:\/\/dev.explora.cl\/antofagasta\/ya-estan-abiertas-las-postulaciones-para-la-xi-feria-antartica-escolar\/\" class=\"yoast-seo-meta-tag\" \/>\n<meta property=\"og:site_name\" content=\"Antofagasta\" class=\"yoast-seo-meta-tag\" \/>\n<meta property=\"article:published_time\" content=\"2014-06-12T15:55:04+00:00\" class=\"yoast-seo-meta-tag\" \/>\n<meta property=\"article:modified_time\" content=\"2019-05-16T03:22:48+00:00\" class=\"yoast-seo-meta-tag\" \/>\n<meta name=\"author\" content=\"webman\" class=\"yoast-seo-meta-tag\" \/>\n<meta name=\"twitter:card\" content=\"summary_large_image\" class=\"yoast-seo-meta-tag\" \/>\n<meta name=\"twitter:label1\" content=\"Escrito por\" class=\"yoast-seo-meta-tag\" \/>\n\t<meta name=\"twitter:data1\" content=\"webman\" class=\"yoast-seo-meta-tag\" \/>\n\t<meta name=\"twitter:label2\" content=\"Tiempo estimado de lectura\" class=\"yoast-seo-meta-tag\" \/>\n\t<meta name=\"twitter:data2\" content=\"2 minutos\" class=\"yoast-seo-meta-tag\" \/>\n<script type=\"application\/ld+json\" class=\"yoast-schema-graph\">{\"@context\":\"https:\/\/schema.org\",\"@graph\":[{\"@type\":\"Article\",\"@id\":\"https:\/\/dev.explora.cl\/antofagasta\/ya-estan-abiertas-las-postulaciones-para-la-xi-feria-antartica-escolar\/#article\",\"isPartOf\":{\"@id\":\"https:\/\/dev.explora.cl\/antofagasta\/ya-estan-abiertas-las-postulaciones-para-la-xi-feria-antartica-escolar\/\"},\"author\":{\"name\":\"webman\",\"@id\":\"https:\/\/dev.explora.cl\/antofagasta\/#\/schema\/person\/cb8349c13ea2d324080adf8480d7ba5d\"},\"headline\":\"Ya est\u00e1n abiertas las postulaciones para la XI Feria Ant\u00e1rtica Escolar\",\"datePublished\":\"2014-06-12T15:55:04+00:00\",\"dateModified\":\"2019-05-16T03:22:48+00:00\",\"mainEntityOfPage\":{\"@id\":\"https:\/\/dev.explora.cl\/antofagasta\/ya-estan-abiertas-las-postulaciones-para-la-xi-feria-antartica-escolar\/\"},\"wordCount\":378,\"image\":{\"@id\":\"https:\/\/dev.explora.cl\/antofagasta\/ya-estan-abiertas-las-postulaciones-para-la-xi-feria-antartica-escolar\/#primaryimage\"},\"thumbnailUrl\":\"\",\"articleSection\":[\"Noticias\"],\"inLanguage\":\"es-CL\"},{\"@type\":\"WebPage\",\"@id\":\"https:\/\/dev.explora.cl\/antofagasta\/ya-estan-abiertas-las-postulaciones-para-la-xi-feria-antartica-escolar\/\",\"url\":\"https:\/\/dev.explora.cl\/antofagasta\/ya-estan-abiertas-las-postulaciones-para-la-xi-feria-antartica-escolar\/\",\"name\":\"Ya est\u00e1n abiertas las postulaciones para la XI Feria Ant\u00e1rtica Escolar - Antofagasta\",\"isPartOf\":{\"@id\":\"https:\/\/dev.explora.cl\/antofagasta\/#website\"},\"primaryImageOfPage\":{\"@id\":\"https:\/\/dev.explora.cl\/antofagasta\/ya-estan-abiertas-las-postulaciones-para-la-xi-feria-antartica-escolar\/#primaryimage\"},\"image\":{\"@id\":\"https:\/\/dev.explora.cl\/antofagasta\/ya-estan-abiertas-las-postulaciones-para-la-xi-feria-antartica-escolar\/#primaryimage\"},\"thumbnailUrl\":\"\",\"datePublished\":\"2014-06-12T15:55:04+00:00\",\"dateModified\":\"2019-05-16T03:22:48+00:00\",\"author\":{\"@id\":\"https:\/\/dev.explora.cl\/antofagasta\/#\/schema\/person\/cb8349c13ea2d324080adf8480d7ba5d\"},\"breadcrumb\":{\"@id\":\"https:\/\/dev.explora.cl\/antofagasta\/ya-estan-abiertas-las-postulaciones-para-la-xi-feria-antartica-escolar\/#breadcrumb\"},\"inLanguage\":\"es-CL\",\"potentialAction\":[{\"@type\":\"ReadAction\",\"target\":[\"https:\/\/dev.explora.cl\/antofagasta\/ya-estan-abiertas-las-postulaciones-para-la-xi-feria-antartica-escolar\/\"]}]},{\"@type\":\"ImageObject\",\"inLanguage\":\"es-CL\",\"@id\":\"https:\/\/dev.explora.cl\/antofagasta\/ya-estan-abiertas-las-postulaciones-para-la-xi-feria-antartica-escolar\/#primaryimage\",\"url\":\"\",\"contentUrl\":\"\"},{\"@type\":\"BreadcrumbList\",\"@id\":\"https:\/\/dev.explora.cl\/antofagasta\/ya-estan-abiertas-las-postulaciones-para-la-xi-feria-antartica-escolar\/#breadcrumb\",\"itemListElement\":[{\"@type\":\"ListItem\",\"position\":1,\"name\":\"Portada\",\"item\":\"https:\/\/dev.explora.cl\/antofagasta\/\"},{\"@type\":\"ListItem\",\"position\":2,\"name\":\"Ya est\u00e1n abiertas las postulaciones para la XI Feria Ant\u00e1rtica Escolar\"}]},{\"@type\":\"WebSite\",\"@id\":\"https:\/\/dev.explora.cl\/antofagasta\/#website\",\"url\":\"https:\/\/dev.explora.cl\/antofagasta\/\",\"name\":\"Antofagasta\",\"description\":\"Otro sitio m\u00e1s de dev.explora.cl\",\"potentialAction\":[{\"@type\":\"SearchAction\",\"target\":{\"@type\":\"EntryPoint\",\"urlTemplate\":\"https:\/\/dev.explora.cl\/antofagasta\/?s={search_term_string}\"},\"query-input\":{\"@type\":\"PropertyValueSpecification\",\"valueRequired\":true,\"valueName\":\"search_term_string\"}}],\"inLanguage\":\"es-CL\"},{\"@type\":\"Person\",\"@id\":\"https:\/\/dev.explora.cl\/antofagasta\/#\/schema\/person\/cb8349c13ea2d324080adf8480d7ba5d\",\"name\":\"webman\",\"image\":{\"@type\":\"ImageObject\",\"inLanguage\":\"es-CL\",\"@id\":\"https:\/\/dev.explora.cl\/antofagasta\/#\/schema\/person\/image\/\",\"url\":\"https:\/\/secure.gravatar.com\/avatar\/eeff3c82f2c02f7177d13663b7e6f890e9a6a0647ce9bb29cae02dcb094c7312?s=96&d=mm&r=g\",\"contentUrl\":\"https:\/\/secure.gravatar.com\/avatar\/eeff3c82f2c02f7177d13663b7e6f890e9a6a0647ce9bb29cae02dcb094c7312?s=96&d=mm&r=g\",\"caption\":\"webman\"},\"url\":\"https:\/\/dev.explora.cl\/antofagasta\/author\/webman\/\"}]}<\/script>\n<!-- \/ Yoast SEO plugin. -->","yoast_head_json":{"title":"Ya est\u00e1n abiertas las postulaciones para la XI Feria Ant\u00e1rtica Escolar - Antofagasta","robots":{"index":"index","follow":"follow","max-snippet":"max-snippet:-1","max-image-preview":"max-image-preview:large","max-video-preview":"max-video-preview:-1"},"canonical":"https:\/\/dev.explora.cl\/antofagasta\/ya-estan-abiertas-las-postulaciones-para-la-xi-feria-antartica-escolar\/","og_locale":"es_ES","og_type":"article","og_title":"Ya est\u00e1n abiertas las postulaciones para la XI Feria Ant\u00e1rtica Escolar - Antofagasta","og_description":"Ya est\u00e1 abierta la convocatoria para que los estudiantes de ense\u00f1anza media de la regi\u00f3n puedan participar en la XI Feria Ant\u00e1rtica Escolar, evento que reunir\u00e1&nbsp; a los 25 mejores trabajos del pa\u00eds en torno al tema de la Ant\u00e1rtica y que se realizar\u00e1 en Punta Arenas. Quienes deseen participar deben realizar una investigaci\u00f3n referente [&hellip;]","og_url":"https:\/\/dev.explora.cl\/antofagasta\/ya-estan-abiertas-las-postulaciones-para-la-xi-feria-antartica-escolar\/","og_site_name":"Antofagasta","article_published_time":"2014-06-12T15:55:04+00:00","article_modified_time":"2019-05-16T03:22:48+00:00","author":"webman","twitter_card":"summary_large_image","twitter_misc":{"Escrito por":"webman","Tiempo estimado de lectura":"2 minutos"},"schema":{"@context":"https:\/\/schema.org","@graph":[{"@type":"Article","@id":"https:\/\/dev.explora.cl\/antofagasta\/ya-estan-abiertas-las-postulaciones-para-la-xi-feria-antartica-escolar\/#article","isPartOf":{"@id":"https:\/\/dev.explora.cl\/antofagasta\/ya-estan-abiertas-las-postulaciones-para-la-xi-feria-antartica-escolar\/"},"author":{"name":"webman","@id":"https:\/\/dev.explora.cl\/antofagasta\/#\/schema\/person\/cb8349c13ea2d324080adf8480d7ba5d"},"headline":"Ya est\u00e1n abiertas las postulaciones para la XI Feria Ant\u00e1rtica Escolar","datePublished":"2014-06-12T15:55:04+00:00","dateModified":"2019-05-16T03:22:48+00:00","mainEntityOfPage":{"@id":"https:\/\/dev.explora.cl\/antofagasta\/ya-estan-abiertas-las-postulaciones-para-la-xi-feria-antartica-escolar\/"},"wordCount":378,"image":{"@id":"https:\/\/dev.explora.cl\/antofagasta\/ya-estan-abiertas-las-postulaciones-para-la-xi-feria-antartica-escolar\/#primaryimage"},"thumbnailUrl":"","articleSection":["Noticias"],"inLanguage":"es-CL"},{"@type":"WebPage","@id":"https:\/\/dev.explora.cl\/antofagasta\/ya-estan-abiertas-las-postulaciones-para-la-xi-feria-antartica-escolar\/","url":"https:\/\/dev.explora.cl\/antofagasta\/ya-estan-abiertas-las-postulaciones-para-la-xi-feria-antartica-escolar\/","name":"Ya est\u00e1n abiertas las postulaciones para la XI Feria Ant\u00e1rtica Escolar - Antofagasta","isPartOf":{"@id":"https:\/\/dev.explora.cl\/antofagasta\/#website"},"primaryImageOfPage":{"@id":"https:\/\/dev.explora.cl\/antofagasta\/ya-estan-abiertas-las-postulaciones-para-la-xi-feria-antartica-escolar\/#primaryimage"},"image":{"@id":"https:\/\/dev.explora.cl\/antofagasta\/ya-estan-abiertas-las-postulaciones-para-la-xi-feria-antartica-escolar\/#primaryimage"},"thumbnailUrl":"","datePublished":"2014-06-12T15:55:04+00:00","dateModified":"2019-05-16T03:22:48+00:00","author":{"@id":"https:\/\/dev.explora.cl\/antofagasta\/#\/schema\/person\/cb8349c13ea2d324080adf8480d7ba5d"},"breadcrumb":{"@id":"https:\/\/dev.explora.cl\/antofagasta\/ya-estan-abiertas-las-postulaciones-para-la-xi-feria-antartica-escolar\/#breadcrumb"},"inLanguage":"es-CL","potentialAction":[{"@type":"ReadAction","target":["https:\/\/dev.explora.cl\/antofagasta\/ya-estan-abiertas-las-postulaciones-para-la-xi-feria-antartica-escolar\/"]}]},{"@type":"ImageObject","inLanguage":"es-CL","@id":"https:\/\/dev.explora.cl\/antofagasta\/ya-estan-abiertas-las-postulaciones-para-la-xi-feria-antartica-escolar\/#primaryimage","url":"","contentUrl":""},{"@type":"BreadcrumbList","@id":"https:\/\/dev.explora.cl\/antofagasta\/ya-estan-abiertas-las-postulaciones-para-la-xi-feria-antartica-escolar\/#breadcrumb","itemListElement":[{"@type":"ListItem","position":1,"name":"Portada","item":"https:\/\/dev.explora.cl\/antofagasta\/"},{"@type":"ListItem","position":2,"name":"Ya est\u00e1n abiertas las postulaciones para la XI Feria Ant\u00e1rtica Escolar"}]},{"@type":"WebSite","@id":"https:\/\/dev.explora.cl\/antofagasta\/#website","url":"https:\/\/dev.explora.cl\/antofagasta\/","name":"Antofagasta","description":"Otro sitio m\u00e1s de dev.explora.cl","potentialAction":[{"@type":"SearchAction","target":{"@type":"EntryPoint","urlTemplate":"https:\/\/dev.explora.cl\/antofagasta\/?s={search_term_string}"},"query-input":{"@type":"PropertyValueSpecification","valueRequired":true,"valueName":"search_term_string"}}],"inLanguage":"es-CL"},{"@type":"Person","@id":"https:\/\/dev.explora.cl\/antofagasta\/#\/schema\/person\/cb8349c13ea2d324080adf8480d7ba5d","name":"webman","image":{"@type":"ImageObject","inLanguage":"es-CL","@id":"https:\/\/dev.explora.cl\/antofagasta\/#\/schema\/person\/image\/","url":"https:\/\/secure.gravatar.com\/avatar\/eeff3c82f2c02f7177d13663b7e6f890e9a6a0647ce9bb29cae02dcb094c7312?s=96&d=mm&r=g","contentUrl":"https:\/\/secure.gravatar.com\/avatar\/eeff3c82f2c02f7177d13663b7e6f890e9a6a0647ce9bb29cae02dcb094c7312?s=96&d=mm&r=g","caption":"webman"},"url":"https:\/\/dev.explora.cl\/antofagasta\/author\/webman\/"}]}},"_links":{"self":[{"href":"https:\/\/dev.explora.cl\/antofagasta\/wp-json\/wp\/v2\/posts\/32661","targetHints":{"allow":["GET"]}}],"collection":[{"href":"https:\/\/dev.explora.cl\/antofagasta\/wp-json\/wp\/v2\/posts"}],"about":[{"href":"https:\/\/dev.explora.cl\/antofagasta\/wp-json\/wp\/v2\/types\/post"}],"author":[{"embeddable":true,"href":"https:\/\/dev.explora.cl\/antofagasta\/wp-json\/wp\/v2\/users\/2"}],"replies":[{"embeddable":true,"href":"https:\/\/dev.explora.cl\/antofagasta\/wp-json\/wp\/v2\/comments?post=32661"}],"version-history":[{"count":1,"href":"https:\/\/dev.explora.cl\/antofagasta\/wp-json\/wp\/v2\/posts\/32661\/revisions"}],"predecessor-version":[{"id":38898,"href":"https:\/\/dev.explora.cl\/antofagasta\/wp-json\/wp\/v2\/posts\/32661\/revisions\/38898"}],"wp:featuredmedia":[{"embeddable":true,"href":"https:\/\/dev.explora.cl\/antofagasta\/wp-json\/"}],"wp:attachment":[{"href":"https:\/\/dev.explora.cl\/antofagasta\/wp-json\/wp\/v2\/media?parent=32661"}],"wp:term":[{"taxonomy":"category","embeddable":true,"href":"https:\/\/dev.explora.cl\/antofagasta\/wp-json\/wp\/v2\/categories?post=32661"},{"taxonomy":"post_tag","embeddable":true,"href":"https:\/\/dev.explora.cl\/antofagasta\/wp-json\/wp\/v2\/tags?post=32661"}],"curies":[{"name":"wp","href":"https:\/\/api.w.org\/{rel}","templated":true}]}}