{"id":32645,"date":"2014-07-02T21:56:39","date_gmt":"2014-07-02T21:56:39","guid":{"rendered":"https:\/\/dev.explora.cl\/antofagasta\/un-reconocimiento-a-la-permanente-colaboracion-que-existe-entre-la-direccion-provincial-de-educacion-deprov-antofagasta-tocopilla-y-el-proyecto-asociativo-regional-par-explora-conicyt-de-la-universida\/"},"modified":"2019-05-16T03:22:34","modified_gmt":"2019-05-16T03:22:34","slug":"un-reconocimiento-a-la-permanente-colaboracion-que-existe-entre-la-direccion-provincial-de-educacion-deprov-antofagasta-tocopilla-y-el-proyecto-asociativo-regional-par-explora-conicyt-de-la-universida","status":"publish","type":"post","link":"https:\/\/dev.explora.cl\/antofagasta\/un-reconocimiento-a-la-permanente-colaboracion-que-existe-entre-la-direccion-provincial-de-educacion-deprov-antofagasta-tocopilla-y-el-proyecto-asociativo-regional-par-explora-conicyt-de-la-universida\/","title":{"rendered":"Direcci\u00f3n Provincial de Educaci\u00f3n entreg\u00f3 reconocimiento a Proyecto EXPLORA CONICYT Antofagasta durante su aniversario"},"content":{"rendered":"<p><img loading=\"lazy\" decoding=\"async\" class=\" size-full wp-image-3678\" src=\"http:\/\/ec2-34-218-253-251.us-west-2.compute.amazonaws.com\/wp-content\/uploads\/2014\/07\/9c73632108882509afb27f79aa256f3f.jpg\" alt=\"\" width=\"340\" height=\"192\" \/><\/p>\n<p>Un reconocimiento a la permanente colaboraci\u00f3n que existe entre la Direcci\u00f3n Provincial de Educaci\u00f3n (DEPROV) Antofagasta \u2013 Tocopilla y el Proyecto Asociativo Regional \u00a0EXPLORA CONICYT Antofagasta entreg\u00f3 el organismo p\u00fablico durante la celebraci\u00f3n de su trig\u00e9simo segundo aniversario.<\/p>\n<p>La distinci\u00f3n fue recibida por la directora del PAR EXPLORA CONICYT Antofagasta, Gladys Hayashida Soiza, quien destac\u00f3 la importancia del trabajo en red. \u201cSomos un proyecto asociativo regional con la misi\u00f3n de contribuir a la creaci\u00f3n de un cultura cient\u00edfica en la comunidad, con \u00e9nfasis en los ni\u00f1os, ni\u00f1as y j\u00f3venes de nuestra Regi\u00f3n, por lo que el trabajo colaborativo con la DEPROV es fundamental para el logro de nuestros objetivos\u201d, declar\u00f3. \u00a0<\/p>\n<p>En este sentido, tanto el titular de la cartera de Educaci\u00f3n, Juan Carlos Vega, como el Jefe del Departamento Provincial, Luis Gonz\u00e1lez, valoraron el aporte de cada funcionario de esta repartici\u00f3n p\u00fablica y de los organismos asociados a ella,\u00a0 inst\u00e1ndolos a seguir por este camino \u201cen especial hoy\u00a0 que el pa\u00eds vive un momento hist\u00f3rico, con la implementaci\u00f3n del proyecto de reforma educacional, iniciativa liderada por la Presidenta Michelle Bachelet y que dar\u00e1 una transformaci\u00f3n profunda al sistema educativo y a la sociedad en general\u201d, asegur\u00f3 Luis Gonz\u00e1lez.<\/p>\n<p>\u00a0Juan Carlos Vega enfatiz\u00f3 que \u201ceste es el momento para dar el m\u00e1ximo y comprometerse a dar la mayor colaboraci\u00f3n a un cambio que sin duda ser\u00e1 el pilar para un mejor desarrollo y crecimiento intelectual de nuestros ni\u00f1os y ni\u00f1as\u201d.<\/p>\n<p>\u00a0\u00a0\u00a0\u00a0\u00a0\u00a0\u00a0\u00a0\u00a0\u00a0\u00a0\u00a0\u00a0\u00a0\u00a0 En la ceremonia, tambi\u00e9n se realiz\u00f3 un reconocimiento a la funcionaria administrativa, Palmira Alfaro Alarc\u00f3n, una de las fundadoras del Departamento Provincial de Educaci\u00f3n y quien adem\u00e1s d\u00eda a d\u00eda muestra su compromiso con el servicio y la comunidad. Tambi\u00e9n se destac\u00f3 en forma especial la permanente colaboraci\u00f3n de la ex funcionaria, Irma Gonz\u00e1lez, y a organismos colaboradores, Novasur, la Asociaci\u00f3n Nacional de Funcionarios del Mineduc y el Proyecto \u201cYo quiero ser minero\/minera\u201d de Compa\u00f1\u00eda Minera Lomas Bayas.<\/p>\n","protected":false},"excerpt":{"rendered":"<p>Un reconocimiento a la permanente colaboraci\u00f3n que existe entre la Direcci\u00f3n Provincial de Educaci\u00f3n (DEPROV) Antofagasta \u2013 Tocopilla y el Proyecto Asociativo Regional \u00a0EXPLORA CONICYT Antofagasta entreg\u00f3 el organismo p\u00fablico durante la celebraci\u00f3n de su trig\u00e9simo segundo aniversario. La distinci\u00f3n fue recibida por la directora del PAR EXPLORA CONICYT Antofagasta, Gladys Hayashida Soiza, quien destac\u00f3 [&hellip;]<\/p>\n","protected":false},"author":2,"featured_media":3678,"comment_status":"closed","ping_status":"open","sticky":false,"template":"","format":"standard","meta":{"_acf_changed":false,"_exactmetrics_skip_tracking":false,"_exactmetrics_sitenote_active":false,"_exactmetrics_sitenote_note":"","_exactmetrics_sitenote_category":0,"footnotes":"","_links_to":"","_links_to_target":""},"categories":[4],"tags":[],"class_list":["post-32645","post","type-post","status-publish","format-standard","has-post-thumbnail","hentry","category-noticias"],"acf":[],"yoast_head":"<!-- This site is optimized with the Yoast SEO plugin v26.7 - https:\/\/yoast.com\/wordpress\/plugins\/seo\/ -->\n<title>Direcci\u00f3n Provincial de Educaci\u00f3n entreg\u00f3 reconocimiento a Proyecto EXPLORA CONICYT Antofagasta durante su aniversario - Antofagasta<\/title>\n<meta name=\"robots\" content=\"index, follow, max-snippet:-1, max-image-preview:large, max-video-preview:-1\" \/>\n<link rel=\"canonical\" href=\"https:\/\/dev.explora.cl\/antofagasta\/un-reconocimiento-a-la-permanente-colaboracion-que-existe-entre-la-direccion-provincial-de-educacion-deprov-antofagasta-tocopilla-y-el-proyecto-asociativo-regional-par-explora-conicyt-de-la-universida\/\" class=\"yoast-seo-meta-tag\" \/>\n<meta property=\"og:locale\" content=\"es_ES\" class=\"yoast-seo-meta-tag\" \/>\n<meta property=\"og:type\" content=\"article\" class=\"yoast-seo-meta-tag\" \/>\n<meta property=\"og:title\" content=\"Direcci\u00f3n Provincial de Educaci\u00f3n entreg\u00f3 reconocimiento a Proyecto EXPLORA CONICYT Antofagasta durante su aniversario - Antofagasta\" class=\"yoast-seo-meta-tag\" \/>\n<meta property=\"og:description\" content=\"Un reconocimiento a la permanente colaboraci\u00f3n que existe entre la Direcci\u00f3n Provincial de Educaci\u00f3n (DEPROV) Antofagasta \u2013 Tocopilla y el Proyecto Asociativo Regional \u00a0EXPLORA CONICYT Antofagasta entreg\u00f3 el organismo p\u00fablico durante la celebraci\u00f3n de su trig\u00e9simo segundo aniversario. La distinci\u00f3n fue recibida por la directora del PAR EXPLORA CONICYT Antofagasta, Gladys Hayashida Soiza, quien destac\u00f3 [&hellip;]\" class=\"yoast-seo-meta-tag\" \/>\n<meta property=\"og:url\" content=\"https:\/\/dev.explora.cl\/antofagasta\/un-reconocimiento-a-la-permanente-colaboracion-que-existe-entre-la-direccion-provincial-de-educacion-deprov-antofagasta-tocopilla-y-el-proyecto-asociativo-regional-par-explora-conicyt-de-la-universida\/\" class=\"yoast-seo-meta-tag\" \/>\n<meta property=\"og:site_name\" content=\"Antofagasta\" class=\"yoast-seo-meta-tag\" \/>\n<meta property=\"article:published_time\" content=\"2014-07-02T21:56:39+00:00\" class=\"yoast-seo-meta-tag\" \/>\n<meta property=\"article:modified_time\" content=\"2019-05-16T03:22:34+00:00\" class=\"yoast-seo-meta-tag\" \/>\n<meta name=\"author\" content=\"webman\" class=\"yoast-seo-meta-tag\" \/>\n<meta name=\"twitter:card\" content=\"summary_large_image\" class=\"yoast-seo-meta-tag\" \/>\n<meta name=\"twitter:label1\" content=\"Escrito por\" class=\"yoast-seo-meta-tag\" \/>\n\t<meta name=\"twitter:data1\" content=\"webman\" class=\"yoast-seo-meta-tag\" \/>\n\t<meta name=\"twitter:label2\" content=\"Tiempo estimado de lectura\" class=\"yoast-seo-meta-tag\" \/>\n\t<meta name=\"twitter:data2\" content=\"2 minutos\" class=\"yoast-seo-meta-tag\" \/>\n<script type=\"application\/ld+json\" class=\"yoast-schema-graph\">{\"@context\":\"https:\/\/schema.org\",\"@graph\":[{\"@type\":\"Article\",\"@id\":\"https:\/\/dev.explora.cl\/antofagasta\/un-reconocimiento-a-la-permanente-colaboracion-que-existe-entre-la-direccion-provincial-de-educacion-deprov-antofagasta-tocopilla-y-el-proyecto-asociativo-regional-par-explora-conicyt-de-la-universida\/#article\",\"isPartOf\":{\"@id\":\"https:\/\/dev.explora.cl\/antofagasta\/un-reconocimiento-a-la-permanente-colaboracion-que-existe-entre-la-direccion-provincial-de-educacion-deprov-antofagasta-tocopilla-y-el-proyecto-asociativo-regional-par-explora-conicyt-de-la-universida\/\"},\"author\":{\"name\":\"webman\",\"@id\":\"https:\/\/dev.explora.cl\/antofagasta\/#\/schema\/person\/cb8349c13ea2d324080adf8480d7ba5d\"},\"headline\":\"Direcci\u00f3n Provincial de Educaci\u00f3n entreg\u00f3 reconocimiento a Proyecto EXPLORA CONICYT Antofagasta durante su aniversario\",\"datePublished\":\"2014-07-02T21:56:39+00:00\",\"dateModified\":\"2019-05-16T03:22:34+00:00\",\"mainEntityOfPage\":{\"@id\":\"https:\/\/dev.explora.cl\/antofagasta\/un-reconocimiento-a-la-permanente-colaboracion-que-existe-entre-la-direccion-provincial-de-educacion-deprov-antofagasta-tocopilla-y-el-proyecto-asociativo-regional-par-explora-conicyt-de-la-universida\/\"},\"wordCount\":372,\"image\":{\"@id\":\"https:\/\/dev.explora.cl\/antofagasta\/un-reconocimiento-a-la-permanente-colaboracion-que-existe-entre-la-direccion-provincial-de-educacion-deprov-antofagasta-tocopilla-y-el-proyecto-asociativo-regional-par-explora-conicyt-de-la-universida\/#primaryimage\"},\"thumbnailUrl\":\"\",\"articleSection\":[\"Noticias\"],\"inLanguage\":\"es-CL\"},{\"@type\":\"WebPage\",\"@id\":\"https:\/\/dev.explora.cl\/antofagasta\/un-reconocimiento-a-la-permanente-colaboracion-que-existe-entre-la-direccion-provincial-de-educacion-deprov-antofagasta-tocopilla-y-el-proyecto-asociativo-regional-par-explora-conicyt-de-la-universida\/\",\"url\":\"https:\/\/dev.explora.cl\/antofagasta\/un-reconocimiento-a-la-permanente-colaboracion-que-existe-entre-la-direccion-provincial-de-educacion-deprov-antofagasta-tocopilla-y-el-proyecto-asociativo-regional-par-explora-conicyt-de-la-universida\/\",\"name\":\"Direcci\u00f3n Provincial de Educaci\u00f3n entreg\u00f3 reconocimiento a Proyecto EXPLORA CONICYT Antofagasta durante su aniversario - Antofagasta\",\"isPartOf\":{\"@id\":\"https:\/\/dev.explora.cl\/antofagasta\/#website\"},\"primaryImageOfPage\":{\"@id\":\"https:\/\/dev.explora.cl\/antofagasta\/un-reconocimiento-a-la-permanente-colaboracion-que-existe-entre-la-direccion-provincial-de-educacion-deprov-antofagasta-tocopilla-y-el-proyecto-asociativo-regional-par-explora-conicyt-de-la-universida\/#primaryimage\"},\"image\":{\"@id\":\"https:\/\/dev.explora.cl\/antofagasta\/un-reconocimiento-a-la-permanente-colaboracion-que-existe-entre-la-direccion-provincial-de-educacion-deprov-antofagasta-tocopilla-y-el-proyecto-asociativo-regional-par-explora-conicyt-de-la-universida\/#primaryimage\"},\"thumbnailUrl\":\"\",\"datePublished\":\"2014-07-02T21:56:39+00:00\",\"dateModified\":\"2019-05-16T03:22:34+00:00\",\"author\":{\"@id\":\"https:\/\/dev.explora.cl\/antofagasta\/#\/schema\/person\/cb8349c13ea2d324080adf8480d7ba5d\"},\"breadcrumb\":{\"@id\":\"https:\/\/dev.explora.cl\/antofagasta\/un-reconocimiento-a-la-permanente-colaboracion-que-existe-entre-la-direccion-provincial-de-educacion-deprov-antofagasta-tocopilla-y-el-proyecto-asociativo-regional-par-explora-conicyt-de-la-universida\/#breadcrumb\"},\"inLanguage\":\"es-CL\",\"potentialAction\":[{\"@type\":\"ReadAction\",\"target\":[\"https:\/\/dev.explora.cl\/antofagasta\/un-reconocimiento-a-la-permanente-colaboracion-que-existe-entre-la-direccion-provincial-de-educacion-deprov-antofagasta-tocopilla-y-el-proyecto-asociativo-regional-par-explora-conicyt-de-la-universida\/\"]}]},{\"@type\":\"ImageObject\",\"inLanguage\":\"es-CL\",\"@id\":\"https:\/\/dev.explora.cl\/antofagasta\/un-reconocimiento-a-la-permanente-colaboracion-que-existe-entre-la-direccion-provincial-de-educacion-deprov-antofagasta-tocopilla-y-el-proyecto-asociativo-regional-par-explora-conicyt-de-la-universida\/#primaryimage\",\"url\":\"\",\"contentUrl\":\"\"},{\"@type\":\"BreadcrumbList\",\"@id\":\"https:\/\/dev.explora.cl\/antofagasta\/un-reconocimiento-a-la-permanente-colaboracion-que-existe-entre-la-direccion-provincial-de-educacion-deprov-antofagasta-tocopilla-y-el-proyecto-asociativo-regional-par-explora-conicyt-de-la-universida\/#breadcrumb\",\"itemListElement\":[{\"@type\":\"ListItem\",\"position\":1,\"name\":\"Portada\",\"item\":\"https:\/\/dev.explora.cl\/antofagasta\/\"},{\"@type\":\"ListItem\",\"position\":2,\"name\":\"Direcci\u00f3n Provincial de Educaci\u00f3n entreg\u00f3 reconocimiento a Proyecto EXPLORA CONICYT Antofagasta durante su aniversario\"}]},{\"@type\":\"WebSite\",\"@id\":\"https:\/\/dev.explora.cl\/antofagasta\/#website\",\"url\":\"https:\/\/dev.explora.cl\/antofagasta\/\",\"name\":\"Antofagasta\",\"description\":\"Otro sitio m\u00e1s de dev.explora.cl\",\"potentialAction\":[{\"@type\":\"SearchAction\",\"target\":{\"@type\":\"EntryPoint\",\"urlTemplate\":\"https:\/\/dev.explora.cl\/antofagasta\/?s={search_term_string}\"},\"query-input\":{\"@type\":\"PropertyValueSpecification\",\"valueRequired\":true,\"valueName\":\"search_term_string\"}}],\"inLanguage\":\"es-CL\"},{\"@type\":\"Person\",\"@id\":\"https:\/\/dev.explora.cl\/antofagasta\/#\/schema\/person\/cb8349c13ea2d324080adf8480d7ba5d\",\"name\":\"webman\",\"image\":{\"@type\":\"ImageObject\",\"inLanguage\":\"es-CL\",\"@id\":\"https:\/\/dev.explora.cl\/antofagasta\/#\/schema\/person\/image\/\",\"url\":\"https:\/\/secure.gravatar.com\/avatar\/eeff3c82f2c02f7177d13663b7e6f890e9a6a0647ce9bb29cae02dcb094c7312?s=96&d=mm&r=g\",\"contentUrl\":\"https:\/\/secure.gravatar.com\/avatar\/eeff3c82f2c02f7177d13663b7e6f890e9a6a0647ce9bb29cae02dcb094c7312?s=96&d=mm&r=g\",\"caption\":\"webman\"},\"url\":\"https:\/\/dev.explora.cl\/antofagasta\/author\/webman\/\"}]}<\/script>\n<!-- \/ Yoast SEO plugin. -->","yoast_head_json":{"title":"Direcci\u00f3n Provincial de Educaci\u00f3n entreg\u00f3 reconocimiento a Proyecto EXPLORA CONICYT Antofagasta durante su aniversario - Antofagasta","robots":{"index":"index","follow":"follow","max-snippet":"max-snippet:-1","max-image-preview":"max-image-preview:large","max-video-preview":"max-video-preview:-1"},"canonical":"https:\/\/dev.explora.cl\/antofagasta\/un-reconocimiento-a-la-permanente-colaboracion-que-existe-entre-la-direccion-provincial-de-educacion-deprov-antofagasta-tocopilla-y-el-proyecto-asociativo-regional-par-explora-conicyt-de-la-universida\/","og_locale":"es_ES","og_type":"article","og_title":"Direcci\u00f3n Provincial de Educaci\u00f3n entreg\u00f3 reconocimiento a Proyecto EXPLORA CONICYT Antofagasta durante su aniversario - Antofagasta","og_description":"Un reconocimiento a la permanente colaboraci\u00f3n que existe entre la Direcci\u00f3n Provincial de Educaci\u00f3n (DEPROV) Antofagasta \u2013 Tocopilla y el Proyecto Asociativo Regional \u00a0EXPLORA CONICYT Antofagasta entreg\u00f3 el organismo p\u00fablico durante la celebraci\u00f3n de su trig\u00e9simo segundo aniversario. La distinci\u00f3n fue recibida por la directora del PAR EXPLORA CONICYT Antofagasta, Gladys Hayashida Soiza, quien destac\u00f3 [&hellip;]","og_url":"https:\/\/dev.explora.cl\/antofagasta\/un-reconocimiento-a-la-permanente-colaboracion-que-existe-entre-la-direccion-provincial-de-educacion-deprov-antofagasta-tocopilla-y-el-proyecto-asociativo-regional-par-explora-conicyt-de-la-universida\/","og_site_name":"Antofagasta","article_published_time":"2014-07-02T21:56:39+00:00","article_modified_time":"2019-05-16T03:22:34+00:00","author":"webman","twitter_card":"summary_large_image","twitter_misc":{"Escrito por":"webman","Tiempo estimado de lectura":"2 minutos"},"schema":{"@context":"https:\/\/schema.org","@graph":[{"@type":"Article","@id":"https:\/\/dev.explora.cl\/antofagasta\/un-reconocimiento-a-la-permanente-colaboracion-que-existe-entre-la-direccion-provincial-de-educacion-deprov-antofagasta-tocopilla-y-el-proyecto-asociativo-regional-par-explora-conicyt-de-la-universida\/#article","isPartOf":{"@id":"https:\/\/dev.explora.cl\/antofagasta\/un-reconocimiento-a-la-permanente-colaboracion-que-existe-entre-la-direccion-provincial-de-educacion-deprov-antofagasta-tocopilla-y-el-proyecto-asociativo-regional-par-explora-conicyt-de-la-universida\/"},"author":{"name":"webman","@id":"https:\/\/dev.explora.cl\/antofagasta\/#\/schema\/person\/cb8349c13ea2d324080adf8480d7ba5d"},"headline":"Direcci\u00f3n Provincial de Educaci\u00f3n entreg\u00f3 reconocimiento a Proyecto EXPLORA CONICYT Antofagasta durante su aniversario","datePublished":"2014-07-02T21:56:39+00:00","dateModified":"2019-05-16T03:22:34+00:00","mainEntityOfPage":{"@id":"https:\/\/dev.explora.cl\/antofagasta\/un-reconocimiento-a-la-permanente-colaboracion-que-existe-entre-la-direccion-provincial-de-educacion-deprov-antofagasta-tocopilla-y-el-proyecto-asociativo-regional-par-explora-conicyt-de-la-universida\/"},"wordCount":372,"image":{"@id":"https:\/\/dev.explora.cl\/antofagasta\/un-reconocimiento-a-la-permanente-colaboracion-que-existe-entre-la-direccion-provincial-de-educacion-deprov-antofagasta-tocopilla-y-el-proyecto-asociativo-regional-par-explora-conicyt-de-la-universida\/#primaryimage"},"thumbnailUrl":"","articleSection":["Noticias"],"inLanguage":"es-CL"},{"@type":"WebPage","@id":"https:\/\/dev.explora.cl\/antofagasta\/un-reconocimiento-a-la-permanente-colaboracion-que-existe-entre-la-direccion-provincial-de-educacion-deprov-antofagasta-tocopilla-y-el-proyecto-asociativo-regional-par-explora-conicyt-de-la-universida\/","url":"https:\/\/dev.explora.cl\/antofagasta\/un-reconocimiento-a-la-permanente-colaboracion-que-existe-entre-la-direccion-provincial-de-educacion-deprov-antofagasta-tocopilla-y-el-proyecto-asociativo-regional-par-explora-conicyt-de-la-universida\/","name":"Direcci\u00f3n Provincial de Educaci\u00f3n entreg\u00f3 reconocimiento a Proyecto EXPLORA CONICYT Antofagasta durante su aniversario - Antofagasta","isPartOf":{"@id":"https:\/\/dev.explora.cl\/antofagasta\/#website"},"primaryImageOfPage":{"@id":"https:\/\/dev.explora.cl\/antofagasta\/un-reconocimiento-a-la-permanente-colaboracion-que-existe-entre-la-direccion-provincial-de-educacion-deprov-antofagasta-tocopilla-y-el-proyecto-asociativo-regional-par-explora-conicyt-de-la-universida\/#primaryimage"},"image":{"@id":"https:\/\/dev.explora.cl\/antofagasta\/un-reconocimiento-a-la-permanente-colaboracion-que-existe-entre-la-direccion-provincial-de-educacion-deprov-antofagasta-tocopilla-y-el-proyecto-asociativo-regional-par-explora-conicyt-de-la-universida\/#primaryimage"},"thumbnailUrl":"","datePublished":"2014-07-02T21:56:39+00:00","dateModified":"2019-05-16T03:22:34+00:00","author":{"@id":"https:\/\/dev.explora.cl\/antofagasta\/#\/schema\/person\/cb8349c13ea2d324080adf8480d7ba5d"},"breadcrumb":{"@id":"https:\/\/dev.explora.cl\/antofagasta\/un-reconocimiento-a-la-permanente-colaboracion-que-existe-entre-la-direccion-provincial-de-educacion-deprov-antofagasta-tocopilla-y-el-proyecto-asociativo-regional-par-explora-conicyt-de-la-universida\/#breadcrumb"},"inLanguage":"es-CL","potentialAction":[{"@type":"ReadAction","target":["https:\/\/dev.explora.cl\/antofagasta\/un-reconocimiento-a-la-permanente-colaboracion-que-existe-entre-la-direccion-provincial-de-educacion-deprov-antofagasta-tocopilla-y-el-proyecto-asociativo-regional-par-explora-conicyt-de-la-universida\/"]}]},{"@type":"ImageObject","inLanguage":"es-CL","@id":"https:\/\/dev.explora.cl\/antofagasta\/un-reconocimiento-a-la-permanente-colaboracion-que-existe-entre-la-direccion-provincial-de-educacion-deprov-antofagasta-tocopilla-y-el-proyecto-asociativo-regional-par-explora-conicyt-de-la-universida\/#primaryimage","url":"","contentUrl":""},{"@type":"BreadcrumbList","@id":"https:\/\/dev.explora.cl\/antofagasta\/un-reconocimiento-a-la-permanente-colaboracion-que-existe-entre-la-direccion-provincial-de-educacion-deprov-antofagasta-tocopilla-y-el-proyecto-asociativo-regional-par-explora-conicyt-de-la-universida\/#breadcrumb","itemListElement":[{"@type":"ListItem","position":1,"name":"Portada","item":"https:\/\/dev.explora.cl\/antofagasta\/"},{"@type":"ListItem","position":2,"name":"Direcci\u00f3n Provincial de Educaci\u00f3n entreg\u00f3 reconocimiento a Proyecto EXPLORA CONICYT Antofagasta durante su aniversario"}]},{"@type":"WebSite","@id":"https:\/\/dev.explora.cl\/antofagasta\/#website","url":"https:\/\/dev.explora.cl\/antofagasta\/","name":"Antofagasta","description":"Otro sitio m\u00e1s de dev.explora.cl","potentialAction":[{"@type":"SearchAction","target":{"@type":"EntryPoint","urlTemplate":"https:\/\/dev.explora.cl\/antofagasta\/?s={search_term_string}"},"query-input":{"@type":"PropertyValueSpecification","valueRequired":true,"valueName":"search_term_string"}}],"inLanguage":"es-CL"},{"@type":"Person","@id":"https:\/\/dev.explora.cl\/antofagasta\/#\/schema\/person\/cb8349c13ea2d324080adf8480d7ba5d","name":"webman","image":{"@type":"ImageObject","inLanguage":"es-CL","@id":"https:\/\/dev.explora.cl\/antofagasta\/#\/schema\/person\/image\/","url":"https:\/\/secure.gravatar.com\/avatar\/eeff3c82f2c02f7177d13663b7e6f890e9a6a0647ce9bb29cae02dcb094c7312?s=96&d=mm&r=g","contentUrl":"https:\/\/secure.gravatar.com\/avatar\/eeff3c82f2c02f7177d13663b7e6f890e9a6a0647ce9bb29cae02dcb094c7312?s=96&d=mm&r=g","caption":"webman"},"url":"https:\/\/dev.explora.cl\/antofagasta\/author\/webman\/"}]}},"_links":{"self":[{"href":"https:\/\/dev.explora.cl\/antofagasta\/wp-json\/wp\/v2\/posts\/32645","targetHints":{"allow":["GET"]}}],"collection":[{"href":"https:\/\/dev.explora.cl\/antofagasta\/wp-json\/wp\/v2\/posts"}],"about":[{"href":"https:\/\/dev.explora.cl\/antofagasta\/wp-json\/wp\/v2\/types\/post"}],"author":[{"embeddable":true,"href":"https:\/\/dev.explora.cl\/antofagasta\/wp-json\/wp\/v2\/users\/2"}],"replies":[{"embeddable":true,"href":"https:\/\/dev.explora.cl\/antofagasta\/wp-json\/wp\/v2\/comments?post=32645"}],"version-history":[{"count":1,"href":"https:\/\/dev.explora.cl\/antofagasta\/wp-json\/wp\/v2\/posts\/32645\/revisions"}],"predecessor-version":[{"id":38891,"href":"https:\/\/dev.explora.cl\/antofagasta\/wp-json\/wp\/v2\/posts\/32645\/revisions\/38891"}],"wp:featuredmedia":[{"embeddable":true,"href":"https:\/\/dev.explora.cl\/antofagasta\/wp-json\/"}],"wp:attachment":[{"href":"https:\/\/dev.explora.cl\/antofagasta\/wp-json\/wp\/v2\/media?parent=32645"}],"wp:term":[{"taxonomy":"category","embeddable":true,"href":"https:\/\/dev.explora.cl\/antofagasta\/wp-json\/wp\/v2\/categories?post=32645"},{"taxonomy":"post_tag","embeddable":true,"href":"https:\/\/dev.explora.cl\/antofagasta\/wp-json\/wp\/v2\/tags?post=32645"}],"curies":[{"name":"wp","href":"https:\/\/api.w.org\/{rel}","templated":true}]}}