{"id":32589,"date":"2014-08-26T16:17:23","date_gmt":"2014-08-26T16:17:23","guid":{"rendered":"https:\/\/dev.explora.cl\/antofagasta\/blog\/2014\/08\/26\/par-explora-antofagasta-participara-en-expo-interactiva-de-la-infancia\/"},"modified":"2019-05-16T03:22:17","modified_gmt":"2019-05-16T03:22:17","slug":"par-explora-antofagasta-participara-en-expo-interactiva-de-la-infancia","status":"publish","type":"post","link":"https:\/\/dev.explora.cl\/antofagasta\/par-explora-antofagasta-participara-en-expo-interactiva-de-la-infancia\/","title":{"rendered":"PAR EXPLORA Antofagasta participar\u00e1 en Expo Interactiva de la Infancia"},"content":{"rendered":"<p><img loading=\"lazy\" decoding=\"async\" class=\" size-full wp-image-4878\" src=\"http:\/\/ec2-34-218-253-251.us-west-2.compute.amazonaws.com\/wp-content\/uploads\/2014\/08\/0585ab222a7d4ed1f6fcb0fa82d27a79.jpg\" alt=\"\" width=\"280\" height=\"186\" \/><\/p>\n<p>Dos talleres interactivos realizar\u00e1 el Proyecto Asociativo Regional EXPLORA de la Universidad de Antofagasta durante la Expo Interactiva de la Infancia, feria organizada por la Casa Comunal de la Infancia de la Ilustre Municipalidad de Antofagasta, para celebrar el D\u00eda del Ni\u00f1o y que se realizar\u00e1 este viernes 29 de agosto a partir de las 9 horas en el paseo Prat de Antofagasta.<\/p>\n<p>Los talleres son parte de un laboratorio denominado \u201cCaracterizando la fauna marina de la Costa de Antofagasta\u201d y busca acercar a los ni\u00f1os a los diferentes especies propias de nuestras playas.<\/p>\n<p>Adem\u00e1s, los ni\u00f1os participantes podr\u00e1n conocer sobre los efectos que un derrame de petr\u00f3leo tiene en los animales costeros, gracias al laboratorio \u201cEfectos de un derrame sobre los animales marinos\u201d, cuyo objetivo es que los ni\u00f1os aprendan los efectos de un derrame de l\u00edquidos en el mar y busquen soluciones sencillas para retirarlo del medio.<\/p>\n<p>La participaci\u00f3n del PAR EXPLORA Antofagasta en esta feria surge como una forma de fortalecer los lazos de trabajo entre la Casa Comunal de la Infancia y el proyecto EXPLORA Antofagasta.\u00a0<\/p>\n","protected":false},"excerpt":{"rendered":"<p>Dos talleres interactivos realizar\u00e1 el Proyecto Asociativo Regional EXPLORA de la Universidad de Antofagasta durante la Expo Interactiva de la Infancia, feria organizada por la Casa Comunal de la Infancia de la Ilustre Municipalidad de Antofagasta, para celebrar el D\u00eda del Ni\u00f1o y que se realizar\u00e1 este viernes 29 de agosto a partir de las [&hellip;]<\/p>\n","protected":false},"author":2,"featured_media":4878,"comment_status":"closed","ping_status":"open","sticky":false,"template":"","format":"standard","meta":{"_acf_changed":false,"_exactmetrics_skip_tracking":false,"_exactmetrics_sitenote_active":false,"_exactmetrics_sitenote_note":"","_exactmetrics_sitenote_category":0,"footnotes":"","_links_to":"","_links_to_target":""},"categories":[4],"tags":[],"class_list":["post-32589","post","type-post","status-publish","format-standard","has-post-thumbnail","hentry","category-noticias"],"acf":[],"yoast_head":"<!-- This site is optimized with the Yoast SEO plugin v26.7 - https:\/\/yoast.com\/wordpress\/plugins\/seo\/ -->\n<title>PAR EXPLORA Antofagasta participar\u00e1 en Expo Interactiva de la Infancia - Antofagasta<\/title>\n<meta name=\"robots\" content=\"index, follow, max-snippet:-1, max-image-preview:large, max-video-preview:-1\" \/>\n<link rel=\"canonical\" href=\"https:\/\/dev.explora.cl\/antofagasta\/par-explora-antofagasta-participara-en-expo-interactiva-de-la-infancia\/\" class=\"yoast-seo-meta-tag\" \/>\n<meta property=\"og:locale\" content=\"es_ES\" class=\"yoast-seo-meta-tag\" \/>\n<meta property=\"og:type\" content=\"article\" class=\"yoast-seo-meta-tag\" \/>\n<meta property=\"og:title\" content=\"PAR EXPLORA Antofagasta participar\u00e1 en Expo Interactiva de la Infancia - Antofagasta\" class=\"yoast-seo-meta-tag\" \/>\n<meta property=\"og:description\" content=\"Dos talleres interactivos realizar\u00e1 el Proyecto Asociativo Regional EXPLORA de la Universidad de Antofagasta durante la Expo Interactiva de la Infancia, feria organizada por la Casa Comunal de la Infancia de la Ilustre Municipalidad de Antofagasta, para celebrar el D\u00eda del Ni\u00f1o y que se realizar\u00e1 este viernes 29 de agosto a partir de las [&hellip;]\" class=\"yoast-seo-meta-tag\" \/>\n<meta property=\"og:url\" content=\"https:\/\/dev.explora.cl\/antofagasta\/par-explora-antofagasta-participara-en-expo-interactiva-de-la-infancia\/\" class=\"yoast-seo-meta-tag\" \/>\n<meta property=\"og:site_name\" content=\"Antofagasta\" class=\"yoast-seo-meta-tag\" \/>\n<meta property=\"article:published_time\" content=\"2014-08-26T16:17:23+00:00\" class=\"yoast-seo-meta-tag\" \/>\n<meta property=\"article:modified_time\" content=\"2019-05-16T03:22:17+00:00\" class=\"yoast-seo-meta-tag\" \/>\n<meta name=\"author\" content=\"webman\" class=\"yoast-seo-meta-tag\" \/>\n<meta name=\"twitter:card\" content=\"summary_large_image\" class=\"yoast-seo-meta-tag\" \/>\n<meta name=\"twitter:label1\" content=\"Escrito por\" class=\"yoast-seo-meta-tag\" \/>\n\t<meta name=\"twitter:data1\" content=\"webman\" class=\"yoast-seo-meta-tag\" \/>\n\t<meta name=\"twitter:label2\" content=\"Tiempo estimado de lectura\" class=\"yoast-seo-meta-tag\" \/>\n\t<meta name=\"twitter:data2\" content=\"1 minuto\" class=\"yoast-seo-meta-tag\" \/>\n<script type=\"application\/ld+json\" class=\"yoast-schema-graph\">{\"@context\":\"https:\/\/schema.org\",\"@graph\":[{\"@type\":\"Article\",\"@id\":\"https:\/\/dev.explora.cl\/antofagasta\/par-explora-antofagasta-participara-en-expo-interactiva-de-la-infancia\/#article\",\"isPartOf\":{\"@id\":\"https:\/\/dev.explora.cl\/antofagasta\/par-explora-antofagasta-participara-en-expo-interactiva-de-la-infancia\/\"},\"author\":{\"name\":\"webman\",\"@id\":\"https:\/\/dev.explora.cl\/antofagasta\/#\/schema\/person\/cb8349c13ea2d324080adf8480d7ba5d\"},\"headline\":\"PAR EXPLORA Antofagasta participar\u00e1 en Expo Interactiva de la Infancia\",\"datePublished\":\"2014-08-26T16:17:23+00:00\",\"dateModified\":\"2019-05-16T03:22:17+00:00\",\"mainEntityOfPage\":{\"@id\":\"https:\/\/dev.explora.cl\/antofagasta\/par-explora-antofagasta-participara-en-expo-interactiva-de-la-infancia\/\"},\"wordCount\":198,\"image\":{\"@id\":\"https:\/\/dev.explora.cl\/antofagasta\/par-explora-antofagasta-participara-en-expo-interactiva-de-la-infancia\/#primaryimage\"},\"thumbnailUrl\":\"\",\"articleSection\":[\"Noticias\"],\"inLanguage\":\"es-CL\"},{\"@type\":\"WebPage\",\"@id\":\"https:\/\/dev.explora.cl\/antofagasta\/par-explora-antofagasta-participara-en-expo-interactiva-de-la-infancia\/\",\"url\":\"https:\/\/dev.explora.cl\/antofagasta\/par-explora-antofagasta-participara-en-expo-interactiva-de-la-infancia\/\",\"name\":\"PAR EXPLORA Antofagasta participar\u00e1 en Expo Interactiva de la Infancia - Antofagasta\",\"isPartOf\":{\"@id\":\"https:\/\/dev.explora.cl\/antofagasta\/#website\"},\"primaryImageOfPage\":{\"@id\":\"https:\/\/dev.explora.cl\/antofagasta\/par-explora-antofagasta-participara-en-expo-interactiva-de-la-infancia\/#primaryimage\"},\"image\":{\"@id\":\"https:\/\/dev.explora.cl\/antofagasta\/par-explora-antofagasta-participara-en-expo-interactiva-de-la-infancia\/#primaryimage\"},\"thumbnailUrl\":\"\",\"datePublished\":\"2014-08-26T16:17:23+00:00\",\"dateModified\":\"2019-05-16T03:22:17+00:00\",\"author\":{\"@id\":\"https:\/\/dev.explora.cl\/antofagasta\/#\/schema\/person\/cb8349c13ea2d324080adf8480d7ba5d\"},\"breadcrumb\":{\"@id\":\"https:\/\/dev.explora.cl\/antofagasta\/par-explora-antofagasta-participara-en-expo-interactiva-de-la-infancia\/#breadcrumb\"},\"inLanguage\":\"es-CL\",\"potentialAction\":[{\"@type\":\"ReadAction\",\"target\":[\"https:\/\/dev.explora.cl\/antofagasta\/par-explora-antofagasta-participara-en-expo-interactiva-de-la-infancia\/\"]}]},{\"@type\":\"ImageObject\",\"inLanguage\":\"es-CL\",\"@id\":\"https:\/\/dev.explora.cl\/antofagasta\/par-explora-antofagasta-participara-en-expo-interactiva-de-la-infancia\/#primaryimage\",\"url\":\"\",\"contentUrl\":\"\"},{\"@type\":\"BreadcrumbList\",\"@id\":\"https:\/\/dev.explora.cl\/antofagasta\/par-explora-antofagasta-participara-en-expo-interactiva-de-la-infancia\/#breadcrumb\",\"itemListElement\":[{\"@type\":\"ListItem\",\"position\":1,\"name\":\"Portada\",\"item\":\"https:\/\/dev.explora.cl\/antofagasta\/\"},{\"@type\":\"ListItem\",\"position\":2,\"name\":\"PAR EXPLORA Antofagasta participar\u00e1 en Expo Interactiva de la Infancia\"}]},{\"@type\":\"WebSite\",\"@id\":\"https:\/\/dev.explora.cl\/antofagasta\/#website\",\"url\":\"https:\/\/dev.explora.cl\/antofagasta\/\",\"name\":\"Antofagasta\",\"description\":\"Otro sitio m\u00e1s de dev.explora.cl\",\"potentialAction\":[{\"@type\":\"SearchAction\",\"target\":{\"@type\":\"EntryPoint\",\"urlTemplate\":\"https:\/\/dev.explora.cl\/antofagasta\/?s={search_term_string}\"},\"query-input\":{\"@type\":\"PropertyValueSpecification\",\"valueRequired\":true,\"valueName\":\"search_term_string\"}}],\"inLanguage\":\"es-CL\"},{\"@type\":\"Person\",\"@id\":\"https:\/\/dev.explora.cl\/antofagasta\/#\/schema\/person\/cb8349c13ea2d324080adf8480d7ba5d\",\"name\":\"webman\",\"image\":{\"@type\":\"ImageObject\",\"inLanguage\":\"es-CL\",\"@id\":\"https:\/\/dev.explora.cl\/antofagasta\/#\/schema\/person\/image\/\",\"url\":\"https:\/\/secure.gravatar.com\/avatar\/eeff3c82f2c02f7177d13663b7e6f890e9a6a0647ce9bb29cae02dcb094c7312?s=96&d=mm&r=g\",\"contentUrl\":\"https:\/\/secure.gravatar.com\/avatar\/eeff3c82f2c02f7177d13663b7e6f890e9a6a0647ce9bb29cae02dcb094c7312?s=96&d=mm&r=g\",\"caption\":\"webman\"},\"url\":\"https:\/\/dev.explora.cl\/antofagasta\/author\/webman\/\"}]}<\/script>\n<!-- \/ Yoast SEO plugin. -->","yoast_head_json":{"title":"PAR EXPLORA Antofagasta participar\u00e1 en Expo Interactiva de la Infancia - Antofagasta","robots":{"index":"index","follow":"follow","max-snippet":"max-snippet:-1","max-image-preview":"max-image-preview:large","max-video-preview":"max-video-preview:-1"},"canonical":"https:\/\/dev.explora.cl\/antofagasta\/par-explora-antofagasta-participara-en-expo-interactiva-de-la-infancia\/","og_locale":"es_ES","og_type":"article","og_title":"PAR EXPLORA Antofagasta participar\u00e1 en Expo Interactiva de la Infancia - Antofagasta","og_description":"Dos talleres interactivos realizar\u00e1 el Proyecto Asociativo Regional EXPLORA de la Universidad de Antofagasta durante la Expo Interactiva de la Infancia, feria organizada por la Casa Comunal de la Infancia de la Ilustre Municipalidad de Antofagasta, para celebrar el D\u00eda del Ni\u00f1o y que se realizar\u00e1 este viernes 29 de agosto a partir de las [&hellip;]","og_url":"https:\/\/dev.explora.cl\/antofagasta\/par-explora-antofagasta-participara-en-expo-interactiva-de-la-infancia\/","og_site_name":"Antofagasta","article_published_time":"2014-08-26T16:17:23+00:00","article_modified_time":"2019-05-16T03:22:17+00:00","author":"webman","twitter_card":"summary_large_image","twitter_misc":{"Escrito por":"webman","Tiempo estimado de lectura":"1 minuto"},"schema":{"@context":"https:\/\/schema.org","@graph":[{"@type":"Article","@id":"https:\/\/dev.explora.cl\/antofagasta\/par-explora-antofagasta-participara-en-expo-interactiva-de-la-infancia\/#article","isPartOf":{"@id":"https:\/\/dev.explora.cl\/antofagasta\/par-explora-antofagasta-participara-en-expo-interactiva-de-la-infancia\/"},"author":{"name":"webman","@id":"https:\/\/dev.explora.cl\/antofagasta\/#\/schema\/person\/cb8349c13ea2d324080adf8480d7ba5d"},"headline":"PAR EXPLORA Antofagasta participar\u00e1 en Expo Interactiva de la Infancia","datePublished":"2014-08-26T16:17:23+00:00","dateModified":"2019-05-16T03:22:17+00:00","mainEntityOfPage":{"@id":"https:\/\/dev.explora.cl\/antofagasta\/par-explora-antofagasta-participara-en-expo-interactiva-de-la-infancia\/"},"wordCount":198,"image":{"@id":"https:\/\/dev.explora.cl\/antofagasta\/par-explora-antofagasta-participara-en-expo-interactiva-de-la-infancia\/#primaryimage"},"thumbnailUrl":"","articleSection":["Noticias"],"inLanguage":"es-CL"},{"@type":"WebPage","@id":"https:\/\/dev.explora.cl\/antofagasta\/par-explora-antofagasta-participara-en-expo-interactiva-de-la-infancia\/","url":"https:\/\/dev.explora.cl\/antofagasta\/par-explora-antofagasta-participara-en-expo-interactiva-de-la-infancia\/","name":"PAR EXPLORA Antofagasta participar\u00e1 en Expo Interactiva de la Infancia - Antofagasta","isPartOf":{"@id":"https:\/\/dev.explora.cl\/antofagasta\/#website"},"primaryImageOfPage":{"@id":"https:\/\/dev.explora.cl\/antofagasta\/par-explora-antofagasta-participara-en-expo-interactiva-de-la-infancia\/#primaryimage"},"image":{"@id":"https:\/\/dev.explora.cl\/antofagasta\/par-explora-antofagasta-participara-en-expo-interactiva-de-la-infancia\/#primaryimage"},"thumbnailUrl":"","datePublished":"2014-08-26T16:17:23+00:00","dateModified":"2019-05-16T03:22:17+00:00","author":{"@id":"https:\/\/dev.explora.cl\/antofagasta\/#\/schema\/person\/cb8349c13ea2d324080adf8480d7ba5d"},"breadcrumb":{"@id":"https:\/\/dev.explora.cl\/antofagasta\/par-explora-antofagasta-participara-en-expo-interactiva-de-la-infancia\/#breadcrumb"},"inLanguage":"es-CL","potentialAction":[{"@type":"ReadAction","target":["https:\/\/dev.explora.cl\/antofagasta\/par-explora-antofagasta-participara-en-expo-interactiva-de-la-infancia\/"]}]},{"@type":"ImageObject","inLanguage":"es-CL","@id":"https:\/\/dev.explora.cl\/antofagasta\/par-explora-antofagasta-participara-en-expo-interactiva-de-la-infancia\/#primaryimage","url":"","contentUrl":""},{"@type":"BreadcrumbList","@id":"https:\/\/dev.explora.cl\/antofagasta\/par-explora-antofagasta-participara-en-expo-interactiva-de-la-infancia\/#breadcrumb","itemListElement":[{"@type":"ListItem","position":1,"name":"Portada","item":"https:\/\/dev.explora.cl\/antofagasta\/"},{"@type":"ListItem","position":2,"name":"PAR EXPLORA Antofagasta participar\u00e1 en Expo Interactiva de la Infancia"}]},{"@type":"WebSite","@id":"https:\/\/dev.explora.cl\/antofagasta\/#website","url":"https:\/\/dev.explora.cl\/antofagasta\/","name":"Antofagasta","description":"Otro sitio m\u00e1s de dev.explora.cl","potentialAction":[{"@type":"SearchAction","target":{"@type":"EntryPoint","urlTemplate":"https:\/\/dev.explora.cl\/antofagasta\/?s={search_term_string}"},"query-input":{"@type":"PropertyValueSpecification","valueRequired":true,"valueName":"search_term_string"}}],"inLanguage":"es-CL"},{"@type":"Person","@id":"https:\/\/dev.explora.cl\/antofagasta\/#\/schema\/person\/cb8349c13ea2d324080adf8480d7ba5d","name":"webman","image":{"@type":"ImageObject","inLanguage":"es-CL","@id":"https:\/\/dev.explora.cl\/antofagasta\/#\/schema\/person\/image\/","url":"https:\/\/secure.gravatar.com\/avatar\/eeff3c82f2c02f7177d13663b7e6f890e9a6a0647ce9bb29cae02dcb094c7312?s=96&d=mm&r=g","contentUrl":"https:\/\/secure.gravatar.com\/avatar\/eeff3c82f2c02f7177d13663b7e6f890e9a6a0647ce9bb29cae02dcb094c7312?s=96&d=mm&r=g","caption":"webman"},"url":"https:\/\/dev.explora.cl\/antofagasta\/author\/webman\/"}]}},"_links":{"self":[{"href":"https:\/\/dev.explora.cl\/antofagasta\/wp-json\/wp\/v2\/posts\/32589","targetHints":{"allow":["GET"]}}],"collection":[{"href":"https:\/\/dev.explora.cl\/antofagasta\/wp-json\/wp\/v2\/posts"}],"about":[{"href":"https:\/\/dev.explora.cl\/antofagasta\/wp-json\/wp\/v2\/types\/post"}],"author":[{"embeddable":true,"href":"https:\/\/dev.explora.cl\/antofagasta\/wp-json\/wp\/v2\/users\/2"}],"replies":[{"embeddable":true,"href":"https:\/\/dev.explora.cl\/antofagasta\/wp-json\/wp\/v2\/comments?post=32589"}],"version-history":[{"count":1,"href":"https:\/\/dev.explora.cl\/antofagasta\/wp-json\/wp\/v2\/posts\/32589\/revisions"}],"predecessor-version":[{"id":38864,"href":"https:\/\/dev.explora.cl\/antofagasta\/wp-json\/wp\/v2\/posts\/32589\/revisions\/38864"}],"wp:featuredmedia":[{"embeddable":true,"href":"https:\/\/dev.explora.cl\/antofagasta\/wp-json\/"}],"wp:attachment":[{"href":"https:\/\/dev.explora.cl\/antofagasta\/wp-json\/wp\/v2\/media?parent=32589"}],"wp:term":[{"taxonomy":"category","embeddable":true,"href":"https:\/\/dev.explora.cl\/antofagasta\/wp-json\/wp\/v2\/categories?post=32589"},{"taxonomy":"post_tag","embeddable":true,"href":"https:\/\/dev.explora.cl\/antofagasta\/wp-json\/wp\/v2\/tags?post=32589"}],"curies":[{"name":"wp","href":"https:\/\/api.w.org\/{rel}","templated":true}]}}