{"id":32533,"date":"2014-10-23T21:39:02","date_gmt":"2014-10-23T21:39:02","guid":{"rendered":"https:\/\/dev.explora.cl\/antofagasta\/blog\/2014\/10\/23\/astronomo-jose-maza-dicto-charla-en-taltal-sobre-colonizacion-de-marte\/"},"modified":"2019-05-16T03:21:53","modified_gmt":"2019-05-16T03:21:53","slug":"astronomo-jose-maza-dicto-charla-en-taltal-sobre-colonizacion-de-marte","status":"publish","type":"post","link":"https:\/\/dev.explora.cl\/antofagasta\/astronomo-jose-maza-dicto-charla-en-taltal-sobre-colonizacion-de-marte\/","title":{"rendered":"Astr\u00f3nomo Jos\u00e9 Maza dict\u00f3 charla en Taltal sobre Colonizaci\u00f3n de Marte"},"content":{"rendered":"<p><img loading=\"lazy\" decoding=\"async\" class=\" size-full wp-image-6490\" src=\"http:\/\/ec2-34-218-253-251.us-west-2.compute.amazonaws.com\/wp-content\/uploads\/2014\/10\/446f4fe6ef4f25b5f1cbd0e741da76b3.jpg\" alt=\"\" width=\"300\" height=\"199\" \/><\/p>\n<p>Un divertido acercamiento a lo que podr\u00eda ser el viaje del hombre a Marte fue el que el astr\u00f3nomo y premio nacional de ciencias, Dr. Jos\u00e9 Maza Sancho, realiz\u00f3 el pasado jueves en Taltal.<\/p>\n<p>El acad\u00e9mico lleg\u00f3 a esa comuna en el marco de Proyecto de Divulgaci\u00f3n con el Medio de la Unidad de Astronom\u00eda de la Universidad de Antofagasta, quienes en conjunto con el Proyecto Asociativo Regional EXPLORA Antofagasta realizan diversas charlas relacionadas con el cosmos en las comunas de la segunda regi\u00f3n.<\/p>\n<p>En Taltal, Jos\u00e9 Maza dicto la charla \u201cColonizaci\u00f3n de Marte\u201d, la que tuvo una excelente recepci\u00f3n entre los estudiantes presentes, quienes adem\u00e1s aprovecharon la oportunidad para preguntar sobre el tiempo de vida del Sol y los posibles problemas m\u00e9dicos que una expedici\u00f3n a Marte podr\u00eda tener.<\/p>\n<p>\u00a0<\/p>\n","protected":false},"excerpt":{"rendered":"<p>Un divertido acercamiento a lo que podr\u00eda ser el viaje del hombre a Marte fue el que el astr\u00f3nomo y premio nacional de ciencias, Dr. Jos\u00e9 Maza Sancho, realiz\u00f3 el pasado jueves en Taltal. El acad\u00e9mico lleg\u00f3 a esa comuna en el marco de Proyecto de Divulgaci\u00f3n con el Medio de la Unidad de Astronom\u00eda [&hellip;]<\/p>\n","protected":false},"author":2,"featured_media":6490,"comment_status":"closed","ping_status":"open","sticky":false,"template":"","format":"standard","meta":{"_acf_changed":false,"_exactmetrics_skip_tracking":false,"_exactmetrics_sitenote_active":false,"_exactmetrics_sitenote_note":"","_exactmetrics_sitenote_category":0,"footnotes":"","_links_to":"","_links_to_target":""},"categories":[4],"tags":[],"class_list":["post-32533","post","type-post","status-publish","format-standard","has-post-thumbnail","hentry","category-noticias"],"acf":[],"yoast_head":"<!-- This site is optimized with the Yoast SEO plugin v26.7 - https:\/\/yoast.com\/wordpress\/plugins\/seo\/ -->\n<title>Astr\u00f3nomo Jos\u00e9 Maza dict\u00f3 charla en Taltal sobre Colonizaci\u00f3n de Marte - Antofagasta<\/title>\n<meta name=\"robots\" content=\"index, follow, max-snippet:-1, max-image-preview:large, max-video-preview:-1\" \/>\n<link rel=\"canonical\" href=\"https:\/\/dev.explora.cl\/antofagasta\/astronomo-jose-maza-dicto-charla-en-taltal-sobre-colonizacion-de-marte\/\" class=\"yoast-seo-meta-tag\" \/>\n<meta property=\"og:locale\" content=\"es_ES\" class=\"yoast-seo-meta-tag\" \/>\n<meta property=\"og:type\" content=\"article\" class=\"yoast-seo-meta-tag\" \/>\n<meta property=\"og:title\" content=\"Astr\u00f3nomo Jos\u00e9 Maza dict\u00f3 charla en Taltal sobre Colonizaci\u00f3n de Marte - Antofagasta\" class=\"yoast-seo-meta-tag\" \/>\n<meta property=\"og:description\" content=\"Un divertido acercamiento a lo que podr\u00eda ser el viaje del hombre a Marte fue el que el astr\u00f3nomo y premio nacional de ciencias, Dr. Jos\u00e9 Maza Sancho, realiz\u00f3 el pasado jueves en Taltal. El acad\u00e9mico lleg\u00f3 a esa comuna en el marco de Proyecto de Divulgaci\u00f3n con el Medio de la Unidad de Astronom\u00eda [&hellip;]\" class=\"yoast-seo-meta-tag\" \/>\n<meta property=\"og:url\" content=\"https:\/\/dev.explora.cl\/antofagasta\/astronomo-jose-maza-dicto-charla-en-taltal-sobre-colonizacion-de-marte\/\" class=\"yoast-seo-meta-tag\" \/>\n<meta property=\"og:site_name\" content=\"Antofagasta\" class=\"yoast-seo-meta-tag\" \/>\n<meta property=\"article:published_time\" content=\"2014-10-23T21:39:02+00:00\" class=\"yoast-seo-meta-tag\" \/>\n<meta property=\"article:modified_time\" content=\"2019-05-16T03:21:53+00:00\" class=\"yoast-seo-meta-tag\" \/>\n<meta name=\"author\" content=\"webman\" class=\"yoast-seo-meta-tag\" \/>\n<meta name=\"twitter:card\" content=\"summary_large_image\" class=\"yoast-seo-meta-tag\" \/>\n<meta name=\"twitter:label1\" content=\"Escrito por\" class=\"yoast-seo-meta-tag\" \/>\n\t<meta name=\"twitter:data1\" content=\"webman\" class=\"yoast-seo-meta-tag\" \/>\n\t<meta name=\"twitter:label2\" content=\"Tiempo estimado de lectura\" class=\"yoast-seo-meta-tag\" \/>\n\t<meta name=\"twitter:data2\" content=\"1 minuto\" class=\"yoast-seo-meta-tag\" \/>\n<script type=\"application\/ld+json\" class=\"yoast-schema-graph\">{\"@context\":\"https:\/\/schema.org\",\"@graph\":[{\"@type\":\"Article\",\"@id\":\"https:\/\/dev.explora.cl\/antofagasta\/astronomo-jose-maza-dicto-charla-en-taltal-sobre-colonizacion-de-marte\/#article\",\"isPartOf\":{\"@id\":\"https:\/\/dev.explora.cl\/antofagasta\/astronomo-jose-maza-dicto-charla-en-taltal-sobre-colonizacion-de-marte\/\"},\"author\":{\"name\":\"webman\",\"@id\":\"https:\/\/dev.explora.cl\/antofagasta\/#\/schema\/person\/cb8349c13ea2d324080adf8480d7ba5d\"},\"headline\":\"Astr\u00f3nomo Jos\u00e9 Maza dict\u00f3 charla en Taltal sobre Colonizaci\u00f3n de Marte\",\"datePublished\":\"2014-10-23T21:39:02+00:00\",\"dateModified\":\"2019-05-16T03:21:53+00:00\",\"mainEntityOfPage\":{\"@id\":\"https:\/\/dev.explora.cl\/antofagasta\/astronomo-jose-maza-dicto-charla-en-taltal-sobre-colonizacion-de-marte\/\"},\"wordCount\":155,\"image\":{\"@id\":\"https:\/\/dev.explora.cl\/antofagasta\/astronomo-jose-maza-dicto-charla-en-taltal-sobre-colonizacion-de-marte\/#primaryimage\"},\"thumbnailUrl\":\"\",\"articleSection\":[\"Noticias\"],\"inLanguage\":\"es-CL\"},{\"@type\":\"WebPage\",\"@id\":\"https:\/\/dev.explora.cl\/antofagasta\/astronomo-jose-maza-dicto-charla-en-taltal-sobre-colonizacion-de-marte\/\",\"url\":\"https:\/\/dev.explora.cl\/antofagasta\/astronomo-jose-maza-dicto-charla-en-taltal-sobre-colonizacion-de-marte\/\",\"name\":\"Astr\u00f3nomo Jos\u00e9 Maza dict\u00f3 charla en Taltal sobre Colonizaci\u00f3n de Marte - Antofagasta\",\"isPartOf\":{\"@id\":\"https:\/\/dev.explora.cl\/antofagasta\/#website\"},\"primaryImageOfPage\":{\"@id\":\"https:\/\/dev.explora.cl\/antofagasta\/astronomo-jose-maza-dicto-charla-en-taltal-sobre-colonizacion-de-marte\/#primaryimage\"},\"image\":{\"@id\":\"https:\/\/dev.explora.cl\/antofagasta\/astronomo-jose-maza-dicto-charla-en-taltal-sobre-colonizacion-de-marte\/#primaryimage\"},\"thumbnailUrl\":\"\",\"datePublished\":\"2014-10-23T21:39:02+00:00\",\"dateModified\":\"2019-05-16T03:21:53+00:00\",\"author\":{\"@id\":\"https:\/\/dev.explora.cl\/antofagasta\/#\/schema\/person\/cb8349c13ea2d324080adf8480d7ba5d\"},\"breadcrumb\":{\"@id\":\"https:\/\/dev.explora.cl\/antofagasta\/astronomo-jose-maza-dicto-charla-en-taltal-sobre-colonizacion-de-marte\/#breadcrumb\"},\"inLanguage\":\"es-CL\",\"potentialAction\":[{\"@type\":\"ReadAction\",\"target\":[\"https:\/\/dev.explora.cl\/antofagasta\/astronomo-jose-maza-dicto-charla-en-taltal-sobre-colonizacion-de-marte\/\"]}]},{\"@type\":\"ImageObject\",\"inLanguage\":\"es-CL\",\"@id\":\"https:\/\/dev.explora.cl\/antofagasta\/astronomo-jose-maza-dicto-charla-en-taltal-sobre-colonizacion-de-marte\/#primaryimage\",\"url\":\"\",\"contentUrl\":\"\"},{\"@type\":\"BreadcrumbList\",\"@id\":\"https:\/\/dev.explora.cl\/antofagasta\/astronomo-jose-maza-dicto-charla-en-taltal-sobre-colonizacion-de-marte\/#breadcrumb\",\"itemListElement\":[{\"@type\":\"ListItem\",\"position\":1,\"name\":\"Portada\",\"item\":\"https:\/\/dev.explora.cl\/antofagasta\/\"},{\"@type\":\"ListItem\",\"position\":2,\"name\":\"Astr\u00f3nomo Jos\u00e9 Maza dict\u00f3 charla en Taltal sobre Colonizaci\u00f3n de Marte\"}]},{\"@type\":\"WebSite\",\"@id\":\"https:\/\/dev.explora.cl\/antofagasta\/#website\",\"url\":\"https:\/\/dev.explora.cl\/antofagasta\/\",\"name\":\"Antofagasta\",\"description\":\"Otro sitio m\u00e1s de dev.explora.cl\",\"potentialAction\":[{\"@type\":\"SearchAction\",\"target\":{\"@type\":\"EntryPoint\",\"urlTemplate\":\"https:\/\/dev.explora.cl\/antofagasta\/?s={search_term_string}\"},\"query-input\":{\"@type\":\"PropertyValueSpecification\",\"valueRequired\":true,\"valueName\":\"search_term_string\"}}],\"inLanguage\":\"es-CL\"},{\"@type\":\"Person\",\"@id\":\"https:\/\/dev.explora.cl\/antofagasta\/#\/schema\/person\/cb8349c13ea2d324080adf8480d7ba5d\",\"name\":\"webman\",\"image\":{\"@type\":\"ImageObject\",\"inLanguage\":\"es-CL\",\"@id\":\"https:\/\/dev.explora.cl\/antofagasta\/#\/schema\/person\/image\/\",\"url\":\"https:\/\/secure.gravatar.com\/avatar\/eeff3c82f2c02f7177d13663b7e6f890e9a6a0647ce9bb29cae02dcb094c7312?s=96&d=mm&r=g\",\"contentUrl\":\"https:\/\/secure.gravatar.com\/avatar\/eeff3c82f2c02f7177d13663b7e6f890e9a6a0647ce9bb29cae02dcb094c7312?s=96&d=mm&r=g\",\"caption\":\"webman\"},\"url\":\"https:\/\/dev.explora.cl\/antofagasta\/author\/webman\/\"}]}<\/script>\n<!-- \/ Yoast SEO plugin. -->","yoast_head_json":{"title":"Astr\u00f3nomo Jos\u00e9 Maza dict\u00f3 charla en Taltal sobre Colonizaci\u00f3n de Marte - Antofagasta","robots":{"index":"index","follow":"follow","max-snippet":"max-snippet:-1","max-image-preview":"max-image-preview:large","max-video-preview":"max-video-preview:-1"},"canonical":"https:\/\/dev.explora.cl\/antofagasta\/astronomo-jose-maza-dicto-charla-en-taltal-sobre-colonizacion-de-marte\/","og_locale":"es_ES","og_type":"article","og_title":"Astr\u00f3nomo Jos\u00e9 Maza dict\u00f3 charla en Taltal sobre Colonizaci\u00f3n de Marte - Antofagasta","og_description":"Un divertido acercamiento a lo que podr\u00eda ser el viaje del hombre a Marte fue el que el astr\u00f3nomo y premio nacional de ciencias, Dr. Jos\u00e9 Maza Sancho, realiz\u00f3 el pasado jueves en Taltal. El acad\u00e9mico lleg\u00f3 a esa comuna en el marco de Proyecto de Divulgaci\u00f3n con el Medio de la Unidad de Astronom\u00eda [&hellip;]","og_url":"https:\/\/dev.explora.cl\/antofagasta\/astronomo-jose-maza-dicto-charla-en-taltal-sobre-colonizacion-de-marte\/","og_site_name":"Antofagasta","article_published_time":"2014-10-23T21:39:02+00:00","article_modified_time":"2019-05-16T03:21:53+00:00","author":"webman","twitter_card":"summary_large_image","twitter_misc":{"Escrito por":"webman","Tiempo estimado de lectura":"1 minuto"},"schema":{"@context":"https:\/\/schema.org","@graph":[{"@type":"Article","@id":"https:\/\/dev.explora.cl\/antofagasta\/astronomo-jose-maza-dicto-charla-en-taltal-sobre-colonizacion-de-marte\/#article","isPartOf":{"@id":"https:\/\/dev.explora.cl\/antofagasta\/astronomo-jose-maza-dicto-charla-en-taltal-sobre-colonizacion-de-marte\/"},"author":{"name":"webman","@id":"https:\/\/dev.explora.cl\/antofagasta\/#\/schema\/person\/cb8349c13ea2d324080adf8480d7ba5d"},"headline":"Astr\u00f3nomo Jos\u00e9 Maza dict\u00f3 charla en Taltal sobre Colonizaci\u00f3n de Marte","datePublished":"2014-10-23T21:39:02+00:00","dateModified":"2019-05-16T03:21:53+00:00","mainEntityOfPage":{"@id":"https:\/\/dev.explora.cl\/antofagasta\/astronomo-jose-maza-dicto-charla-en-taltal-sobre-colonizacion-de-marte\/"},"wordCount":155,"image":{"@id":"https:\/\/dev.explora.cl\/antofagasta\/astronomo-jose-maza-dicto-charla-en-taltal-sobre-colonizacion-de-marte\/#primaryimage"},"thumbnailUrl":"","articleSection":["Noticias"],"inLanguage":"es-CL"},{"@type":"WebPage","@id":"https:\/\/dev.explora.cl\/antofagasta\/astronomo-jose-maza-dicto-charla-en-taltal-sobre-colonizacion-de-marte\/","url":"https:\/\/dev.explora.cl\/antofagasta\/astronomo-jose-maza-dicto-charla-en-taltal-sobre-colonizacion-de-marte\/","name":"Astr\u00f3nomo Jos\u00e9 Maza dict\u00f3 charla en Taltal sobre Colonizaci\u00f3n de Marte - Antofagasta","isPartOf":{"@id":"https:\/\/dev.explora.cl\/antofagasta\/#website"},"primaryImageOfPage":{"@id":"https:\/\/dev.explora.cl\/antofagasta\/astronomo-jose-maza-dicto-charla-en-taltal-sobre-colonizacion-de-marte\/#primaryimage"},"image":{"@id":"https:\/\/dev.explora.cl\/antofagasta\/astronomo-jose-maza-dicto-charla-en-taltal-sobre-colonizacion-de-marte\/#primaryimage"},"thumbnailUrl":"","datePublished":"2014-10-23T21:39:02+00:00","dateModified":"2019-05-16T03:21:53+00:00","author":{"@id":"https:\/\/dev.explora.cl\/antofagasta\/#\/schema\/person\/cb8349c13ea2d324080adf8480d7ba5d"},"breadcrumb":{"@id":"https:\/\/dev.explora.cl\/antofagasta\/astronomo-jose-maza-dicto-charla-en-taltal-sobre-colonizacion-de-marte\/#breadcrumb"},"inLanguage":"es-CL","potentialAction":[{"@type":"ReadAction","target":["https:\/\/dev.explora.cl\/antofagasta\/astronomo-jose-maza-dicto-charla-en-taltal-sobre-colonizacion-de-marte\/"]}]},{"@type":"ImageObject","inLanguage":"es-CL","@id":"https:\/\/dev.explora.cl\/antofagasta\/astronomo-jose-maza-dicto-charla-en-taltal-sobre-colonizacion-de-marte\/#primaryimage","url":"","contentUrl":""},{"@type":"BreadcrumbList","@id":"https:\/\/dev.explora.cl\/antofagasta\/astronomo-jose-maza-dicto-charla-en-taltal-sobre-colonizacion-de-marte\/#breadcrumb","itemListElement":[{"@type":"ListItem","position":1,"name":"Portada","item":"https:\/\/dev.explora.cl\/antofagasta\/"},{"@type":"ListItem","position":2,"name":"Astr\u00f3nomo Jos\u00e9 Maza dict\u00f3 charla en Taltal sobre Colonizaci\u00f3n de Marte"}]},{"@type":"WebSite","@id":"https:\/\/dev.explora.cl\/antofagasta\/#website","url":"https:\/\/dev.explora.cl\/antofagasta\/","name":"Antofagasta","description":"Otro sitio m\u00e1s de dev.explora.cl","potentialAction":[{"@type":"SearchAction","target":{"@type":"EntryPoint","urlTemplate":"https:\/\/dev.explora.cl\/antofagasta\/?s={search_term_string}"},"query-input":{"@type":"PropertyValueSpecification","valueRequired":true,"valueName":"search_term_string"}}],"inLanguage":"es-CL"},{"@type":"Person","@id":"https:\/\/dev.explora.cl\/antofagasta\/#\/schema\/person\/cb8349c13ea2d324080adf8480d7ba5d","name":"webman","image":{"@type":"ImageObject","inLanguage":"es-CL","@id":"https:\/\/dev.explora.cl\/antofagasta\/#\/schema\/person\/image\/","url":"https:\/\/secure.gravatar.com\/avatar\/eeff3c82f2c02f7177d13663b7e6f890e9a6a0647ce9bb29cae02dcb094c7312?s=96&d=mm&r=g","contentUrl":"https:\/\/secure.gravatar.com\/avatar\/eeff3c82f2c02f7177d13663b7e6f890e9a6a0647ce9bb29cae02dcb094c7312?s=96&d=mm&r=g","caption":"webman"},"url":"https:\/\/dev.explora.cl\/antofagasta\/author\/webman\/"}]}},"_links":{"self":[{"href":"https:\/\/dev.explora.cl\/antofagasta\/wp-json\/wp\/v2\/posts\/32533","targetHints":{"allow":["GET"]}}],"collection":[{"href":"https:\/\/dev.explora.cl\/antofagasta\/wp-json\/wp\/v2\/posts"}],"about":[{"href":"https:\/\/dev.explora.cl\/antofagasta\/wp-json\/wp\/v2\/types\/post"}],"author":[{"embeddable":true,"href":"https:\/\/dev.explora.cl\/antofagasta\/wp-json\/wp\/v2\/users\/2"}],"replies":[{"embeddable":true,"href":"https:\/\/dev.explora.cl\/antofagasta\/wp-json\/wp\/v2\/comments?post=32533"}],"version-history":[{"count":1,"href":"https:\/\/dev.explora.cl\/antofagasta\/wp-json\/wp\/v2\/posts\/32533\/revisions"}],"predecessor-version":[{"id":38836,"href":"https:\/\/dev.explora.cl\/antofagasta\/wp-json\/wp\/v2\/posts\/32533\/revisions\/38836"}],"wp:featuredmedia":[{"embeddable":true,"href":"https:\/\/dev.explora.cl\/antofagasta\/wp-json\/"}],"wp:attachment":[{"href":"https:\/\/dev.explora.cl\/antofagasta\/wp-json\/wp\/v2\/media?parent=32533"}],"wp:term":[{"taxonomy":"category","embeddable":true,"href":"https:\/\/dev.explora.cl\/antofagasta\/wp-json\/wp\/v2\/categories?post=32533"},{"taxonomy":"post_tag","embeddable":true,"href":"https:\/\/dev.explora.cl\/antofagasta\/wp-json\/wp\/v2\/tags?post=32533"}],"curies":[{"name":"wp","href":"https:\/\/api.w.org\/{rel}","templated":true}]}}