{"id":32521,"date":"2014-10-27T20:05:24","date_gmt":"2014-10-27T20:05:24","guid":{"rendered":"https:\/\/dev.explora.cl\/antofagasta\/blog\/2014\/10\/27\/semana-de-la-ciencia-llega-a-calama\/"},"modified":"2019-05-16T03:21:51","modified_gmt":"2019-05-16T03:21:51","slug":"semana-de-la-ciencia-llega-a-calama","status":"publish","type":"post","link":"https:\/\/dev.explora.cl\/antofagasta\/semana-de-la-ciencia-llega-a-calama\/","title":{"rendered":"Semana de la Ciencia llega a Calama"},"content":{"rendered":"<p><img loading=\"lazy\" decoding=\"async\" class=\" size-full wp-image-6595\" src=\"http:\/\/ec2-34-218-253-251.us-west-2.compute.amazonaws.com\/wp-content\/uploads\/2014\/10\/c919010fcec2d336e223258a493e5ce9.jpg\" alt=\"\" width=\"300\" height=\"225\" \/><\/p>\n<p>Acercar de primera mano el aprendizaje de una forma entretenida para ni\u00f1os y adultos es el objetivo que el Proyecto Asociativo Regional EXPLORA de la Universidad de Antofagasta busca alcanzar durante la XX Semana Nacional de Ciencia y Tecnolog\u00eda 2014.<\/p>\n<p>Para lograrlo ha organizado una serie de iniciativas en toda la segunda regi\u00f3n. As\u00ed, el pr\u00f3ximo 28 de octubre, en conjunto con el Colegio Chuquicamata, se realizar\u00e1 una noche Astron\u00f3mica, ocasi\u00f3n en la que los habitantes de la ciudad de Calama podr\u00e1n apreciar los cielos de esta comuna, bajo la supervisi\u00f3n de expertos y profesionales de la astronom\u00eda.<\/p>\n<p>En la ocasi\u00f3n participar\u00e1n miembros de la Academia de Astronom\u00eda del Colegio Adventista de Calama, a cargo del profesor Claudio Olave. La actividad se realizar\u00e1 entre las 18:30 y las 21 horas en dependencias del Colegio Chuquicamata.<\/p>\n<p><strong>Seminario <\/strong><\/p>\n<p>Continuando con las actividades en Calama, el 29 \u00a0de octubre se realizar\u00e1 el Seminario de Neurociencia, ocasi\u00f3n en la que investigadores del Laboratorio de neurociencias de la Universidad de Antofagasta acercar\u00e1n a la comunidad a esta disciplina de las Ciencias biol\u00f3gicas.<\/p>\n<p>El seminario se realizar\u00e1 en el Colegio Chuquicamata a partir de las 14:30 horas. Adem\u00e1s de las ponencias de expertos en Neurociencias, en la ocasi\u00f3n se realizar\u00e1 un Taller de Formulaci\u00f3n de Proyectos, a cargo del acad\u00e9mico de la Universidad de Antofagasta, Oscar Larenas.\u00a0<\/p>\n","protected":false},"excerpt":{"rendered":"<p>Acercar de primera mano el aprendizaje de una forma entretenida para ni\u00f1os y adultos es el objetivo que el Proyecto Asociativo Regional EXPLORA de la Universidad de Antofagasta busca alcanzar durante la XX Semana Nacional de Ciencia y Tecnolog\u00eda 2014. Para lograrlo ha organizado una serie de iniciativas en toda la segunda regi\u00f3n. As\u00ed, el [&hellip;]<\/p>\n","protected":false},"author":2,"featured_media":6595,"comment_status":"closed","ping_status":"open","sticky":false,"template":"","format":"standard","meta":{"_acf_changed":false,"_exactmetrics_skip_tracking":false,"_exactmetrics_sitenote_active":false,"_exactmetrics_sitenote_note":"","_exactmetrics_sitenote_category":0,"footnotes":"","_links_to":"","_links_to_target":""},"categories":[4],"tags":[],"class_list":["post-32521","post","type-post","status-publish","format-standard","has-post-thumbnail","hentry","category-noticias"],"acf":[],"yoast_head":"<!-- This site is optimized with the Yoast SEO plugin v26.7 - https:\/\/yoast.com\/wordpress\/plugins\/seo\/ -->\n<title>Semana de la Ciencia llega a Calama - Antofagasta<\/title>\n<meta name=\"robots\" content=\"index, follow, max-snippet:-1, max-image-preview:large, max-video-preview:-1\" \/>\n<link rel=\"canonical\" href=\"https:\/\/dev.explora.cl\/antofagasta\/semana-de-la-ciencia-llega-a-calama\/\" class=\"yoast-seo-meta-tag\" \/>\n<meta property=\"og:locale\" content=\"es_ES\" class=\"yoast-seo-meta-tag\" \/>\n<meta property=\"og:type\" content=\"article\" class=\"yoast-seo-meta-tag\" \/>\n<meta property=\"og:title\" content=\"Semana de la Ciencia llega a Calama - Antofagasta\" class=\"yoast-seo-meta-tag\" \/>\n<meta property=\"og:description\" content=\"Acercar de primera mano el aprendizaje de una forma entretenida para ni\u00f1os y adultos es el objetivo que el Proyecto Asociativo Regional EXPLORA de la Universidad de Antofagasta busca alcanzar durante la XX Semana Nacional de Ciencia y Tecnolog\u00eda 2014. Para lograrlo ha organizado una serie de iniciativas en toda la segunda regi\u00f3n. As\u00ed, el [&hellip;]\" class=\"yoast-seo-meta-tag\" \/>\n<meta property=\"og:url\" content=\"https:\/\/dev.explora.cl\/antofagasta\/semana-de-la-ciencia-llega-a-calama\/\" class=\"yoast-seo-meta-tag\" \/>\n<meta property=\"og:site_name\" content=\"Antofagasta\" class=\"yoast-seo-meta-tag\" \/>\n<meta property=\"article:published_time\" content=\"2014-10-27T20:05:24+00:00\" class=\"yoast-seo-meta-tag\" \/>\n<meta property=\"article:modified_time\" content=\"2019-05-16T03:21:51+00:00\" class=\"yoast-seo-meta-tag\" \/>\n<meta name=\"author\" content=\"webman\" class=\"yoast-seo-meta-tag\" \/>\n<meta name=\"twitter:card\" content=\"summary_large_image\" class=\"yoast-seo-meta-tag\" \/>\n<meta name=\"twitter:label1\" content=\"Escrito por\" class=\"yoast-seo-meta-tag\" \/>\n\t<meta name=\"twitter:data1\" content=\"webman\" class=\"yoast-seo-meta-tag\" \/>\n\t<meta name=\"twitter:label2\" content=\"Tiempo estimado de lectura\" class=\"yoast-seo-meta-tag\" \/>\n\t<meta name=\"twitter:data2\" content=\"1 minuto\" class=\"yoast-seo-meta-tag\" \/>\n<script type=\"application\/ld+json\" class=\"yoast-schema-graph\">{\"@context\":\"https:\/\/schema.org\",\"@graph\":[{\"@type\":\"Article\",\"@id\":\"https:\/\/dev.explora.cl\/antofagasta\/semana-de-la-ciencia-llega-a-calama\/#article\",\"isPartOf\":{\"@id\":\"https:\/\/dev.explora.cl\/antofagasta\/semana-de-la-ciencia-llega-a-calama\/\"},\"author\":{\"name\":\"webman\",\"@id\":\"https:\/\/dev.explora.cl\/antofagasta\/#\/schema\/person\/cb8349c13ea2d324080adf8480d7ba5d\"},\"headline\":\"Semana de la Ciencia llega a Calama\",\"datePublished\":\"2014-10-27T20:05:24+00:00\",\"dateModified\":\"2019-05-16T03:21:51+00:00\",\"mainEntityOfPage\":{\"@id\":\"https:\/\/dev.explora.cl\/antofagasta\/semana-de-la-ciencia-llega-a-calama\/\"},\"wordCount\":241,\"image\":{\"@id\":\"https:\/\/dev.explora.cl\/antofagasta\/semana-de-la-ciencia-llega-a-calama\/#primaryimage\"},\"thumbnailUrl\":\"\",\"articleSection\":[\"Noticias\"],\"inLanguage\":\"es-CL\"},{\"@type\":\"WebPage\",\"@id\":\"https:\/\/dev.explora.cl\/antofagasta\/semana-de-la-ciencia-llega-a-calama\/\",\"url\":\"https:\/\/dev.explora.cl\/antofagasta\/semana-de-la-ciencia-llega-a-calama\/\",\"name\":\"Semana de la Ciencia llega a Calama - Antofagasta\",\"isPartOf\":{\"@id\":\"https:\/\/dev.explora.cl\/antofagasta\/#website\"},\"primaryImageOfPage\":{\"@id\":\"https:\/\/dev.explora.cl\/antofagasta\/semana-de-la-ciencia-llega-a-calama\/#primaryimage\"},\"image\":{\"@id\":\"https:\/\/dev.explora.cl\/antofagasta\/semana-de-la-ciencia-llega-a-calama\/#primaryimage\"},\"thumbnailUrl\":\"\",\"datePublished\":\"2014-10-27T20:05:24+00:00\",\"dateModified\":\"2019-05-16T03:21:51+00:00\",\"author\":{\"@id\":\"https:\/\/dev.explora.cl\/antofagasta\/#\/schema\/person\/cb8349c13ea2d324080adf8480d7ba5d\"},\"breadcrumb\":{\"@id\":\"https:\/\/dev.explora.cl\/antofagasta\/semana-de-la-ciencia-llega-a-calama\/#breadcrumb\"},\"inLanguage\":\"es-CL\",\"potentialAction\":[{\"@type\":\"ReadAction\",\"target\":[\"https:\/\/dev.explora.cl\/antofagasta\/semana-de-la-ciencia-llega-a-calama\/\"]}]},{\"@type\":\"ImageObject\",\"inLanguage\":\"es-CL\",\"@id\":\"https:\/\/dev.explora.cl\/antofagasta\/semana-de-la-ciencia-llega-a-calama\/#primaryimage\",\"url\":\"\",\"contentUrl\":\"\"},{\"@type\":\"BreadcrumbList\",\"@id\":\"https:\/\/dev.explora.cl\/antofagasta\/semana-de-la-ciencia-llega-a-calama\/#breadcrumb\",\"itemListElement\":[{\"@type\":\"ListItem\",\"position\":1,\"name\":\"Portada\",\"item\":\"https:\/\/dev.explora.cl\/antofagasta\/\"},{\"@type\":\"ListItem\",\"position\":2,\"name\":\"Semana de la Ciencia llega a Calama\"}]},{\"@type\":\"WebSite\",\"@id\":\"https:\/\/dev.explora.cl\/antofagasta\/#website\",\"url\":\"https:\/\/dev.explora.cl\/antofagasta\/\",\"name\":\"Antofagasta\",\"description\":\"Otro sitio m\u00e1s de dev.explora.cl\",\"potentialAction\":[{\"@type\":\"SearchAction\",\"target\":{\"@type\":\"EntryPoint\",\"urlTemplate\":\"https:\/\/dev.explora.cl\/antofagasta\/?s={search_term_string}\"},\"query-input\":{\"@type\":\"PropertyValueSpecification\",\"valueRequired\":true,\"valueName\":\"search_term_string\"}}],\"inLanguage\":\"es-CL\"},{\"@type\":\"Person\",\"@id\":\"https:\/\/dev.explora.cl\/antofagasta\/#\/schema\/person\/cb8349c13ea2d324080adf8480d7ba5d\",\"name\":\"webman\",\"image\":{\"@type\":\"ImageObject\",\"inLanguage\":\"es-CL\",\"@id\":\"https:\/\/dev.explora.cl\/antofagasta\/#\/schema\/person\/image\/\",\"url\":\"https:\/\/secure.gravatar.com\/avatar\/eeff3c82f2c02f7177d13663b7e6f890e9a6a0647ce9bb29cae02dcb094c7312?s=96&d=mm&r=g\",\"contentUrl\":\"https:\/\/secure.gravatar.com\/avatar\/eeff3c82f2c02f7177d13663b7e6f890e9a6a0647ce9bb29cae02dcb094c7312?s=96&d=mm&r=g\",\"caption\":\"webman\"},\"url\":\"https:\/\/dev.explora.cl\/antofagasta\/author\/webman\/\"}]}<\/script>\n<!-- \/ Yoast SEO plugin. -->","yoast_head_json":{"title":"Semana de la Ciencia llega a Calama - Antofagasta","robots":{"index":"index","follow":"follow","max-snippet":"max-snippet:-1","max-image-preview":"max-image-preview:large","max-video-preview":"max-video-preview:-1"},"canonical":"https:\/\/dev.explora.cl\/antofagasta\/semana-de-la-ciencia-llega-a-calama\/","og_locale":"es_ES","og_type":"article","og_title":"Semana de la Ciencia llega a Calama - Antofagasta","og_description":"Acercar de primera mano el aprendizaje de una forma entretenida para ni\u00f1os y adultos es el objetivo que el Proyecto Asociativo Regional EXPLORA de la Universidad de Antofagasta busca alcanzar durante la XX Semana Nacional de Ciencia y Tecnolog\u00eda 2014. Para lograrlo ha organizado una serie de iniciativas en toda la segunda regi\u00f3n. As\u00ed, el [&hellip;]","og_url":"https:\/\/dev.explora.cl\/antofagasta\/semana-de-la-ciencia-llega-a-calama\/","og_site_name":"Antofagasta","article_published_time":"2014-10-27T20:05:24+00:00","article_modified_time":"2019-05-16T03:21:51+00:00","author":"webman","twitter_card":"summary_large_image","twitter_misc":{"Escrito por":"webman","Tiempo estimado de lectura":"1 minuto"},"schema":{"@context":"https:\/\/schema.org","@graph":[{"@type":"Article","@id":"https:\/\/dev.explora.cl\/antofagasta\/semana-de-la-ciencia-llega-a-calama\/#article","isPartOf":{"@id":"https:\/\/dev.explora.cl\/antofagasta\/semana-de-la-ciencia-llega-a-calama\/"},"author":{"name":"webman","@id":"https:\/\/dev.explora.cl\/antofagasta\/#\/schema\/person\/cb8349c13ea2d324080adf8480d7ba5d"},"headline":"Semana de la Ciencia llega a Calama","datePublished":"2014-10-27T20:05:24+00:00","dateModified":"2019-05-16T03:21:51+00:00","mainEntityOfPage":{"@id":"https:\/\/dev.explora.cl\/antofagasta\/semana-de-la-ciencia-llega-a-calama\/"},"wordCount":241,"image":{"@id":"https:\/\/dev.explora.cl\/antofagasta\/semana-de-la-ciencia-llega-a-calama\/#primaryimage"},"thumbnailUrl":"","articleSection":["Noticias"],"inLanguage":"es-CL"},{"@type":"WebPage","@id":"https:\/\/dev.explora.cl\/antofagasta\/semana-de-la-ciencia-llega-a-calama\/","url":"https:\/\/dev.explora.cl\/antofagasta\/semana-de-la-ciencia-llega-a-calama\/","name":"Semana de la Ciencia llega a Calama - Antofagasta","isPartOf":{"@id":"https:\/\/dev.explora.cl\/antofagasta\/#website"},"primaryImageOfPage":{"@id":"https:\/\/dev.explora.cl\/antofagasta\/semana-de-la-ciencia-llega-a-calama\/#primaryimage"},"image":{"@id":"https:\/\/dev.explora.cl\/antofagasta\/semana-de-la-ciencia-llega-a-calama\/#primaryimage"},"thumbnailUrl":"","datePublished":"2014-10-27T20:05:24+00:00","dateModified":"2019-05-16T03:21:51+00:00","author":{"@id":"https:\/\/dev.explora.cl\/antofagasta\/#\/schema\/person\/cb8349c13ea2d324080adf8480d7ba5d"},"breadcrumb":{"@id":"https:\/\/dev.explora.cl\/antofagasta\/semana-de-la-ciencia-llega-a-calama\/#breadcrumb"},"inLanguage":"es-CL","potentialAction":[{"@type":"ReadAction","target":["https:\/\/dev.explora.cl\/antofagasta\/semana-de-la-ciencia-llega-a-calama\/"]}]},{"@type":"ImageObject","inLanguage":"es-CL","@id":"https:\/\/dev.explora.cl\/antofagasta\/semana-de-la-ciencia-llega-a-calama\/#primaryimage","url":"","contentUrl":""},{"@type":"BreadcrumbList","@id":"https:\/\/dev.explora.cl\/antofagasta\/semana-de-la-ciencia-llega-a-calama\/#breadcrumb","itemListElement":[{"@type":"ListItem","position":1,"name":"Portada","item":"https:\/\/dev.explora.cl\/antofagasta\/"},{"@type":"ListItem","position":2,"name":"Semana de la Ciencia llega a Calama"}]},{"@type":"WebSite","@id":"https:\/\/dev.explora.cl\/antofagasta\/#website","url":"https:\/\/dev.explora.cl\/antofagasta\/","name":"Antofagasta","description":"Otro sitio m\u00e1s de dev.explora.cl","potentialAction":[{"@type":"SearchAction","target":{"@type":"EntryPoint","urlTemplate":"https:\/\/dev.explora.cl\/antofagasta\/?s={search_term_string}"},"query-input":{"@type":"PropertyValueSpecification","valueRequired":true,"valueName":"search_term_string"}}],"inLanguage":"es-CL"},{"@type":"Person","@id":"https:\/\/dev.explora.cl\/antofagasta\/#\/schema\/person\/cb8349c13ea2d324080adf8480d7ba5d","name":"webman","image":{"@type":"ImageObject","inLanguage":"es-CL","@id":"https:\/\/dev.explora.cl\/antofagasta\/#\/schema\/person\/image\/","url":"https:\/\/secure.gravatar.com\/avatar\/eeff3c82f2c02f7177d13663b7e6f890e9a6a0647ce9bb29cae02dcb094c7312?s=96&d=mm&r=g","contentUrl":"https:\/\/secure.gravatar.com\/avatar\/eeff3c82f2c02f7177d13663b7e6f890e9a6a0647ce9bb29cae02dcb094c7312?s=96&d=mm&r=g","caption":"webman"},"url":"https:\/\/dev.explora.cl\/antofagasta\/author\/webman\/"}]}},"_links":{"self":[{"href":"https:\/\/dev.explora.cl\/antofagasta\/wp-json\/wp\/v2\/posts\/32521","targetHints":{"allow":["GET"]}}],"collection":[{"href":"https:\/\/dev.explora.cl\/antofagasta\/wp-json\/wp\/v2\/posts"}],"about":[{"href":"https:\/\/dev.explora.cl\/antofagasta\/wp-json\/wp\/v2\/types\/post"}],"author":[{"embeddable":true,"href":"https:\/\/dev.explora.cl\/antofagasta\/wp-json\/wp\/v2\/users\/2"}],"replies":[{"embeddable":true,"href":"https:\/\/dev.explora.cl\/antofagasta\/wp-json\/wp\/v2\/comments?post=32521"}],"version-history":[{"count":1,"href":"https:\/\/dev.explora.cl\/antofagasta\/wp-json\/wp\/v2\/posts\/32521\/revisions"}],"predecessor-version":[{"id":38830,"href":"https:\/\/dev.explora.cl\/antofagasta\/wp-json\/wp\/v2\/posts\/32521\/revisions\/38830"}],"wp:featuredmedia":[{"embeddable":true,"href":"https:\/\/dev.explora.cl\/antofagasta\/wp-json\/"}],"wp:attachment":[{"href":"https:\/\/dev.explora.cl\/antofagasta\/wp-json\/wp\/v2\/media?parent=32521"}],"wp:term":[{"taxonomy":"category","embeddable":true,"href":"https:\/\/dev.explora.cl\/antofagasta\/wp-json\/wp\/v2\/categories?post=32521"},{"taxonomy":"post_tag","embeddable":true,"href":"https:\/\/dev.explora.cl\/antofagasta\/wp-json\/wp\/v2\/tags?post=32521"}],"curies":[{"name":"wp","href":"https:\/\/api.w.org\/{rel}","templated":true}]}}