{"id":32479,"date":"2015-01-05T14:44:45","date_gmt":"2015-01-05T14:44:45","guid":{"rendered":"https:\/\/dev.explora.cl\/antofagasta\/blog\/2015\/01\/05\/par-explora-antofagasta-presente-en-feria-de-difusion-de-proyectos-fic-r\/"},"modified":"2019-05-16T03:21:43","modified_gmt":"2019-05-16T03:21:43","slug":"par-explora-antofagasta-presente-en-feria-de-difusion-de-proyectos-fic-r","status":"publish","type":"post","link":"https:\/\/dev.explora.cl\/antofagasta\/par-explora-antofagasta-presente-en-feria-de-difusion-de-proyectos-fic-r\/","title":{"rendered":"PAR EXPLORA Antofagasta presente en Feria de Difusi\u00f3n de Proyectos FIC \u2013 R"},"content":{"rendered":"<p><img loading=\"lazy\" decoding=\"async\" class=\" size-full wp-image-8255\" src=\"http:\/\/ec2-34-218-253-251.us-west-2.compute.amazonaws.com\/wp-content\/uploads\/2015\/01\/7ca4cd946562f08678700869929c0d76.jpg\" alt=\"\" width=\"300\" height=\"225\" \/><\/p>\n<p>El 30 de diciembre, en el Paseo Prat de Antofagasta se realiz\u00f3 la Feria de Difusi\u00f3n de Proyectos FIC-R, en donde se presentaron las diversas iniciativas que la Universidad de Antofagasta se adjudic\u00f3 en el 2014.<\/p>\n<p>Entre ellos, estuvo el Proyecto FIC- R \u201cCon Ciencia y Tecnolog\u00eda: Atr\u00e9vete a Innovar\u201d del \u00a0PAR EXPLORA Antofagasta.<\/p>\n<p>La Feria const\u00f3 de nueve stands donde investigadores y acad\u00e9micos presentaron al p\u00fablico que transitaba por el lugar sus investigaciones y principales resultados de sus proyectos.<\/p>\n<p>El stand del Proyecto \u201cCon ciencia y tecnolog\u00eda: Atr\u00e9vete a innovar\u201d exhibi\u00f3 una muestra de recursos biol\u00f3gicos marinos y de mundos microsc\u00f3picos. Ambas muestras \u00a0fueron vistas por m\u00e1s de 500 personas.<\/p>\n","protected":false},"excerpt":{"rendered":"<p>El 30 de diciembre, en el Paseo Prat de Antofagasta se realiz\u00f3 la Feria de Difusi\u00f3n de Proyectos FIC-R, en donde se presentaron las diversas iniciativas que la Universidad de Antofagasta se adjudic\u00f3 en el 2014. Entre ellos, estuvo el Proyecto FIC- R \u201cCon Ciencia y Tecnolog\u00eda: Atr\u00e9vete a Innovar\u201d del \u00a0PAR EXPLORA Antofagasta. La [&hellip;]<\/p>\n","protected":false},"author":2,"featured_media":8255,"comment_status":"closed","ping_status":"open","sticky":false,"template":"","format":"standard","meta":{"_acf_changed":false,"_exactmetrics_skip_tracking":false,"_exactmetrics_sitenote_active":false,"_exactmetrics_sitenote_note":"","_exactmetrics_sitenote_category":0,"footnotes":"","_links_to":"","_links_to_target":""},"categories":[4],"tags":[112],"class_list":["post-32479","post","type-post","status-publish","format-standard","has-post-thumbnail","hentry","category-noticias","tag-publico-general"],"acf":[],"yoast_head":"<!-- This site is optimized with the Yoast SEO plugin v26.7 - https:\/\/yoast.com\/wordpress\/plugins\/seo\/ -->\n<title>PAR EXPLORA Antofagasta presente en Feria de Difusi\u00f3n de Proyectos FIC \u2013 R - Antofagasta<\/title>\n<meta name=\"robots\" content=\"index, follow, max-snippet:-1, max-image-preview:large, max-video-preview:-1\" \/>\n<link rel=\"canonical\" href=\"https:\/\/dev.explora.cl\/antofagasta\/par-explora-antofagasta-presente-en-feria-de-difusion-de-proyectos-fic-r\/\" class=\"yoast-seo-meta-tag\" \/>\n<meta property=\"og:locale\" content=\"es_ES\" class=\"yoast-seo-meta-tag\" \/>\n<meta property=\"og:type\" content=\"article\" class=\"yoast-seo-meta-tag\" \/>\n<meta property=\"og:title\" content=\"PAR EXPLORA Antofagasta presente en Feria de Difusi\u00f3n de Proyectos FIC \u2013 R - Antofagasta\" class=\"yoast-seo-meta-tag\" \/>\n<meta property=\"og:description\" content=\"El 30 de diciembre, en el Paseo Prat de Antofagasta se realiz\u00f3 la Feria de Difusi\u00f3n de Proyectos FIC-R, en donde se presentaron las diversas iniciativas que la Universidad de Antofagasta se adjudic\u00f3 en el 2014. Entre ellos, estuvo el Proyecto FIC- R \u201cCon Ciencia y Tecnolog\u00eda: Atr\u00e9vete a Innovar\u201d del \u00a0PAR EXPLORA Antofagasta. La [&hellip;]\" class=\"yoast-seo-meta-tag\" \/>\n<meta property=\"og:url\" content=\"https:\/\/dev.explora.cl\/antofagasta\/par-explora-antofagasta-presente-en-feria-de-difusion-de-proyectos-fic-r\/\" class=\"yoast-seo-meta-tag\" \/>\n<meta property=\"og:site_name\" content=\"Antofagasta\" class=\"yoast-seo-meta-tag\" \/>\n<meta property=\"article:published_time\" content=\"2015-01-05T14:44:45+00:00\" class=\"yoast-seo-meta-tag\" \/>\n<meta property=\"article:modified_time\" content=\"2019-05-16T03:21:43+00:00\" class=\"yoast-seo-meta-tag\" \/>\n<meta name=\"author\" content=\"webman\" class=\"yoast-seo-meta-tag\" \/>\n<meta name=\"twitter:card\" content=\"summary_large_image\" class=\"yoast-seo-meta-tag\" \/>\n<meta name=\"twitter:label1\" content=\"Escrito por\" class=\"yoast-seo-meta-tag\" \/>\n\t<meta name=\"twitter:data1\" content=\"webman\" class=\"yoast-seo-meta-tag\" \/>\n\t<meta name=\"twitter:label2\" content=\"Tiempo estimado de lectura\" class=\"yoast-seo-meta-tag\" \/>\n\t<meta name=\"twitter:data2\" content=\"1 minuto\" class=\"yoast-seo-meta-tag\" \/>\n<script type=\"application\/ld+json\" class=\"yoast-schema-graph\">{\"@context\":\"https:\/\/schema.org\",\"@graph\":[{\"@type\":\"Article\",\"@id\":\"https:\/\/dev.explora.cl\/antofagasta\/par-explora-antofagasta-presente-en-feria-de-difusion-de-proyectos-fic-r\/#article\",\"isPartOf\":{\"@id\":\"https:\/\/dev.explora.cl\/antofagasta\/par-explora-antofagasta-presente-en-feria-de-difusion-de-proyectos-fic-r\/\"},\"author\":{\"name\":\"webman\",\"@id\":\"https:\/\/dev.explora.cl\/antofagasta\/#\/schema\/person\/cb8349c13ea2d324080adf8480d7ba5d\"},\"headline\":\"PAR EXPLORA Antofagasta presente en Feria de Difusi\u00f3n de Proyectos FIC \u2013 R\",\"datePublished\":\"2015-01-05T14:44:45+00:00\",\"dateModified\":\"2019-05-16T03:21:43+00:00\",\"mainEntityOfPage\":{\"@id\":\"https:\/\/dev.explora.cl\/antofagasta\/par-explora-antofagasta-presente-en-feria-de-difusion-de-proyectos-fic-r\/\"},\"wordCount\":131,\"image\":{\"@id\":\"https:\/\/dev.explora.cl\/antofagasta\/par-explora-antofagasta-presente-en-feria-de-difusion-de-proyectos-fic-r\/#primaryimage\"},\"thumbnailUrl\":\"\",\"keywords\":[\"p\u00fablico general\"],\"articleSection\":[\"Noticias\"],\"inLanguage\":\"es-CL\"},{\"@type\":\"WebPage\",\"@id\":\"https:\/\/dev.explora.cl\/antofagasta\/par-explora-antofagasta-presente-en-feria-de-difusion-de-proyectos-fic-r\/\",\"url\":\"https:\/\/dev.explora.cl\/antofagasta\/par-explora-antofagasta-presente-en-feria-de-difusion-de-proyectos-fic-r\/\",\"name\":\"PAR EXPLORA Antofagasta presente en Feria de Difusi\u00f3n de Proyectos FIC \u2013 R - Antofagasta\",\"isPartOf\":{\"@id\":\"https:\/\/dev.explora.cl\/antofagasta\/#website\"},\"primaryImageOfPage\":{\"@id\":\"https:\/\/dev.explora.cl\/antofagasta\/par-explora-antofagasta-presente-en-feria-de-difusion-de-proyectos-fic-r\/#primaryimage\"},\"image\":{\"@id\":\"https:\/\/dev.explora.cl\/antofagasta\/par-explora-antofagasta-presente-en-feria-de-difusion-de-proyectos-fic-r\/#primaryimage\"},\"thumbnailUrl\":\"\",\"datePublished\":\"2015-01-05T14:44:45+00:00\",\"dateModified\":\"2019-05-16T03:21:43+00:00\",\"author\":{\"@id\":\"https:\/\/dev.explora.cl\/antofagasta\/#\/schema\/person\/cb8349c13ea2d324080adf8480d7ba5d\"},\"breadcrumb\":{\"@id\":\"https:\/\/dev.explora.cl\/antofagasta\/par-explora-antofagasta-presente-en-feria-de-difusion-de-proyectos-fic-r\/#breadcrumb\"},\"inLanguage\":\"es-CL\",\"potentialAction\":[{\"@type\":\"ReadAction\",\"target\":[\"https:\/\/dev.explora.cl\/antofagasta\/par-explora-antofagasta-presente-en-feria-de-difusion-de-proyectos-fic-r\/\"]}]},{\"@type\":\"ImageObject\",\"inLanguage\":\"es-CL\",\"@id\":\"https:\/\/dev.explora.cl\/antofagasta\/par-explora-antofagasta-presente-en-feria-de-difusion-de-proyectos-fic-r\/#primaryimage\",\"url\":\"\",\"contentUrl\":\"\"},{\"@type\":\"BreadcrumbList\",\"@id\":\"https:\/\/dev.explora.cl\/antofagasta\/par-explora-antofagasta-presente-en-feria-de-difusion-de-proyectos-fic-r\/#breadcrumb\",\"itemListElement\":[{\"@type\":\"ListItem\",\"position\":1,\"name\":\"Portada\",\"item\":\"https:\/\/dev.explora.cl\/antofagasta\/\"},{\"@type\":\"ListItem\",\"position\":2,\"name\":\"PAR EXPLORA Antofagasta presente en Feria de Difusi\u00f3n de Proyectos FIC \u2013 R\"}]},{\"@type\":\"WebSite\",\"@id\":\"https:\/\/dev.explora.cl\/antofagasta\/#website\",\"url\":\"https:\/\/dev.explora.cl\/antofagasta\/\",\"name\":\"Antofagasta\",\"description\":\"Otro sitio m\u00e1s de dev.explora.cl\",\"potentialAction\":[{\"@type\":\"SearchAction\",\"target\":{\"@type\":\"EntryPoint\",\"urlTemplate\":\"https:\/\/dev.explora.cl\/antofagasta\/?s={search_term_string}\"},\"query-input\":{\"@type\":\"PropertyValueSpecification\",\"valueRequired\":true,\"valueName\":\"search_term_string\"}}],\"inLanguage\":\"es-CL\"},{\"@type\":\"Person\",\"@id\":\"https:\/\/dev.explora.cl\/antofagasta\/#\/schema\/person\/cb8349c13ea2d324080adf8480d7ba5d\",\"name\":\"webman\",\"image\":{\"@type\":\"ImageObject\",\"inLanguage\":\"es-CL\",\"@id\":\"https:\/\/dev.explora.cl\/antofagasta\/#\/schema\/person\/image\/\",\"url\":\"https:\/\/secure.gravatar.com\/avatar\/eeff3c82f2c02f7177d13663b7e6f890e9a6a0647ce9bb29cae02dcb094c7312?s=96&d=mm&r=g\",\"contentUrl\":\"https:\/\/secure.gravatar.com\/avatar\/eeff3c82f2c02f7177d13663b7e6f890e9a6a0647ce9bb29cae02dcb094c7312?s=96&d=mm&r=g\",\"caption\":\"webman\"},\"url\":\"https:\/\/dev.explora.cl\/antofagasta\/author\/webman\/\"}]}<\/script>\n<!-- \/ Yoast SEO plugin. -->","yoast_head_json":{"title":"PAR EXPLORA Antofagasta presente en Feria de Difusi\u00f3n de Proyectos FIC \u2013 R - Antofagasta","robots":{"index":"index","follow":"follow","max-snippet":"max-snippet:-1","max-image-preview":"max-image-preview:large","max-video-preview":"max-video-preview:-1"},"canonical":"https:\/\/dev.explora.cl\/antofagasta\/par-explora-antofagasta-presente-en-feria-de-difusion-de-proyectos-fic-r\/","og_locale":"es_ES","og_type":"article","og_title":"PAR EXPLORA Antofagasta presente en Feria de Difusi\u00f3n de Proyectos FIC \u2013 R - Antofagasta","og_description":"El 30 de diciembre, en el Paseo Prat de Antofagasta se realiz\u00f3 la Feria de Difusi\u00f3n de Proyectos FIC-R, en donde se presentaron las diversas iniciativas que la Universidad de Antofagasta se adjudic\u00f3 en el 2014. Entre ellos, estuvo el Proyecto FIC- R \u201cCon Ciencia y Tecnolog\u00eda: Atr\u00e9vete a Innovar\u201d del \u00a0PAR EXPLORA Antofagasta. La [&hellip;]","og_url":"https:\/\/dev.explora.cl\/antofagasta\/par-explora-antofagasta-presente-en-feria-de-difusion-de-proyectos-fic-r\/","og_site_name":"Antofagasta","article_published_time":"2015-01-05T14:44:45+00:00","article_modified_time":"2019-05-16T03:21:43+00:00","author":"webman","twitter_card":"summary_large_image","twitter_misc":{"Escrito por":"webman","Tiempo estimado de lectura":"1 minuto"},"schema":{"@context":"https:\/\/schema.org","@graph":[{"@type":"Article","@id":"https:\/\/dev.explora.cl\/antofagasta\/par-explora-antofagasta-presente-en-feria-de-difusion-de-proyectos-fic-r\/#article","isPartOf":{"@id":"https:\/\/dev.explora.cl\/antofagasta\/par-explora-antofagasta-presente-en-feria-de-difusion-de-proyectos-fic-r\/"},"author":{"name":"webman","@id":"https:\/\/dev.explora.cl\/antofagasta\/#\/schema\/person\/cb8349c13ea2d324080adf8480d7ba5d"},"headline":"PAR EXPLORA Antofagasta presente en Feria de Difusi\u00f3n de Proyectos FIC \u2013 R","datePublished":"2015-01-05T14:44:45+00:00","dateModified":"2019-05-16T03:21:43+00:00","mainEntityOfPage":{"@id":"https:\/\/dev.explora.cl\/antofagasta\/par-explora-antofagasta-presente-en-feria-de-difusion-de-proyectos-fic-r\/"},"wordCount":131,"image":{"@id":"https:\/\/dev.explora.cl\/antofagasta\/par-explora-antofagasta-presente-en-feria-de-difusion-de-proyectos-fic-r\/#primaryimage"},"thumbnailUrl":"","keywords":["p\u00fablico general"],"articleSection":["Noticias"],"inLanguage":"es-CL"},{"@type":"WebPage","@id":"https:\/\/dev.explora.cl\/antofagasta\/par-explora-antofagasta-presente-en-feria-de-difusion-de-proyectos-fic-r\/","url":"https:\/\/dev.explora.cl\/antofagasta\/par-explora-antofagasta-presente-en-feria-de-difusion-de-proyectos-fic-r\/","name":"PAR EXPLORA Antofagasta presente en Feria de Difusi\u00f3n de Proyectos FIC \u2013 R - Antofagasta","isPartOf":{"@id":"https:\/\/dev.explora.cl\/antofagasta\/#website"},"primaryImageOfPage":{"@id":"https:\/\/dev.explora.cl\/antofagasta\/par-explora-antofagasta-presente-en-feria-de-difusion-de-proyectos-fic-r\/#primaryimage"},"image":{"@id":"https:\/\/dev.explora.cl\/antofagasta\/par-explora-antofagasta-presente-en-feria-de-difusion-de-proyectos-fic-r\/#primaryimage"},"thumbnailUrl":"","datePublished":"2015-01-05T14:44:45+00:00","dateModified":"2019-05-16T03:21:43+00:00","author":{"@id":"https:\/\/dev.explora.cl\/antofagasta\/#\/schema\/person\/cb8349c13ea2d324080adf8480d7ba5d"},"breadcrumb":{"@id":"https:\/\/dev.explora.cl\/antofagasta\/par-explora-antofagasta-presente-en-feria-de-difusion-de-proyectos-fic-r\/#breadcrumb"},"inLanguage":"es-CL","potentialAction":[{"@type":"ReadAction","target":["https:\/\/dev.explora.cl\/antofagasta\/par-explora-antofagasta-presente-en-feria-de-difusion-de-proyectos-fic-r\/"]}]},{"@type":"ImageObject","inLanguage":"es-CL","@id":"https:\/\/dev.explora.cl\/antofagasta\/par-explora-antofagasta-presente-en-feria-de-difusion-de-proyectos-fic-r\/#primaryimage","url":"","contentUrl":""},{"@type":"BreadcrumbList","@id":"https:\/\/dev.explora.cl\/antofagasta\/par-explora-antofagasta-presente-en-feria-de-difusion-de-proyectos-fic-r\/#breadcrumb","itemListElement":[{"@type":"ListItem","position":1,"name":"Portada","item":"https:\/\/dev.explora.cl\/antofagasta\/"},{"@type":"ListItem","position":2,"name":"PAR EXPLORA Antofagasta presente en Feria de Difusi\u00f3n de Proyectos FIC \u2013 R"}]},{"@type":"WebSite","@id":"https:\/\/dev.explora.cl\/antofagasta\/#website","url":"https:\/\/dev.explora.cl\/antofagasta\/","name":"Antofagasta","description":"Otro sitio m\u00e1s de dev.explora.cl","potentialAction":[{"@type":"SearchAction","target":{"@type":"EntryPoint","urlTemplate":"https:\/\/dev.explora.cl\/antofagasta\/?s={search_term_string}"},"query-input":{"@type":"PropertyValueSpecification","valueRequired":true,"valueName":"search_term_string"}}],"inLanguage":"es-CL"},{"@type":"Person","@id":"https:\/\/dev.explora.cl\/antofagasta\/#\/schema\/person\/cb8349c13ea2d324080adf8480d7ba5d","name":"webman","image":{"@type":"ImageObject","inLanguage":"es-CL","@id":"https:\/\/dev.explora.cl\/antofagasta\/#\/schema\/person\/image\/","url":"https:\/\/secure.gravatar.com\/avatar\/eeff3c82f2c02f7177d13663b7e6f890e9a6a0647ce9bb29cae02dcb094c7312?s=96&d=mm&r=g","contentUrl":"https:\/\/secure.gravatar.com\/avatar\/eeff3c82f2c02f7177d13663b7e6f890e9a6a0647ce9bb29cae02dcb094c7312?s=96&d=mm&r=g","caption":"webman"},"url":"https:\/\/dev.explora.cl\/antofagasta\/author\/webman\/"}]}},"_links":{"self":[{"href":"https:\/\/dev.explora.cl\/antofagasta\/wp-json\/wp\/v2\/posts\/32479","targetHints":{"allow":["GET"]}}],"collection":[{"href":"https:\/\/dev.explora.cl\/antofagasta\/wp-json\/wp\/v2\/posts"}],"about":[{"href":"https:\/\/dev.explora.cl\/antofagasta\/wp-json\/wp\/v2\/types\/post"}],"author":[{"embeddable":true,"href":"https:\/\/dev.explora.cl\/antofagasta\/wp-json\/wp\/v2\/users\/2"}],"replies":[{"embeddable":true,"href":"https:\/\/dev.explora.cl\/antofagasta\/wp-json\/wp\/v2\/comments?post=32479"}],"version-history":[{"count":1,"href":"https:\/\/dev.explora.cl\/antofagasta\/wp-json\/wp\/v2\/posts\/32479\/revisions"}],"predecessor-version":[{"id":38809,"href":"https:\/\/dev.explora.cl\/antofagasta\/wp-json\/wp\/v2\/posts\/32479\/revisions\/38809"}],"wp:featuredmedia":[{"embeddable":true,"href":"https:\/\/dev.explora.cl\/antofagasta\/wp-json\/"}],"wp:attachment":[{"href":"https:\/\/dev.explora.cl\/antofagasta\/wp-json\/wp\/v2\/media?parent=32479"}],"wp:term":[{"taxonomy":"category","embeddable":true,"href":"https:\/\/dev.explora.cl\/antofagasta\/wp-json\/wp\/v2\/categories?post=32479"},{"taxonomy":"post_tag","embeddable":true,"href":"https:\/\/dev.explora.cl\/antofagasta\/wp-json\/wp\/v2\/tags?post=32479"}],"curies":[{"name":"wp","href":"https:\/\/api.w.org\/{rel}","templated":true}]}}